{"id":150675,"date":"2017-01-18T14:09:32","date_gmt":"2017-01-18T11:09:32","guid":{"rendered":"https:\/\/analyse.optim.biz\/?p=150675"},"modified":"2017-01-18T14:09:32","modified_gmt":"2017-01-18T11:09:32","slug":"tariceanu-presedintele-iohannis-pare-tinut-captiv-de-servicii","status":"publish","type":"post","link":"https:\/\/analyse.optim.biz\/?p=150675","title":{"rendered":"T\u0103riceanu: Pre\u0219edintele Iohannis pare \u021binut captiv de servicii"},"content":{"rendered":"<div class=\"entry data-app-meta data-app-meta-article\" data-embed-base-url-canonical=\"https:\/\/www.digi24.ro\/embed\/stiri\/actualitate\/politica\/tariceanu-presedintele-iohannis-pare-tinut-captiv-de-servicii-652066\">\n<p data-index=\"1\"><strong>C\u0103lin Popescu T\u0103riceanu, pre\u0219edintele Senatului, a sus\u021binut miercuri o conferin\u021b\u0103 de pres\u0103 \u00een care s-a referit la sporirea controlului Parlamentului asupra serviciilor secrete, la atitudinea pre\u0219edintelui \u00een acest context \u0219i la o posibil\u0103 lege a gra\u021bierii. \u00cen finalul discursului, T\u0103riceanu a f\u0103cut un apel c\u0103tre Klaus Iohannis \u00een care i-a cerut s\u0103 aleag\u0103 \u00eentre a fi \u021binut captiv de servicii sau o atitudine tran\u0219ant\u0103.<\/strong><\/p>\n<p data-index=\"2\"><strong>C\u0103lin Popescu T\u0103riceanu:<\/strong> \u201e\u0218i eu \u0219i mul\u021bi rom\u00e2ni am tr\u0103it \u00een iadul comunist ne-am imaginat c\u0103 dup\u0103 1990 drepturile \u0219i libert\u0103\u021bile individuale ale cet\u00ee\u021benilor vor fi pe deplin respectate \u0219i nu vom ajunge nici \u00een cele mai negre vise s\u0103 retr\u0103im perioada neagr\u0103 a comunismului \u00een care legea \u00een Rom\u00e2nia era f\u0103cut\u0103 de securitate \u00eempreun\u0103 cu procuratura \u0219i partidul comunist. Ast\u0103zi nu mai avem partidul comunist, avem celelalte dou\u0103 institu\u021bii.<\/p>\n<p data-index=\"3\">Ceea ce s-a \u00eent\u00e2mplat \u00een ultima perioad\u0103 ne arat\u0103 o nou\u0103 fa\u021b\u0103 mai pu\u021bin v\u0103zut\u0103 despre practici nelegale ale serviciilor de informa\u021bii, ale procuraturii \u0219i defec\u021biuni grave, excese, abuzuri \u00een justi\u021bie. Decizia pe care pre\u0219edintele a luat-o cu o zi \u00een urm\u0103 de a-l trece \u00een rezerv\u0103 pe adjunctul \u0219efului SRI, nu face dec\u00e2t s\u0103 confirme lucrurile pe care le-am reclamat \u00een ultimii ani.<\/p>\n<p data-index=\"4\">Care este gradul de implicare a serviciilor secrete \u00een Justi\u021bie? \u00cen baza c\u0103ror legi c\u00e2mpul tactic al serviciilor s-a extins \u00een domeniul Justi\u021biei? Parlamentul nu a dat o astfel de lege. Exist\u0103 unele hot\u0103r\u00e2ri ale CSAT care a venit s\u0103 supralegifereze peste Parlament \u0219i sunt ilegale, nelegitime, au venit s\u0103 reglementeze modul \u00een care serviciile se pot implica \u00een zona Justi\u021biei.<\/p>\n<p data-index=\"5\">Pre\u0219edintele, din pozi\u021bia pe care o are, trebuie s\u0103 se decid\u0103 dac\u0103 dore\u0219te s\u0103 fie garantul Constitu\u021biei \u0219i a respect\u0103rii legilor, sau dore\u0219te s\u0103 fie omul sistemului, adic\u0103 al serviciilor \u0219i al procuraturii. C\u0103lc\u00e2nd lege, c\u0103lc\u00e2nd normele de drept, preocup\u00e2ndu-se numai de institu\u021bii care s\u0103 fie puternice dar nu de cet\u0103\u021bean, institu\u021biile trebuie s\u0103 serveasc\u0103 cet\u0103\u021beanul, nu c\u0103lc\u0103m \u00een picioare pe oameni.<\/p>\n<p data-index=\"6\">Exemplele care se adun\u0103 \u00een ultima vreme sunt tot mai numeroase, demonstreaz\u0103 gravele erori din Rom\u00e2nia, pentru c\u0103 procurorii nu \u0219i-au f\u0103cut treaba, judec\u0103torii au \u00eenchis ochii, oameni nevinova\u021bi au stat \u00een pu\u0219c\u0103rie zece ani, au fost aresta\u021bi f\u0103r\u0103 s\u0103 fie condamna\u021bi, Maria Rarinca de exemplu, lucrurile arat\u0103 c\u0103 justi\u021bia func\u021bioneaz\u0103 defectuos \u0219i e nevoie de o reform\u0103.<\/p>\n<p data-index=\"7\">Trebuie s\u0103 ducem discu\u021bia \u00een zona legilor, cum aducem \u00een concordan\u021b\u0103 cu deciziile Cur\u021bii cum reveni la normalitate \u0219i la adev\u0103ratul stat de drept, nu la ce \u00ee\u0219i imagineaz\u0103 pre\u0219edintele, care serve\u0219te r\u0103fuielilor \u00eentre partide. Asta e din p\u0103cate Rom\u00e2nia de azi \u0219i \u00een 2015 c\u00e2nd \u00eei atr\u0103geam aten\u021bia pre\u0219edintelui c\u0103 institu\u021biile func\u021bioneaz\u0103 defectuos, iat\u0103 c\u0103 azi se adevere\u0219te \u0219i pre\u0219edintele are o anumit\u0103 responsabilitate.<\/p>\n<p data-index=\"8\">\u00cei cer pre\u0219edintele s\u0103 apere drepturile individuale, dac\u0103 d\u00e2nsul nu o va face, eu voi aplica acest rol, din func\u021bia de pre\u0219edinte al Senatului, am intrat \u00een politic\u0103 pentru ca oamenii s\u0103 se simt\u0103 liberi \u0219i demni. \u00cemi servesc statul, servindu-mi cet\u0103\u021benii, statul rom\u00e2n trebuie s\u0103 se ocupe de oameni, s\u0103 \u00een\u021beleag\u0103 care e menirea lor. Ambi\u021biile personale nu putem s\u0103 le ignor\u0103m, dar nu pot s\u0103 duc\u0103 \u00een final la un rezultat ca cel din Rom\u00e2nia. Un om care \u00eencearc\u0103 s\u0103 blocheze activitatea Parlamentului, Guvernul, numai ca s\u0103 satisfac\u0103 agenda proprie, ne \u00eendrept\u0103m c\u0103tre o criz\u0103 politic\u0103 profund\u0103<\/p>\n<p data-index=\"9\">Apelul s\u0103 fie bine auzit de pre\u0219edinte, care s\u0103 se hot\u0103rasc\u0103 ce fel de pre\u0219edinte vrea s\u0103 fie, captiv de servicii, cum pare s\u0103 fie acum, din motive putem s\u0103 le intuim sau care poate nu sunt adev\u0103rate \u0219i atunci pre\u0219edintele are posibilitatea s\u0103 ia o atitudine tran\u0219ant\u0103\u201d.<\/p>\n<\/div>\n<p> Source URL: https:\/\/www.digi24.ro\/stiri\/actualitate\/politica\/tariceanu-presedintele-iohannis-pare-tinut-captiv-de-servicii-652066<\/p>\n","protected":false},"excerpt":{"rendered":"<p>C\u0103lin Popescu T\u0103riceanu, pre\u0219edintele Senatului, a sus\u021binut miercuri o conferin\u021b\u0103 de pres\u0103 \u00een care s-a referit la sporirea controlului Parlamentului asupra serviciilor secrete, la atitudinea pre\u0219edintelui \u00een acest context \u0219i la o posibil\u0103 lege a gra\u021bierii. \u00cen finalul discursului, T\u0103riceanu a f\u0103cut un apel c\u0103tre Klaus Iohannis \u00een care i-a cerut s\u0103 aleag\u0103 \u00eentre a [&hellip;]<\/p>\n","protected":false},"author":1,"featured_media":150676,"comment_status":"open","ping_status":"","sticky":false,"template":"","format":"standard","meta":{"footnotes":""},"categories":[2],"tags":[11],"class_list":["post-150675","post","type-post","status-publish","format-standard","has-post-thumbnail","hentry","category-politics","tag-digi24"],"_links":{"self":[{"href":"https:\/\/analyse.optim.biz\/index.php?rest_route=\/wp\/v2\/posts\/150675","targetHints":{"allow":["GET"]}}],"collection":[{"href":"https:\/\/analyse.optim.biz\/index.php?rest_route=\/wp\/v2\/posts"}],"about":[{"href":"https:\/\/analyse.optim.biz\/index.php?rest_route=\/wp\/v2\/types\/post"}],"author":[{"embeddable":true,"href":"https:\/\/analyse.optim.biz\/index.php?rest_route=\/wp\/v2\/users\/1"}],"replies":[{"embeddable":true,"href":"https:\/\/analyse.optim.biz\/index.php?rest_route=%2Fwp%2Fv2%2Fcomments&post=150675"}],"version-history":[{"count":0,"href":"https:\/\/analyse.optim.biz\/index.php?rest_route=\/wp\/v2\/posts\/150675\/revisions"}],"wp:featuredmedia":[{"embeddable":true,"href":"https:\/\/analyse.optim.biz\/index.php?rest_route=\/wp\/v2\/media\/150676"}],"wp:attachment":[{"href":"https:\/\/analyse.optim.biz\/index.php?rest_route=%2Fwp%2Fv2%2Fmedia&parent=150675"}],"wp:term":[{"taxonomy":"category","embeddable":true,"href":"https:\/\/analyse.optim.biz\/index.php?rest_route=%2Fwp%2Fv2%2Fcategories&post=150675"},{"taxonomy":"post_tag","embeddable":true,"href":"https:\/\/analyse.optim.biz\/index.php?rest_route=%2Fwp%2Fv2%2Ftags&post=150675"}],"curies":[{"name":"wp","href":"https:\/\/api.w.org\/{rel}","templated":true}]}}