{"id":150664,"date":"2017-01-18T15:26:31","date_gmt":"2017-01-18T12:26:31","guid":{"rendered":"https:\/\/analyse.optim.biz\/?p=150664"},"modified":"2017-01-18T15:26:31","modified_gmt":"2017-01-18T12:26:31","slug":"controversele-aplicarii-ordonantei-gratierii","status":"publish","type":"post","link":"https:\/\/analyse.optim.biz\/?p=150664","title":{"rendered":"Controversele aplic\u0103rii ordonan\u021bei gra\u021bierii"},"content":{"rendered":"<div class=\"entry data-app-meta data-app-meta-article\" data-embed-base-url-canonical=\"https:\/\/www.digi24.ro\/embed\/stiri\/actualitate\/justitie\/controversele-aplicarii-ordonantei-gratierii-652099\">\n<p lang=\"ro-RO\" data-index=\"1\"><strong>De\u0219i premierul Sorin Grindeanu neag\u0103, sunt indicii c\u0103 totu\u0219i gra\u021bierea \u0219i codul penal urmau s\u0103 fie reglate rapid, ast\u0103zi, \u00een \u0219edin\u021ba de Guvern. Iar indiciile sunt chiar acolo \u00een Ordonan\u021ba de Urgen\u021b\u0103, care au ajuns \u00eentr-un final publice.<\/strong><\/p>\n<p lang=\"ro-RO\" data-index=\"2\">\u00cen textele ordonan\u021bei de urgen\u021b\u0103 sunt dou\u0103 articole care fac referire la date ce las\u0103 s\u0103 se \u00een\u021beleag\u0103 c\u0103 ast\u0103zi, \u00een \u0219edin\u021ba de Guvern, ar fi urmat ca cele dou\u0103 acte normative s\u0103 fie aprobate.<\/p>\n<p lang=\"ro-RO\" data-index=\"3\">\u00cen articolul 6 se arat\u0103 c\u0103 \u201edispozi\u021biile prezentei ordona\u0163e de urgen\u0163\u0103 se aplic\u0103 numai faptelor comise p\u00e2n\u0103 la data de 18.01.2017\u201d, adic\u0103 p\u00e2n\u0103 ast\u0103zi.<\/p>\n<p lang=\"ro-RO\" data-index=\"4\">Iar la articolul 7 scrie c\u0103 \u201ePrezenta ordonan\u021ba intra in vigoare la data de 18.02.2017\u201d, \u00eentr-o zi de s\u00e2mb\u0103t\u0103, \u00een care aten\u021bia publicului este mai pu\u021bin \u00eenclinat\u0103 ctre ce se \u00eent\u00e2mpl\u0103 la Guvern.<\/p>\n<p lang=\"ro-RO\" data-index=\"5\">Acesta este \u0219i motivul pentru care pre\u0219edintele Klaus Iohannis a venit neanun\u021bat la \u0219edin\u021ba Executivului \u0219i se pare c\u0103 le-a dat planurile social-democra\u021bilor peste cap. Premierul Sorin Grindeanu a recunoscut c\u0103 a aflat de la SPP cu pu\u021bin timp \u00eenainte ca \u0219eful statului s\u0103 ajung\u0103 la Palatul Victoria. Aici, Klaus Iohannis a purtat discu\u021bii cu Sorin Grindeanu \u0219i cu Florin Iordache, ministrul Justi\u021biei, timp de 20 de minute.<\/p>\n<h5 lang=\"ro-RO\">Ce con\u021bine proiectul de gra\u021biere<\/h5>\n<p lang=\"ro-RO\" data-index=\"6\"><span><strong>Condi\u0163ii de gra\u0163iere:<\/strong><\/span><\/p>\n<p lang=\"ro-RO\" data-index=\"7\">&#8211; pedeapsa de cel mult 5 ani<\/p>\n<p lang=\"ro-RO\" data-index=\"8\">&#8211; achitarea integral\u0103 a prejudiciilor<\/p>\n<p lang=\"ro-RO\" data-index=\"9\"><span><strong>Condi\u0163ii pentru gra\u0163ierea a jum\u0103tate din pedeaps\u0103<\/strong><\/span><\/p>\n<p lang=\"ro-RO\" data-index=\"10\">&#8211; persoane cu v\u00e2rsta de peste 60 de ani<\/p>\n<p lang=\"ro-RO\" data-index=\"11\">&#8211; femei \u00eens\u0103rcinate<\/p>\n<p lang=\"ro-RO\" data-index=\"12\">&#8211; persoane cu minori \u00een \u00eentre\u0163inere<\/p>\n<p lang=\"ro-RO\" data-index=\"13\">&#8211; persoane diagnosticate cu boli incurabile<\/p>\n<p lang=\"ro-RO\" data-index=\"14\"><span><strong>Infrac\u0163iuni exceptate<\/strong><\/span><\/p>\n<p lang=\"ro-RO\" data-index=\"15\">&#8211; infrac\u0163iuni contra siguran\u0163ei statului<\/p>\n<p lang=\"ro-RO\" data-index=\"16\">&#8211; infrac\u0163iuni de omor \u015fi infrac\u0163iuni cu violen\u0163\u0103<\/p>\n<p lang=\"ro-RO\" data-index=\"17\">&#8211; infrac\u0163iunile sexuale<\/p>\n<p lang=\"ro-RO\" data-index=\"18\">&#8211; infrac\u0163iunile s\u0103v\u00e2r\u015fite de militari<\/p>\n<p lang=\"ro-RO\" data-index=\"19\">&#8211; infrac\u0163iunile de corup\u0163ie<\/p>\n<p lang=\"ro-RO\" data-index=\"20\">&#8211; traficul de persoane \u015fi traficul de droguri<\/p>\n<p lang=\"ro-RO\" data-index=\"21\">&#8211; infrac\u0163iunile vamale<\/p>\n<p lang=\"ro-RO\" data-index=\"22\"><span><strong>Noua defini\u0163ie a abuzului \u00een serviciu<\/strong><\/span><\/p>\n<p lang=\"ro-RO\" data-index=\"23\">Sintagma &#8220;\u00een mod defectuos&#8221; este \u00eenlocuit\u0103 cu sintagmna &#8220;cu \u00eenc\u0103lcarea legii&#8221;<\/p>\n<p lang=\"ro-RO\" data-index=\"24\">Limita de pedeaps\u0103 este redus\u0103 la cel mult trei ani<\/p>\n<p lang=\"ro-RO\" data-index=\"25\">Prejudiciul minim pentru inculpare este stabilit la 200.000 de lei<\/p>\n<p lang=\"ro-RO\" data-index=\"26\">Pl\u00e2ngerea prealabil\u0103, obligatorie pentru inculpare<\/p>\n<p lang=\"ro-RO\" data-index=\"27\"><span><strong>Denun\u0163\u0103torul<\/strong><\/span><\/p>\n<p lang=\"ro-RO\" data-index=\"28\">Denun\u0163ul trebuie depus \u00een termen de \u015fase luni de la s\u0103v\u00e2r\u015firea faptei<\/p>\n<p data-index=\"29\"><strong><span lang=\"ro-RO\">Filmul \u0219edin\u021bei de Guvern<\/span><\/strong><\/p>\n<p data-index=\"30\"><span lang=\"ro-RO\">Pre\u015fedintele Klaus Iohannis a ajuns la Palatul Victoria la 9:23, cu c\u00e2teva minute \u00eenainte de ora anun\u0163at\u0103 pentru \u00eenceperea \u015fedin\u0163ei de Guvern. Nu l-a informat \u015fi pe premier, care a aflat de la SPP. <\/span><\/p>\n<p data-index=\"31\">\u201e<span lang=\"ro-RO\">Am aflat \u00een momentul \u00een care se apropia de Guvern, \u00eentr-un mod informal&#8230; de la cei care asigur\u0103 paza\u201d, a spus Sorin Grindeanu.<\/span><\/p>\n<p lang=\"ro-RO\" data-index=\"32\">\u015eeful statului a mers direct \u00een biroul premierului Sorin Grindeanu, iar dup\u0103 aproximativ 10 minute li s-a al\u0103turat \u015fi ministrul Justi\u0163iei, Florin Iordache. Discu\u0163ia a durat p\u00e2n\u0103 la ora 9:50, apoi cei trei oficiali au mers \u00een sala de \u015fedin\u0163e.<\/p>\n<p data-index=\"33\"><span lang=\"ro-RO\">\u015eedin\u0163a de guvern a \u00eenceput la 9:56, cu jum\u0103tate de or\u0103 mai t\u00e2rziu, fiind prezidat\u0103 de \u015feful statului. Pre\u015fedintele a dat peste cap \u015fi programul Executivului \u015fi \u00een ceea ce prive\u015fte declara\u0163iile de la \u00eenceputul \u00eent\u00e2lnirii \u015fi a \u0163inut jurnali\u015ftii \u00een sal\u0103 pentru a-\u015fi transmite mesajul.<\/span><\/p>\n<p data-index=\"34\">\u201e<span lang=\"ro-RO\">Cunoa\u0219te\u021bi povestea c\u0103 este un elefant \u00een \u00eenc\u0103pere dar nu se vede.\u00a0Sunt doi elefan\u021bi, ordonan\u021ba de gra\u021biere \u0219i ordonan\u021ba de modificare a codurilor penale. Evident c\u0103 \u0219i despre acestea am discutat cu domnul prim-ministru mai de diminea\u021b\u0103.\u00a0Subliniez \u0219i sper s\u0103 fie \u00een asentimentul domnului prim-ministru, s-a angajat ca aceste chestiuni s\u0103 nu fie b\u0103gate peste noapte \u00een nicio \u0219edin\u021b\u0103 de Guvern\u201d, a declarat Klaus Iohannis. <\/span><\/p>\n<p data-index=\"35\"><span lang=\"ro-RO\">Chiar \u00een timpul declara\u0163iilor f\u0103cute de \u015feful statului, biroul de pres\u0103 al Executivului a trimis ordinea de zi. Asta de\u015fi premierul a sus\u0163inut c\u0103 informa\u0163iile erau deja publice.<\/span><\/p>\n<p data-index=\"36\"><span lang=\"ro-RO\">Sorin Grindeanu: Nefiind pe ordinea de zi, comunicat\u0103 din timp c\u0103tre dvs., cu prezenta&#8230;<\/span><\/p>\n<p data-index=\"37\"><span lang=\"ro-RO\">Reporteri: Nu e adev\u0103rat! Nu, nu, \u00een timp ce vorbea\u0163i, rectific, \u00een timp ce vorbea\u0163i \u015fi spunea\u0163i c\u0103 e public\u0103, atunci a venit pe email ordinea de zi.<\/span><\/p>\n<p data-index=\"38\"><span lang=\"ro-RO\">De regul\u0103, lista era publicat\u0103 cu o zi sau cel pu\u0163in cu c\u00e2teva ore \u00eenainte. \u0218edin\u0163a a fost relativ scurt\u0103, a durat doar o or\u0103.<\/span><\/p>\n<p data-index=\"39\"><span lang=\"ro-RO\">La final, premierul flancat de ministrul Justi\u0163iei a \u0163inut s\u0103 precizeze c\u0103 ordonan\u0163a nu era pe ordinea de zi a Executivului.<\/span><\/p>\n<p data-index=\"40\">\u201e<span lang=\"ro-RO\">Cu prezen\u021ba sau f\u0103r\u0103 prezen\u021ba domnului pre\u0219edinte, nu erau trecute pe ordinea de zi. Pot s\u0103 v\u0103 mai spun ceva, ca s\u0103 fim clar &#8211; conform Constitu\u021biei, avem voie s\u0103 d\u0103m gra\u021biere \u0219i amnistie? Scrie c\u0103 avem voie s\u0103 facem lucrurile astea? Da\u201d, a spus premierul Grindeanu.<\/span><\/p>\n<p lang=\"ro-RO\" data-index=\"41\">Prezen\u0163a lui Klaus Iohannis la sedin\u0163a de Guvern a reprezentat o premier\u0103.<\/p>\n<p data-index=\"42\">\u201e<span lang=\"ro-RO\">Constitu\u021bia \u00eei permite pre\u0219edintelui Rom\u00e2niei s\u0103 participe la \u0219edin\u021bele de Guvern \u00een care se dezbat probleme de interes na\u021bional privind politica extern\u0103, asigurarea ordinii publice sau ap\u0103rarea \u021b\u0103rii. Dac\u0103 ajunge la \u0219edin\u021b\u0103, presedintele, nu premierul, este cel care o prezideaz\u0103\u201d, relateaz\u0103 Arina Delcea, reporter Digi24. <\/span><\/p>\n<p data-index=\"43\"><span lang=\"ro-RO\">Traian B\u0103sescu a participat de cel pu\u0163in 14 ori la \u015fedin\u0163ele Executivului.<\/span><\/p>\n<\/div>\n<p> Source URL: https:\/\/www.digi24.ro\/stiri\/actualitate\/justitie\/controversele-aplicarii-ordonantei-gratierii-652099<\/p>\n","protected":false},"excerpt":{"rendered":"<p>De\u0219i premierul Sorin Grindeanu neag\u0103, sunt indicii c\u0103 totu\u0219i gra\u021bierea \u0219i codul penal urmau s\u0103 fie reglate rapid, ast\u0103zi, \u00een \u0219edin\u021ba de Guvern. Iar indiciile sunt chiar acolo \u00een Ordonan\u021ba de Urgen\u021b\u0103, care au ajuns \u00eentr-un final publice. \u00cen textele ordonan\u021bei de urgen\u021b\u0103 sunt dou\u0103 articole care fac referire la date ce las\u0103 s\u0103 se [&hellip;]<\/p>\n","protected":false},"author":1,"featured_media":150665,"comment_status":"open","ping_status":"","sticky":false,"template":"","format":"standard","meta":{"footnotes":""},"categories":[2],"tags":[11],"class_list":["post-150664","post","type-post","status-publish","format-standard","has-post-thumbnail","hentry","category-politics","tag-digi24"],"_links":{"self":[{"href":"https:\/\/analyse.optim.biz\/index.php?rest_route=\/wp\/v2\/posts\/150664","targetHints":{"allow":["GET"]}}],"collection":[{"href":"https:\/\/analyse.optim.biz\/index.php?rest_route=\/wp\/v2\/posts"}],"about":[{"href":"https:\/\/analyse.optim.biz\/index.php?rest_route=\/wp\/v2\/types\/post"}],"author":[{"embeddable":true,"href":"https:\/\/analyse.optim.biz\/index.php?rest_route=\/wp\/v2\/users\/1"}],"replies":[{"embeddable":true,"href":"https:\/\/analyse.optim.biz\/index.php?rest_route=%2Fwp%2Fv2%2Fcomments&post=150664"}],"version-history":[{"count":0,"href":"https:\/\/analyse.optim.biz\/index.php?rest_route=\/wp\/v2\/posts\/150664\/revisions"}],"wp:featuredmedia":[{"embeddable":true,"href":"https:\/\/analyse.optim.biz\/index.php?rest_route=\/wp\/v2\/media\/150665"}],"wp:attachment":[{"href":"https:\/\/analyse.optim.biz\/index.php?rest_route=%2Fwp%2Fv2%2Fmedia&parent=150664"}],"wp:term":[{"taxonomy":"category","embeddable":true,"href":"https:\/\/analyse.optim.biz\/index.php?rest_route=%2Fwp%2Fv2%2Fcategories&post=150664"},{"taxonomy":"post_tag","embeddable":true,"href":"https:\/\/analyse.optim.biz\/index.php?rest_route=%2Fwp%2Fv2%2Ftags&post=150664"}],"curies":[{"name":"wp","href":"https:\/\/api.w.org\/{rel}","templated":true}]}}