{"id":150642,"date":"2017-01-18T20:16:47","date_gmt":"2017-01-18T17:16:47","guid":{"rendered":"https:\/\/analyse.optim.biz\/?p=150642"},"modified":"2017-01-18T20:16:47","modified_gmt":"2017-01-18T17:16:47","slug":"prima-sedinta-de-guvern-condusa-de-klaus-iohannis","status":"publish","type":"post","link":"https:\/\/analyse.optim.biz\/?p=150642","title":{"rendered":"Prima \u015fedin\u0163\u0103 de Guvern condus\u0103 de Klaus Iohannis"},"content":{"rendered":"<div class=\"entry data-app-meta data-app-meta-article\" data-embed-base-url-canonical=\"https:\/\/www.digi24.ro\/embed\/stiri\/actualitate\/politica\/prima-sedinta-de-guvern-condusa-de-klaus-iohannis-652321\">\n<p data-index=\"1\"><strong><span lang=\"ro-RO\">\u00cen premier\u0103, pre\u015fedintele Klaus Iohannis a condus \u015fedin\u0163a Executivului. \u015eeful statului a mers la Palatul Victoria f\u0103r\u0103 s\u0103-l anun\u0163e pe premier, dup\u0103 ce \u00een pres\u0103 au ap\u0103rut informa\u0163ii c\u0103 mini\u015ftrii se preg\u0103tesc s\u0103 adopte o ordonan\u0163\u0103 de urgen\u0163\u0103 pentru gra\u0163iere. \u015ei o alta care ar face schimb\u0103ri \u00een Codul Penal. Premierul sus\u0163ine c\u0103 ordonan\u0163a pentru gra\u0163iere nu avea toate avizele \u015fi nu era pe ordinea de zi. \u00cens\u0103 \u00een textul proiectul apare precizarea c\u0103 prevederile se aplic\u0103 faptelor comise p\u00e2n\u0103 la 18.01.2017. \u015ei c\u0103 ordonan\u0163a intr\u0103 \u00een vigoare pe 18.01.2017.<\/span><\/strong><\/p>\n<p data-index=\"2\"><span lang=\"ro-RO\">Pre\u015fedintele Klaus Iohannis a ajuns la Palatul Victoria la 9:23, cu c\u00e2teva minute \u00eenainte de ora anun\u0163at\u0103 pentru \u00eenceperea \u015fedin\u0163ei de Guvern. Nu l-a informat \u015fi pe premier, care a aflat de la SPP.<\/span><\/p>\n<p data-index=\"3\">Sorin Grindeanu, premierul Rom\u00e2niei: Am aflat \u00een momentul \u00een care se apropia de Guv, \u00eentr-un mod informal&#8230;<\/p>\n<p data-index=\"4\">Reporter: Cu un SMS?<\/p>\n<p data-index=\"5\">Sorin Grindeanu, premierul Rom\u00e2niei: Nu, de la cei care asigur\u0103 paza.<\/p>\n<p data-index=\"6\">\u015eeful statului a mers direct \u00een biroul premierului Sorin Grindeanu, iar dup\u0103 aproximativ 10 minute li s-a al\u0103turat \u015fi ministrul Justi\u0163iei, Florin Iordache. Discu\u0163ia a durat p\u00e2n\u0103 la ora 9:50, apoi cei trei oficiali au mers \u00een sala de \u015fedin\u0163e.<\/p>\n<p data-index=\"7\"><span lang=\"ro-RO\">\u015eedin\u0163a de guvern a \u00eenceput la 9:56, cu jum\u0103tate de or\u0103 mai t\u00e2rziu dec\u00e2t ora anun\u0163at\u0103, fiind prezidat\u0103 de \u015feful statului. Pre\u015fedintele a dat peste cap \u015fi programul Executivului \u015fi \u00een ceea ce prive\u015fte declara\u0163iile de la \u00eenceputul \u00eent\u00e2lnirii \u015fi a \u0163inut jurnali\u015ftii \u00een sal\u0103 pentru a-\u015fi transmite mesajul.<\/span><\/p>\n<p data-index=\"8\"><span lang=\"ro-RO\">Klaus Iohannis, pre\u015fedintele Rom\u00e2niei: Cunoa\u015fteti povestea aia cu \u201eeste un elefant, dar nu se vede\u201d. Sunt doi elefan\u0163i \u00een camer\u0103: ordonan\u0163a de gra\u0163iere \u015fi ordonan\u0163a de modificare a codurilor penale. Evident c\u0103 \u015fi despre acestea am discutat cu domnul prim-ministru mai de diminea\u0163\u0103. Subliniez \u015fi sper s\u0103 fiu \u00een asentimentul domnului prim-ministru care s-a angajat ca aceste dou\u0103 chestiuni s\u0103 nu fie b\u0103gate peste noapte \u00een nicio \u015fedin\u0163\u0103 de guvern ci, imediat ce documentele vor fi clarificate. s\u0103 fie puse \u00een transparen\u0163\u0103.<\/span><\/p>\n<p data-index=\"9\"><span lang=\"ro-RO\">Chiar \u00een timpul declara\u0163iilor f\u0103cute de \u015feful statului, biroul de pres\u0103 al Executivului a f\u0103cut public\u0103 ordinea de zi. Asta de\u015fi premierul a sus\u0163inut c\u0103 informa\u0163iile erau deja publice \u015fi demonstrau c\u0103 Guvernul nu avea \u00een plan adoptarea celor dou\u0103 ordonan\u0163e.<\/span><\/p>\n<p data-index=\"10\"><span lang=\"ro-RO\">Sorin Grindeanu, premierul Rom\u00e2niei: Nefiind pe ordinea de zi, comunicata din timp c\u0103tre dumneavoastr\u0103, cu prezen\u0163a&#8230;<\/span><\/p>\n<p data-index=\"11\"><span lang=\"ro-RO\">Reporter: Nu, nu, \u00een timp ce vorbea\u0163i, rectific, \u00een timp ce vorbea\u0163i \u015fi spunea\u0163i c\u0103 e public\u0103, atunci a venit pe e-mail ordinea de zi.<\/span><\/p>\n<p data-index=\"12\"><span lang=\"ro-RO\">De regul\u0103, lista cu documente care vor fi discutate \u00een \u015fedin\u0163a de guvern era publicat\u0103 cu o zi sau cel pu\u0163in cu c\u00e2teva ore \u00eenainte.<\/span><\/p>\n<p data-index=\"13\"><span lang=\"ro-RO\">Sedin\u0163a de guvern prezidat\u0103 de Klaus Iohannis a fost relativ scurt\u0103, a durat doar o or\u0103. La final, premierul, flancat de ministrul Justi\u0163iei, a \u0163inut s\u0103 precizeze c\u0103 ordonan\u0163ele nu era pe ordinea de zi.<\/span><\/p>\n<p data-index=\"14\"><span lang=\"ro-RO\">Sorin Grindeanu, premierul Rom\u00e2niei: Cu prezen\u0163a sau f\u0103r\u0103 prezen\u0163a domnul pre\u015fedinte, nu erau trecute pe ordinea de zi. Pot s\u0103 v\u0103 mai spun ceva, ca s\u0103 fim clari: conform Constitu\u0163iei, avem voie s\u0103 d\u0103m gra\u0163iere \u015fi amnistie? Scrie c\u0103 avem voie s\u0103 facem lucrurile astea? Da.<\/span><\/p>\n<p data-index=\"15\"><span lang=\"ro-RO\">Prezen\u0163a lui Klaus Iohannis la sedin\u0163a de Guvern a reprezentat o premier\u0103.<\/span><\/p>\n<p data-index=\"16\"><span lang=\"ro-RO\">Arina Delcea, reporter Digi24: Constitu\u0163ia \u00eei permite pre\u015fedintelui Rom\u00e2niei s\u0103 participe la \u015fedin\u0163ele de guvern \u00een care se dezbat probleme de interes na\u0163ional privind politica extern\u0103, asigurarea ordinii publice sau ap\u0103rarea \u0163\u0103rii. Daca ajunge la \u015fedin\u0163\u0103, pre\u015fedintele \u015fi nu premierul este cel care o prezideaz\u0103.<\/span><\/p>\n<p data-index=\"17\">\u00cen cele dou\u0103 mandate ale sale, Traian B\u0103sescu a condus cel pu\u0163in 14 \u015fedin\u0163e de guvern.<\/p>\n<\/div>\n<p> Source URL: https:\/\/www.digi24.ro\/stiri\/actualitate\/politica\/prima-sedinta-de-guvern-condusa-de-klaus-iohannis-652321<\/p>\n","protected":false},"excerpt":{"rendered":"<p>\u00cen premier\u0103, pre\u015fedintele Klaus Iohannis a condus \u015fedin\u0163a Executivului. \u015eeful statului a mers la Palatul Victoria f\u0103r\u0103 s\u0103-l anun\u0163e pe premier, dup\u0103 ce \u00een pres\u0103 au ap\u0103rut informa\u0163ii c\u0103 mini\u015ftrii se preg\u0103tesc s\u0103 adopte o ordonan\u0163\u0103 de urgen\u0163\u0103 pentru gra\u0163iere. \u015ei o alta care ar face schimb\u0103ri \u00een Codul Penal. Premierul sus\u0163ine c\u0103 ordonan\u0163a pentru [&hellip;]<\/p>\n","protected":false},"author":1,"featured_media":150643,"comment_status":"open","ping_status":"","sticky":false,"template":"","format":"standard","meta":{"footnotes":""},"categories":[2],"tags":[11],"class_list":["post-150642","post","type-post","status-publish","format-standard","has-post-thumbnail","hentry","category-politics","tag-digi24"],"_links":{"self":[{"href":"https:\/\/analyse.optim.biz\/index.php?rest_route=\/wp\/v2\/posts\/150642","targetHints":{"allow":["GET"]}}],"collection":[{"href":"https:\/\/analyse.optim.biz\/index.php?rest_route=\/wp\/v2\/posts"}],"about":[{"href":"https:\/\/analyse.optim.biz\/index.php?rest_route=\/wp\/v2\/types\/post"}],"author":[{"embeddable":true,"href":"https:\/\/analyse.optim.biz\/index.php?rest_route=\/wp\/v2\/users\/1"}],"replies":[{"embeddable":true,"href":"https:\/\/analyse.optim.biz\/index.php?rest_route=%2Fwp%2Fv2%2Fcomments&post=150642"}],"version-history":[{"count":0,"href":"https:\/\/analyse.optim.biz\/index.php?rest_route=\/wp\/v2\/posts\/150642\/revisions"}],"wp:featuredmedia":[{"embeddable":true,"href":"https:\/\/analyse.optim.biz\/index.php?rest_route=\/wp\/v2\/media\/150643"}],"wp:attachment":[{"href":"https:\/\/analyse.optim.biz\/index.php?rest_route=%2Fwp%2Fv2%2Fmedia&parent=150642"}],"wp:term":[{"taxonomy":"category","embeddable":true,"href":"https:\/\/analyse.optim.biz\/index.php?rest_route=%2Fwp%2Fv2%2Fcategories&post=150642"},{"taxonomy":"post_tag","embeddable":true,"href":"https:\/\/analyse.optim.biz\/index.php?rest_route=%2Fwp%2Fv2%2Ftags&post=150642"}],"curies":[{"name":"wp","href":"https:\/\/api.w.org\/{rel}","templated":true}]}}