{"id":1506148,"date":"2015-09-29T22:18:15","date_gmt":"2015-09-29T19:18:15","guid":{"rendered":"https:\/\/analyse.optim.biz\/?p=1506148"},"modified":"2015-09-29T22:18:15","modified_gmt":"2015-09-29T19:18:15","slug":"29-09-2015-invitat-marian-vasile","status":"publish","type":"post","link":"https:\/\/analyse.optim.biz\/?p=1506148","title":{"rendered":"29.09.2015 Invitat Marian Vasile"},"content":{"rendered":"<article id=\"post-197376\" class=\"post-197376 post type-post status-publish format-video has-post-thumbnail hentry category-pressalert-tv category-pressalert-live-sezonul-iii tag-consiliul-judetean tag-marian-vasile tag-pressalert-live tag-primarie tag-timis tag-timisoara post_format-post-format-video\">\n<div class=\"td-post-header td-pb-padding-side\">\n<div class=\"entry-crumbs\"><span><a title class=\"entry-crumb\" href=\"https:\/\/www.pressalert.ro\/\"><span>Acas\u0103<\/span><\/a><\/span><span><a title=\"Vede\u021bi toate articolele \u00een PRESSALERT LIVE\" class=\"entry-crumb\" href=\"https:\/\/www.pressalert.ro\/category\/pressalert-tv\/\"><span>PRESSALERT LIVE<\/span><\/a><\/span><span class=\"td-bred-no-url-last\">29.09.2015 Invitat Marian Vasile<\/span><\/div>\n<ul class=\"td-category\">\n<li class=\"entry-category\"><a href=\"https:\/\/www.pressalert.ro\/category\/pressalert-tv\/\">PRESSALERT LIVE<\/a><\/li>\n<li class=\"entry-category\"><a href=\"https:\/\/www.pressalert.ro\/category\/pressalert-tv\/pressalert-live-sezonul-iii\/\">Pressalert LIVE &#8211; Sezonul III<\/a><\/li>\n<\/ul>\n<header>\n<h1 class=\"entry-title\">29.09.2015 Invitat Marian Vasile<\/h1>\n<div class=\"meta-info\">\n<div class=\"td-post-author-name\">\n<div class=\"td-author-by\">De<\/div>\n<p><a href=\"https:\/\/www.pressalert.ro\/author\/marius-popescu\/\">Marius Popescu<\/a><\/p>\n<div class=\"td-author-line\"> &#8211; <\/div>\n<\/div>\n<p><span class=\"td-post-date\"><time class=\"entry-date updated td-module-date\" datetime=\"2015-09-29T22:18:15+00:00\">sept. 29, 2015<\/time><\/span><\/p>\n<div class=\"td-post-comments\"><a href=\"https:\/\/www.pressalert.ro\/2015\/09\/29-09-2015-invitat-marian-vasile\/#respond\">0<\/a><\/div>\n<\/div>\n<\/header>\n<\/div>\n<div class=\"td-post-sharing td-post-sharing-top td-pb-padding-side\"><span class=\"td-post-share-title\">DISTRIBUI\u021aI<\/span><\/p>\n<div class=\"td-default-sharing \"><a class=\"td-social-sharing-buttons td-social-facebook\" href=\"http:\/\/www.facebook.com\/sharer.php?u=https%3A%2F%2Fwww.pressalert.ro%2F2015%2F09%2F29-09-2015-invitat-marian-vasile%2F\"><\/p>\n<div class=\"td-social-but-text\">Facebook<\/div>\n<p><\/a><a class=\"td-social-sharing-buttons td-social-twitter\" href=\"https:\/\/twitter.com\/intent\/tweet?text=29.09.2015+Invitat+Marian+Vasile&amp;url=https%3A%2F%2Fwww.pressalert.ro%2F2015%2F09%2F29-09-2015-invitat-marian-vasile%2F&amp;via=PRESSALERT.ro\"><\/p>\n<div class=\"td-social-but-text\">Twitter<\/div>\n<p><\/a><\/div>\n<\/div>\n<div class=\"td-post-content td-pb-padding-side\">\n<div class=\"wpb_video_wrapper\">\n                    <iframe loading=\"lazy\" id=\"td_youtube_player\" width=\"600\" height=\"560\" src=\"https:\/\/www.youtube.com\/embed\/JxWfVzCiPMQ?enablejsapi=1&amp;feature=oembed&amp;wmode=opaque&amp;vq=hd720\" frameborder allowfullscreen><\/iframe><\/p><\/div>\n<\/div>\n<footer>\n<div class=\"td-post-source-tags td-pb-padding-side\">\n<ul class=\"td-tags td-post-small-box clearfix\">\n<li><span>ETICHETE<\/span><\/li>\n<li><a href=\"https:\/\/www.pressalert.ro\/tag\/consiliul-judetean\/\">consiliul judetean<\/a><\/li>\n<li><a href=\"https:\/\/www.pressalert.ro\/tag\/marian-vasile\/\">marian vasile<\/a><\/li>\n<li><a href=\"https:\/\/www.pressalert.ro\/tag\/pressalert-live\/\">pressalert live<\/a><\/li>\n<li><a href=\"https:\/\/www.pressalert.ro\/tag\/primarie\/\">primarie<\/a><\/li>\n<li><a href=\"https:\/\/www.pressalert.ro\/tag\/timis\/\">timis<\/a><\/li>\n<li><a href=\"https:\/\/www.pressalert.ro\/tag\/timisoara\/\">Timisoara<\/a><\/li>\n<\/ul>\n<\/div>\n<div class=\"td-post-sharing td-post-sharing-bottom td-pb-padding-side\"><span class=\"td-post-share-title\">DISTRIBUI\u021aI<\/span><\/p>\n<div class=\"td-default-sharing \"><a class=\"td-social-sharing-buttons td-social-facebook\" href=\"http:\/\/www.facebook.com\/sharer.php?u=https%3A%2F%2Fwww.pressalert.ro%2F2015%2F09%2F29-09-2015-invitat-marian-vasile%2F\"><\/p>\n<div class=\"td-social-but-text\">Facebook<\/div>\n<p><\/a><a class=\"td-social-sharing-buttons td-social-twitter\" href=\"https:\/\/twitter.com\/intent\/tweet?text=29.09.2015+Invitat+Marian+Vasile&amp;url=https%3A%2F%2Fwww.pressalert.ro%2F2015%2F09%2F29-09-2015-invitat-marian-vasile%2F&amp;via=PRESSALERT.ro\"><\/p>\n<div class=\"td-social-but-text\">Twitter<\/div>\n<p><\/a><\/div>\n<\/div>\n<div class=\"td-block-row td-post-next-prev\">\n<div class=\"td-block-span6 td-post-prev-post\">\n<div class=\"td-post-next-prev-content\"><span>Articolul precedent<\/span><a href=\"https:\/\/www.pressalert.ro\/2015\/09\/burse-de-800-lei-lunar-pentru-150-de-studenti-de-la-universitatea-politehnica-din-timisoara-cum-sunt-pregatiti-inca-de-pe-bancile-facultatii-sa-lucreze-intr-o-companie\/\">Burse de 800 lei lunar pentru 150 de studen\u0163i de la Universitatea Politehnica din Timi\u015foara. Cum sunt preg\u0103ti\u0163i \u00eenc\u0103 de pe b\u0103ncile facult\u0103\u0163ii s\u0103 lucreze \u00eentr-o companie<\/a><\/div>\n<\/div>\n<div class=\"td-block-span6 td-post-next-post\">\n<div class=\"td-post-next-prev-content\"><span>Articolul urm\u0103tor<\/span><a href=\"https:\/\/www.pressalert.ro\/2015\/09\/fostul-vicepresedinte-marian-vasile-nemultumit-de-fostul-sau-sef-titu-bojin-ce-ii-reproseaza-presedintelui-consiliului-judetean-timis\/\">Fostul vicepre\u015fedinte Marian Vasile, NEMUL\u0162UMIT de \u015feful Titu Bojin. Ce \u00eei repro\u015feaz\u0103 pre\u015fedintelui Consiliului Jude\u0163ean Timi\u015f VIDEO<\/a><\/div>\n<\/div>\n<\/div>\n<div class=\"author-box-wrap\"><a href=\"https:\/\/www.pressalert.ro\/author\/marius-popescu\/\"><img loading=\"lazy\" decoding=\"async\" src=\"https:\/\/analyse.optim.biz\/wp-content\/uploads\/2026\/01\/6ff5b29455ffa79f6eac9c7ee3cb2891-394.jpg\" class=\"avatar avatar-96 photo\" height=\"96\" width=\"96\" title=\"6ff5b29455ffa79f6eac9c7ee3cb2891-394\"><\/a><\/p>\n<div class=\"desc\">\n<div class=\"td-author-name vcard author\"><span class=\"fn\"><a href=\"https:\/\/www.pressalert.ro\/author\/marius-popescu\/\">Marius Popescu<\/a><\/span><\/div>\n<div class=\"td-author-url\"><a href=\"http:\/\/www.pressalert.ro\">http:\/\/www.pressalert.ro<\/a><\/div>\n<\/div>\n<\/div>\n<p><span><\/span><span><span><\/span><\/span><span><\/span><\/footer>\n<\/article>\n<div class=\"td-post-content td-pb-padding-side\">\n<div class=\"wpb_video_wrapper\">\n                    <iframe loading=\"lazy\" id=\"td_youtube_player\" width=\"600\" height=\"560\" src=\"https:\/\/www.youtube.com\/embed\/JxWfVzCiPMQ?enablejsapi=1&amp;feature=oembed&amp;wmode=opaque&amp;vq=hd720\" frameborder allowfullscreen><\/iframe><\/p><\/div>\n<\/div>\n<p> Source URL: https:\/\/www.pressalert.ro\/2015\/09\/29-09-2015-invitat-marian-vasile\/<\/p>\n","protected":false},"excerpt":{"rendered":"<p>Acas\u0103PRESSALERT LIVE29.09.2015 Invitat Marian Vasile PRESSALERT LIVE Pressalert LIVE &#8211; Sezonul III 29.09.2015 Invitat Marian Vasile De Marius Popescu &#8211; sept. 29, 2015 0 DISTRIBUI\u021aI Facebook Twitter ETICHETE consiliul judetean marian vasile pressalert live primarie timis Timisoara DISTRIBUI\u021aI Facebook Twitter Articolul precedentBurse de 800 lei lunar pentru 150 de studen\u0163i de la Universitatea Politehnica din [&hellip;]<\/p>\n","protected":false},"author":1,"featured_media":1506151,"comment_status":"open","ping_status":"","sticky":false,"template":"","format":"standard","meta":{"footnotes":""},"categories":[89],"tags":[176],"class_list":["post-1506148","post","type-post","status-publish","format-standard","has-post-thumbnail","hentry","category-romania","tag-pressalert-ro"],"_links":{"self":[{"href":"https:\/\/analyse.optim.biz\/index.php?rest_route=\/wp\/v2\/posts\/1506148","targetHints":{"allow":["GET"]}}],"collection":[{"href":"https:\/\/analyse.optim.biz\/index.php?rest_route=\/wp\/v2\/posts"}],"about":[{"href":"https:\/\/analyse.optim.biz\/index.php?rest_route=\/wp\/v2\/types\/post"}],"author":[{"embeddable":true,"href":"https:\/\/analyse.optim.biz\/index.php?rest_route=\/wp\/v2\/users\/1"}],"replies":[{"embeddable":true,"href":"https:\/\/analyse.optim.biz\/index.php?rest_route=%2Fwp%2Fv2%2Fcomments&post=1506148"}],"version-history":[{"count":0,"href":"https:\/\/analyse.optim.biz\/index.php?rest_route=\/wp\/v2\/posts\/1506148\/revisions"}],"wp:featuredmedia":[{"embeddable":true,"href":"https:\/\/analyse.optim.biz\/index.php?rest_route=\/wp\/v2\/media\/1506151"}],"wp:attachment":[{"href":"https:\/\/analyse.optim.biz\/index.php?rest_route=%2Fwp%2Fv2%2Fmedia&parent=1506148"}],"wp:term":[{"taxonomy":"category","embeddable":true,"href":"https:\/\/analyse.optim.biz\/index.php?rest_route=%2Fwp%2Fv2%2Fcategories&post=1506148"},{"taxonomy":"post_tag","embeddable":true,"href":"https:\/\/analyse.optim.biz\/index.php?rest_route=%2Fwp%2Fv2%2Ftags&post=1506148"}],"curies":[{"name":"wp","href":"https:\/\/api.w.org\/{rel}","templated":true}]}}