{"id":150597,"date":"2017-01-19T12:07:45","date_gmt":"2017-01-19T09:07:45","guid":{"rendered":"https:\/\/analyse.optim.biz\/?p=150597"},"modified":"2017-01-19T12:07:45","modified_gmt":"2017-01-19T09:07:45","slug":"masurile-adoptate-de-guvernul-grindeanu-anuleaza-proiectele-guvernului-ciolos","status":"publish","type":"post","link":"https:\/\/analyse.optim.biz\/?p=150597","title":{"rendered":"M\u0103surile adoptate de Guvernul Grindeanu anuleaz\u0103 proiectele Guvernului Ciolo\u0219"},"content":{"rendered":"<div class=\"entry data-app-meta data-app-meta-article\" data-embed-base-url-canonical=\"https:\/\/www.digi24.ro\/embed\/stiri\/actualitate\/politica\/majoritatea-masurilor-adoptate-de-guvernul-grindeanu-anuleaza-proiectele-guvernului-ciolos-652661\">\n<p data-index=\"1\"><strong>Guvernul PSD-ALDE s-a instalat la Palatul Victoria \u00een urm\u0103 cu dou\u0103 s\u0103pt\u0103m\u00e2ni \u0219i o\u00a0bun\u0103 parte din m\u0103surile considerate urgente de noul Executiv au vizat eliminarea proiectelor promovate de fostul cabinet tehnocrat. Au fost promovate schimb\u0103ri substan\u021biale \u00een domenii cheie, precum educa\u021bie, s\u0103n\u0103tate, legisla\u021bie penal\u0103 \u0219i salarizare.\u00a0<\/strong><\/p>\n<p data-index=\"2\">Noul ministru al Educa\u021biei a transmis un ordin prin care directorii de \u0219coli care au picat examenul pentru aceast\u0103 func\u021bie s\u0103 revin\u0103 \u00een exact aceste func\u021bii. Pavel N\u0103stase a emis acest ordin la doar dou\u0103 zile de la \u00eenvestirea \u00een func\u021bie. Fostul ministru al Educa\u021biei, Mircea Dumitru, transmisese o directiv\u0103, atunci c\u00e2nd era el la Palatul Victoria, prin care interzicea tocmai aceast\u0103 practic\u0103.\u00a0<\/p>\n<p data-index=\"3\">\u00cen S\u0103n\u0103tate, Guvernul Grindeanu a f\u0103cut deja primii pa\u0219i pentru anularea reformei \u00eenceput\u0103 de fostul ministru Vlad Voiculescu. Mai exact, Senatul, \u00een calitate de prim\u0103 camer\u0103 sesizat\u0103, a respins ordonan\u021ba de urgen\u021b\u0103 privind reforma \u00een sistemul sanitar promovat\u0103 de Guvernul Ciolo\u0219. Actul normativ era unul apreciat de speciali\u0219ti, deoarece le interzicea directorilor de spitale s\u0103 fac\u0103 parte sau s\u0103 conduc\u0103 partide politice sau comerciale \u0219i deoarece democratiza\u00a0accesul la func\u021bia de director de spital.\u00a0<\/p>\n<p data-index=\"4\">\u00centr-o singur\u0103 \u0219edin\u021b\u0103 de Guvern, noul Executiv a adoptat o serie de m\u0103suri care afecteaz\u0103 salarizarea \u0219i sistemul de pensii din Rom\u00e2nia. Mai exact, Guvernul a decis\u00a0cre\u015fterea salariului minim cu 16%, cre\u015fterea pensiei minime de la 400 la 520 de lei, eliminarea pl\u0103\u0163ii CASS pentru pensionari,\u00a0cre\u015fterea burselor pentru studen\u0163i \u0219i gratuitate la c\u0103l\u0103toriile cu trenul de la 1 februarie.\u00a0<\/p>\n<p data-index=\"5\">Schimb\u0103rile pe care vrea s\u0103 le fac\u0103 noul ministru al Justi\u021biei, Florin Iordache, \u00eens\u0103, au scos mii de oameni \u00een strad\u0103 la proteste, miercuri sear\u0103. <a href=\"https:\/\/www.digi24.ro\/stiri\/actualitate\/justitie\/ce-contin-proiectele-lansate-de-ministerul-justitiei-652013\" target=\"_blank\" data-skip-linkfix=\"1\" rel=\"noopener\">Un proiect de ordonan\u021b\u0103 de urgen\u021b\u0103 trimis spre consultare acum prevede gra\u021bierea pedepselor mai mici de cinci ani \u0219i un modificarea Codului Penal <\/a>pentru dezincriminarea abuzului \u00een serviciu la un prejudiciu mai mic de 200.000 de lei.<\/p>\n<p data-index=\"6\"><span lang=\"ro-RO\"><a href=\"https:\/\/www.digi24.ro\/stiri\/actualitate\/evenimente\/foto-coruptia-ucide-peste-1-000-de-protestatari-in-bucuresti-652278\" target=\"_blank\" data-skip-linkfix=\"1\" rel=\"noopener\">Cel pu\u021bin 3.000 de persoane au protestat \u00een Bucure\u0219ti<\/a> fa\u021b\u0103 de proiectul de ordonan\u021b\u0103 privind gra\u021bierea \u0219i modificarea Codului Penal. Sute de persoane au manifestat \u0219i \u00een alte mari ora\u0219e din \u021bar\u0103.<\/span><\/p>\n<h5 lang=\"ro-RO\">\u00a0<\/h5>\n<p data-index=\"7\">\u00a0<\/p>\n<\/div>\n<p> Source URL: https:\/\/www.digi24.ro\/stiri\/actualitate\/politica\/majoritatea-masurilor-adoptate-de-guvernul-grindeanu-anuleaza-proiectele-guvernului-ciolos-652661<\/p>\n","protected":false},"excerpt":{"rendered":"<p>Guvernul PSD-ALDE s-a instalat la Palatul Victoria \u00een urm\u0103 cu dou\u0103 s\u0103pt\u0103m\u00e2ni \u0219i o\u00a0bun\u0103 parte din m\u0103surile considerate urgente de noul Executiv au vizat eliminarea proiectelor promovate de fostul cabinet tehnocrat. Au fost promovate schimb\u0103ri substan\u021biale \u00een domenii cheie, precum educa\u021bie, s\u0103n\u0103tate, legisla\u021bie penal\u0103 \u0219i salarizare.\u00a0 Noul ministru al Educa\u021biei a transmis un ordin prin [&hellip;]<\/p>\n","protected":false},"author":1,"featured_media":150598,"comment_status":"open","ping_status":"","sticky":false,"template":"","format":"standard","meta":{"footnotes":""},"categories":[2],"tags":[11],"class_list":["post-150597","post","type-post","status-publish","format-standard","has-post-thumbnail","hentry","category-politics","tag-digi24"],"_links":{"self":[{"href":"https:\/\/analyse.optim.biz\/index.php?rest_route=\/wp\/v2\/posts\/150597","targetHints":{"allow":["GET"]}}],"collection":[{"href":"https:\/\/analyse.optim.biz\/index.php?rest_route=\/wp\/v2\/posts"}],"about":[{"href":"https:\/\/analyse.optim.biz\/index.php?rest_route=\/wp\/v2\/types\/post"}],"author":[{"embeddable":true,"href":"https:\/\/analyse.optim.biz\/index.php?rest_route=\/wp\/v2\/users\/1"}],"replies":[{"embeddable":true,"href":"https:\/\/analyse.optim.biz\/index.php?rest_route=%2Fwp%2Fv2%2Fcomments&post=150597"}],"version-history":[{"count":0,"href":"https:\/\/analyse.optim.biz\/index.php?rest_route=\/wp\/v2\/posts\/150597\/revisions"}],"wp:featuredmedia":[{"embeddable":true,"href":"https:\/\/analyse.optim.biz\/index.php?rest_route=\/wp\/v2\/media\/150598"}],"wp:attachment":[{"href":"https:\/\/analyse.optim.biz\/index.php?rest_route=%2Fwp%2Fv2%2Fmedia&parent=150597"}],"wp:term":[{"taxonomy":"category","embeddable":true,"href":"https:\/\/analyse.optim.biz\/index.php?rest_route=%2Fwp%2Fv2%2Fcategories&post=150597"},{"taxonomy":"post_tag","embeddable":true,"href":"https:\/\/analyse.optim.biz\/index.php?rest_route=%2Fwp%2Fv2%2Ftags&post=150597"}],"curies":[{"name":"wp","href":"https:\/\/api.w.org\/{rel}","templated":true}]}}