{"id":150594,"date":"2017-01-19T12:40:25","date_gmt":"2017-01-19T09:40:25","guid":{"rendered":"https:\/\/analyse.optim.biz\/?p=150594"},"modified":"2017-01-19T12:40:25","modified_gmt":"2017-01-19T09:40:25","slug":"procurorul-general-noi-incurajam-o-conduita-corecta-a-cetatenilor-cineva-vine-acum-si-schimba-macazul","status":"publish","type":"post","link":"https:\/\/analyse.optim.biz\/?p=150594","title":{"rendered":"Procurorul general: Noi \u00eencuraj\u0103m o conduit\u0103 corect\u0103 a cet\u0103\u021benilor, cineva vine acum \u0219i schimb\u0103 macazul"},"content":{"rendered":"<div class=\"entry data-app-meta data-app-meta-article\" data-embed-base-url-canonical=\"https:\/\/www.digi24.ro\/embed\/stiri\/actualitate\/justitie\/procurorul-general-noi-incurajam-o-conduita-corecta-a-cetatenilor-cineva-vine-acum-si-schimba-macazul-652719\">\n<p data-index=\"1\"><strong><span lang=\"ro-RO\">Procurorul general al Rom\u00e2niei, Augustin Laz\u0103r, a declarat joi pentru Agerpres c\u0103 exist\u0103 un sentiment de \u00eengrijorare \u00een r\u00e2ndul procurorilor cu privire la proiectul de gra\u021biere, iar \u00een Consiliul Superior al Magistraturii ideea general\u0103 pe acest subiect este una negativ\u0103.<\/span><\/strong><\/p>\n<figure class=\"article-thumb\"><img decoding=\"async\" src=\"https:\/\/analyse.optim.biz\/wp-content\/uploads\/2024\/09\/yz0xjmhhc2g9mgiwotkxnwvmmzm1oguzyjqzyte2mwvmymiyzjzknti-thumb_.jpg\" alt=\"augustin lazar propunere procuror general agerpres_8458844\" data-skip-htmlfix=\"1\" title=\"yz0xjmhhc2g9mgiwotkxnwvmmzm1oguzyjqzyte2mwvmymiyzjzknti-thumb_\"><figcaption> Foto: Agerpres <\/figcaption><\/figure>\n<p data-index=\"2\">\u201e<span lang=\"ro-RO\">Este un sentiment de \u00eengrijorare, pentru c\u0103 noi, de c\u00e2nd am intrat \u00een Uniunea European\u0103, ne preg\u0103tim s\u0103 consolid\u0103m statul de drept printr-o conduit\u0103 public\u0103 corect\u0103, \u00eencuraj\u00e2nd o conduit\u0103 corect\u0103 a cet\u0103\u021benilor, iar acum vine cineva care, \u00een mod surprinz\u0103tor, schimb\u0103 macazul \u0219i ar dori s\u0103 adopt\u0103m o alt\u0103 pozi\u021bie, de clemen\u021b\u0103\u201d, a afirmat Augustin Laz\u0103r.<\/span><\/p>\n<p data-index=\"3\">El a spus c\u0103, \u00een Consiliul Superior al Magistraturii, ideea general\u0103 a fost negativ\u0103 cu privire la proiectul gra\u021bierii.<\/p>\n<p data-index=\"4\">\u201eNu a\u0219 putea acum s\u0103 spun ce fel de aviz va fi, este o dezbatere \u00een CSM, \u00eens\u0103 ideea general\u0103 a fost negativ\u0103 cu privire la acel proiect, care nu este de natur\u0103 s\u0103 \u00eencurajeze Justi\u021bia \u0219i pe magistra\u021bi \u0219i nici o conduit\u0103 public\u0103 corect\u0103 \u00een Rom\u00e2nia. Pozi\u021bia noastr\u0103 a fost tran\u0219ant\u0103, de respingere. Nu avem nevoie de acte de clemen\u021b\u0103, avem nevoie de acte de consolidare a institu\u021biilor rom\u00e2ne\u0219ti care lupt\u0103 cu criminalitatea, cu corup\u021bia, cu conflictul de interese. Din p\u0103cate, constat\u0103m c\u0103 s-a umblat \u0219i la textul legii care incrimineaz\u0103 conflictul de interese. Este practic o dezincriminare. Nu vom mai putea demonstra niciodat\u0103 c\u0103 cineva a fost \u00een conflict de interese, dac\u0103 textul r\u0103m\u00e2ne a\u0219a. (&#8230;) \u00cen c\u00e2teva zile, vom avea un nou punct de vedere \u0219i vom explica c\u0103 este gre\u0219it s\u0103 punem un interes privat al unui grup de persoane, care este interesat s\u0103 beneficieze de acest proiect, mai presus de interesul public\u201d, a explicat Augustin Laz\u0103r.<\/p>\n<p data-index=\"5\">Procurorul general a mai spus c\u0103 la \u00eent\u00e2lnirea pe care a avut-o recent cu ministrul Justi\u021biei, Florin Iordache, acesta nu i-a spus despre proiectul privind gra\u021bierea sau modific\u0103rile aduse Codului penal.<\/p>\n<p data-index=\"6\">\u201eProiectul l-am primit \u00een timp ce eram la CSM, ieri. Noi nu am v\u0103zut proiectul \u00eenainte. Era gata, gata s\u0103 ias\u0103 a\u0219a. Nu a fost nicio transparen\u021b\u0103 \u0219i nici o consultare prealabil\u0103 a CSM. Abia acum, urmeaz\u0103 ca membrii Consiliului s\u0103 \u00eel studieze \u0219i s\u0103 expun\u0103 un punct de vedere\u201d, a precizat Augustin Laz\u0103r.<\/p>\n<\/div>\n<p> Source URL: https:\/\/www.digi24.ro\/stiri\/actualitate\/justitie\/procurorul-general-noi-incurajam-o-conduita-corecta-a-cetatenilor-cineva-vine-acum-si-schimba-macazul-652719<\/p>\n","protected":false},"excerpt":{"rendered":"<p>Procurorul general al Rom\u00e2niei, Augustin Laz\u0103r, a declarat joi pentru Agerpres c\u0103 exist\u0103 un sentiment de \u00eengrijorare \u00een r\u00e2ndul procurorilor cu privire la proiectul de gra\u021biere, iar \u00een Consiliul Superior al Magistraturii ideea general\u0103 pe acest subiect este una negativ\u0103. Foto: Agerpres \u201eEste un sentiment de \u00eengrijorare, pentru c\u0103 noi, de c\u00e2nd am intrat \u00een [&hellip;]<\/p>\n","protected":false},"author":1,"featured_media":150595,"comment_status":"open","ping_status":"","sticky":false,"template":"","format":"standard","meta":{"footnotes":""},"categories":[2],"tags":[11],"class_list":["post-150594","post","type-post","status-publish","format-standard","has-post-thumbnail","hentry","category-politics","tag-digi24"],"_links":{"self":[{"href":"https:\/\/analyse.optim.biz\/index.php?rest_route=\/wp\/v2\/posts\/150594","targetHints":{"allow":["GET"]}}],"collection":[{"href":"https:\/\/analyse.optim.biz\/index.php?rest_route=\/wp\/v2\/posts"}],"about":[{"href":"https:\/\/analyse.optim.biz\/index.php?rest_route=\/wp\/v2\/types\/post"}],"author":[{"embeddable":true,"href":"https:\/\/analyse.optim.biz\/index.php?rest_route=\/wp\/v2\/users\/1"}],"replies":[{"embeddable":true,"href":"https:\/\/analyse.optim.biz\/index.php?rest_route=%2Fwp%2Fv2%2Fcomments&post=150594"}],"version-history":[{"count":0,"href":"https:\/\/analyse.optim.biz\/index.php?rest_route=\/wp\/v2\/posts\/150594\/revisions"}],"wp:featuredmedia":[{"embeddable":true,"href":"https:\/\/analyse.optim.biz\/index.php?rest_route=\/wp\/v2\/media\/150595"}],"wp:attachment":[{"href":"https:\/\/analyse.optim.biz\/index.php?rest_route=%2Fwp%2Fv2%2Fmedia&parent=150594"}],"wp:term":[{"taxonomy":"category","embeddable":true,"href":"https:\/\/analyse.optim.biz\/index.php?rest_route=%2Fwp%2Fv2%2Fcategories&post=150594"},{"taxonomy":"post_tag","embeddable":true,"href":"https:\/\/analyse.optim.biz\/index.php?rest_route=%2Fwp%2Fv2%2Ftags&post=150594"}],"curies":[{"name":"wp","href":"https:\/\/api.w.org\/{rel}","templated":true}]}}