{"id":150591,"date":"2017-01-19T13:37:15","date_gmt":"2017-01-19T10:37:15","guid":{"rendered":"https:\/\/analyse.optim.biz\/?p=150591"},"modified":"2017-01-19T13:37:15","modified_gmt":"2017-01-19T10:37:15","slug":"deputat-psd-tinerii-nu-ar-trebui-sa-mai-iasa-in-strada","status":"publish","type":"post","link":"https:\/\/analyse.optim.biz\/?p=150591","title":{"rendered":"Deputat PSD: Tinerii nu ar trebui s\u0103 mai ias\u0103 \u00een strad\u0103"},"content":{"rendered":"<div class=\"entry data-app-meta data-app-meta-article\" data-embed-base-url-canonical=\"https:\/\/www.digi24.ro\/embed\/stiri\/actualitate\/politica\/deputat-psd-tinerii-nu-ar-trebui-sa-mai-iasa-in-strada-652745\">\n<p data-index=\"1\"><strong><span lang=\"ro-RO\">Deputatul PSD C\u0103t\u0103lin R\u0103dulescu a declarat joi, la Parlament, c\u0103 nicio fapt\u0103 de corup\u0163ie nu se gra\u0163iaz\u0103 prin noua ordonan\u0163\u0103 pus\u0103 \u00een dezbatare public\u0103, motiv pentru care tinerii nu ar trebui s\u0103 mai ias\u0103 \u00een strad\u0103, deoarece acest proiect \u201enu este f\u0103cut pentru politcieni\u201d, ci pentru \u201eho\u0163i\u201d \u015fi cei care au comis \u201efapte minore\u201d.<\/span><\/strong><\/p>\n<p data-index=\"2\"><img loading=\"lazy\" decoding=\"async\" class=\"alignnone size-full wp-image-652746\" src=\"https:\/\/analyse.optim.biz\/wp-content\/uploads\/2024\/09\/ntyyyty0mdnjotg4yznhm2jjyjdhnmzmzgvmn2ni-thumb_-2.jpg\" alt=\"cATALIN RADULESCU\" width=\"1920\" height=\"1080\" data-skip-htmlfix=\"1\" title=\"ntyyyty0mdnjotg4yznhm2jjyjdhnmzmzgvmn2ni-thumb_-2\"><\/p>\n<p data-index=\"3\"><span lang=\"ro-RO\">\u00centrebat de ordonan\u0163a de urgen\u0163\u0103 privind gra\u0163ierea, social-democratul a sus\u0163inut c\u0103 a aflat de la televizor de acest proiect.<\/span><\/p>\n<p data-index=\"4\">\u201eCe s\u0103 v\u0103 spun? Am aflat de la televizor c\u0103 se d\u0103 ordonan\u0163\u0103. De c\u00e2nd ordonan\u0163ele sunt \u00een dezbatere? Ordonan\u0163ele de Guvern nu se dezbat \u2013 asta pentru cei care nu \u015ftiu\u201d, a afirmat deputatul PSD, potrivit News.ro.<\/p>\n<p data-index=\"5\">La remarca presei care i-a spus c\u0103 procurorul general a anun\u0163at c\u0103 vor beneficia de OUG aproximativ 20-30 de parlamentari, C\u0103t\u0103lin R\u0103dulescu a spus c\u0103 \u201enicio fapt\u0103 de corup\u0163ie nu se gra\u0163iaz\u0103 prin ordonan\u0163\u0103\u201d.<\/p>\n<p data-index=\"6\">\u201eNu \u015ftiu care sunt \u0103ia, c\u0103 nicio fapt\u0103 de corup\u0163ie nu se gra\u0163iaz\u0103 prin ordonan\u0163\u0103. A\u015fa c\u0103 nu \u015ftiu cine ar putea s\u0103 beneficieze. \u00cen plus, cei care sunt condamna\u0163i cu suspendare nu beneficiaz\u0103 de gra\u0163iere. Adic\u0103 hai s\u0103 \u00een\u0163elegem termenii, pentru c\u0103, dac\u0103 vorbim a\u015fa, ca s\u0103 ne afl\u0103m \u00een treab\u0103, sigur c\u0103 n-o s\u0103 ne \u00een\u0163elegem niciodat\u0103. Deci faptul c\u0103 ies ni\u015fte tineri \u00een strad\u0103, ar trebui s\u0103 li se explice c\u0103 n-au de ce s\u0103 ias\u0103 pentru c\u0103 prin aceast\u0103 gra\u0163iere cel pu\u0163in o s\u0103 ias\u0103 probabil ho\u0163i sau, eu \u015ftiu, oameni care au f\u0103cut chestiuni minore\u201d, a completat social-democratul.<\/p>\n<p data-index=\"7\">C\u0103t\u0103lin R\u0103dulescu a subliniat faptul c\u0103 \u201enicio fapt\u0103 de corup\u0163ie nu este gra\u0163iat\u0103 prin aceast\u0103 ordonan\u0163\u0103\u201d.<\/p>\n<p data-index=\"8\">\u201eCiti\u0163i-o, \u015fi noi am citit-o foarte bine, \u015fi noi am aflat de ea ieri, deci nu \u015ftiam de ea, a\u015fa, niciun fel de condamnare, c\u0103 este cu suspendare, nu beneficiaz\u0103 de gra\u0163iere \u015fi atuncea nu este f\u0103cut\u0103 pentru politicieni. \u015ei cu asta am terminat subiectul\u201d, a declarat deputatul.<\/p>\n<p data-index=\"9\">El \u015fi-a nuan\u0163at ulterior afirma\u0163ia, spun\u00e2nd c\u0103 nu \u015ftie ce scrie \u00een OUG privind gra\u0163ierea.<\/p>\n<p data-index=\"10\">\u201eGra\u0163ierea se aplic\u0103 numai pentru executare, nu pentru suspendare. Nu \u015ftiu ce scrie \u00een ordonan\u0163\u0103. Ce scrie \u00een ordonan\u0163\u0103 \u2013 habar n-am. Voi \u015fti\u0163i mai bine dec\u00e2t noi, noi nu am v\u0103zut aceast\u0103 ordonan\u0163\u0103\u201d, a precizat social-democratul.<\/p>\n<p data-index=\"11\">Jurnali\u015ftii i-au atras aten\u0163ia c\u0103 afirmase c\u0103 a primit miercuri OUG privind gra\u0163ierea, moment \u00een care C\u0103t\u0103lin R\u0103dulescu a spus c\u0103 a primit-o, dar nu a citit-o.<\/p>\n<p data-index=\"12\">\u201eAm primit-o ieri, dar nu am citit-o. Nici nu vreau s\u0103 o citesc, c\u0103 nu m\u0103 intereseaz\u0103. Eu a\u015ftept s\u0103 facem dezbatere public\u0103 pe tot ce \u00eenseamn\u0103 modific\u0103ri la Codul penal. \u00cen grupul parlamentar PSD nu a existat nicio discu\u0163ie, a\u0163i fi \u015ftiut dac\u0103 a existat o discu\u0163ie, \u015fti\u0163i foarte bine c\u0103 ave\u0163i sursele respective\u201d, a conchis deputatul PSD.\u00a0<\/p>\n<p data-index=\"13\">Instan\u0163a suprem\u0103 l-a condamnat definitiv, pe data de 5 decembrie 2016, pe deputatul PSD C\u0103t\u0103lin R\u0103dulescu la un an \u015fi \u015fase luni de \u00eenchisoare cu suspendare, \u00een dosarul \u00een care este acuzat de dare de mit\u0103 \u015fi de administrarea unei firme, fapt\u0103 incompatibil\u0103 cu calitatea sa de parlamentar.<\/p>\n<\/div>\n<p> Source URL: https:\/\/www.digi24.ro\/stiri\/actualitate\/politica\/deputat-psd-tinerii-nu-ar-trebui-sa-mai-iasa-in-strada-652745<\/p>\n","protected":false},"excerpt":{"rendered":"<p>Deputatul PSD C\u0103t\u0103lin R\u0103dulescu a declarat joi, la Parlament, c\u0103 nicio fapt\u0103 de corup\u0163ie nu se gra\u0163iaz\u0103 prin noua ordonan\u0163\u0103 pus\u0103 \u00een dezbatare public\u0103, motiv pentru care tinerii nu ar trebui s\u0103 mai ias\u0103 \u00een strad\u0103, deoarece acest proiect \u201enu este f\u0103cut pentru politcieni\u201d, ci pentru \u201eho\u0163i\u201d \u015fi cei care au comis \u201efapte minore\u201d. \u00centrebat [&hellip;]<\/p>\n","protected":false},"author":1,"featured_media":150592,"comment_status":"open","ping_status":"","sticky":false,"template":"","format":"standard","meta":{"footnotes":""},"categories":[2],"tags":[11],"class_list":["post-150591","post","type-post","status-publish","format-standard","has-post-thumbnail","hentry","category-politics","tag-digi24"],"_links":{"self":[{"href":"https:\/\/analyse.optim.biz\/index.php?rest_route=\/wp\/v2\/posts\/150591","targetHints":{"allow":["GET"]}}],"collection":[{"href":"https:\/\/analyse.optim.biz\/index.php?rest_route=\/wp\/v2\/posts"}],"about":[{"href":"https:\/\/analyse.optim.biz\/index.php?rest_route=\/wp\/v2\/types\/post"}],"author":[{"embeddable":true,"href":"https:\/\/analyse.optim.biz\/index.php?rest_route=\/wp\/v2\/users\/1"}],"replies":[{"embeddable":true,"href":"https:\/\/analyse.optim.biz\/index.php?rest_route=%2Fwp%2Fv2%2Fcomments&post=150591"}],"version-history":[{"count":0,"href":"https:\/\/analyse.optim.biz\/index.php?rest_route=\/wp\/v2\/posts\/150591\/revisions"}],"wp:featuredmedia":[{"embeddable":true,"href":"https:\/\/analyse.optim.biz\/index.php?rest_route=\/wp\/v2\/media\/150592"}],"wp:attachment":[{"href":"https:\/\/analyse.optim.biz\/index.php?rest_route=%2Fwp%2Fv2%2Fmedia&parent=150591"}],"wp:term":[{"taxonomy":"category","embeddable":true,"href":"https:\/\/analyse.optim.biz\/index.php?rest_route=%2Fwp%2Fv2%2Fcategories&post=150591"},{"taxonomy":"post_tag","embeddable":true,"href":"https:\/\/analyse.optim.biz\/index.php?rest_route=%2Fwp%2Fv2%2Ftags&post=150591"}],"curies":[{"name":"wp","href":"https:\/\/api.w.org\/{rel}","templated":true}]}}