{"id":150588,"date":"2017-01-19T13:46:06","date_gmt":"2017-01-19T10:46:06","guid":{"rendered":"https:\/\/analyse.optim.biz\/?p=150588"},"modified":"2017-01-19T13:46:06","modified_gmt":"2017-01-19T10:46:06","slug":"ambasadorul-sua-ne-asteptam-ca-toate-institutiile-sa-consolideze-lupta-impotriva-coruptiei","status":"publish","type":"post","link":"https:\/\/analyse.optim.biz\/?p=150588","title":{"rendered":"Ambasadorul SUA: \u201eNe a\u015ftept\u0103m ca toate institu\u0163iile s\u0103 consolideze lupta \u00eempotriva corup\u0163iei\u201d"},"content":{"rendered":"<div class=\"entry data-app-meta data-app-meta-article\" data-embed-base-url-canonical=\"https:\/\/www.digi24.ro\/embed\/stiri\/actualitate\/politica\/ambasadorul-sua-masurile-care-slabesc-statul-de-drept-in-romania-inoportune-652751\">\n<p data-index=\"1\"><strong><span lang=\"ro-RO\">Ambasadorul SUA \u00een Rom\u00e2nia, Hans Klemm, spune, <a href=\"http:\/\/www.news.ro\/justitie\/interviu-ambasadorul-sua-despre-proiectele-de-oug-privind-justitia-nu-consideram-oportuna-nicio-masura-care-slabeste-statul-de-drept-in-romania-1922403019002017011316551914\" target=\"_blank\" data-skip-linkfix=\"1\" rel=\"noopener\">\u00eentr-un interviu acordat News.ro<\/a>, coment\u00e2nd cele dou\u0103 proiecte de Ordonan\u0163\u0103 de Urgen\u0163\u0103 viz\u00e2nd justi\u0163ia, c\u0103 orice propunere legislativ\u0103 care contravine consolid\u0103rii statului de drept \u00eei afecteaz\u0103 pe to\u0163i rom\u00e2nii, indiferent de preferin\u0163ele lor politice. \u201eNu consider\u0103m oportun\u0103 nicio m\u0103sur\u0103 care sl\u0103be\u015fte statul de drept \u00een Rom\u00e2nia \u015fi ne a\u015ftept\u0103m ca toate institu\u0163iile din Rom\u00e2nia s\u0103 \u00eencerce s\u0103 consolideze lupta na\u0163iunii \u00eempotriva corup\u0163iei\u201d, afirm\u0103 diplomatul american.<\/span><\/strong><\/p>\n<figure class=\"article-thumb\"><img decoding=\"async\" src=\"https:\/\/analyse.optim.biz\/wp-content\/uploads\/2024\/09\/ad04n2vkzdbimjvlmzjjothiyja0zde0mgq5otgxotljmg-thumb_.jpg\" alt=\"HANS KLEMM agerpres_8611820\" data-skip-htmlfix=\"1\" title=\"ad04n2vkzdbimjvlmzjjothiyja0zde0mgq5otgxotljmg-thumb_\"><figcaption> Foto: Agerpres <\/figcaption><\/figure>\n<p data-index=\"2\"><span lang=\"ro-RO\">Ambasadorul Hans Klemm vorbe\u015fte \u00een interviu despre modific\u0103rile legislative viz\u00e2nd justi\u0163ia anun\u0163ate de Guvernul Grindeanu.<\/span><\/p>\n<p data-index=\"3\">\u201eRom\u00e2nia a \u00eenregistrat progrese extraordinare \u00een lupta \u00eempotriva corup\u0163iei. Tragerea la r\u0103spundere a indivizilor pentru ac\u0163iunile lor \u015fi respectarea strict\u0103 a solidei legisla\u0163ii privind abuzul \u00een serviciu sunt printre principalele motive ale recentelor progrese ale Rom\u00e2niei. Parteneriatul Strategic Rom\u00e2nia-SUA \u015fi statutul Rom\u00e2niei de membru al NATO \u015fi al Uniunii Europene se bazeaz\u0103 pe valori comune, inclusiv pe angajamentul fa\u0163\u0103 de statul de drept. Vom continua s\u0103 sus\u0163inem ferm \u015fi clar eforturile pre\u015fedintelui Iohannis \u015fi ale institu\u0163iilor judiciare \u015fi de aplicare a legii \u00een aceast\u0103 direc\u0163ie. Orice schimbare a legisla\u0163iei anti-corup\u0163ie a Rom\u00e2niei trebuie s\u0103 se fac\u0103 printr-un proces transparent, deplin consultativ, care consolideaz\u0103 lupta \u00eempotriva corup\u0163iei \u015fi pune cap\u0103t furtului bog\u0103\u0163iei \u0163\u0103rii. Orice propunere legislativ\u0103 care contravine consolid\u0103rii statului de drept \u00eei afecteaz\u0103 pe to\u0163i rom\u00e2nii, indiferent de preferin\u0163ele lor politice. Nu consider\u0103m \u201eoportun\u0103\u201d nici o m\u0103sur\u0103 care sl\u0103be\u015fte statul de drept \u00een Rom\u00e2nia \u015fi ne a\u015ftept\u0103m ca toate institu\u0163iile din Rom\u00e2nia s\u0103 \u00eencerce s\u0103 consolideze lupta na\u0163iunii \u00eempotriva corup\u0163iei\u201d, a declarat ambasadorul Hans Klemm.<\/p>\n<p data-index=\"4\">Proiectul de OUG promovat de Ministerul Justi\u0163iei prevede gra\u0163ierea integral\u0103 a pedepselor de p\u00e2n\u0103 la 5 ani precum \u015fi jum\u0103tate din pedeapsa femeilor gravide, a celor care au \u00een \u00eentre\u0163inere copii sub cinci ani, a celor cu v\u00e2rste de peste 60 de ani, precum \u015fi a celor cu boli incurabile \u00een faze terminale.<\/p>\n<p data-index=\"5\">Prevederile nu se aplic\u0103 recidivi\u015ftilor, nici celor care s-au sustras execut\u0103rii pedepsei \u015fi nici celor care comit infrac\u0163iuni dup\u0103 data de 18 ianuarie 2017. Proiectul prevede c\u0103 OUG intr\u0103 \u00een vigoare \u00een 18 februarie 2017.<\/p>\n<p data-index=\"6\">Asear\u0103, <a href=\"https:\/\/www.digi24.ro\/stiri\/actualitate\/evenimente\/foto-coruptia-ucide-peste-1-000-de-protestatari-in-bucuresti-652278\" target=\"_blank\" data-skip-linkfix=\"1\" rel=\"noopener\">mii de persoane au protestat \u00een Bucure\u0219ti \u0219i marile ora\u0219e din \u021bar\u0103 fa\u021b\u0103 de aceste m\u0103suri<\/a>.<\/p>\n<\/div>\n<p> Source URL: https:\/\/www.digi24.ro\/stiri\/actualitate\/politica\/ambasadorul-sua-masurile-care-slabesc-statul-de-drept-in-romania-inoportune-652751<\/p>\n","protected":false},"excerpt":{"rendered":"<p>Ambasadorul SUA \u00een Rom\u00e2nia, Hans Klemm, spune, \u00eentr-un interviu acordat News.ro, coment\u00e2nd cele dou\u0103 proiecte de Ordonan\u0163\u0103 de Urgen\u0163\u0103 viz\u00e2nd justi\u0163ia, c\u0103 orice propunere legislativ\u0103 care contravine consolid\u0103rii statului de drept \u00eei afecteaz\u0103 pe to\u0163i rom\u00e2nii, indiferent de preferin\u0163ele lor politice. \u201eNu consider\u0103m oportun\u0103 nicio m\u0103sur\u0103 care sl\u0103be\u015fte statul de drept \u00een Rom\u00e2nia \u015fi ne [&hellip;]<\/p>\n","protected":false},"author":1,"featured_media":150589,"comment_status":"open","ping_status":"","sticky":false,"template":"","format":"standard","meta":{"footnotes":""},"categories":[2],"tags":[11],"class_list":["post-150588","post","type-post","status-publish","format-standard","has-post-thumbnail","hentry","category-politics","tag-digi24"],"_links":{"self":[{"href":"https:\/\/analyse.optim.biz\/index.php?rest_route=\/wp\/v2\/posts\/150588","targetHints":{"allow":["GET"]}}],"collection":[{"href":"https:\/\/analyse.optim.biz\/index.php?rest_route=\/wp\/v2\/posts"}],"about":[{"href":"https:\/\/analyse.optim.biz\/index.php?rest_route=\/wp\/v2\/types\/post"}],"author":[{"embeddable":true,"href":"https:\/\/analyse.optim.biz\/index.php?rest_route=\/wp\/v2\/users\/1"}],"replies":[{"embeddable":true,"href":"https:\/\/analyse.optim.biz\/index.php?rest_route=%2Fwp%2Fv2%2Fcomments&post=150588"}],"version-history":[{"count":0,"href":"https:\/\/analyse.optim.biz\/index.php?rest_route=\/wp\/v2\/posts\/150588\/revisions"}],"wp:featuredmedia":[{"embeddable":true,"href":"https:\/\/analyse.optim.biz\/index.php?rest_route=\/wp\/v2\/media\/150589"}],"wp:attachment":[{"href":"https:\/\/analyse.optim.biz\/index.php?rest_route=%2Fwp%2Fv2%2Fmedia&parent=150588"}],"wp:term":[{"taxonomy":"category","embeddable":true,"href":"https:\/\/analyse.optim.biz\/index.php?rest_route=%2Fwp%2Fv2%2Fcategories&post=150588"},{"taxonomy":"post_tag","embeddable":true,"href":"https:\/\/analyse.optim.biz\/index.php?rest_route=%2Fwp%2Fv2%2Ftags&post=150588"}],"curies":[{"name":"wp","href":"https:\/\/api.w.org\/{rel}","templated":true}]}}