{"id":1505123,"date":"2015-03-24T07:13:14","date_gmt":"2015-03-24T04:13:14","guid":{"rendered":"https:\/\/analyse.optim.biz\/?p=1505123"},"modified":"2015-03-24T07:13:14","modified_gmt":"2015-03-24T04:13:14","slug":"foto-primavara-in-orasul-imperial-vacanta-la-viena","status":"publish","type":"post","link":"https:\/\/analyse.optim.biz\/?p=1505123","title":{"rendered":"FOTO: Prim\u0103vara \u00een ora\u0219ul imperial: vacan\u021b\u0103 la Viena"},"content":{"rendered":"<div class=\"td-post-content tagdiv-type\">\n<div class=\"td-post-featured-image\"><a href=\"https:\/\/analyse.optim.biz\/wp-content\/uploads\/2026\/01\/belvedere-small.jpg\" data-caption><img loading=\"lazy\" decoding=\"async\" width=\"696\" height=\"468\" class=\"entry-thumb td-modal-image\" src=\"https:\/\/analyse.optim.biz\/wp-content\/uploads\/2026\/01\/belvedere-small-696x468-1.jpg\" alt=\"belvedere\" title=\"belvedere\"><\/a><\/div>\n<p><a href=\"https:\/\/analyse.optim.biz\/wp-content\/uploads\/2026\/01\/belvedere-small-1.jpg\"><img loading=\"lazy\" decoding=\"async\" class=\"alignnone size-full wp-image-1372\" src=\"https:\/\/analyse.optim.biz\/wp-content\/uploads\/2026\/01\/belvedere-small-1.jpg\" alt=\"belvedere\" width=\"714\" height=\"480\" title=\"belvedere-small-1\"><\/a><\/p>\n<p><strong>Probabil c\u0103 nu exist\u0103 timi\u015forean pasionat de c\u0103l\u0103torii care s\u0103 nu fi trecut m\u0103car o dat\u0103 prin Viena. Cei care nu au ajuns au urm\u0103rit, probabil, imagini din maiestuoasa capital\u0103 austriac\u0103, admir\u00e2nd aerul imperial \u015fi dorindu-\u015fi s\u0103 fie parte din povestea vienez\u0103, m\u0103car pentru o vreme. Viena este una dintre destina\u0163iile obligatorii pentru oricine este pasionat de frumos.<\/strong><\/p>\n<p><a href=\"http:\/\/gazetadinvest.ro\/wp-content\/uploads\/2015\/03\/Karlskircheapap-Small.jpg\"><img loading=\"lazy\" decoding=\"async\" class=\"alignnone size-medium wp-image-1373\" src=\"https:\/\/analyse.optim.biz\/wp-content\/uploads\/2026\/01\/karlskircheapap-small-750x466-1.jpg\" alt=\"Karlskircheapap\" width=\"750\" height=\"466\" title=\"karlskircheapap-small-750x466-1\"><\/a><\/p>\n<p>Agen\u0163ia de turism Ultramarin v\u0103 propune \u00een aceast\u0103 prim\u0103var\u0103 un weekend \u00een ora\u015ful de suflet al lui Mozart, cu un itinerar fascinant, din care v\u0103 ve\u0163i \u00eentoarce infinit mai boga\u0163i suflete\u015fte \u015fi vizual. De \u00eendat\u0103 ce ajungi \u00een Viena, te impresioneaz\u0103 deopotriv\u0103 aerul plin de istorie \u015fi de respect degajat de arhitectura superb\u0103 a cl\u0103dirilor, elegan\u0163a vienezilor chiar \u015fi pe strad\u0103, civiliza\u0163ia din trafic \u015fi din institu\u0163ii. Unul dintre simbolurile Vienei este Stephansdom.<\/p>\n<p><a href=\"http:\/\/gazetadinvest.ro\/wp-content\/uploads\/2015\/03\/viena-Small1.jpg\"><img loading=\"lazy\" decoding=\"async\" class=\"alignnone size-full wp-image-1374\" src=\"http:\/\/gazetadinvest.ro\/wp-content\/uploads\/2015\/03\/viena-Small1.jpg\" alt=\"viena\" width=\"720\" height=\"480\"><\/a><\/p>\n<p>Construc\u021bia catedralei Sf\u00e2ntului \u0218tefan a \u00eenceput \u00een secolul al XII-lea, dar a fost terminat\u0103 abia \u00een anul 1433. Biserica este unul dintre monumentele gotice de prim\u0103 importan\u021b\u0103 ale Austriei, iar acoperi\u0219ul s\u0103u constituit din 230.000 de \u021bigle colorate este absolut superb. Cel mai \u00eenalt turn al domului este cel din partea de sud, care m\u0103soar\u0103 137 de metri, iar o scar\u0103 permite vizitatorului p\u0103trunderea \u00een turn, oferindu-i o minunat\u0103 priveli\u0219te de la o \u00een\u0103l\u021bime de 70 metri. Turnul din partea de nord nu a fost finalizat, \u00eens\u0103 un lift v\u0103 poart\u0103 la o \u00een\u0103l\u021bime de 60 de metri, de unde pute\u021bi admira o panoram\u0103 superb\u0103.<\/p>\n<p><a href=\"http:\/\/gazetadinvest.ro\/wp-content\/uploads\/2015\/03\/vienna_3-Small.jpg\"><img decoding=\"async\" loading=\"lazy\" class=\"alignnone size-full wp-image-1375\" src=\"http:\/\/gazetadinvest.ro\/wp-content\/uploads\/2015\/03\/vienna_3-Small.jpg\" alt=\"vienna\" width=\"640\" height=\"480\"><\/a><\/p>\n<p>Palatul Schonbrunn, \u00een apropierea c\u0103ruia se afl\u0103 \u015fi cea mai veche gr\u0103din\u0103 zoologic\u0103 din Europa, a servit, din secolul al XVIII-lea p\u00e2n\u0103 \u00een 1918, drept re\u0219edin\u021b\u0103 de var\u0103 a Casei de Habsburg. \u00cen prezent, pot fi vizitate 45 din cele 141 de camere ale castelului. Printre acestea, camera lui Napoleon Bonaparte, cabinetul chinezesc sau marea galerie. Ultramarin v\u0103 recomand\u0103 s\u0103 nu rata\u0163i o vizit\u0103 la Palatul Hofburg, un complex arhitectural care s-a extins continuu.<\/p>\n<p><a href=\"https:\/\/analyse.optim.biz\/wp-content\/uploads\/2026\/01\/vienna3-small.jpg\"><img decoding=\"async\" loading=\"lazy\" class=\"alignnone size-full wp-image-1376\" src=\"https:\/\/analyse.optim.biz\/wp-content\/uploads\/2026\/01\/vienna3-small.jpg\" alt=\"Vienna\" width=\"727\" height=\"480\" title=\"vienna3-small\"><\/a><\/p>\n<p>La ora actual\u0103, edificiul cuprinde 18 corpuri \u0219i 19 spa\u021bii exterioare. El este sediul pre\u0219edintelui republicii federative austriece, ad\u0103poste\u0219te mai multe muzee (Muzeul de Art\u0103 Popular\u0103, colec\u021bii de instrumente muzicale, Camera Armelor, colec\u021bii ale Muzeului de Istorie a Artei, Muzeul \u201eSisi\u201d),precum \u0219i Biblioteca Na\u021bional\u0103 a Austriei.<\/p>\n<p><a href=\"http:\/\/gazetadinvest.ro\/wp-content\/uploads\/2015\/03\/opera-Small.jpg\"><img decoding=\"async\" loading=\"lazy\" class=\"alignnone size-full wp-image-1377\" src=\"http:\/\/gazetadinvest.ro\/wp-content\/uploads\/2015\/03\/opera-Small.jpg\" alt=\"opera\" width=\"664\" height=\"480\"><\/a><\/p>\n<p>Ar trebui pagini \u00eentregi ca s\u0103 descriem pe scurt doar palatele. La fel ar trebui s\u0103 facem cu muzeele, institu\u0163iile de cultur\u0103 sau pove\u015ftile marilor personalit\u0103\u0163i ce au tr\u0103it \u015fi creat la Viena. Nimic nu se compar\u0103 \u00eens\u0103 cu impresiile adunate cu propriul suflet la fa\u0163a locului \u2013 amintiri a c\u0103ror frumuse\u0163e v\u0103 va urm\u0103ri toat\u0103 via\u0163a. Detaliile excursiei organizate de Agen\u0163ia de turism Ultramarin la Viena le g\u0103si\u0163i<\/p>\n<\/div>\n<div class=\"td-post-content tagdiv-type\">\n<div class=\"td-post-featured-image\"><a href=\"https:\/\/analyse.optim.biz\/wp-content\/uploads\/2026\/01\/belvedere-small.jpg\" data-caption><img loading=\"lazy\" decoding=\"async\" width=\"696\" height=\"468\" class=\"entry-thumb td-modal-image\" src=\"https:\/\/analyse.optim.biz\/wp-content\/uploads\/2026\/01\/belvedere-small-696x468-1.jpg\" alt=\"belvedere\" title=\"belvedere\"><\/a><\/div>\n<p><a href=\"https:\/\/analyse.optim.biz\/wp-content\/uploads\/2026\/01\/belvedere-small-1.jpg\"><img loading=\"lazy\" decoding=\"async\" class=\"alignnone size-full wp-image-1372\" src=\"https:\/\/analyse.optim.biz\/wp-content\/uploads\/2026\/01\/belvedere-small-1.jpg\" alt=\"belvedere\" width=\"714\" height=\"480\" title=\"belvedere-small-1\"><\/a><\/p>\n<p><strong>Probabil c\u0103 nu exist\u0103 timi\u015forean pasionat de c\u0103l\u0103torii care s\u0103 nu fi trecut m\u0103car o dat\u0103 prin Viena. Cei care nu au ajuns au urm\u0103rit, probabil, imagini din maiestuoasa capital\u0103 austriac\u0103, admir\u00e2nd aerul imperial \u015fi dorindu-\u015fi s\u0103 fie parte din povestea vienez\u0103, m\u0103car pentru o vreme. Viena este una dintre destina\u0163iile obligatorii pentru oricine este pasionat de frumos.<\/strong><\/p>\n<p><a href=\"http:\/\/gazetadinvest.ro\/wp-content\/uploads\/2015\/03\/Karlskircheapap-Small.jpg\"><img loading=\"lazy\" decoding=\"async\" class=\"alignnone size-medium wp-image-1373\" src=\"https:\/\/analyse.optim.biz\/wp-content\/uploads\/2026\/01\/karlskircheapap-small-750x466-1.jpg\" alt=\"Karlskircheapap\" width=\"750\" height=\"466\" title=\"karlskircheapap-small-750x466-1\"><\/a><\/p>\n<p>Agen\u0163ia de turism Ultramarin v\u0103 propune \u00een aceast\u0103 prim\u0103var\u0103 un weekend \u00een ora\u015ful de suflet al lui Mozart, cu un itinerar fascinant, din care v\u0103 ve\u0163i \u00eentoarce infinit mai boga\u0163i suflete\u015fte \u015fi vizual. De \u00eendat\u0103 ce ajungi \u00een Viena, te impresioneaz\u0103 deopotriv\u0103 aerul plin de istorie \u015fi de respect degajat de arhitectura superb\u0103 a cl\u0103dirilor, elegan\u0163a vienezilor chiar \u015fi pe strad\u0103, civiliza\u0163ia din trafic \u015fi din institu\u0163ii. Unul dintre simbolurile Vienei este Stephansdom.<\/p>\n<p><a href=\"http:\/\/gazetadinvest.ro\/wp-content\/uploads\/2015\/03\/viena-Small1.jpg\"><img loading=\"lazy\" decoding=\"async\" class=\"alignnone size-full wp-image-1374\" src=\"http:\/\/gazetadinvest.ro\/wp-content\/uploads\/2015\/03\/viena-Small1.jpg\" alt=\"viena\" width=\"720\" height=\"480\"><\/a><\/p>\n<p>Construc\u021bia catedralei Sf\u00e2ntului \u0218tefan a \u00eenceput \u00een secolul al XII-lea, dar a fost terminat\u0103 abia \u00een anul 1433. Biserica este unul dintre monumentele gotice de prim\u0103 importan\u021b\u0103 ale Austriei, iar acoperi\u0219ul s\u0103u constituit din 230.000 de \u021bigle colorate este absolut superb. Cel mai \u00eenalt turn al domului este cel din partea de sud, care m\u0103soar\u0103 137 de metri, iar o scar\u0103 permite vizitatorului p\u0103trunderea \u00een turn, oferindu-i o minunat\u0103 priveli\u0219te de la o \u00een\u0103l\u021bime de 70 metri. Turnul din partea de nord nu a fost finalizat, \u00eens\u0103 un lift v\u0103 poart\u0103 la o \u00een\u0103l\u021bime de 60 de metri, de unde pute\u021bi admira o panoram\u0103 superb\u0103.<\/p>\n<p><a href=\"http:\/\/gazetadinvest.ro\/wp-content\/uploads\/2015\/03\/vienna_3-Small.jpg\"><img decoding=\"async\" loading=\"lazy\" class=\"alignnone size-full wp-image-1375\" src=\"http:\/\/gazetadinvest.ro\/wp-content\/uploads\/2015\/03\/vienna_3-Small.jpg\" alt=\"vienna\" width=\"640\" height=\"480\"><\/a><\/p>\n<p>Palatul Schonbrunn, \u00een apropierea c\u0103ruia se afl\u0103 \u015fi cea mai veche gr\u0103din\u0103 zoologic\u0103 din Europa, a servit, din secolul al XVIII-lea p\u00e2n\u0103 \u00een 1918, drept re\u0219edin\u021b\u0103 de var\u0103 a Casei de Habsburg. \u00cen prezent, pot fi vizitate 45 din cele 141 de camere ale castelului. Printre acestea, camera lui Napoleon Bonaparte, cabinetul chinezesc sau marea galerie. Ultramarin v\u0103 recomand\u0103 s\u0103 nu rata\u0163i o vizit\u0103 la Palatul Hofburg, un complex arhitectural care s-a extins continuu.<\/p>\n<p><a href=\"https:\/\/analyse.optim.biz\/wp-content\/uploads\/2026\/01\/vienna3-small.jpg\"><img decoding=\"async\" loading=\"lazy\" class=\"alignnone size-full wp-image-1376\" src=\"https:\/\/analyse.optim.biz\/wp-content\/uploads\/2026\/01\/vienna3-small.jpg\" alt=\"Vienna\" width=\"727\" height=\"480\" title=\"vienna3-small\"><\/a><\/p>\n<p>La ora actual\u0103, edificiul cuprinde 18 corpuri \u0219i 19 spa\u021bii exterioare. El este sediul pre\u0219edintelui republicii federative austriece, ad\u0103poste\u0219te mai multe muzee (Muzeul de Art\u0103 Popular\u0103, colec\u021bii de instrumente muzicale, Camera Armelor, colec\u021bii ale Muzeului de Istorie a Artei, Muzeul \u201eSisi\u201d),precum \u0219i Biblioteca Na\u021bional\u0103 a Austriei.<\/p>\n<p><a href=\"http:\/\/gazetadinvest.ro\/wp-content\/uploads\/2015\/03\/opera-Small.jpg\"><img decoding=\"async\" loading=\"lazy\" class=\"alignnone size-full wp-image-1377\" src=\"http:\/\/gazetadinvest.ro\/wp-content\/uploads\/2015\/03\/opera-Small.jpg\" alt=\"opera\" width=\"664\" height=\"480\"><\/a><\/p>\n<p>Ar trebui pagini \u00eentregi ca s\u0103 descriem pe scurt doar palatele. La fel ar trebui s\u0103 facem cu muzeele, institu\u0163iile de cultur\u0103 sau pove\u015ftile marilor personalit\u0103\u0163i ce au tr\u0103it \u015fi creat la Viena. Nimic nu se compar\u0103 \u00eens\u0103 cu impresiile adunate cu propriul suflet la fa\u0163a locului \u2013 amintiri a c\u0103ror frumuse\u0163e v\u0103 va urm\u0103ri toat\u0103 via\u0163a. Detaliile excursiei organizate de Agen\u0163ia de turism Ultramarin la Viena le g\u0103si\u0163i<\/p>\n<\/div>\n<p> Source URL: https:\/\/gazetadinvest.ro\/foto-primavara-in-orasul-imperial-vacanta-la-viena\/<\/p>\n","protected":false},"excerpt":{"rendered":"<p>Probabil c\u0103 nu exist\u0103 timi\u015forean pasionat de c\u0103l\u0103torii care s\u0103 nu fi trecut m\u0103car o dat\u0103 prin Viena. Cei care nu au ajuns au urm\u0103rit, probabil, imagini din maiestuoasa capital\u0103 austriac\u0103, admir\u00e2nd aerul imperial \u015fi dorindu-\u015fi s\u0103 fie parte din povestea vienez\u0103, m\u0103car pentru o vreme. Viena este una dintre destina\u0163iile obligatorii pentru oricine este [&hellip;]<\/p>\n","protected":false},"author":1,"featured_media":1505125,"comment_status":"open","ping_status":"","sticky":false,"template":"","format":"standard","meta":{"footnotes":""},"categories":[89],"tags":[203],"class_list":["post-1505123","post","type-post","status-publish","format-standard","has-post-thumbnail","hentry","category-romania","tag-gazetadinvest-ro"],"_links":{"self":[{"href":"https:\/\/analyse.optim.biz\/index.php?rest_route=\/wp\/v2\/posts\/1505123","targetHints":{"allow":["GET"]}}],"collection":[{"href":"https:\/\/analyse.optim.biz\/index.php?rest_route=\/wp\/v2\/posts"}],"about":[{"href":"https:\/\/analyse.optim.biz\/index.php?rest_route=\/wp\/v2\/types\/post"}],"author":[{"embeddable":true,"href":"https:\/\/analyse.optim.biz\/index.php?rest_route=\/wp\/v2\/users\/1"}],"replies":[{"embeddable":true,"href":"https:\/\/analyse.optim.biz\/index.php?rest_route=%2Fwp%2Fv2%2Fcomments&post=1505123"}],"version-history":[{"count":0,"href":"https:\/\/analyse.optim.biz\/index.php?rest_route=\/wp\/v2\/posts\/1505123\/revisions"}],"wp:featuredmedia":[{"embeddable":true,"href":"https:\/\/analyse.optim.biz\/index.php?rest_route=\/wp\/v2\/media\/1505125"}],"wp:attachment":[{"href":"https:\/\/analyse.optim.biz\/index.php?rest_route=%2Fwp%2Fv2%2Fmedia&parent=1505123"}],"wp:term":[{"taxonomy":"category","embeddable":true,"href":"https:\/\/analyse.optim.biz\/index.php?rest_route=%2Fwp%2Fv2%2Fcategories&post=1505123"},{"taxonomy":"post_tag","embeddable":true,"href":"https:\/\/analyse.optim.biz\/index.php?rest_route=%2Fwp%2Fv2%2Ftags&post=1505123"}],"curies":[{"name":"wp","href":"https:\/\/api.w.org\/{rel}","templated":true}]}}