{"id":150512,"date":"2017-01-20T23:48:06","date_gmt":"2017-01-20T20:48:06","guid":{"rendered":"https:\/\/analyse.optim.biz\/?p=150512"},"modified":"2017-01-20T23:48:06","modified_gmt":"2017-01-20T20:48:06","slug":"melescanu-romania-va-avea-o-sansa-foarte-mare-odata-cu-schimbarea-administratiei-sua","status":"publish","type":"post","link":"https:\/\/analyse.optim.biz\/?p=150512","title":{"rendered":"Mele\u0219canu: Rom\u00e2nia va avea o \u0219ans\u0103 foarte mare odat\u0103 cu schimbarea Administra\u021biei SUA"},"content":{"rendered":"<div class=\"entry data-app-meta data-app-meta-article\" data-embed-base-url-canonical=\"https:\/\/www.digi24.ro\/embed\/stiri\/actualitate\/politica\/melescanu-romania-va-avea-o-sansa-foarte-mare-odata-cu-schimbarea-administratiei-sua-653789\">\n<p data-index=\"1\"><strong><span lang=\"ro-RO\">Rom\u00e2nia va avea o \u0219ans\u0103 foarte mare odat\u0103 cu schimbarea Administra\u021biei de la Washington, \u00een sensul c\u0103 \u021bara noastr\u0103 va avea \u201eun loc aparte\u201d \u00een plan regional \u0219i va fi \u201eunul dintre pilonii\u201d politicii externe a Statelor Unite ale Americii, a spus ministrul Afacerilor Externe, Teodor Mele\u0219canu, citat de <a href=\"https:\/\/www.agerpres.ro\/politica\/2017\/01\/20\/teodor-melescanu-romania-va-avea-o-sansa-foarte-mare-odata-cu-schimbarea-noii-administratii-a-sua-22-48-46\" target=\"_blank\" data-skip-linkfix=\"1\" rel=\"noopener\">Agerpres<\/a>.<\/span><\/strong><\/p>\n<figure class=\"article-thumb\"><img decoding=\"async\" src=\"https:\/\/analyse.optim.biz\/wp-content\/uploads\/2024\/09\/c2g9zmfjnmzmmgq5zwy3mmvky2uwnzm5ztc4zmzmogy0oti-thumb_.jpg\" alt=\"melescanu 170104_AUDIERI_CABINET_GRINDEANU_04_INQUAM\" data-skip-htmlfix=\"1\" title=\"c2g9zmfjnmzmmgq5zwy3mmvky2uwnzm5ztc4zmzmogy0oti-thumb_\"><figcaption> Foto: Inquam Photos <\/figcaption><\/figure>\n<p data-index=\"2\">\u201e<span lang=\"ro-RO\">Cred c\u0103 vom avea o \u0219ans\u0103 foarte mare odat\u0103 cu schimbarea noii Administra\u021bii. Ceea ce am v\u0103zut eu, prin diverse lu\u0103ri de pozi\u021bie, este ideea ca America s\u0103 nu mai fie cu prezen\u021b\u0103 militar\u0103 peste tot \u00een lume, ci s\u0103 aib\u0103 anumi\u021bi piloni pe care s\u0103 se bazeze prezen\u021ba \u00eentr-o regiune sau alta. Dac\u0103 v\u0103 uita\u021bi la harta Europei, evident Rom\u00e2nia are marele avantaj \u2014 \u0219i dezavantaj \u00een acela\u0219i timp \u2014 de a fi \u00eentr-o zon\u0103 strategic\u0103 extrem de sensibil\u0103. Din acest punct de vedere, eu a\u0219 putea paria pe faptul c\u0103 Rom\u00e2nia va avea un loc aparte \u00een aceast\u0103 zon\u0103 \u0219i va fi unul dintre pilonii folosi\u021bi de administra\u021bia american\u0103 \u00een politica extern\u0103\u201d, a spus Mele\u0219canu la <a href=\"http:\/\/www.tvr.ro\/\" target=\"_blank\" data-skip-linkfix=\"1\" rel=\"noopener\">televiziunea public\u0103<\/a>.<\/span><\/p>\n<p data-index=\"3\"><span lang=\"ro-RO\">Potrivit acestuia, Parteneriatul strategic cu SUA se va dezvolta \u00een perioada urm\u0103toare, iar Rom\u00e2na trebuie s\u0103 arate ce \u201evaloare ad\u0103ugat\u0103\u201d reprezint\u0103 din punct de vedere strategic, economic, militar.<\/span><\/p>\n<p data-index=\"4\">\u201e<span lang=\"ro-RO\">Va fi nevoie de un pic de r\u0103bdare, pentru c\u0103 temele pe care pre\u0219edintele Trump le-a lansat \u00een campania electoral\u0103 \u2014 vorbesc de teme de politic\u0103 extern\u0103 mai ales \u2014 vor avea nevoie acum s\u0103 fie transformate \u00een politici oficiale. Dac\u0103 p\u00e2n\u0103 acum pre\u0219edintele Trump era un om din afara sistemului, care venea cu idei care nu toate erau acceptate de sistem, de data aceasta va trebui s\u0103-\u0219i promoveze ideile prin intermediul sistemului \u0219i s\u0103 le transforme \u00een politici publice\u201d, a ar\u0103tat \u0219eful diploma\u021biei rom\u00e2ne.<\/span><\/p>\n<p data-index=\"5\"><span lang=\"ro-RO\">\u00cen ceea ce prive\u0219te echipa pre\u0219edintelui american, Teodor Mele\u0219canu a punctat c\u0103 este vorba de oameni cu experien\u021b\u0103 solid\u0103 \u0219i cu un nivel de maturitate \u0219i mai ales cu o experien\u021b\u0103 practic\u0103 \u00een diverse domenii, fie administra\u021bie sau afaceri, ceea ce face ca ace\u0219tia s\u0103 fie foarte bine preg\u0103ti\u021bi. \u201eE vorba de o echip\u0103 de oameni cu spirit de ini\u021biativ\u0103 \u0219i mai ales care \u0219tiu ce au de f\u0103cut\u201d, a spus ministrul de Externe.<\/span><\/p>\n<p data-index=\"6\"><span lang=\"ro-RO\">Mele\u0219canu a subliniat c\u0103 un alt element care trebuie avut \u00een vedere este acela c\u0103, la fel ca \u0219i la precedenta Administra\u021bie american\u0103, un rol foarte important \u00een privin\u021ba rela\u021biilor externe \u00eel va juca vicepre\u0219edintele Mike Pence. \u201eVa trebui foarte bine s\u0103 ne concentr\u0103m pe un dialog care, a\u0219a cum l-am avut \u0219i cu Administra\u021biile precedente, s\u0103 fie un dialog favorabil Rom\u00e2niei \u0219i dezvolt\u0103rii raporturilor noastre cu SUA\u201d, a accentuat \u0219eful diploma\u021biei.<\/span><\/p>\n<p data-index=\"7\"><span lang=\"ro-RO\">Referitor la ini\u021bierea unor demersuri pentru stabilirea de contacte la nivel oficial cu noua Administra\u021bie de la Casa Alb\u0103, ministrul de Externe a precizat c\u0103 a avut loc deja o prim\u0103 luare de contact prin vizita pre\u0219edintelui Camerei Deputa\u021bilor, Liviu Dragnea, \u0219i a prim-ministrului Sorin Grindeanu la Washington, la ceremoniile de \u00eenvestire \u00een func\u021bie a pre\u0219edintelui Donald Trump. \u201eEste o prim\u0103 luare de cuno\u0219tin\u021b\u0103 \u00eentre personaje politice importante din Rom\u00e2nia \u0219i pre\u0219edintele Trump\u201d, a spus Mele\u0219canu.<\/span><\/p>\n<p data-index=\"8\"><span lang=\"ro-RO\">Acesta a men\u021bionat c\u0103, dup\u0103 ce se instaleaz\u0103 noua echip\u0103 la Departamentul de Stat, \u201eva trebui s\u0103 vedem \u00een ce m\u0103sur\u0103 vom g\u0103si interlocutorii potrivi\u021bi pentru a pune la punct un program foarte clar \u0219i concret de contacte, de \u00eent\u00e2lniri, de vizite \u0219i mai ales de proiecte concrete, care vor sta la baza rela\u021biei dintre SUA \u0219i Rom\u00e2nia\u201d.<\/span><\/p>\n<p data-index=\"9\"><span lang=\"ro-RO\">Ministrul Mele\u0219canu a amintit c\u0103 ultimul pre\u0219edinte al SUA care a venit \u00een Rom\u00e2nia a fost un pre\u0219edinte republican, f\u0103c\u00e2nd referire la pre\u0219edintele George W. Bush, care s-a aflat ultima oar\u0103 la Bucure\u0219ti \u00een 2008 la Summitul NATO. <\/span><\/p>\n<p data-index=\"10\">\u201e<span lang=\"ro-RO\">Cred c\u0103 dup\u0103 aceast\u0103 perioad\u0103 vom putea s\u0103 privim cu optimism \u0219i la posibilitatea unei vizite a noului pre\u0219edinte republican Donald Trump\u201d, a spus ministrul Afacerilor Externe.<\/span><\/p>\n<\/div>\n<p> Source URL: https:\/\/www.digi24.ro\/stiri\/actualitate\/politica\/melescanu-romania-va-avea-o-sansa-foarte-mare-odata-cu-schimbarea-administratiei-sua-653789<\/p>\n","protected":false},"excerpt":{"rendered":"<p>Rom\u00e2nia va avea o \u0219ans\u0103 foarte mare odat\u0103 cu schimbarea Administra\u021biei de la Washington, \u00een sensul c\u0103 \u021bara noastr\u0103 va avea \u201eun loc aparte\u201d \u00een plan regional \u0219i va fi \u201eunul dintre pilonii\u201d politicii externe a Statelor Unite ale Americii, a spus ministrul Afacerilor Externe, Teodor Mele\u0219canu, citat de Agerpres. Foto: Inquam Photos \u201eCred c\u0103 [&hellip;]<\/p>\n","protected":false},"author":1,"featured_media":150513,"comment_status":"open","ping_status":"","sticky":false,"template":"","format":"standard","meta":{"footnotes":""},"categories":[2],"tags":[11],"class_list":["post-150512","post","type-post","status-publish","format-standard","has-post-thumbnail","hentry","category-politics","tag-digi24"],"_links":{"self":[{"href":"https:\/\/analyse.optim.biz\/index.php?rest_route=\/wp\/v2\/posts\/150512","targetHints":{"allow":["GET"]}}],"collection":[{"href":"https:\/\/analyse.optim.biz\/index.php?rest_route=\/wp\/v2\/posts"}],"about":[{"href":"https:\/\/analyse.optim.biz\/index.php?rest_route=\/wp\/v2\/types\/post"}],"author":[{"embeddable":true,"href":"https:\/\/analyse.optim.biz\/index.php?rest_route=\/wp\/v2\/users\/1"}],"replies":[{"embeddable":true,"href":"https:\/\/analyse.optim.biz\/index.php?rest_route=%2Fwp%2Fv2%2Fcomments&post=150512"}],"version-history":[{"count":0,"href":"https:\/\/analyse.optim.biz\/index.php?rest_route=\/wp\/v2\/posts\/150512\/revisions"}],"wp:featuredmedia":[{"embeddable":true,"href":"https:\/\/analyse.optim.biz\/index.php?rest_route=\/wp\/v2\/media\/150513"}],"wp:attachment":[{"href":"https:\/\/analyse.optim.biz\/index.php?rest_route=%2Fwp%2Fv2%2Fmedia&parent=150512"}],"wp:term":[{"taxonomy":"category","embeddable":true,"href":"https:\/\/analyse.optim.biz\/index.php?rest_route=%2Fwp%2Fv2%2Fcategories&post=150512"},{"taxonomy":"post_tag","embeddable":true,"href":"https:\/\/analyse.optim.biz\/index.php?rest_route=%2Fwp%2Fv2%2Ftags&post=150512"}],"curies":[{"name":"wp","href":"https:\/\/api.w.org\/{rel}","templated":true}]}}