{"id":150506,"date":"2017-01-21T16:40:44","date_gmt":"2017-01-21T13:40:44","guid":{"rendered":"https:\/\/analyse.optim.biz\/?p=150506"},"modified":"2017-01-21T16:40:44","modified_gmt":"2017-01-21T13:40:44","slug":"mihai-sora-duminica-voi-fi-in-piata-universitatii-nu-e-totul-pierdut","status":"publish","type":"post","link":"https:\/\/analyse.optim.biz\/?p=150506","title":{"rendered":"Mihai \u015eora: Duminic\u0103 voi fi \u00een Pia\u021ba Universit\u0103\u021bii. Nu e totul pierdut"},"content":{"rendered":"<div class=\"entry data-app-meta data-app-meta-article\" data-embed-base-url-canonical=\"https:\/\/www.digi24.ro\/embed\/stiri\/actualitate\/politica\/mihai-sora-duminica-voi-fi-in-piata-universitatii-nu-e-totul-pierdut-654044\">\n<p data-index=\"1\"><strong>Filosoful Mihai \u015eora scrie, pe Facebook, c\u0103 duminic\u0103 va merge la mitingul anun\u0163at \u00een Pia\u0163a Universit\u0103\u0163ii, fa\u0163\u0103 de ordonan\u0163ele de urgen\u0163\u0103 privind gra\u0163ierea \u015fi modificarea Codurilor penale. \u201e\u00cen clipa de fa\u0163\u0103, nimic nu mi se pare mai periculos pentru biata democra\u0163ie rom\u00e2neasc\u0103 dec\u00e2t asaltul asupra Justi\u0163iei, prin ordonan\u0163e de urgen\u0163\u0103 cu dedica\u0163ie pentru oligarhi\u201d, spune \u015eora.<\/strong><\/p>\n<p data-index=\"2\"><img loading=\"lazy\" decoding=\"async\" class=\"alignnone size-full wp-image-654045\" src=\"https:\/\/analyse.optim.biz\/wp-content\/uploads\/2024\/09\/cg5njnc9odawjmhhc2g9nti1mdc3mzjhyja5yzfhoda1ywnjodeznti4nja5ztm-thumb_.jpg\" alt=\"mihai sora\" width=\"866\" height=\"604\" data-skip-htmlfix=\"1\" title=\"cg5njnc9odawjmhhc2g9nti1mdc3mzjhyja5yzfhoda1ywnjodeznti4nja5ztm-thumb_\"><\/p>\n<p data-index=\"3\"><strong>\u201eS\u0103 revenim la elefan\u0163ii no\u015ftri. \u00cen clipa de fa\u0163\u0103, nimic nu mi se pare mai periculos pentru biata democra\u0163ie rom\u00e2neasc\u0103 dec\u00e2t asaltul asupra Justi\u0163iei, prin ordonan\u0163e de urgen\u0163\u0103 cu dedica\u0163ie pentru oligarhi. Ei pot strecura un elefant sub pre\u015f ori dup\u0103 u\u015f\u0103, \u00een pivni\u0163\u0103 sau \u00een pod, \u00eentotdeauna va r\u0103m\u00e2ne ceva pe dinafar\u0103: trompa. \u015ei &#8211; c\u00e2t\u0103 vreme exist\u0103 oameni care v\u0103d trompa elefantului, oameni c\u0103rora le pas\u0103 de \u0163ara lor, de viitorul copiilor lor &#8211; nu este totul pierdut.\u00a0M\u00e2ine dup\u0103-amiaz\u0103 voi fi \u00een Pia\u0163a Universit\u0103\u0163ii\u201d<\/strong>, a scris Mihai \u015eora.<\/p>\n<p data-index=\"4\">\u015ei supravie\u0163uitori ai incendiului din Clubul Colectiv spun c\u0103 vor merge la protestele de duminic\u0103 din Pia\u0163a Universit\u0103\u0163ii.<\/p>\n<p data-index=\"5\">C\u0103t\u0103lin Sc\u00e2nteie, victim\u0103 a incendiului din 30 octombrie 2015, a ie\u015fit \u00een strad\u0103 \u015fi miercuri sear\u0103, \u00eempreun\u0103 cu so\u0163ia lui, Sanda, \u015fi ea victim\u0103 \u00een Colectiv.<\/p>\n<p data-index=\"6\"><strong>\u201eAm ie\u015fit \u00een strad\u0103 pentru c\u0103 ne-am s\u0103turat de ho\u0163ie \u015fi corup\u0163ie. Mai grav este c\u00e2nd ace\u015fti corup\u0163i sunt la putere \u015fi ne conduc. To\u0163i nelegiui\u0163ii vor fi sc\u0103pa\u0163i prin aceste legi, inclusiv cei vinova\u0163i de tragedia Colectiv. Se va ie\u015fi \u015fi duminic\u0103 \u00een strad\u0103, vom fi acolo, pl\u0103tind \u00eenc\u0103 o dat\u0103 pre\u0163ul c\u0103 tr\u0103im \u00een Rom\u00e2nia, cer\u00e2nd din nou ca cei vinova\u0163i s\u0103 pl\u0103teasc\u0103. Iertarea vine de la Dumnezeu, legea trebuie s\u0103-\u015fi fac\u0103 treaba\u201d<\/strong>, a spus C\u0103t\u0103lin Sc\u00e2nteie.<\/p>\n<p data-index=\"7\">O alt\u0103 victim\u0103 din Colectiv, Tedy Ursuleanu, spune c\u0103 va ie\u015fi \u015fi ea duminic\u0103 \u00een Pia\u0163a Universit\u0103\u0163ii: <strong>\u201eNu putem s\u0103 mai \u00eenchidem ochii. Tot ce a \u00eencercat Vlad Voiculescu s\u0103 fac\u0103 lunile astea s-a dus pe apa s\u00e2mbetei \u00eentr-o s\u0103pt\u0103m\u00e2n\u0103. E deja b\u0103taie de joc. Nu pot dec\u00e2t s\u0103 sper c\u0103 se va ajunge la un alt noiembrie 2015, cert este c\u0103 se cere a\u015fa ceva, altfel nu v\u0103d s\u0103 se schimbe ceva, nu v\u0103d ca noii guvernan\u0163i s\u0103 sprijine mai departe popula\u0163ia. Totul e pentru ei \u015fi at\u00e2t. Dac\u0103 nu vor s\u0103 \u00een\u0163eleag\u0103 de bun\u0103 voie, s-ar putea s\u0103 se ajung\u0103 \u015fi acolo. E puterea oamenilor, glasul \u015fi nevoile lor nu mai sunt demult asculta\u0163i\u201d<\/strong>.<\/p>\n<p data-index=\"8\"><strong>Un nou protest fa\u0163\u0103 de proiectele de ordonan\u0163ele de urgen\u0163\u0103 privind gra\u0163ierea \u015fi Codul penal, promovate de Ministerul Justi\u0163iei, <a href=\"https:\/\/www.digi24.ro\/stiri\/actualitate\/social\/nou-protest-privind-gratierea-anuntat-pentru-duminica-652775\" target=\"_blank\" data-skip-linkfix=\"1\" rel=\"noopener\">este anun\u0163at pe Facebook pentru duminic\u0103, la ora 17:00, \u00een Pia\u0163a Universit\u0103\u0163ii<\/a><\/strong>, de unde organizatorii vor s\u0103 plece \u00een mar\u015f spre Palatul Victoria. Proteste similare sunt anun\u0163ate pentru <strong>duminic\u0103 la ora 17:00 \u015fi \u00een mai multe ora\u015fe din \u0163ar\u0103<\/strong>: <strong>Pite\u015fti, Piatra Neam\u0163, Baia Mare, Suceava, Satu Mare, Bra\u015fov, Ia\u015fi<\/strong>. De asemenea, sunt anun\u0163ate mitinguri \u015fi la <strong>Copenhaga, Paris, Londra,\u00a0Haugesund<\/strong> (Norvegia).<\/p>\n<p data-index=\"9\"><strong>\u201eP\u0103str\u0103m ca revendicare demisia ministrului Justi\u0163iei \u015fi a \u015fefilor partidelor guvernamentale PSD \u015fi ALDE\u201d<\/strong>, spun organizatorii protestului, care sus\u0163in c\u0103 ar mai trebui cerut\u0103 demisia ministrului S\u0103n\u0103t\u0103\u0163ii, pentru anularea reformelor din domeniul pe care \u00eel administreaz\u0103, precum \u015fi demisia pre\u015fedintelui CNA, pentru<strong> \u201elipsa de reac\u0163ie la manipul\u0103ri care devin din ce \u00een ce mai agresive \u015fi pentru subordonarea politic\u0103\u201d<\/strong>. <strong>\u201eNu-l uit\u0103m pe Ciorbea\u201d<\/strong>, spun organizatorii.<\/p>\n<p data-index=\"10\">Proteste au avut loc \u015fi miercuri sear\u0103, c\u00e2nd aproximativ trei mii de oameni au ajuns \u00een mar\u015f, din Pia\u0163a Universit\u0103\u0163ii, \u00een fa\u0163a sediului Guvernului, scand\u00e2nd <strong>\u201eDemisia, demisia!\u201d<\/strong>, <strong>\u201eDNA s\u0103 vin\u0103 s\u0103 v\u0103 ia!\u201d<\/strong>, <strong>\u201eJos penalii!\u201d<\/strong>, <strong>\u201eLa \u00eenchisoare, nu la guvernare!\u201d<\/strong>, <strong>\u201eDragnea, nu uita, Rom\u00e2nia nu-i a ta!\u201d<\/strong>, <strong>\u201eHo\u0163ii!\u201d<\/strong>, <strong>\u201eRom\u00e2nia, treze\u015fte-te!\u201d<\/strong>, <strong>\u201ePSD, ciuma ro\u015fie!\u201d<\/strong>, <strong>\u201eALDE \u015fi cu PSD, aceea\u015fi mizerie!\u201d<\/strong>.<\/p>\n<\/div>\n<p> Source URL: https:\/\/www.digi24.ro\/stiri\/actualitate\/politica\/mihai-sora-duminica-voi-fi-in-piata-universitatii-nu-e-totul-pierdut-654044<\/p>\n","protected":false},"excerpt":{"rendered":"<p>Filosoful Mihai \u015eora scrie, pe Facebook, c\u0103 duminic\u0103 va merge la mitingul anun\u0163at \u00een Pia\u0163a Universit\u0103\u0163ii, fa\u0163\u0103 de ordonan\u0163ele de urgen\u0163\u0103 privind gra\u0163ierea \u015fi modificarea Codurilor penale. \u201e\u00cen clipa de fa\u0163\u0103, nimic nu mi se pare mai periculos pentru biata democra\u0163ie rom\u00e2neasc\u0103 dec\u00e2t asaltul asupra Justi\u0163iei, prin ordonan\u0163e de urgen\u0163\u0103 cu dedica\u0163ie pentru oligarhi\u201d, spune [&hellip;]<\/p>\n","protected":false},"author":1,"featured_media":150507,"comment_status":"open","ping_status":"","sticky":false,"template":"","format":"standard","meta":{"footnotes":""},"categories":[2],"tags":[11],"class_list":["post-150506","post","type-post","status-publish","format-standard","has-post-thumbnail","hentry","category-politics","tag-digi24"],"_links":{"self":[{"href":"https:\/\/analyse.optim.biz\/index.php?rest_route=\/wp\/v2\/posts\/150506","targetHints":{"allow":["GET"]}}],"collection":[{"href":"https:\/\/analyse.optim.biz\/index.php?rest_route=\/wp\/v2\/posts"}],"about":[{"href":"https:\/\/analyse.optim.biz\/index.php?rest_route=\/wp\/v2\/types\/post"}],"author":[{"embeddable":true,"href":"https:\/\/analyse.optim.biz\/index.php?rest_route=\/wp\/v2\/users\/1"}],"replies":[{"embeddable":true,"href":"https:\/\/analyse.optim.biz\/index.php?rest_route=%2Fwp%2Fv2%2Fcomments&post=150506"}],"version-history":[{"count":0,"href":"https:\/\/analyse.optim.biz\/index.php?rest_route=\/wp\/v2\/posts\/150506\/revisions"}],"wp:featuredmedia":[{"embeddable":true,"href":"https:\/\/analyse.optim.biz\/index.php?rest_route=\/wp\/v2\/media\/150507"}],"wp:attachment":[{"href":"https:\/\/analyse.optim.biz\/index.php?rest_route=%2Fwp%2Fv2%2Fmedia&parent=150506"}],"wp:term":[{"taxonomy":"category","embeddable":true,"href":"https:\/\/analyse.optim.biz\/index.php?rest_route=%2Fwp%2Fv2%2Fcategories&post=150506"},{"taxonomy":"post_tag","embeddable":true,"href":"https:\/\/analyse.optim.biz\/index.php?rest_route=%2Fwp%2Fv2%2Ftags&post=150506"}],"curies":[{"name":"wp","href":"https:\/\/api.w.org\/{rel}","templated":true}]}}