{"id":150495,"date":"2017-01-21T19:16:05","date_gmt":"2017-01-21T16:16:05","guid":{"rendered":"https:\/\/analyse.optim.biz\/?p=150495"},"modified":"2017-01-21T19:16:05","modified_gmt":"2017-01-21T16:16:05","slug":"un-singur-cabinet-parlamentar-pentru-deputatii-usr","status":"publish","type":"post","link":"https:\/\/analyse.optim.biz\/?p=150495","title":{"rendered":"Un singur cabinet parlamentar pentru deputa\u021bii USR"},"content":{"rendered":"<div class=\"entry data-app-meta data-app-meta-article\" data-embed-base-url-canonical=\"https:\/\/www.digi24.ro\/embed\/stiri\/actualitate\/politica\/un-singur-cabinet-parlamentar-pentru-deputatii-usr-654100\">\n<p data-index=\"1\"><strong>Parlamentarii USR de Bucure\u015fti vor s\u0103 reinventeze ideea de cabinet parlamentar. Vor s\u0103 pun\u0103 la comun banii pe care \u00eei primesc de la Camera Deputa\u0163ilor \u015fi s\u0103 \u00ee\u015fi fac\u0103 un singur cabinet, unde s\u0103 lucreze to\u0163i. A\u015fa vor reu\u015fi s\u0103 \u00ee\u015fi \u00eempart\u0103 chiria, utilit\u0103\u0163ile, dar \u015fi angaja\u0163ii.<\/strong><\/p>\n<p data-index=\"2\"><span lang=\"ro-RO\">Ideea de la care pleac\u0103 ale\u015fii USR este simpl\u0103: fiecare este specialist \u00eentr-un anumit domeniu, iar bucure\u015ftenii care vor veni \u00een audien\u0163\u0103 pot beneficia de expertiza tuturor parlamentarilor \u015fi nu doar a unuia. <\/span><\/p>\n<p data-index=\"3\"><span lang=\"ro-RO\">Oana B\u00eezgan, deputat USR: \u201eO s\u0103 pl\u0103tim chiria \u00eempreun\u0103, o s\u0103 pl\u0103tim utilit\u0103\u0163ile \u00eempreun\u0103, cel mai probabil o s\u0103 avem un secretariat comun care o s\u0103 ne ajute pe fiecare dintre noi. \u015ei, bine\u00een\u0163eles, o s\u0103 avem \u015fi consilieri cu care \u00een mod specific dorim s\u0103 lucr\u0103m dar care practic nu vor deservi doar un parlamentar\u201d. <\/span><\/p>\n<p data-index=\"4\"><span lang=\"ro-RO\">Practic, pe l\u00e2ng\u0103 consilierii personali, vor avea \u015fi angaja\u0163i care vor lucra pentru to\u0163i parlamentarii pe diverse domenii de activitate. Deputatul Tudor Pop face parte din comisia de s\u0103n\u0103tate. Mai are al\u0163i doi colegi parlamentari care activeaz\u0103 \u00een acea\u015fi comisie a\u015fa ca s-au g\u00e2ndit ca mai bine lucreaz\u0103 \u00eempreun\u0103 dec\u00e2t separat. <\/span><\/p>\n<p data-index=\"5\"><span lang=\"ro-RO\">Tudor Pop, deputat USR: \u201eS\u0103 punem resursele pe care le avem la comun \u015fi \u00een felul acesta am decis s\u0103 luam un specialit \u00een comunicare care s\u0103 ne ajute \u015fi un specialit \u00een domeniu, \u00een s\u0103n\u0103tate care la fel sa ne ajute \u00een amendametele \u015fi proiectele de lege \u015fi tot ceea ce vom face \u00een acest domeniu\u201d. <\/span><\/p>\n<p data-index=\"6\"><span lang=\"ro-RO\">Noul birou parlamentar ar urma s\u0103 fie amenajat \u00een viitorul sediu pe care USR ar trebui s\u0103 \u00eel primeasc\u0103 de la regia protocolului de stat. P\u00e2n\u0103 atunci, ale\u015fii USR au \u00eenceput s\u0103 caute oameni specializa\u0163i \u00een diverse domenii pentru a-i angaja.<\/span><\/p>\n<p data-index=\"7\"><span lang=\"ro-RO\">Cristina Prun\u0103, deputat USR: \u201eAvem \u015fi oameni care ne-au trimis deja candidaturi, pe care le studiem, am lansat \u015fi un apel pe Facebook c\u0103tre oameni cu diferite competen\u0163e, pe s\u0103n\u0103tate, pe economie, pe finan\u0163e s\u0103 vin\u0103 al\u0103turi de noi\u201d. <\/span><\/p>\n<p data-index=\"8\"><span lang=\"ro-RO\">Dac\u0103, din diverse motive, ideea lor nu se va materializa parlamentarii spun c\u0103 \u00ee\u015fi vor face cabinetele parlamentare \u00een actualele sedii ale partidului din cele \u015fase sectoare ale Capitalei. Fiecare parlamentar prime\u015fte lunar 11 mii de lei pentru func\u0163ionarea cabinetului parlamentar. <\/span><\/p>\n<\/div>\n<p> Source URL: https:\/\/www.digi24.ro\/stiri\/actualitate\/politica\/un-singur-cabinet-parlamentar-pentru-deputatii-usr-654100<\/p>\n","protected":false},"excerpt":{"rendered":"<p>Parlamentarii USR de Bucure\u015fti vor s\u0103 reinventeze ideea de cabinet parlamentar. Vor s\u0103 pun\u0103 la comun banii pe care \u00eei primesc de la Camera Deputa\u0163ilor \u015fi s\u0103 \u00ee\u015fi fac\u0103 un singur cabinet, unde s\u0103 lucreze to\u0163i. A\u015fa vor reu\u015fi s\u0103 \u00ee\u015fi \u00eempart\u0103 chiria, utilit\u0103\u0163ile, dar \u015fi angaja\u0163ii. Ideea de la care pleac\u0103 ale\u015fii USR este [&hellip;]<\/p>\n","protected":false},"author":1,"featured_media":150496,"comment_status":"open","ping_status":"","sticky":false,"template":"","format":"standard","meta":{"footnotes":""},"categories":[2],"tags":[11],"class_list":["post-150495","post","type-post","status-publish","format-standard","has-post-thumbnail","hentry","category-politics","tag-digi24"],"_links":{"self":[{"href":"https:\/\/analyse.optim.biz\/index.php?rest_route=\/wp\/v2\/posts\/150495","targetHints":{"allow":["GET"]}}],"collection":[{"href":"https:\/\/analyse.optim.biz\/index.php?rest_route=\/wp\/v2\/posts"}],"about":[{"href":"https:\/\/analyse.optim.biz\/index.php?rest_route=\/wp\/v2\/types\/post"}],"author":[{"embeddable":true,"href":"https:\/\/analyse.optim.biz\/index.php?rest_route=\/wp\/v2\/users\/1"}],"replies":[{"embeddable":true,"href":"https:\/\/analyse.optim.biz\/index.php?rest_route=%2Fwp%2Fv2%2Fcomments&post=150495"}],"version-history":[{"count":0,"href":"https:\/\/analyse.optim.biz\/index.php?rest_route=\/wp\/v2\/posts\/150495\/revisions"}],"wp:featuredmedia":[{"embeddable":true,"href":"https:\/\/analyse.optim.biz\/index.php?rest_route=\/wp\/v2\/media\/150496"}],"wp:attachment":[{"href":"https:\/\/analyse.optim.biz\/index.php?rest_route=%2Fwp%2Fv2%2Fmedia&parent=150495"}],"wp:term":[{"taxonomy":"category","embeddable":true,"href":"https:\/\/analyse.optim.biz\/index.php?rest_route=%2Fwp%2Fv2%2Fcategories&post=150495"},{"taxonomy":"post_tag","embeddable":true,"href":"https:\/\/analyse.optim.biz\/index.php?rest_route=%2Fwp%2Fv2%2Ftags&post=150495"}],"curies":[{"name":"wp","href":"https:\/\/api.w.org\/{rel}","templated":true}]}}