{"id":150492,"date":"2017-01-21T21:44:44","date_gmt":"2017-01-21T18:44:44","guid":{"rendered":"https:\/\/analyse.optim.biz\/?p=150492"},"modified":"2017-01-21T21:44:44","modified_gmt":"2017-01-21T18:44:44","slug":"ponta-iohannis-este-piroman-si-romania-va-arde-pana-tot-controlul-revine-la-el-si-la-sistem","status":"publish","type":"post","link":"https:\/\/analyse.optim.biz\/?p=150492","title":{"rendered":"Ponta: Iohannis este piroman \u015fi Rom\u00e2nia va \u201earde\u201d p\u00e2n\u0103 tot controlul revine la el \u015fi la \u201eSistem\u201d"},"content":{"rendered":"<div class=\"entry data-app-meta data-app-meta-article\" data-embed-base-url-canonical=\"https:\/\/www.digi24.ro\/embed\/stiri\/actualitate\/politica\/ponta-iohannis-este-piroman-si-romania-va-arde-pana-tot-controlul-revine-la-el-si-la-sistem-654183\">\n<p data-index=\"1\"><strong>Fostul premier Victor Ponta a postat pe pagina sa de Facebook o reac\u021bie dup\u0103 <a href=\"https:\/\/www.digi24.ro\/stiri\/actualitate\/evenimente\/incendiu-puternic-la-clubul-bamboo-din-capitala-653813\" target=\"_blank\" data-skip-linkfix=\"1\" rel=\"noopener\">incendiul din clubul Bamboo<\/a>. El se \u00eentreab\u0103 dac\u0103 pre\u015fedintele Klaus Iohannis \u015fi \u201epropaganda\u201d vor cere din nou demisia Guvernului PSD.<\/strong><\/p>\n<p data-index=\"2\"><img loading=\"lazy\" decoding=\"async\" class=\"alignnone size-full wp-image-654184\" src=\"https:\/\/analyse.optim.biz\/wp-content\/uploads\/2024\/09\/mwrkzdnmmgniotllyjuyn2ixntg2yzc3zmuymtg-thumb_.jpg\" alt=\"comentariu ponta\" width=\"554\" height=\"250\" data-skip-htmlfix=\"1\" title=\"mwrkzdnmmgniotllyjuyn2ixntg2yzc3zmuymtg-thumb_\"><\/p>\n<p data-index=\"3\">\u201eDl Iohannis \u015fi \u00abPropaganda\u00bb o s\u0103 cear\u0103 iar demisia Guvernului PSD? Sau de data asta nu au reu\u015fit s\u0103 fac\u0103 s\u0103 \u00abmoar\u0103 oameni\u00bb? Mai \u00eencearc\u0103 o dat\u0103&#8230;\u201d, a scris Victor Ponta pe Facebook, ad\u0103ug\u00e2nd c\u0103 asta se va \u00eent\u00e2mpla ca s\u0103 vin\u0103 iar \u201dGuvernul \u00abLui\u00bb tehnocrat\u201d, potrivit <a href=\"http:\/\/www.news.ro\/\" target=\"_blank\" data-skip-linkfix=\"1\" rel=\"noopener\">News.ro<\/a>.<\/p>\n<p data-index=\"4\">O persoan\u0103 a comentat la postarea lui Ponta: \u201eE simpl\u0103 coinciden\u0163\u0103 sau ne trezim cu c\u00e2te un incendiu ori de c\u00e2te ori pre\u015fedintelui Johannis nu-i convine c\u00e2te un prim ministru? O fi piroman?\u201d.<\/p>\n<p data-index=\"5\">\u201eDa! Este piroman \u015fi Rom\u00e2nia va \u00abarde\u00bb p\u00e2n\u0103 tot controlul revine la Iohannis \u015fi la \u00abSistem\u00bb\u201d, a r\u0103spuns Victor Ponta.<\/p>\n<p class=\"gdpr-placeholder gdpr-social-media gdpr-iframe-fix\" data-index=\"7\"> Setarile tale privind cookie-urile nu permit afisarea continutul din aceasta sectiune. Poti actualiza setarile modulelor coookie direct din browser sau de <a class=\"ot-sdk-show-settings\" data-skip-linkfix=\"1\">aici<\/a> \u2013 e nevoie sa accepti cookie-urile social media<\/p>\n<p data-index=\"8\">Guvernul Ponta a demisionat \u00een noiembrie 2015 dup\u0103 ample manifesta\u0163ii \u00een Bucure\u015fti \u015fi alte ora\u015fe, \u00een urma incendiului din 30 octombrie din clubul Colectiv din Bucure\u015fti \u00een urma c\u0103ruia au murit 64 de persoane, iar 160 au fost r\u0103nite.<\/p>\n<p data-index=\"9\">Senatorul liberal Mario Ovidiu Oprea i-a dat replica lui Victor Ponta, tot printr-o postare pe Facenook.<\/p>\n<p data-index=\"10\">\u201e<span lang=\"ro-RO\">Ve\u0219nicul frustrat Victor Ponta confirm\u0103 public c\u0103 nu a trecut peste clipa c\u00e2nd Rom\u00e2nia l-a trimis acas\u0103, iar ranchiuna ce o poart\u0103 este mai mare dec\u00e2t fl\u0103c\u0103rile care au mistuit, \u00een 2015, 64 de vie\u021bi\u201d, a scris el.<\/span><\/p>\n<p class=\"gdpr-placeholder gdpr-social-media gdpr-iframe-fix\" data-index=\"12\"> Setarile tale privind cookie-urile nu permit afisarea continutul din aceasta sectiune. Poti actualiza setarile modulelor coookie direct din browser sau de <a class=\"ot-sdk-show-settings\" data-skip-linkfix=\"1\">aici<\/a> \u2013 e nevoie sa accepti cookie-urile social media<\/p>\n<p data-index=\"13\">\u00a0<\/p>\n<\/div>\n<p> Source URL: https:\/\/www.digi24.ro\/stiri\/actualitate\/politica\/ponta-iohannis-este-piroman-si-romania-va-arde-pana-tot-controlul-revine-la-el-si-la-sistem-654183<\/p>\n","protected":false},"excerpt":{"rendered":"<p>Fostul premier Victor Ponta a postat pe pagina sa de Facebook o reac\u021bie dup\u0103 incendiul din clubul Bamboo. El se \u00eentreab\u0103 dac\u0103 pre\u015fedintele Klaus Iohannis \u015fi \u201epropaganda\u201d vor cere din nou demisia Guvernului PSD. \u201eDl Iohannis \u015fi \u00abPropaganda\u00bb o s\u0103 cear\u0103 iar demisia Guvernului PSD? Sau de data asta nu au reu\u015fit s\u0103 fac\u0103 s\u0103 [&hellip;]<\/p>\n","protected":false},"author":1,"featured_media":150493,"comment_status":"open","ping_status":"","sticky":false,"template":"","format":"standard","meta":{"footnotes":""},"categories":[2],"tags":[11],"class_list":["post-150492","post","type-post","status-publish","format-standard","has-post-thumbnail","hentry","category-politics","tag-digi24"],"_links":{"self":[{"href":"https:\/\/analyse.optim.biz\/index.php?rest_route=\/wp\/v2\/posts\/150492","targetHints":{"allow":["GET"]}}],"collection":[{"href":"https:\/\/analyse.optim.biz\/index.php?rest_route=\/wp\/v2\/posts"}],"about":[{"href":"https:\/\/analyse.optim.biz\/index.php?rest_route=\/wp\/v2\/types\/post"}],"author":[{"embeddable":true,"href":"https:\/\/analyse.optim.biz\/index.php?rest_route=\/wp\/v2\/users\/1"}],"replies":[{"embeddable":true,"href":"https:\/\/analyse.optim.biz\/index.php?rest_route=%2Fwp%2Fv2%2Fcomments&post=150492"}],"version-history":[{"count":0,"href":"https:\/\/analyse.optim.biz\/index.php?rest_route=\/wp\/v2\/posts\/150492\/revisions"}],"wp:featuredmedia":[{"embeddable":true,"href":"https:\/\/analyse.optim.biz\/index.php?rest_route=\/wp\/v2\/media\/150493"}],"wp:attachment":[{"href":"https:\/\/analyse.optim.biz\/index.php?rest_route=%2Fwp%2Fv2%2Fmedia&parent=150492"}],"wp:term":[{"taxonomy":"category","embeddable":true,"href":"https:\/\/analyse.optim.biz\/index.php?rest_route=%2Fwp%2Fv2%2Fcategories&post=150492"},{"taxonomy":"post_tag","embeddable":true,"href":"https:\/\/analyse.optim.biz\/index.php?rest_route=%2Fwp%2Fv2%2Ftags&post=150492"}],"curies":[{"name":"wp","href":"https:\/\/api.w.org\/{rel}","templated":true}]}}