{"id":150458,"date":"2017-01-22T19:02:19","date_gmt":"2017-01-22T16:02:19","guid":{"rendered":"https:\/\/analyse.optim.biz\/?p=150458"},"modified":"2017-01-22T19:02:19","modified_gmt":"2017-01-22T16:02:19","slug":"foto-video-de-ce-a-mers-klaus-iohannis-in-piata-universitatii","status":"publish","type":"post","link":"https:\/\/analyse.optim.biz\/?p=150458","title":{"rendered":"FOTO &amp; VIDEO. De ce a mers Klaus Iohannis \u00een Pia\u021ba Universit\u0103\u021bii"},"content":{"rendered":"<div class=\"entry data-app-meta data-app-meta-article\" data-embed-base-url-canonical=\"https:\/\/www.digi24.ro\/embed\/stiri\/actualitate\/politica\/de-ce-a-mers-klaus-iohannis-la-universitate-654491\">\n<p data-index=\"1\"><strong><span lang=\"ro-RO\">Pre\u0219edintele Klaus Iohannis a mers ast\u0103zi \u00een Pia\u021ba Universit\u0103\u021bii, unde circa 15.000 de persoane <a href=\"https:\/\/www.digi24.ro\/stiri\/actualitate\/evenimente\/live-blog-impotriva-amnistiei-si-gratierii-sute-de-oameni-au-iesit-in-strada-654422\" target=\"_blank\" data-skip-linkfix=\"1\" rel=\"noopener\">s-au adunat pentru a protesta fa\u021b\u0103 de proiectul gra\u021bierii \u0219i fa\u021b\u0103 de modificarea Codului Penal<\/a>.<\/span><\/strong><\/p>\n<p data-index=\"2\">\n<figure class=\"article-thumb article-thumb-gallery article-thumb-gallery-alt\"><a href=\"https:\/\/www.digi24.ro\/galerie-foto\/1\/stiri\/actualitate\/politica\/de-ce-a-mers-klaus-iohannis-la-universitate-654491\" data-skip-linkfix=\"1\"><img decoding=\"async\" src=\"https:\/\/analyse.optim.biz\/wp-content\/uploads\/2024\/09\/yxnoptq5ztbimjrlnzgxywyzzja3ndhkyty3nju3zwnmmgqz-thumb_.jpg\" alt=\"170122_PROTEST_GRATIERE_IOHANNIS08_INQUAM_Octav_Ganea\" data-skip-htmlfix=\"1\" title=\"yxnoptq5ztbimjrlnzgxywyzzja3ndhkyty3nju3zwnmmgqz-thumb_\"><figcaption>170122_PROTEST_GRATIERE_IOHANNIS08_INQUAM_Octav_Ganea<\/figcaption><\/a><\/p>\n<div class=\"read-more-cta\"><a href=\"https:\/\/www.digi24.ro\/galerie-foto\/1\/stiri\/actualitate\/politica\/de-ce-a-mers-klaus-iohannis-la-universitate-654491\" title=\"Deschide galeria foto\" class=\"read-more\" data-skip-linkfix=\"1\">Deschide galeria foto<\/a><\/div>\n<\/figure>\n<div class=\"swiper-gallery-nav article-thumb\">\n<div class=\"swiper-container\">\n<div class=\"swiper-wrapper\"><a href=\"https:\/\/www.digi24.ro\/galerie-foto\/1\/stiri\/actualitate\/politica\/de-ce-a-mers-klaus-iohannis-la-universitate-654491#1\" class=\"swiper-slide\" data-skip-linkfix=\"1\"><img decoding=\"async\" src=\"https:\/\/analyse.optim.biz\/wp-content\/uploads\/2024\/09\/yxnopti4owvkymu0ywi0n2vkmme3ywm4owzlztnkzjhkyze1-thumb_.jpg\" alt=\"170122_PROTEST_GRATIERE_IOHANNIS08_INQUAM_Octav_Ganea | Poza 1 din 11\" data-skip-htmlfix=\"1\" title=\"yxnopti4owvkymu0ywi0n2vkmme3ywm4owzlztnkzjhkyze1-thumb_\"><figcaption class=\"hide\">170122_PROTEST_GRATIERE_IOHANNIS08_INQUAM_Octav_Ganea<\/figcaption><\/a><a href=\"https:\/\/www.digi24.ro\/galerie-foto\/1\/stiri\/actualitate\/politica\/de-ce-a-mers-klaus-iohannis-la-universitate-654491#2\" class=\"swiper-slide\" data-skip-linkfix=\"1\"><img decoding=\"async\" src=\"https:\/\/analyse.optim.biz\/wp-content\/uploads\/2024\/09\/yxnoptjim2e3mmuyymyymzc2ndyxmzq4zjvhymi3ngyzzde5-thumb_.jpg\" alt=\"170122_PROTEST_GRATIERE_IOHANNIS05_INQUAM_Octav_Ganea | Poza 2 din 11\" data-skip-htmlfix=\"1\" title=\"yxnoptjim2e3mmuyymyymzc2ndyxmzq4zjvhymi3ngyzzde5-thumb_\"><figcaption class=\"hide\">170122_PROTEST_GRATIERE_IOHANNIS05_INQUAM_Octav_Ganea<\/figcaption><\/a><a href=\"https:\/\/www.digi24.ro\/galerie-foto\/1\/stiri\/actualitate\/politica\/de-ce-a-mers-klaus-iohannis-la-universitate-654491#3\" class=\"swiper-slide\" data-skip-linkfix=\"1\"><img decoding=\"async\" src=\"https:\/\/analyse.optim.biz\/wp-content\/uploads\/2024\/09\/yxnoptm3zja2mmi4zmq5ntgyzjy2ogywmdmzm2q0zjdizmvl-thumb_.jpg\" alt=\"170122_PROTEST_GRATIERE_IOHANNIS04_INQUAM_Octav_Ganea | Poza 3 din 11\" data-skip-htmlfix=\"1\" title=\"yxnoptm3zja2mmi4zmq5ntgyzjy2ogywmdmzm2q0zjdizmvl-thumb_\"><figcaption class=\"hide\">170122_PROTEST_GRATIERE_IOHANNIS04_INQUAM_Octav_Ganea<\/figcaption><\/a><a href=\"https:\/\/www.digi24.ro\/galerie-foto\/1\/stiri\/actualitate\/politica\/de-ce-a-mers-klaus-iohannis-la-universitate-654491#4\" class=\"swiper-slide\" data-skip-linkfix=\"1\"><img decoding=\"async\" src=\"https:\/\/analyse.optim.biz\/wp-content\/uploads\/2024\/09\/yxnoptgym2i1mwixmwexzdvmmgfkm2m0ytvhowuwmtizyte2-thumb_.jpg\" alt=\"170122_PROTEST_GRATIERE_IOHANNIS03_INQUAM_Octav_Ganea | Poza 4 din 11\" data-skip-htmlfix=\"1\" title=\"yxnoptgym2i1mwixmwexzdvmmgfkm2m0ytvhowuwmtizyte2-thumb_\"><figcaption class=\"hide\">170122_PROTEST_GRATIERE_IOHANNIS03_INQUAM_Octav_Ganea<\/figcaption><\/a><a href=\"https:\/\/www.digi24.ro\/galerie-foto\/1\/stiri\/actualitate\/politica\/de-ce-a-mers-klaus-iohannis-la-universitate-654491#5\" class=\"swiper-slide\" data-skip-linkfix=\"1\"><img decoding=\"async\" src=\"https:\/\/analyse.optim.biz\/wp-content\/uploads\/2024\/09\/yxnopwuxndfjnzzhy2vizjk2zwy1ztdlmwi5ymnky2q3yjdj-thumb_.jpg\" alt=\"170122_PROTEST_GRATIERE_IOHANNIS02_INQUAM_Octav_Ganea | Poza 5 din 11\" data-skip-htmlfix=\"1\" title=\"yxnopwuxndfjnzzhy2vizjk2zwy1ztdlmwi5ymnky2q3yjdj-thumb_\"><figcaption class=\"hide\">170122_PROTEST_GRATIERE_IOHANNIS02_INQUAM_Octav_Ganea<\/figcaption><\/a><a href=\"https:\/\/www.digi24.ro\/galerie-foto\/1\/stiri\/actualitate\/politica\/de-ce-a-mers-klaus-iohannis-la-universitate-654491#6\" class=\"swiper-slide\" data-skip-linkfix=\"1\"><img decoding=\"async\" src=\"https:\/\/analyse.optim.biz\/wp-content\/uploads\/2024\/09\/jnc9odawjmhhc2g9otkwzji1mjgyzwizmzk0odmzmda4ndm1mzm2yty3otc-thumb_.jpg\" alt=\"170122_PROTEST_GRATIERE_IOHANNIS04_INQUAM_Liviu_Florin_Albei | Poza 6 din 11\" data-skip-htmlfix=\"1\" title=\"jnc9odawjmhhc2g9otkwzji1mjgyzwizmzk0odmzmda4ndm1mzm2yty3otc-thumb_\"><figcaption class=\"hide\">170122_PROTEST_GRATIERE_IOHANNIS04_INQUAM_Liviu_Florin_Albei<\/figcaption><\/a><a href=\"https:\/\/www.digi24.ro\/galerie-foto\/1\/stiri\/actualitate\/politica\/de-ce-a-mers-klaus-iohannis-la-universitate-654491#7\" class=\"swiper-slide\" data-skip-linkfix=\"1\"><img decoding=\"async\" src=\"https:\/\/analyse.optim.biz\/wp-content\/uploads\/2024\/09\/jnc9odawjmhhc2g9ywmxytlkmjk5nzqyytlmymvhzje2mjlmyti4nzm3zdm-thumb_.jpg\" alt=\"170122_PROTEST_GRATIERE_IOHANNIS03_INQUAM_Liviu_Florin_Albei | Poza 7 din 11\" data-skip-htmlfix=\"1\" title=\"jnc9odawjmhhc2g9ywmxytlkmjk5nzqyytlmymvhzje2mjlmyti4nzm3zdm-thumb_\"><figcaption class=\"hide\">170122_PROTEST_GRATIERE_IOHANNIS03_INQUAM_Liviu_Florin_Albei<\/figcaption><\/a><a href=\"https:\/\/www.digi24.ro\/galerie-foto\/1\/stiri\/actualitate\/politica\/de-ce-a-mers-klaus-iohannis-la-universitate-654491#8\" class=\"swiper-slide\" data-skip-linkfix=\"1\"><img decoding=\"async\" src=\"https:\/\/analyse.optim.biz\/wp-content\/uploads\/2024\/09\/jnc9odawjmhhc2g9owzlyjbjnti0ognimwy2nge5zty5yzlkzjc4ndfknze-thumb_.jpg\" alt=\"170122_PROTEST_GRATIERE_IOHANNIS02_INQUAM_Liviu_Florin_Albei | Poza 8 din 11\" data-skip-htmlfix=\"1\" title=\"jnc9odawjmhhc2g9owzlyjbjnti0ognimwy2nge5zty5yzlkzjc4ndfknze-thumb_\"><figcaption class=\"hide\">170122_PROTEST_GRATIERE_IOHANNIS02_INQUAM_Liviu_Florin_Albei<\/figcaption><\/a><a href=\"https:\/\/www.digi24.ro\/galerie-foto\/1\/stiri\/actualitate\/politica\/de-ce-a-mers-klaus-iohannis-la-universitate-654491#9\" class=\"swiper-slide\" data-skip-linkfix=\"1\"><img decoding=\"async\" src=\"https:\/\/analyse.optim.biz\/wp-content\/uploads\/2024\/09\/jnc9odawjmhhc2g9mwiymdhjnthiyjk5zjbjztgynwq2ymy5ogy2n2i4otu-thumb_.jpg\" alt=\"170122_PROTEST_GRATIERE_IOHANNIS01_INQUAM_Liviu_Florin_Albei | Poza 9 din 11\" data-skip-htmlfix=\"1\" title=\"jnc9odawjmhhc2g9mwiymdhjnthiyjk5zjbjztgynwq2ymy5ogy2n2i4otu-thumb_\"><figcaption class=\"hide\">170122_PROTEST_GRATIERE_IOHANNIS01_INQUAM_Liviu_Florin_Albei<\/figcaption><\/a><a href=\"https:\/\/www.digi24.ro\/galerie-foto\/1\/stiri\/actualitate\/politica\/de-ce-a-mers-klaus-iohannis-la-universitate-654491#10\" class=\"swiper-slide\" data-skip-linkfix=\"1\"><img decoding=\"async\" src=\"https:\/\/analyse.optim.biz\/wp-content\/uploads\/2024\/09\/jnc9odawjmhhc2g9ztu4nthkntflymvknty4nwyzywnkmtrlnty4ntbiymy-thumb_.jpg\" alt=\"170122_PROTEST_GRATIERE_IOHANNIS00_INQUAM_Liviu_Florin_Albei | Poza 10 din 11\" data-skip-htmlfix=\"1\" title=\"jnc9odawjmhhc2g9ztu4nthkntflymvknty4nwyzywnkmtrlnty4ntbiymy-thumb_\"><figcaption class=\"hide\">170122_PROTEST_GRATIERE_IOHANNIS00_INQUAM_Liviu_Florin_Albei<\/figcaption><\/a><a href=\"https:\/\/www.digi24.ro\/galerie-foto\/1\/stiri\/actualitate\/politica\/de-ce-a-mers-klaus-iohannis-la-universitate-654491#11\" class=\"swiper-slide\" data-skip-linkfix=\"1\"><img decoding=\"async\" src=\"https:\/\/analyse.optim.biz\/wp-content\/uploads\/2024\/09\/jnc9odawjmhhc2g9nzmzmdm4odyxodg5ogi3ytcyytdiy2yzn2vhowjjodm-thumb_.jpg\" alt=\"170122_PROTEST_GRATIERE_IOHANNIS05_INQUAM_Liviu_Florin_Albei | Poza 11 din 11\" data-skip-htmlfix=\"1\" title=\"jnc9odawjmhhc2g9nzmzmdm4odyxodg5ogi3ytcyytdiy2yzn2vhowjjodm-thumb_\"><figcaption class=\"hide\">170122_PROTEST_GRATIERE_IOHANNIS05_INQUAM_Liviu_Florin_Albei<\/figcaption><\/a>, <\/div>\n<\/div>\n<\/div>\n<p data-index=\"3\"><em>Fotografii: Inquam Photos \/ Octav Ganea, Florin Albei<\/em><\/p>\n<p data-index=\"4\">\u201e<span lang=\"ro-RO\">Am venit \u00een Pia\u021ba Universit\u0103\u021bii ca \u0219i miile de rom\u00e2ni, ca s\u0103-mi ar\u0103t indignarea. O ga\u0219c\u0103 de oameni politici cu probleme penale vrea s\u0103 schimbe legisla\u021bia din Rom\u00e2nia, vrea s\u0103 sl\u0103beasc\u0103 statul de drept. A\u0219a ceva nu se poate admite\u201d, a spus Klaus Iohannis.<\/span><\/p>\n<p data-index=\"5\">\u201eEste inadmisibil s\u0103 se schimbe legisla\u0163ia \u015fi zeci, sute de politicieni certa\u0163i cu legea s\u0103 se g\u0103seasc\u0103 cu dosarele curate \u015fi s\u0103 continue f\u0103r\u0103delegile. Rom\u00e2nii, pe bun\u0103 dreptate, sunt indigna\u0163i\u201d, a ad\u0103ugat Klaus Iohannis.<\/p>\n<p data-index=\"6\">Pre\u015fedintele a fost aplaudat, iar participan\u021bii la mar\u0219 au scandat \u201eAvem pre\u015fedinte\u201d, \u201eIohannis e cu noi\u201d \u0219i \u201eRom\u00e2nia cere &#8211; f\u0103r\u0103 gra\u0163iere\u201d.<\/p>\n<p class=\"gdpr-placeholder gdpr-social-media gdpr-iframe-fix\" data-index=\"8\"> Setarile tale privind cookie-urile nu permit afisarea continutul din aceasta sectiune. Poti actualiza setarile modulelor coookie direct din browser sau de <a class=\"ot-sdk-show-settings\" data-skip-linkfix=\"1\">aici<\/a> \u2013 e nevoie sa accepti cookie-urile social media<\/p>\n<p data-index=\"9\"><b>Cite\u015fte \u015fi<\/b>: <a href=\"https:\/\/www.digi24.ro\/opinii\/ce-urmareste-dragnea-presedinte-anul-acesta-653409\" target=\"_blank\" data-skip-linkfix=\"1\" rel=\"noopener\">Ce urm\u0103re\u0219te Dragnea? Pre\u0219edinte. Anul acesta!<\/a><\/p>\n<p data-index=\"10\"><a href=\"https:\/\/www.digi24.ro\/opinii\/ce-va-face-liviu-dragnea-mai-departe-654945\" target=\"_blank\" data-skip-linkfix=\"1\" rel=\"noopener\">Ce va face Liviu Dragnea mai departe<\/a><\/p>\n<\/div>\n<p> Source URL: https:\/\/www.digi24.ro\/stiri\/actualitate\/politica\/de-ce-a-mers-klaus-iohannis-la-universitate-654491<\/p>\n","protected":false},"excerpt":{"rendered":"<p>Pre\u0219edintele Klaus Iohannis a mers ast\u0103zi \u00een Pia\u021ba Universit\u0103\u021bii, unde circa 15.000 de persoane s-au adunat pentru a protesta fa\u021b\u0103 de proiectul gra\u021bierii \u0219i fa\u021b\u0103 de modificarea Codului Penal. 170122_PROTEST_GRATIERE_IOHANNIS08_INQUAM_Octav_Ganea Deschide galeria foto 170122_PROTEST_GRATIERE_IOHANNIS08_INQUAM_Octav_Ganea170122_PROTEST_GRATIERE_IOHANNIS05_INQUAM_Octav_Ganea170122_PROTEST_GRATIERE_IOHANNIS04_INQUAM_Octav_Ganea170122_PROTEST_GRATIERE_IOHANNIS03_INQUAM_Octav_Ganea170122_PROTEST_GRATIERE_IOHANNIS02_INQUAM_Octav_Ganea170122_PROTEST_GRATIERE_IOHANNIS04_INQUAM_Liviu_Florin_Albei170122_PROTEST_GRATIERE_IOHANNIS03_INQUAM_Liviu_Florin_Albei170122_PROTEST_GRATIERE_IOHANNIS02_INQUAM_Liviu_Florin_Albei170122_PROTEST_GRATIERE_IOHANNIS01_INQUAM_Liviu_Florin_Albei170122_PROTEST_GRATIERE_IOHANNIS00_INQUAM_Liviu_Florin_Albei170122_PROTEST_GRATIERE_IOHANNIS05_INQUAM_Liviu_Florin_Albei, Fotografii: Inquam Photos \/ Octav Ganea, Florin Albei \u201eAm venit \u00een Pia\u021ba Universit\u0103\u021bii ca \u0219i miile de rom\u00e2ni, ca s\u0103-mi ar\u0103t [&hellip;]<\/p>\n","protected":false},"author":1,"featured_media":150459,"comment_status":"open","ping_status":"","sticky":false,"template":"","format":"standard","meta":{"footnotes":""},"categories":[2],"tags":[11],"class_list":["post-150458","post","type-post","status-publish","format-standard","has-post-thumbnail","hentry","category-politics","tag-digi24"],"_links":{"self":[{"href":"https:\/\/analyse.optim.biz\/index.php?rest_route=\/wp\/v2\/posts\/150458","targetHints":{"allow":["GET"]}}],"collection":[{"href":"https:\/\/analyse.optim.biz\/index.php?rest_route=\/wp\/v2\/posts"}],"about":[{"href":"https:\/\/analyse.optim.biz\/index.php?rest_route=\/wp\/v2\/types\/post"}],"author":[{"embeddable":true,"href":"https:\/\/analyse.optim.biz\/index.php?rest_route=\/wp\/v2\/users\/1"}],"replies":[{"embeddable":true,"href":"https:\/\/analyse.optim.biz\/index.php?rest_route=%2Fwp%2Fv2%2Fcomments&post=150458"}],"version-history":[{"count":0,"href":"https:\/\/analyse.optim.biz\/index.php?rest_route=\/wp\/v2\/posts\/150458\/revisions"}],"wp:featuredmedia":[{"embeddable":true,"href":"https:\/\/analyse.optim.biz\/index.php?rest_route=\/wp\/v2\/media\/150459"}],"wp:attachment":[{"href":"https:\/\/analyse.optim.biz\/index.php?rest_route=%2Fwp%2Fv2%2Fmedia&parent=150458"}],"wp:term":[{"taxonomy":"category","embeddable":true,"href":"https:\/\/analyse.optim.biz\/index.php?rest_route=%2Fwp%2Fv2%2Fcategories&post=150458"},{"taxonomy":"post_tag","embeddable":true,"href":"https:\/\/analyse.optim.biz\/index.php?rest_route=%2Fwp%2Fv2%2Ftags&post=150458"}],"curies":[{"name":"wp","href":"https:\/\/api.w.org\/{rel}","templated":true}]}}