{"id":150447,"date":"2017-01-22T19:17:50","date_gmt":"2017-01-22T16:17:50","guid":{"rendered":"https:\/\/analyse.optim.biz\/?p=150447"},"modified":"2017-01-22T19:17:50","modified_gmt":"2017-01-22T16:17:50","slug":"c-t-popescu-klaus-iohannis-a-facut-un-gest-politicianist-ieftin","status":"publish","type":"post","link":"https:\/\/analyse.optim.biz\/?p=150447","title":{"rendered":"C.T. Popescu: Klaus Iohannis a f\u0103cut un gest politicianist ieftin"},"content":{"rendered":"<div class=\"entry data-app-meta data-app-meta-article\" data-embed-base-url-canonical=\"https:\/\/www.digi24.ro\/embed\/stiri\/actualitate\/politica\/c-t-popescu-klaus-iohannis-a-facut-un-gest-politicianist-ieftin-654503\">\n<p data-index=\"1\"><strong>Jurnalistul \u0219i scriitorul Cristian Tudor Popescu dezaprob\u0103 gestul pre\u015fedintelui Klaus Iohannis de a se al\u0103tura protestatarilor din Pia\u021ba Universit\u0103\u021bii.<\/strong><\/p>\n<p data-index=\"2\">\u201e<span lang=\"ro-RO\">Nu s-a dus acolo dec\u00e2t pentru a c\u00e2\u0219tiga ni\u0219te capital politic, ni\u0219te \u00eencredere popular\u0103 \u00een zona aceasta a opozi\u021biei fa\u021b\u0103 de PSD. D\u00e2nsul poate s\u0103 fac\u0103 conferin\u021be de pres\u0103 la Cotroceni, poate s\u0103 fac\u0103 interviuri televizate, \u00een care s\u0103 \u00ee\u0219i exprime pozi\u021bia fa\u021b\u0103 de aceste ordonan\u021be (privind gra\u021bierea \u0219i modificarea Codului Penal, n.r.). Mi se pare corect\u0103 aceast\u0103 pozi\u021bie, faptul c\u0103 a cerut guvernului s\u0103 renun\u021be la ordonan\u021be. <em><strong>Dar faptul c\u0103 a venit \u0219i s-a frecat de mul\u021bime \u00eembr\u0103cat \u00een geac\u0103 ro\u0219ie, \u00een seara asta, este un gest politicianist ieftin<\/strong><\/em>\u201d, a apreciat Cristian Tudor Popescu.<\/span><\/p>\n<p data-index=\"3\">\u201e<span lang=\"ro-RO\"><em><strong>Este remarcabil ce fac oamenii care au ie\u0219it din proprie voin\u021b\u0103 s\u0103 manifesteze \u00eempotriva unor acte cum sunt acele ordonan\u021be care favorizeaz\u0103 infractorii. Este un lucru democratic \u0219i frumos, \u00eenseamn\u0103 c\u0103 nu a murit \u00eenc\u0103 spiritul Colectiv<\/strong><\/em>. Dar eu nu voi fi acolo, pentru c\u0103 un gazetar nu are ce c\u0103uta acolo s\u0103 manifesteze. Poate, eventual, s\u0103 acopere evenimentul. Dar nu are ce c\u0103uta s\u0103 militeze, s\u0103 strige lozinci\u201d, a ad\u0103ugat jurnalistul.<\/span><\/p>\n<p data-index=\"4\"><span lang=\"ro-RO\">Politicienii, cu at\u00e2t mai mult, nu au ce c\u0103uta la proteste, a ad\u0103ugat el.<em><strong> \u201eIar domnul Iohannis, care este \u0219eful statului, cu at\u00e2t mai pu\u021bin are a se duce \u00eembr\u0103cat \u00eentr-o geac\u0103 ro\u0219ie, ca s\u0103 fie v\u0103zut \u2013 de c\u0103tre cine? \u2013 de c\u0103tre eventualii tr\u0103g\u0103tori de elit\u0103. Evident c\u0103 s-a \u00eembr\u0103cat a\u0219a ca s\u0103 fie vizibil de la mari distan\u021be \u0219i pe ecranul televizorului. E o chestiune de protec\u021bie.<\/strong><\/em> Ar fi trebuit ca SPP s\u0103 nu-i dea voie s\u0103 vin\u0103 \u00eembr\u0103cat \u00een acest fel\u201d, a mai spus Cristian Tudor Popescu. <\/span><\/p>\n<p data-index=\"5\"><span lang=\"ro-RO\">Pre\u0219edintele Klaus Iohanni<strong><a href=\"https:\/\/www.digi24.ro\/stiri\/actualitate\/politica\/de-ce-a-mers-klaus-iohannis-la-universitate-654491\" target=\"_blank\" data-skip-linkfix=\"1\" rel=\"noopener\">s a mers ast\u0103zi \u00een Pia\u021ba Universit\u0103\u021bii<\/a><\/strong>, unde circa 10.000 de persoane s-au adunat pentru a protesta fa\u021b\u0103 de proiectul gra\u021bierii \u0219i fa\u021b\u0103 de modificarea Codului Penal.<\/span><\/p>\n<p data-index=\"6\">\u201e<span lang=\"ro-RO\">Am venit \u00een Pia\u021ba Universit\u0103\u021bii ca \u0219i miile de rom\u00e2ni, ca s\u0103-mi ar\u0103t indignarea. O ga\u0219c\u0103 de oameni politici cu probleme penale vrea s\u0103 schimbe legisla\u021bia din Rom\u00e2nia, vrea s\u0103 sl\u0103beasc\u0103 statul de drept. A\u0219a ceva nu se poate admite\u201d, a spus Klaus Iohannis.<\/span><\/p>\n<p data-index=\"7\">\u201eEste inadmisibil s\u0103 se schimbe legisla\u0163ia \u015fi zeci, sute de politicieni certa\u0163i cu legea s\u0103 se g\u0103seasc\u0103 cu dosarele curate \u015fi s\u0103 continue f\u0103r\u0103delegile. Rom\u00e2nii, pe bun\u0103 dreptate, sunt indigna\u0163i\u201d, a ad\u0103ugat Klaus Iohannis.<\/p>\n<p data-index=\"8\"><b>Cite\u015fte \u015fi<\/b>: <a href=\"https:\/\/www.digi24.ro\/opinii\/ce-urmareste-dragnea-presedinte-anul-acesta-653409\" target=\"_blank\" data-skip-linkfix=\"1\" rel=\"noopener\">Ce urm\u0103re\u0219te Dragnea? Pre\u0219edinte. Anul acesta!<\/a><\/p>\n<p data-index=\"9\"><a href=\"https:\/\/www.digi24.ro\/opinii\/ce-va-face-liviu-dragnea-mai-departe-654945\" target=\"_blank\" data-skip-linkfix=\"1\" rel=\"noopener\">Ce va face Liviu Dragnea mai departe<\/a><\/p>\n<\/div>\n<p> Source URL: https:\/\/www.digi24.ro\/stiri\/actualitate\/politica\/c-t-popescu-klaus-iohannis-a-facut-un-gest-politicianist-ieftin-654503<\/p>\n","protected":false},"excerpt":{"rendered":"<p>Jurnalistul \u0219i scriitorul Cristian Tudor Popescu dezaprob\u0103 gestul pre\u015fedintelui Klaus Iohannis de a se al\u0103tura protestatarilor din Pia\u021ba Universit\u0103\u021bii. \u201eNu s-a dus acolo dec\u00e2t pentru a c\u00e2\u0219tiga ni\u0219te capital politic, ni\u0219te \u00eencredere popular\u0103 \u00een zona aceasta a opozi\u021biei fa\u021b\u0103 de PSD. D\u00e2nsul poate s\u0103 fac\u0103 conferin\u021be de pres\u0103 la Cotroceni, poate s\u0103 fac\u0103 interviuri televizate, [&hellip;]<\/p>\n","protected":false},"author":1,"featured_media":150448,"comment_status":"open","ping_status":"","sticky":false,"template":"","format":"standard","meta":{"footnotes":""},"categories":[2],"tags":[11],"class_list":["post-150447","post","type-post","status-publish","format-standard","has-post-thumbnail","hentry","category-politics","tag-digi24"],"_links":{"self":[{"href":"https:\/\/analyse.optim.biz\/index.php?rest_route=\/wp\/v2\/posts\/150447","targetHints":{"allow":["GET"]}}],"collection":[{"href":"https:\/\/analyse.optim.biz\/index.php?rest_route=\/wp\/v2\/posts"}],"about":[{"href":"https:\/\/analyse.optim.biz\/index.php?rest_route=\/wp\/v2\/types\/post"}],"author":[{"embeddable":true,"href":"https:\/\/analyse.optim.biz\/index.php?rest_route=\/wp\/v2\/users\/1"}],"replies":[{"embeddable":true,"href":"https:\/\/analyse.optim.biz\/index.php?rest_route=%2Fwp%2Fv2%2Fcomments&post=150447"}],"version-history":[{"count":0,"href":"https:\/\/analyse.optim.biz\/index.php?rest_route=\/wp\/v2\/posts\/150447\/revisions"}],"wp:featuredmedia":[{"embeddable":true,"href":"https:\/\/analyse.optim.biz\/index.php?rest_route=\/wp\/v2\/media\/150448"}],"wp:attachment":[{"href":"https:\/\/analyse.optim.biz\/index.php?rest_route=%2Fwp%2Fv2%2Fmedia&parent=150447"}],"wp:term":[{"taxonomy":"category","embeddable":true,"href":"https:\/\/analyse.optim.biz\/index.php?rest_route=%2Fwp%2Fv2%2Fcategories&post=150447"},{"taxonomy":"post_tag","embeddable":true,"href":"https:\/\/analyse.optim.biz\/index.php?rest_route=%2Fwp%2Fv2%2Ftags&post=150447"}],"curies":[{"name":"wp","href":"https:\/\/api.w.org\/{rel}","templated":true}]}}