{"id":150419,"date":"2017-01-22T20:10:02","date_gmt":"2017-01-22T17:10:02","guid":{"rendered":"https:\/\/analyse.optim.biz\/?p=150419"},"modified":"2017-01-22T20:10:02","modified_gmt":"2017-01-22T17:10:02","slug":"premierul-grindeanu-s-a-intors-in-tara-s-a-intalnit-cu-sevil-shhaideh-la-aeroport","status":"publish","type":"post","link":"https:\/\/analyse.optim.biz\/?p=150419","title":{"rendered":"Premierul Grindeanu s-a \u00eentors \u00een \u021bar\u0103. S-a \u00eent\u00e2lnit cu Sevil Shhaideh la aeroport"},"content":{"rendered":"<div class=\"entry data-app-meta data-app-meta-article\" data-embed-base-url-canonical=\"https:\/\/www.digi24.ro\/embed\/stiri\/actualitate\/politica\/premierul-grindeanu-s-a-intors-in-tara-s-a-intalnit-cu-sevil-shhaideh-la-aeroport-654543\">\n<p data-index=\"1\"><strong><span lang=\"ro-RO\">Premierul Sorin Grindeanu a revenit ast\u0103zi din Statele Unite, unde a participat la evenimente legate de <a href=\"https:\/\/www.digi24.ro\/cautare?q=trump\" target=\"_blank\" data-skip-linkfix=\"1\" rel=\"noopener\">\u00eenvestirea pre\u0219edintelui american Donald Trump<\/a>.<\/span><\/strong><\/p>\n<figure class=\"article-thumb\"><img decoding=\"async\" src=\"https:\/\/analyse.optim.biz\/wp-content\/uploads\/2024\/09\/ptemagfzad03mza3yzm5zwrjnjg3ztq4ytmxodmzzdiyyzvkzjhlyq-thumb_.jpg\" alt=\"170118_SED_GUVERN_GRINDEANU_IORDACE_10_INQUAM_Octav_Ganea\" data-skip-htmlfix=\"1\" title=\"ptemagfzad03mza3yzm5zwrjnjg3ztq4ytmxodmzzdiyyzvkzjhlyq-thumb_\"><figcaption> Foto: Inquam Photos \/ Octav Ganea <\/figcaption><\/figure>\n<p data-index=\"2\"><span lang=\"ro-RO\">La aeroportul Henri Coand\u0103, Sorin Grindeanu s-a \u00eent\u00e2lnit cu vicepremierul Sevil Shhaideh, care i-a \u021binut locul la conducerea Guvernului, \u0219i cu ministrul de Interne Carmen Dan. <\/span><\/p>\n<p data-index=\"3\">\u201e<span lang=\"ro-RO\">Prim-ministrul s-a interesat \u00eendeaproape despre cum a decurs Planul Ro\u0219u de Interven\u021bie care a fost activat \u00een urma<a href=\"https:\/\/www.digi24.ro\/cautare?q=bamboo\" target=\"_blank\" data-skip-linkfix=\"1\" rel=\"noopener\"> incendiului de la Clubul Bamboo<\/a> din Capital\u0103 \u0219i a cerut detalii legate de starea de s\u0103n\u0103tate a persoanelor care au avut nevoie de spitalizare \u00een urma tragediei. \u0218i pe aceast\u0103 cale, prim-ministrul a transmis mul\u021bumiri celor 260 de pompieri care au intervenit pentru stingerea incendiului, personalului medical \u0219i tuturor acelora care au depus eforturi pentru salvarea vie\u021bilor celor afecta\u021bi de incendiu\u201d, arat\u0103 un comunicat al Guvernului.<\/span><\/p>\n<p data-index=\"4\"><span lang=\"ro-RO\">De asemenea, Sorin Grindeanu a fost pus la curent cu m\u0103surile dispuse de MAI dup\u0103 incendiu. Este vorba de mai multe controale la companiile care desf\u0103\u0219oar\u0103 activit\u0103\u021bi cu public numeros, \u00een special cluburi \u0219i discoteci.<\/span><\/p>\n<p data-index=\"5\"><span lang=\"ro-RO\">Premierul \u201ea cerut \u00eentocmirea unui raport scris cu privire la toate m\u0103surile care au fost luate \u0219i care urmeaz\u0103 a fi dispuse \u0219i a subliniat nevoia ca toate structurile MAI care sunt implicate \u00een ancheta deschis\u0103 de Parchetul de pe l\u00e2ng\u0103 Tribunalul Bucure\u0219ti s\u0103 acorde tot sprijinul necesar astfel \u00eenc\u00e2t aflarea adev\u0103rului s\u0103 se fac\u0103 \u00een cel mai scurt timp\u201d, potrivit comunicatului.<\/span><\/p>\n<p data-index=\"6\">\u201e<span lang=\"ro-RO\">Este obligatoriu s\u0103 lu\u0103m absolut toate m\u0103surile necesare astfel \u00eenc\u00e2t istoria s\u0103 nu se mai repete \u0219i adev\u0103rul s\u0103 ias\u0103 la lumin\u0103\u201d, a spus Sorin Grindeanu.<\/span><\/p>\n<p data-index=\"7\"><b>Cite\u015fte \u015fi<\/b>: <a href=\"https:\/\/www.digi24.ro\/opinii\/ce-urmareste-dragnea-presedinte-anul-acesta-653409\" target=\"_blank\" data-skip-linkfix=\"1\" rel=\"noopener\">Ce urm\u0103re\u0219te Dragnea? Pre\u0219edinte. Anul acesta!<\/a><\/p>\n<p data-index=\"8\"><a href=\"https:\/\/www.digi24.ro\/opinii\/ce-va-face-liviu-dragnea-mai-departe-654945\" target=\"_blank\" data-skip-linkfix=\"1\" rel=\"noopener\">Ce va face Liviu Dragnea mai departe<\/a><\/p>\n<\/div>\n<p> Source URL: https:\/\/www.digi24.ro\/stiri\/actualitate\/politica\/premierul-grindeanu-s-a-intors-in-tara-s-a-intalnit-cu-sevil-shhaideh-la-aeroport-654543<\/p>\n","protected":false},"excerpt":{"rendered":"<p>Premierul Sorin Grindeanu a revenit ast\u0103zi din Statele Unite, unde a participat la evenimente legate de \u00eenvestirea pre\u0219edintelui american Donald Trump. Foto: Inquam Photos \/ Octav Ganea La aeroportul Henri Coand\u0103, Sorin Grindeanu s-a \u00eent\u00e2lnit cu vicepremierul Sevil Shhaideh, care i-a \u021binut locul la conducerea Guvernului, \u0219i cu ministrul de Interne Carmen Dan. \u201ePrim-ministrul s-a [&hellip;]<\/p>\n","protected":false},"author":1,"featured_media":150420,"comment_status":"open","ping_status":"","sticky":false,"template":"","format":"standard","meta":{"footnotes":""},"categories":[2],"tags":[11],"class_list":["post-150419","post","type-post","status-publish","format-standard","has-post-thumbnail","hentry","category-politics","tag-digi24"],"_links":{"self":[{"href":"https:\/\/analyse.optim.biz\/index.php?rest_route=\/wp\/v2\/posts\/150419","targetHints":{"allow":["GET"]}}],"collection":[{"href":"https:\/\/analyse.optim.biz\/index.php?rest_route=\/wp\/v2\/posts"}],"about":[{"href":"https:\/\/analyse.optim.biz\/index.php?rest_route=\/wp\/v2\/types\/post"}],"author":[{"embeddable":true,"href":"https:\/\/analyse.optim.biz\/index.php?rest_route=\/wp\/v2\/users\/1"}],"replies":[{"embeddable":true,"href":"https:\/\/analyse.optim.biz\/index.php?rest_route=%2Fwp%2Fv2%2Fcomments&post=150419"}],"version-history":[{"count":0,"href":"https:\/\/analyse.optim.biz\/index.php?rest_route=\/wp\/v2\/posts\/150419\/revisions"}],"wp:featuredmedia":[{"embeddable":true,"href":"https:\/\/analyse.optim.biz\/index.php?rest_route=\/wp\/v2\/media\/150420"}],"wp:attachment":[{"href":"https:\/\/analyse.optim.biz\/index.php?rest_route=%2Fwp%2Fv2%2Fmedia&parent=150419"}],"wp:term":[{"taxonomy":"category","embeddable":true,"href":"https:\/\/analyse.optim.biz\/index.php?rest_route=%2Fwp%2Fv2%2Fcategories&post=150419"},{"taxonomy":"post_tag","embeddable":true,"href":"https:\/\/analyse.optim.biz\/index.php?rest_route=%2Fwp%2Fv2%2Ftags&post=150419"}],"curies":[{"name":"wp","href":"https:\/\/api.w.org\/{rel}","templated":true}]}}