{"id":1503723,"date":"2016-08-02T08:23:47","date_gmt":"2016-08-02T05:23:47","guid":{"rendered":"https:\/\/analyse.optim.biz\/?p=1503723"},"modified":"2016-08-02T08:23:47","modified_gmt":"2016-08-02T05:23:47","slug":"dupa-canicula-vin-vijeliile","status":"publish","type":"post","link":"https:\/\/analyse.optim.biz\/?p=1503723","title":{"rendered":"Dup\u0103 canicul\u0103, vin vijeliile!"},"content":{"rendered":"<article id=\"post-7727\" class=\"post-7727 post type-post status-publish format-standard has-post-thumbnail hentry category-national category-recomandate tag-canicula tag-ploi tag-vijelii tag-vremea\">\n<div class=\"featured-image\"><a href=\"https:\/\/analyse.optim.biz\/wp-content\/uploads\/2026\/01\/ploaie.jpg\" class=\"image-popup\"><img decoding=\"async\" width=\"717\" height=\"445\" src=\"https:\/\/analyse.optim.biz\/wp-content\/uploads\/2026\/01\/ploaie-717x445-1.jpg\" class=\"attachment-colormag-featured-image size-colormag-featured-image wp-post-image\" loading=\"lazy\" title=\"ploaie-717x445-1\"><\/a><\/div>\n<div class=\"article-content clearfix\">\n<div class=\"above-entry-meta\"><span class=\"cat-links\"><a href=\"http:\/\/www.ziaruldevaslui.ro\/national\/\" rel=\"category tag\">Na\u021bional<\/a>\u00a0<a href=\"http:\/\/www.ziaruldevaslui.ro\/recomandate\/\" rel=\"category tag\">RECOMANDATE<\/a>\u00a0<\/span><\/div>\n<header class=\"entry-header\">\n<h1 class=\"entry-title\">\n\t\t\t\tDup\u0103 canicul\u0103, vin vijeliile!\t\t\t<\/h1>\n<\/header>\n<div class=\"below-entry-meta\"><span class=\"posted-on\"><a href=\"http:\/\/www.ziaruldevaslui.ro\/dupa-canicula-vin-vijeliile\/\" title=\"10:23\" rel=\"bookmark\"><time class=\"entry-date published updated\" datetime=\"2016-08-02T10:23:47+02:00\">2 august 2016<\/time><\/a><\/span><span class=\"byline\"><span class=\"author vcard\"><a class=\"url fn n\" href=\"http:\/\/www.ziaruldevaslui.ro\/author\/mihaela-zarnescu\/\" title=\"Mihaela Z\u0103rnescu\"><br \/>\n\t\t\t\t\t\tMihaela Z\u0103rnescu\t\t\t\t\t<\/a><\/span><\/span><span class=\"comments\"><a href=\"http:\/\/www.ziaruldevaslui.ro\/dupa-canicula-vin-vijeliile\/#respond\"> Niciun comentariu<\/a><\/span><span class=\"tag-links\"><a href=\"http:\/\/www.ziaruldevaslui.ro\/tag\/canicula\/\" rel=\"tag\">canicula<\/a>, <a href=\"http:\/\/www.ziaruldevaslui.ro\/tag\/ploi\/\" rel=\"tag\">ploi<\/a>, <a href=\"http:\/\/www.ziaruldevaslui.ro\/tag\/vijelii\/\" rel=\"tag\">vijelii<\/a>, <a href=\"http:\/\/www.ziaruldevaslui.ro\/tag\/vremea\/\" rel=\"tag\">vremea<\/a><\/span><\/div>\n<div class=\"entry-content clearfix\">\n<p><strong>Meteorologii au emis, mar\u021bi, o informare de instabilitate atmosferic\u0103 accentuat\u0103, valabil\u0103 la nivelul \u00eentregii \u021b\u0103ri, \u00eencep\u00e2nd din aceast\u0103 sear\u0103, timp de 24 de ore.<\/strong><\/p>\n<p>Potrivit Administra\u021biei Na\u021bionale de Meteorologie (ANM), \u00een intervalul 2 august, ora 18:00 \u2014 3 august, ora 18:00, instabilitatea atmosferic\u0103 va fi temporar accentuat\u0103 \u00een zona Carpa\u021bilor Orientali, \u00een estul Carpa\u021bilor Meridionali, \u00een estul \u0219i sud-estul Transilvaniei \u0219i local \u00een Moldova, Muntenia \u0219i Dobrogea.<\/p>\n<p>La nivelul acestor regiuni vor fi averse, \u00eenso\u021bite de desc\u0103rc\u0103ri electrice, intensific\u0103ri ale v\u00e2ntului \u0219i, izolat, grindin\u0103. Cantit\u0103\u021bile de ap\u0103 vor dep\u0103\u0219i local 15 \u2014 20 l\/mp \u0219i izolat 30 \u2014 40 l\/mp.<\/p>\n<p>ANM precizeaz\u0103 c\u0103, \u00een func\u021bie de evolu\u021bia \u0219i intensitatea fenomenelor meteorologice, va actualiza inform\u0103rile \u0219i aten\u021bion\u0103rile emise \u00een prezent.<\/p>\n<aside class=\"mashsb-container mashsb-main \">\n<div class=\"mashsb-box\">\n<div class=\"mashsb-count mash-medium\">\n<div class=\"counts mashsbcount\">12<\/div>\n<p><span class=\"mashsb-sharetext\">SHARES<\/span><\/div>\n<div class=\"mashsb-buttons\"><a class=\"mashicon-facebook mash-medium mashsb-noshadow\" href=\"https:\/\/www.facebook.com\/sharer.php?u=http%3A%2F%2Fwww.ziaruldevaslui.ro%2Fdupa-canicula-vin-vijeliile%2F\" target=\"_top\" rel=\"nofollow\"><span class=\"text\">Share\u00a0pe\u00a0facebook<\/span><\/a><a class=\"mashicon-twitter mash-medium mashsb-noshadow\" href=\"https:\/\/twitter.com\/intent\/tweet?text=Dup%C4%83%20canicul%C4%83%2C%20vin%20vijeliile%21&amp;url=http:\/\/www.ziaruldevaslui.ro\/?p=7727\" target=\"_top\" rel=\"nofollow\"><span class=\"text\">Share\u00a0pe\u00a0twitter<\/span><\/a><\/div>\n<\/div>\n<\/aside>\n<\/div>\n<\/div>\n<\/article>\n<div class=\"article-content clearfix\">\n<div class=\"above-entry-meta\"><span class=\"cat-links\"><a href=\"http:\/\/www.ziaruldevaslui.ro\/national\/\" rel=\"category tag\">Na\u021bional<\/a>\u00a0<a href=\"http:\/\/www.ziaruldevaslui.ro\/recomandate\/\" rel=\"category tag\">RECOMANDATE<\/a>\u00a0<\/span><\/div>\n<header class=\"entry-header\">\n<h1 class=\"entry-title\">\n\t\t\t\tDup\u0103 canicul\u0103, vin vijeliile!\t\t\t<\/h1>\n<\/header>\n<div class=\"below-entry-meta\"><span class=\"posted-on\"><a href=\"http:\/\/www.ziaruldevaslui.ro\/dupa-canicula-vin-vijeliile\/\" title=\"10:23\" rel=\"bookmark\"><time class=\"entry-date published updated\" datetime=\"2016-08-02T10:23:47+02:00\">2 august 2016<\/time><\/a><\/span><span class=\"byline\"><span class=\"author vcard\"><a class=\"url fn n\" href=\"http:\/\/www.ziaruldevaslui.ro\/author\/mihaela-zarnescu\/\" title=\"Mihaela Z\u0103rnescu\"><br \/>\n\t\t\t\t\t\tMihaela Z\u0103rnescu\t\t\t\t\t<\/a><\/span><\/span><span class=\"comments\"><a href=\"http:\/\/www.ziaruldevaslui.ro\/dupa-canicula-vin-vijeliile\/#respond\"> Niciun comentariu<\/a><\/span><span class=\"tag-links\"><a href=\"http:\/\/www.ziaruldevaslui.ro\/tag\/canicula\/\" rel=\"tag\">canicula<\/a>, <a href=\"http:\/\/www.ziaruldevaslui.ro\/tag\/ploi\/\" rel=\"tag\">ploi<\/a>, <a href=\"http:\/\/www.ziaruldevaslui.ro\/tag\/vijelii\/\" rel=\"tag\">vijelii<\/a>, <a href=\"http:\/\/www.ziaruldevaslui.ro\/tag\/vremea\/\" rel=\"tag\">vremea<\/a><\/span><\/div>\n<div class=\"entry-content clearfix\">\n<p><strong>Meteorologii au emis, mar\u021bi, o informare de instabilitate atmosferic\u0103 accentuat\u0103, valabil\u0103 la nivelul \u00eentregii \u021b\u0103ri, \u00eencep\u00e2nd din aceast\u0103 sear\u0103, timp de 24 de ore.<\/strong><\/p>\n<p>Potrivit Administra\u021biei Na\u021bionale de Meteorologie (ANM), \u00een intervalul 2 august, ora 18:00 \u2014 3 august, ora 18:00, instabilitatea atmosferic\u0103 va fi temporar accentuat\u0103 \u00een zona Carpa\u021bilor Orientali, \u00een estul Carpa\u021bilor Meridionali, \u00een estul \u0219i sud-estul Transilvaniei \u0219i local \u00een Moldova, Muntenia \u0219i Dobrogea.<\/p>\n<p>La nivelul acestor regiuni vor fi averse, \u00eenso\u021bite de desc\u0103rc\u0103ri electrice, intensific\u0103ri ale v\u00e2ntului \u0219i, izolat, grindin\u0103. Cantit\u0103\u021bile de ap\u0103 vor dep\u0103\u0219i local 15 \u2014 20 l\/mp \u0219i izolat 30 \u2014 40 l\/mp.<\/p>\n<p>ANM precizeaz\u0103 c\u0103, \u00een func\u021bie de evolu\u021bia \u0219i intensitatea fenomenelor meteorologice, va actualiza inform\u0103rile \u0219i aten\u021bion\u0103rile emise \u00een prezent.<\/p>\n<aside class=\"mashsb-container mashsb-main \">\n<div class=\"mashsb-box\">\n<div class=\"mashsb-count mash-medium\">\n<div class=\"counts mashsbcount\">12<\/div>\n<p><span class=\"mashsb-sharetext\">SHARES<\/span><\/div>\n<div class=\"mashsb-buttons\"><a class=\"mashicon-facebook mash-medium mashsb-noshadow\" href=\"https:\/\/www.facebook.com\/sharer.php?u=http%3A%2F%2Fwww.ziaruldevaslui.ro%2Fdupa-canicula-vin-vijeliile%2F\" target=\"_top\" rel=\"nofollow\"><span class=\"text\">Share\u00a0pe\u00a0facebook<\/span><\/a><a class=\"mashicon-twitter mash-medium mashsb-noshadow\" href=\"https:\/\/twitter.com\/intent\/tweet?text=Dup%C4%83%20canicul%C4%83%2C%20vin%20vijeliile%21&amp;url=http:\/\/www.ziaruldevaslui.ro\/?p=7727\" target=\"_top\" rel=\"nofollow\"><span class=\"text\">Share\u00a0pe\u00a0twitter<\/span><\/a><\/div>\n<\/div>\n<\/aside>\n<\/div>\n<\/div>\n<div class=\"entry-content clearfix\">\n<p><strong>Meteorologii au emis, mar\u021bi, o informare de instabilitate atmosferic\u0103 accentuat\u0103, valabil\u0103 la nivelul \u00eentregii \u021b\u0103ri, \u00eencep\u00e2nd din aceast\u0103 sear\u0103, timp de 24 de ore.<\/strong><\/p>\n<p>Potrivit Administra\u021biei Na\u021bionale de Meteorologie (ANM), \u00een intervalul 2 august, ora 18:00 \u2014 3 august, ora 18:00, instabilitatea atmosferic\u0103 va fi temporar accentuat\u0103 \u00een zona Carpa\u021bilor Orientali, \u00een estul Carpa\u021bilor Meridionali, \u00een estul \u0219i sud-estul Transilvaniei \u0219i local \u00een Moldova, Muntenia \u0219i Dobrogea.<\/p>\n<p>La nivelul acestor regiuni vor fi averse, \u00eenso\u021bite de desc\u0103rc\u0103ri electrice, intensific\u0103ri ale v\u00e2ntului \u0219i, izolat, grindin\u0103. Cantit\u0103\u021bile de ap\u0103 vor dep\u0103\u0219i local 15 \u2014 20 l\/mp \u0219i izolat 30 \u2014 40 l\/mp.<\/p>\n<p>ANM precizeaz\u0103 c\u0103, \u00een func\u021bie de evolu\u021bia \u0219i intensitatea fenomenelor meteorologice, va actualiza inform\u0103rile \u0219i aten\u021bion\u0103rile emise \u00een prezent.<\/p>\n<aside class=\"mashsb-container mashsb-main \">\n<div class=\"mashsb-box\">\n<div class=\"mashsb-count mash-medium\">\n<div class=\"counts mashsbcount\">12<\/div>\n<p><span class=\"mashsb-sharetext\">SHARES<\/span><\/div>\n<div class=\"mashsb-buttons\"><a class=\"mashicon-facebook mash-medium mashsb-noshadow\" href=\"https:\/\/www.facebook.com\/sharer.php?u=http%3A%2F%2Fwww.ziaruldevaslui.ro%2Fdupa-canicula-vin-vijeliile%2F\" target=\"_top\" rel=\"nofollow\"><span class=\"text\">Share\u00a0pe\u00a0facebook<\/span><\/a><a class=\"mashicon-twitter mash-medium mashsb-noshadow\" href=\"https:\/\/twitter.com\/intent\/tweet?text=Dup%C4%83%20canicul%C4%83%2C%20vin%20vijeliile%21&amp;url=http:\/\/www.ziaruldevaslui.ro\/?p=7727\" target=\"_top\" rel=\"nofollow\"><span class=\"text\">Share\u00a0pe\u00a0twitter<\/span><\/a><\/div>\n<\/div>\n<\/aside>\n<\/div>\n<div class=\"article-content\">\n<h3 class=\"entry-title\"><a href=\"http:\/\/www.ziaruldevaslui.ro\/iarna-isi-intra-in-drepturi\/\" rel=\"bookmark\" title=\"Iarna \u00ee\u0219i intr\u0103 \u00een drepturi\"><br \/>\n\t\t\t\t\t\t\t\tIarna \u00ee\u0219i intr\u0103 \u00een drepturi\t\t\t\t\t\t\t<\/a><\/h3>\n<div class=\"below-entry-meta\"><span class=\"posted-on\"><a href=\"http:\/\/www.ziaruldevaslui.ro\/iarna-isi-intra-in-drepturi\/\" title=\"16:28\" rel=\"bookmark\"><time class=\"entry-date published updated\" datetime=\"2015-12-26T16:28:11+02:00\">26 decembrie 2015<\/time><\/a><\/span><span class=\"byline\"><span class=\"author vcard\"><a class=\"url fn n\" href=\"http:\/\/www.ziaruldevaslui.ro\/author\/admin\/\" title=\"Ziarul de Vaslui\"><br \/>\n\t\t\t\t\t\tZiarul de Vaslui\t\t\t\t\t<\/a><\/span><\/span><span class=\"comments\"><a href=\"http:\/\/www.ziaruldevaslui.ro\/iarna-isi-intra-in-drepturi\/#respond\">0<\/a><\/span><\/div>\n<\/div>\n<div class=\"article-content\">\n<h3 class=\"entry-title\"><a href=\"http:\/\/www.ziaruldevaslui.ro\/sarbatorile-si-vacantele-de-care-beneficiaza-romanii-in-acest-an\/\" rel=\"bookmark\" title=\"S\u0103rb\u0103torile \u0219i vacan\u021bele de care beneficiaz\u0103 rom\u00e2nii \u00een acest an\"><br \/>\n\t\t\t\t\t\t\t\tS\u0103rb\u0103torile \u0219i vacan\u021bele de care beneficiaz\u0103 rom\u00e2nii \u00een acest an\t\t\t\t\t\t\t<\/a><\/h3>\n<div class=\"below-entry-meta\"><span class=\"posted-on\"><a href=\"http:\/\/www.ziaruldevaslui.ro\/sarbatorile-si-vacantele-de-care-beneficiaza-romanii-in-acest-an\/\" title=\"14:27\" rel=\"bookmark\"><time class=\"entry-date published updated\" datetime=\"2019-01-05T14:27:37+02:00\">5 ianuarie 2019<\/time><\/a><\/span><span class=\"byline\"><span class=\"author vcard\"><a class=\"url fn n\" href=\"http:\/\/www.ziaruldevaslui.ro\/author\/admin\/\" title=\"Ziarul de Vaslui\"><br \/>\n\t\t\t\t\t\tZiarul de Vaslui\t\t\t\t\t<\/a><\/span><\/span><\/div>\n<\/div>\n<div class=\"article-content\">\n<h3 class=\"entry-title\"><a href=\"http:\/\/www.ziaruldevaslui.ro\/o-carte-pe-zi-scuze-excelente-si-alte-lucruri-minunate-de-liz-pichon\/\" rel=\"bookmark\" title=\"O carte pe zi: \u201dScuze excelente (\u0219i alte lucruri minunate)\u201d, de Liz Pichon\"><br \/>\n\t\t\t\t\t\t\t\tO carte pe zi: \u201dScuze excelente (\u0219i alte lucruri minunate)\u201d, de Liz Pichon\t\t\t\t\t\t\t<\/a><\/h3>\n<div class=\"below-entry-meta\"><span class=\"posted-on\"><a href=\"http:\/\/www.ziaruldevaslui.ro\/o-carte-pe-zi-scuze-excelente-si-alte-lucruri-minunate-de-liz-pichon\/\" title=\"14:37\" rel=\"bookmark\"><time class=\"entry-date published\" datetime=\"2022-02-07T14:37:50+02:00\">7 februarie 2022<\/time><time class=\"updated\" datetime=\"2022-02-07T14:44:58+02:00\">7 februarie 2022<\/time><\/a><\/span><span class=\"byline\"><span class=\"author vcard\"><a class=\"url fn n\" href=\"http:\/\/www.ziaruldevaslui.ro\/author\/admin\/\" title=\"Ziarul de Vaslui\"><br \/>\n\t\t\t\t\t\tZiarul de Vaslui\t\t\t\t\t<\/a><\/span><\/span><\/div>\n<\/div>\n<div class=\"article-content\">\n<div class=\"above-entry-meta\"><span class=\"cat-links\"><a href=\"http:\/\/www.ziaruldevaslui.ro\/local\/\" rel=\"category tag\">Local<\/a>\u00a0<a href=\"http:\/\/www.ziaruldevaslui.ro\/tabloul-principal\/\" rel=\"category tag\">NOUT\u0102\u021aI<\/a>\u00a0<a href=\"http:\/\/www.ziaruldevaslui.ro\/opinii\/\" rel=\"category tag\">Opinii<\/a>\u00a0<\/span><\/div>\n<h3 class=\"entry-title\"><a href=\"http:\/\/www.ziaruldevaslui.ro\/stand-up-comedy-cu-ionel-sandu-de-la-aur-spatiile-pentru-copiii-cu-autism-sunt-bazaconii\/\" title=\"Stand Up Comedy cu Ionel Sandu, candidat AUR: spa\u021biile pentru copiii cu autism sunt \u201ebazaconii\u201d\"><br \/>\n\t\t\t\tStand Up Comedy cu Ionel Sandu, candidat AUR: spa\u021biile pentru copiii cu autism sunt \u201ebazaconii\u201d\t\t\t<\/a><\/h3>\n<div class=\"below-entry-meta\"><span class=\"posted-on\"><a href=\"http:\/\/www.ziaruldevaslui.ro\/stand-up-comedy-cu-ionel-sandu-de-la-aur-spatiile-pentru-copiii-cu-autism-sunt-bazaconii\/\" title=\"22:46\" rel=\"bookmark\"><time class=\"entry-date published\" datetime=\"2024-03-14T22:46:43+02:00\">14 martie 2024<\/time><time class=\"updated\" datetime=\"2024-03-15T08:54:58+02:00\">15 martie 2024<\/time><\/a><\/span><span class=\"byline\"><span class=\"author vcard\"><a class=\"url fn n\" href=\"http:\/\/www.ziaruldevaslui.ro\/author\/admin\/\" title=\"Ziarul de Vaslui\"><br \/>\n\t\t\t\t\tZiarul de Vaslui\t\t\t\t<\/a><\/span><\/span><\/div>\n<div class=\"entry-content\">\n<p>Ini\u021bial am crezut c\u0103 Ionel Sandu s-a apucat de Stand Up Comedy. Cu afacerile nu st\u0103 extraordinar, cu politica nici<\/p>\n<\/div>\n<\/div>\n<div class=\"entry-content\">\n<p>Ini\u021bial am crezut c\u0103 Ionel Sandu s-a apucat de Stand Up Comedy. Cu afacerile nu st\u0103 extraordinar, cu politica nici<\/p>\n<\/div>\n<div class=\"article-content\">\n<div class=\"above-entry-meta\"><span class=\"cat-links\"><a href=\"http:\/\/www.ziaruldevaslui.ro\/literatura\/\" rel=\"category tag\">Literatur\u0103<\/a>\u00a0<a href=\"http:\/\/www.ziaruldevaslui.ro\/magazin\/\" rel=\"category tag\">Magazin<\/a>\u00a0<a href=\"http:\/\/www.ziaruldevaslui.ro\/opinii\/\" rel=\"category tag\">Opinii<\/a>\u00a0<\/span><\/div>\n<h3 class=\"entry-title\"><a href=\"http:\/\/www.ziaruldevaslui.ro\/pledoarie-pentru-o-carte-pe-zi\/\" title=\"Pledoarie pentru \u2026 o carte pe zi\"><br \/>\n\t\t\t\tPledoarie pentru \u2026 o carte pe zi\t\t\t<\/a><\/h3>\n<div class=\"below-entry-meta\"><span class=\"posted-on\"><a href=\"http:\/\/www.ziaruldevaslui.ro\/pledoarie-pentru-o-carte-pe-zi\/\" title=\"09:48\" rel=\"bookmark\"><time class=\"entry-date published\" datetime=\"2021-11-13T09:48:23+02:00\">13 noiembrie 2021<\/time><time class=\"updated\" datetime=\"2022-05-04T20:22:06+02:00\">4 mai 2022<\/time><\/a><\/span><span class=\"byline\"><span class=\"author vcard\"><a class=\"url fn n\" href=\"http:\/\/www.ziaruldevaslui.ro\/author\/admin\/\" title=\"Ziarul de Vaslui\"><br \/>\n\t\t\t\t\tZiarul de Vaslui\t\t\t\t<\/a><\/span><\/span><\/div>\n<\/div>\n<div class=\"article-content\">\n<div class=\"above-entry-meta\"><span class=\"cat-links\"><a href=\"http:\/\/www.ziaruldevaslui.ro\/local\/\" rel=\"category tag\">Local<\/a>\u00a0<a href=\"http:\/\/www.ziaruldevaslui.ro\/tabloul-principal\/\" rel=\"category tag\">NOUT\u0102\u021aI<\/a>\u00a0<a href=\"http:\/\/www.ziaruldevaslui.ro\/oameni-si-locuri\/\" rel=\"category tag\">Oameni si locuri<\/a>\u00a0<a href=\"http:\/\/www.ziaruldevaslui.ro\/opinii\/\" rel=\"category tag\">Opinii<\/a>\u00a0<\/span><\/div>\n<h3 class=\"entry-title\"><a href=\"http:\/\/www.ziaruldevaslui.ro\/vasluianca-madalina-tudorache-admisa-ca-doctorand-la-oxford-interviu\/\" title=\"Vasluianca M\u0103d\u0103lina Tudorache, admis\u0103 ca doctorand la Oxford\"><br \/>\n\t\t\t\tVasluianca M\u0103d\u0103lina Tudorache, admis\u0103 ca doctorand la Oxford\t\t\t<\/a><\/h3>\n<div class=\"below-entry-meta\"><span class=\"posted-on\"><a href=\"http:\/\/www.ziaruldevaslui.ro\/vasluianca-madalina-tudorache-admisa-ca-doctorand-la-oxford-interviu\/\" title=\"09:24\" rel=\"bookmark\"><time class=\"entry-date published\" datetime=\"2020-07-21T09:24:55+02:00\">21 iulie 2020<\/time><time class=\"updated\" datetime=\"2021-12-15T08:32:02+02:00\">15 decembrie 2021<\/time><\/a><\/span><span class=\"byline\"><span class=\"author vcard\"><a class=\"url fn n\" href=\"http:\/\/www.ziaruldevaslui.ro\/author\/admin\/\" title=\"Ziarul de Vaslui\"><br \/>\n\t\t\t\t\tZiarul de Vaslui\t\t\t\t<\/a><\/span><\/span><\/div>\n<\/div>\n<div class=\"article-content\">\n<div class=\"above-entry-meta\"><span class=\"cat-links\"><a href=\"http:\/\/www.ziaruldevaslui.ro\/local\/\" rel=\"category tag\">Local<\/a>\u00a0<a href=\"http:\/\/www.ziaruldevaslui.ro\/tabloul-principal\/\" rel=\"category tag\">NOUT\u0102\u021aI<\/a>\u00a0<a href=\"http:\/\/www.ziaruldevaslui.ro\/oameni-si-locuri\/\" rel=\"category tag\">Oameni si locuri<\/a>\u00a0<a href=\"http:\/\/www.ziaruldevaslui.ro\/opinii\/\" rel=\"category tag\">Opinii<\/a>\u00a0<\/span><\/div>\n<h3 class=\"entry-title\"><a href=\"http:\/\/www.ziaruldevaslui.ro\/manifestul-unui-eleve-de-clasa-a-12-a-din-vaslui-cel-mai-mare-vis-al-nostru-era-sa-imbracam-roba\/\" title=\"Manifestul unei eleve de clasa a 12-a din Vaslui: \u201eCel mai mare vis al nostru era s\u0103 \u00eembr\u0103c\u0103m roba\u201d\"><br \/>\n\t\t\t\tManifestul unei eleve de clasa a 12-a din Vaslui: \u201eCel mai mare vis al nostru era s\u0103 \u00eembr\u0103c\u0103m roba\u201d\t\t\t<\/a><\/h3>\n<div class=\"below-entry-meta\"><span class=\"posted-on\"><a href=\"http:\/\/www.ziaruldevaslui.ro\/manifestul-unui-eleve-de-clasa-a-12-a-din-vaslui-cel-mai-mare-vis-al-nostru-era-sa-imbracam-roba\/\" title=\"21:33\" rel=\"bookmark\"><time class=\"entry-date published\" datetime=\"2020-05-02T21:33:04+02:00\">2 mai 2020<\/time><time class=\"updated\" datetime=\"2020-05-03T18:03:27+02:00\">3 mai 2020<\/time><\/a><\/span><span class=\"byline\"><span class=\"author vcard\"><a class=\"url fn n\" href=\"http:\/\/www.ziaruldevaslui.ro\/author\/admin\/\" title=\"Ziarul de Vaslui\"><br \/>\n\t\t\t\t\tZiarul de Vaslui\t\t\t\t<\/a><\/span><\/span><\/div>\n<\/div>\n<p> Source URL: http:\/\/www.ziaruldevaslui.ro\/dupa-canicula-vin-vijeliile\/<\/p>\n","protected":false},"excerpt":{"rendered":"<p>Na\u021bional\u00a0RECOMANDATE\u00a0 Dup\u0103 canicul\u0103, vin vijeliile! 2 august 2016 Mihaela Z\u0103rnescu Niciun comentariucanicula, ploi, vijelii, vremea Meteorologii au emis, mar\u021bi, o informare de instabilitate atmosferic\u0103 accentuat\u0103, valabil\u0103 la nivelul \u00eentregii \u021b\u0103ri, \u00eencep\u00e2nd din aceast\u0103 sear\u0103, timp de 24 de ore. Potrivit Administra\u021biei Na\u021bionale de Meteorologie (ANM), \u00een intervalul 2 august, ora 18:00 \u2014 3 august, ora [&hellip;]<\/p>\n","protected":false},"author":1,"featured_media":1503729,"comment_status":"open","ping_status":"","sticky":false,"template":"","format":"standard","meta":{"footnotes":""},"categories":[89],"tags":[218],"class_list":["post-1503723","post","type-post","status-publish","format-standard","has-post-thumbnail","hentry","category-romania","tag-ziaruldevaslui-ro"],"_links":{"self":[{"href":"https:\/\/analyse.optim.biz\/index.php?rest_route=\/wp\/v2\/posts\/1503723","targetHints":{"allow":["GET"]}}],"collection":[{"href":"https:\/\/analyse.optim.biz\/index.php?rest_route=\/wp\/v2\/posts"}],"about":[{"href":"https:\/\/analyse.optim.biz\/index.php?rest_route=\/wp\/v2\/types\/post"}],"author":[{"embeddable":true,"href":"https:\/\/analyse.optim.biz\/index.php?rest_route=\/wp\/v2\/users\/1"}],"replies":[{"embeddable":true,"href":"https:\/\/analyse.optim.biz\/index.php?rest_route=%2Fwp%2Fv2%2Fcomments&post=1503723"}],"version-history":[{"count":0,"href":"https:\/\/analyse.optim.biz\/index.php?rest_route=\/wp\/v2\/posts\/1503723\/revisions"}],"wp:featuredmedia":[{"embeddable":true,"href":"https:\/\/analyse.optim.biz\/index.php?rest_route=\/wp\/v2\/media\/1503729"}],"wp:attachment":[{"href":"https:\/\/analyse.optim.biz\/index.php?rest_route=%2Fwp%2Fv2%2Fmedia&parent=1503723"}],"wp:term":[{"taxonomy":"category","embeddable":true,"href":"https:\/\/analyse.optim.biz\/index.php?rest_route=%2Fwp%2Fv2%2Fcategories&post=1503723"},{"taxonomy":"post_tag","embeddable":true,"href":"https:\/\/analyse.optim.biz\/index.php?rest_route=%2Fwp%2Fv2%2Ftags&post=1503723"}],"curies":[{"name":"wp","href":"https:\/\/api.w.org\/{rel}","templated":true}]}}