{"id":1503674,"date":"2016-08-24T10:31:55","date_gmt":"2016-08-24T07:31:55","guid":{"rendered":"https:\/\/analyse.optim.biz\/?p=1503674"},"modified":"2016-08-24T10:31:55","modified_gmt":"2016-08-24T07:31:55","slug":"calatoresti-astazi-spre-bucuresti-atentie-intarzieri-de-peste-doua-ore","status":"publish","type":"post","link":"https:\/\/analyse.optim.biz\/?p=1503674","title":{"rendered":"C\u0103l\u0103tore\u0219ti ast\u0103zi spre Bucure\u0219ti? Aten\u021bie, \u00eent\u00e2rzieri de peste doua ore"},"content":{"rendered":"<article id=\"post-8215\" class=\"post-8215 post type-post status-publish format-standard has-post-thumbnail hentry category-local category-national category-recomandate tag-cfr tag-iasi tag-intarzieri tag-mersul-trenurilor tag-ramnicul-sarat tag-suceava tag-tren tag-vaslui\">\n<div class=\"featured-image\"><a href=\"https:\/\/analyse.optim.biz\/wp-content\/uploads\/2026\/01\/cfr-mersul-trenurilor1.jpg\" class=\"image-popup\"><img decoding=\"async\" width=\"800\" height=\"445\" src=\"https:\/\/analyse.optim.biz\/wp-content\/uploads\/2026\/01\/cfr-mersul-trenurilor1-800x445-1.jpg\" class=\"attachment-colormag-featured-image size-colormag-featured-image wp-post-image\" loading=\"lazy\" title=\"cfr-mersul-trenurilor1-800x445-1\"><\/a><\/div>\n<div class=\"article-content clearfix\">\n<div class=\"above-entry-meta\"><span class=\"cat-links\"><a href=\"http:\/\/www.ziaruldevaslui.ro\/local\/\" rel=\"category tag\">Local<\/a>\u00a0<a href=\"http:\/\/www.ziaruldevaslui.ro\/national\/\" rel=\"category tag\">Na\u021bional<\/a>\u00a0<a href=\"http:\/\/www.ziaruldevaslui.ro\/recomandate\/\" rel=\"category tag\">RECOMANDATE<\/a>\u00a0<\/span><\/div>\n<header class=\"entry-header\">\n<h1 class=\"entry-title\">\n\t\t\t\tC\u0103l\u0103tore\u0219ti ast\u0103zi spre Bucure\u0219ti? Aten\u021bie, \u00eent\u00e2rzieri de peste doua ore\t\t\t<\/h1>\n<\/header>\n<div class=\"below-entry-meta\"><span class=\"posted-on\"><a href=\"http:\/\/www.ziaruldevaslui.ro\/calatoresti-astazi-spre-bucuresti-atentie-intarzieri-de-peste-doua-ore\/\" title=\"12:31\" rel=\"bookmark\"><time class=\"entry-date published updated\" datetime=\"2016-08-24T12:31:55+02:00\">24 august 2016<\/time><\/a><\/span><span class=\"byline\"><span class=\"author vcard\"><a class=\"url fn n\" href=\"http:\/\/www.ziaruldevaslui.ro\/author\/admin\/\" title=\"Ziarul de Vaslui\"><br \/>\n\t\t\t\t\t\tZiarul de Vaslui\t\t\t\t\t<\/a><\/span><\/span><span class=\"comments\"><a href=\"http:\/\/www.ziaruldevaslui.ro\/calatoresti-astazi-spre-bucuresti-atentie-intarzieri-de-peste-doua-ore\/#respond\"> Niciun comentariu<\/a><\/span><span class=\"tag-links\"><a href=\"http:\/\/www.ziaruldevaslui.ro\/tag\/cfr\/\" rel=\"tag\">cfr<\/a>, <a href=\"http:\/\/www.ziaruldevaslui.ro\/tag\/iasi\/\" rel=\"tag\">iasi<\/a>, <a href=\"http:\/\/www.ziaruldevaslui.ro\/tag\/intarzieri\/\" rel=\"tag\">intarzieri<\/a>, <a href=\"http:\/\/www.ziaruldevaslui.ro\/tag\/mersul-trenurilor\/\" rel=\"tag\">mersul trenurilor<\/a>, <a href=\"http:\/\/www.ziaruldevaslui.ro\/tag\/ramnicul-sarat\/\" rel=\"tag\">ramnicul sarat<\/a>, <a href=\"http:\/\/www.ziaruldevaslui.ro\/tag\/suceava\/\" rel=\"tag\">suceava<\/a>, <a href=\"http:\/\/www.ziaruldevaslui.ro\/tag\/tren\/\" rel=\"tag\">tren<\/a>, <a href=\"http:\/\/www.ziaruldevaslui.ro\/tag\/vaslui\/\" rel=\"tag\">Vaslui<\/a><\/span><\/div>\n<div class=\"entry-content clearfix\">\n<p>Inunda\u0163iile au dat peste cap circula\u0163ia feroviar\u0103. Trenurile care merg spre Moldova sau spre Capital\u0103 au \u00eent\u00e2rzieri de peste dou\u0103 ore. Asta dup\u0103 ce traficul a fost complet blocat \u00eentre R\u00e2mnicu S\u0103rat \u015fi Foc\u015fani din cauza puhoaielor de ap\u0103.<\/p>\n<p>Din cauza inunda\u0163iilor, traficul feroviar a fost \u00eentrerupt \u00eentre Foc\u015fani \u015fi R\u00e2mnicu S\u0103rat. Trenurile care circul\u0103 spre Moldova sau spre Bucure\u015fti au \u00eent\u00e2rzieri de cel pu\u0163in dou\u0103 ore. Miercuri diminea\u0163\u0103 trenurile spre Buz\u0103u, Com\u0103ne\u015fti, Ploie\u015fti sau Suceava aveau\u00a0 \u00eent\u00e2rzieri cuprinse \u00eentre 30 de minute \u015fi 120 de minute.<\/p>\n<p>Prin urmare, cei peste 600 de pasageri din trenurile afectate vor ajunge mult mai t\u00e2rziu la destina\u0163ii.\u00a0 Sunt afecta\u0163i cei care circul\u0103 pe rutele Ia\u015fi-Bucure\u015fti, Vatra Dornei-Bucure\u015fti, M\u0103r\u0103\u015fe\u015fti Ploie\u015fti \u015fi Buz\u0103u- Adjud. Pe toate aceste rute se circul\u0103 cu restric\u0163ii de vitez\u0103. Sursa RTV.net<\/p>\n<p>\u00a0<\/p>\n<aside class=\"mashsb-container mashsb-main \">\n<div class=\"mashsb-box\">\n<div class=\"mashsb-count mash-medium\">\n<div class=\"counts mashsbcount\">3<\/div>\n<p><span class=\"mashsb-sharetext\">SHARES<\/span><\/div>\n<div class=\"mashsb-buttons\"><a class=\"mashicon-facebook mash-medium mashsb-noshadow\" href=\"https:\/\/www.facebook.com\/sharer.php?u=http%3A%2F%2Fwww.ziaruldevaslui.ro%2Fcalatoresti-astazi-spre-bucuresti-atentie-intarzieri-de-peste-doua-ore%2F\" target=\"_top\" rel=\"nofollow\"><span class=\"text\">Share\u00a0pe\u00a0facebook<\/span><\/a><a class=\"mashicon-twitter mash-medium mashsb-noshadow\" href=\"https:\/\/twitter.com\/intent\/tweet?text=C%C4%83l%C4%83tore%C8%99ti%20ast%C4%83zi%20spre%20Bucure%C8%99ti%3F%20Aten%C8%9Bie%2C%20%C3%AEnt%C3%A2rzieri%20de%20peste%20doua%20ore&amp;url=http:\/\/www.ziaruldevaslui.ro\/?p=8215\" target=\"_top\" rel=\"nofollow\"><span class=\"text\">Share\u00a0pe\u00a0twitter<\/span><\/a><\/div>\n<\/div>\n<\/aside>\n<\/div>\n<\/div>\n<\/article>\n<div class=\"article-content clearfix\">\n<div class=\"above-entry-meta\"><span class=\"cat-links\"><a href=\"http:\/\/www.ziaruldevaslui.ro\/local\/\" rel=\"category tag\">Local<\/a>\u00a0<a href=\"http:\/\/www.ziaruldevaslui.ro\/national\/\" rel=\"category tag\">Na\u021bional<\/a>\u00a0<a href=\"http:\/\/www.ziaruldevaslui.ro\/recomandate\/\" rel=\"category tag\">RECOMANDATE<\/a>\u00a0<\/span><\/div>\n<header class=\"entry-header\">\n<h1 class=\"entry-title\">\n\t\t\t\tC\u0103l\u0103tore\u0219ti ast\u0103zi spre Bucure\u0219ti? Aten\u021bie, \u00eent\u00e2rzieri de peste doua ore\t\t\t<\/h1>\n<\/header>\n<div class=\"below-entry-meta\"><span class=\"posted-on\"><a href=\"http:\/\/www.ziaruldevaslui.ro\/calatoresti-astazi-spre-bucuresti-atentie-intarzieri-de-peste-doua-ore\/\" title=\"12:31\" rel=\"bookmark\"><time class=\"entry-date published updated\" datetime=\"2016-08-24T12:31:55+02:00\">24 august 2016<\/time><\/a><\/span><span class=\"byline\"><span class=\"author vcard\"><a class=\"url fn n\" href=\"http:\/\/www.ziaruldevaslui.ro\/author\/admin\/\" title=\"Ziarul de Vaslui\"><br \/>\n\t\t\t\t\t\tZiarul de Vaslui\t\t\t\t\t<\/a><\/span><\/span><span class=\"comments\"><a href=\"http:\/\/www.ziaruldevaslui.ro\/calatoresti-astazi-spre-bucuresti-atentie-intarzieri-de-peste-doua-ore\/#respond\"> Niciun comentariu<\/a><\/span><span class=\"tag-links\"><a href=\"http:\/\/www.ziaruldevaslui.ro\/tag\/cfr\/\" rel=\"tag\">cfr<\/a>, <a href=\"http:\/\/www.ziaruldevaslui.ro\/tag\/iasi\/\" rel=\"tag\">iasi<\/a>, <a href=\"http:\/\/www.ziaruldevaslui.ro\/tag\/intarzieri\/\" rel=\"tag\">intarzieri<\/a>, <a href=\"http:\/\/www.ziaruldevaslui.ro\/tag\/mersul-trenurilor\/\" rel=\"tag\">mersul trenurilor<\/a>, <a href=\"http:\/\/www.ziaruldevaslui.ro\/tag\/ramnicul-sarat\/\" rel=\"tag\">ramnicul sarat<\/a>, <a href=\"http:\/\/www.ziaruldevaslui.ro\/tag\/suceava\/\" rel=\"tag\">suceava<\/a>, <a href=\"http:\/\/www.ziaruldevaslui.ro\/tag\/tren\/\" rel=\"tag\">tren<\/a>, <a href=\"http:\/\/www.ziaruldevaslui.ro\/tag\/vaslui\/\" rel=\"tag\">Vaslui<\/a><\/span><\/div>\n<div class=\"entry-content clearfix\">\n<p>Inunda\u0163iile au dat peste cap circula\u0163ia feroviar\u0103. Trenurile care merg spre Moldova sau spre Capital\u0103 au \u00eent\u00e2rzieri de peste dou\u0103 ore. Asta dup\u0103 ce traficul a fost complet blocat \u00eentre R\u00e2mnicu S\u0103rat \u015fi Foc\u015fani din cauza puhoaielor de ap\u0103.<\/p>\n<p>Din cauza inunda\u0163iilor, traficul feroviar a fost \u00eentrerupt \u00eentre Foc\u015fani \u015fi R\u00e2mnicu S\u0103rat. Trenurile care circul\u0103 spre Moldova sau spre Bucure\u015fti au \u00eent\u00e2rzieri de cel pu\u0163in dou\u0103 ore. Miercuri diminea\u0163\u0103 trenurile spre Buz\u0103u, Com\u0103ne\u015fti, Ploie\u015fti sau Suceava aveau\u00a0 \u00eent\u00e2rzieri cuprinse \u00eentre 30 de minute \u015fi 120 de minute.<\/p>\n<p>Prin urmare, cei peste 600 de pasageri din trenurile afectate vor ajunge mult mai t\u00e2rziu la destina\u0163ii.\u00a0 Sunt afecta\u0163i cei care circul\u0103 pe rutele Ia\u015fi-Bucure\u015fti, Vatra Dornei-Bucure\u015fti, M\u0103r\u0103\u015fe\u015fti Ploie\u015fti \u015fi Buz\u0103u- Adjud. Pe toate aceste rute se circul\u0103 cu restric\u0163ii de vitez\u0103. Sursa RTV.net<\/p>\n<p>\u00a0<\/p>\n<aside class=\"mashsb-container mashsb-main \">\n<div class=\"mashsb-box\">\n<div class=\"mashsb-count mash-medium\">\n<div class=\"counts mashsbcount\">3<\/div>\n<p><span class=\"mashsb-sharetext\">SHARES<\/span><\/div>\n<div class=\"mashsb-buttons\"><a class=\"mashicon-facebook mash-medium mashsb-noshadow\" href=\"https:\/\/www.facebook.com\/sharer.php?u=http%3A%2F%2Fwww.ziaruldevaslui.ro%2Fcalatoresti-astazi-spre-bucuresti-atentie-intarzieri-de-peste-doua-ore%2F\" target=\"_top\" rel=\"nofollow\"><span class=\"text\">Share\u00a0pe\u00a0facebook<\/span><\/a><a class=\"mashicon-twitter mash-medium mashsb-noshadow\" href=\"https:\/\/twitter.com\/intent\/tweet?text=C%C4%83l%C4%83tore%C8%99ti%20ast%C4%83zi%20spre%20Bucure%C8%99ti%3F%20Aten%C8%9Bie%2C%20%C3%AEnt%C3%A2rzieri%20de%20peste%20doua%20ore&amp;url=http:\/\/www.ziaruldevaslui.ro\/?p=8215\" target=\"_top\" rel=\"nofollow\"><span class=\"text\">Share\u00a0pe\u00a0twitter<\/span><\/a><\/div>\n<\/div>\n<\/aside>\n<\/div>\n<\/div>\n<div class=\"entry-content clearfix\">\n<p>Inunda\u0163iile au dat peste cap circula\u0163ia feroviar\u0103. Trenurile care merg spre Moldova sau spre Capital\u0103 au \u00eent\u00e2rzieri de peste dou\u0103 ore. Asta dup\u0103 ce traficul a fost complet blocat \u00eentre R\u00e2mnicu S\u0103rat \u015fi Foc\u015fani din cauza puhoaielor de ap\u0103.<\/p>\n<p>Din cauza inunda\u0163iilor, traficul feroviar a fost \u00eentrerupt \u00eentre Foc\u015fani \u015fi R\u00e2mnicu S\u0103rat. Trenurile care circul\u0103 spre Moldova sau spre Bucure\u015fti au \u00eent\u00e2rzieri de cel pu\u0163in dou\u0103 ore. Miercuri diminea\u0163\u0103 trenurile spre Buz\u0103u, Com\u0103ne\u015fti, Ploie\u015fti sau Suceava aveau\u00a0 \u00eent\u00e2rzieri cuprinse \u00eentre 30 de minute \u015fi 120 de minute.<\/p>\n<p>Prin urmare, cei peste 600 de pasageri din trenurile afectate vor ajunge mult mai t\u00e2rziu la destina\u0163ii.\u00a0 Sunt afecta\u0163i cei care circul\u0103 pe rutele Ia\u015fi-Bucure\u015fti, Vatra Dornei-Bucure\u015fti, M\u0103r\u0103\u015fe\u015fti Ploie\u015fti \u015fi Buz\u0103u- Adjud. Pe toate aceste rute se circul\u0103 cu restric\u0163ii de vitez\u0103. Sursa RTV.net<\/p>\n<p>\u00a0<\/p>\n<aside class=\"mashsb-container mashsb-main \">\n<div class=\"mashsb-box\">\n<div class=\"mashsb-count mash-medium\">\n<div class=\"counts mashsbcount\">3<\/div>\n<p><span class=\"mashsb-sharetext\">SHARES<\/span><\/div>\n<div class=\"mashsb-buttons\"><a class=\"mashicon-facebook mash-medium mashsb-noshadow\" href=\"https:\/\/www.facebook.com\/sharer.php?u=http%3A%2F%2Fwww.ziaruldevaslui.ro%2Fcalatoresti-astazi-spre-bucuresti-atentie-intarzieri-de-peste-doua-ore%2F\" target=\"_top\" rel=\"nofollow\"><span class=\"text\">Share\u00a0pe\u00a0facebook<\/span><\/a><a class=\"mashicon-twitter mash-medium mashsb-noshadow\" href=\"https:\/\/twitter.com\/intent\/tweet?text=C%C4%83l%C4%83tore%C8%99ti%20ast%C4%83zi%20spre%20Bucure%C8%99ti%3F%20Aten%C8%9Bie%2C%20%C3%AEnt%C3%A2rzieri%20de%20peste%20doua%20ore&amp;url=http:\/\/www.ziaruldevaslui.ro\/?p=8215\" target=\"_top\" rel=\"nofollow\"><span class=\"text\">Share\u00a0pe\u00a0twitter<\/span><\/a><\/div>\n<\/div>\n<\/aside>\n<\/div>\n<div class=\"article-content\">\n<h3 class=\"entry-title\"><a href=\"http:\/\/www.ziaruldevaslui.ro\/anunt-dezbatere-publica-2\/\" rel=\"bookmark\" title=\"ANUN\u0162 DEZBATERE PUBLIC\u0102\"><br \/>\n\t\t\t\t\t\t\t\tANUN\u0162 DEZBATERE PUBLIC\u0102\t\t\t\t\t\t\t<\/a><\/h3>\n<div class=\"below-entry-meta\"><span class=\"posted-on\"><a href=\"http:\/\/www.ziaruldevaslui.ro\/anunt-dezbatere-publica-2\/\" title=\"00:03\" rel=\"bookmark\"><time class=\"entry-date published\" datetime=\"2016-11-29T00:03:00+02:00\">29 noiembrie 2016<\/time><time class=\"updated\" datetime=\"2016-11-29T00:03:35+02:00\">29 noiembrie 2016<\/time><\/a><\/span><span class=\"byline\"><span class=\"author vcard\"><a class=\"url fn n\" href=\"http:\/\/www.ziaruldevaslui.ro\/author\/admin\/\" title=\"Ziarul de Vaslui\"><br \/>\n\t\t\t\t\t\tZiarul de Vaslui\t\t\t\t\t<\/a><\/span><\/span><span class=\"comments\"><a href=\"http:\/\/www.ziaruldevaslui.ro\/anunt-dezbatere-publica-2\/#respond\">0<\/a><\/span><\/div>\n<\/div>\n<div class=\"article-content\">\n<h3 class=\"entry-title\"><a href=\"http:\/\/www.ziaruldevaslui.ro\/pe-coclauri-vasluiene-lipovat-galerie-foto\/\" rel=\"bookmark\" title=\"Pe coclauri vasluiene: Lipov\u0103\u0163 (galerie foto)\"><br \/>\n\t\t\t\t\t\t\t\tPe coclauri vasluiene: Lipov\u0103\u0163 (galerie foto)\t\t\t\t\t\t\t<\/a><\/h3>\n<div class=\"below-entry-meta\"><span class=\"posted-on\"><a href=\"http:\/\/www.ziaruldevaslui.ro\/pe-coclauri-vasluiene-lipovat-galerie-foto\/\" title=\"18:41\" rel=\"bookmark\"><time class=\"entry-date published\" datetime=\"2017-06-14T18:41:31+02:00\">14 iunie 2017<\/time><time class=\"updated\" datetime=\"2017-06-15T20:20:20+02:00\">15 iunie 2017<\/time><\/a><\/span><span class=\"byline\"><span class=\"author vcard\"><a class=\"url fn n\" href=\"http:\/\/www.ziaruldevaslui.ro\/author\/mihaela-zarnescu\/\" title=\"Mihaela Z\u0103rnescu\"><br \/>\n\t\t\t\t\t\tMihaela Z\u0103rnescu\t\t\t\t\t<\/a><\/span><\/span><span class=\"comments\"><a href=\"http:\/\/www.ziaruldevaslui.ro\/pe-coclauri-vasluiene-lipovat-galerie-foto\/#comments\">1<\/a><\/span><\/div>\n<\/div>\n<div class=\"article-content\">\n<h3 class=\"entry-title\"><a href=\"http:\/\/www.ziaruldevaslui.ro\/alina-gorghiu-la-vaslui-intre-ardeal-si-moldova-este-un-decalaj-imens-rezultat-al-politicii-duse-de-ani-de-zile-de-psd\/\" rel=\"bookmark\" title=\"Alina Gorghiu la Vaslui: \u201c\u00centre Ardeal \u015fi Moldova este un decalaj imens, rezultat al  politicii duse de ani de zile de  PSD\u201d\"><br \/>\n\t\t\t\t\t\t\t\tAlina Gorghiu la Vaslui: \u201c\u00centre Ardeal \u015fi Moldova este un decalaj imens, rezultat al  politicii duse de ani de zile de  PSD\u201d\t\t\t\t\t\t\t<\/a><\/h3>\n<div class=\"below-entry-meta\"><span class=\"posted-on\"><a href=\"http:\/\/www.ziaruldevaslui.ro\/alina-gorghiu-la-vaslui-intre-ardeal-si-moldova-este-un-decalaj-imens-rezultat-al-politicii-duse-de-ani-de-zile-de-psd\/\" title=\"22:07\" rel=\"bookmark\"><time class=\"entry-date published\" datetime=\"2016-11-20T22:07:09+02:00\">20 noiembrie 2016<\/time><time class=\"updated\" datetime=\"2016-11-20T22:08:49+02:00\">20 noiembrie 2016<\/time><\/a><\/span><span class=\"byline\"><span class=\"author vcard\"><a class=\"url fn n\" href=\"http:\/\/www.ziaruldevaslui.ro\/author\/mihaela-zarnescu\/\" title=\"Mihaela Z\u0103rnescu\"><br \/>\n\t\t\t\t\t\tMihaela Z\u0103rnescu\t\t\t\t\t<\/a><\/span><\/span><span class=\"comments\"><a href=\"http:\/\/www.ziaruldevaslui.ro\/alina-gorghiu-la-vaslui-intre-ardeal-si-moldova-este-un-decalaj-imens-rezultat-al-politicii-duse-de-ani-de-zile-de-psd\/#respond\">0<\/a><\/span><\/div>\n<\/div>\n<div class=\"article-content\">\n<div class=\"above-entry-meta\"><span class=\"cat-links\"><a href=\"http:\/\/www.ziaruldevaslui.ro\/local\/\" rel=\"category tag\">Local<\/a>\u00a0<a href=\"http:\/\/www.ziaruldevaslui.ro\/tabloul-principal\/\" rel=\"category tag\">NOUT\u0102\u021aI<\/a>\u00a0<a href=\"http:\/\/www.ziaruldevaslui.ro\/opinii\/\" rel=\"category tag\">Opinii<\/a>\u00a0<\/span><\/div>\n<h3 class=\"entry-title\"><a href=\"http:\/\/www.ziaruldevaslui.ro\/stand-up-comedy-cu-ionel-sandu-de-la-aur-spatiile-pentru-copiii-cu-autism-sunt-bazaconii\/\" title=\"Stand Up Comedy cu Ionel Sandu, candidat AUR: spa\u021biile pentru copiii cu autism sunt \u201ebazaconii\u201d\"><br \/>\n\t\t\t\tStand Up Comedy cu Ionel Sandu, candidat AUR: spa\u021biile pentru copiii cu autism sunt \u201ebazaconii\u201d\t\t\t<\/a><\/h3>\n<div class=\"below-entry-meta\"><span class=\"posted-on\"><a href=\"http:\/\/www.ziaruldevaslui.ro\/stand-up-comedy-cu-ionel-sandu-de-la-aur-spatiile-pentru-copiii-cu-autism-sunt-bazaconii\/\" title=\"22:46\" rel=\"bookmark\"><time class=\"entry-date published\" datetime=\"2024-03-14T22:46:43+02:00\">14 martie 2024<\/time><time class=\"updated\" datetime=\"2024-03-15T08:54:58+02:00\">15 martie 2024<\/time><\/a><\/span><span class=\"byline\"><span class=\"author vcard\"><a class=\"url fn n\" href=\"http:\/\/www.ziaruldevaslui.ro\/author\/admin\/\" title=\"Ziarul de Vaslui\"><br \/>\n\t\t\t\t\tZiarul de Vaslui\t\t\t\t<\/a><\/span><\/span><\/div>\n<div class=\"entry-content\">\n<p>Ini\u021bial am crezut c\u0103 Ionel Sandu s-a apucat de Stand Up Comedy. Cu afacerile nu st\u0103 extraordinar, cu politica nici<\/p>\n<\/div>\n<\/div>\n<div class=\"entry-content\">\n<p>Ini\u021bial am crezut c\u0103 Ionel Sandu s-a apucat de Stand Up Comedy. Cu afacerile nu st\u0103 extraordinar, cu politica nici<\/p>\n<\/div>\n<div class=\"article-content\">\n<div class=\"above-entry-meta\"><span class=\"cat-links\"><a href=\"http:\/\/www.ziaruldevaslui.ro\/literatura\/\" rel=\"category tag\">Literatur\u0103<\/a>\u00a0<a href=\"http:\/\/www.ziaruldevaslui.ro\/magazin\/\" rel=\"category tag\">Magazin<\/a>\u00a0<a href=\"http:\/\/www.ziaruldevaslui.ro\/opinii\/\" rel=\"category tag\">Opinii<\/a>\u00a0<\/span><\/div>\n<h3 class=\"entry-title\"><a href=\"http:\/\/www.ziaruldevaslui.ro\/pledoarie-pentru-o-carte-pe-zi\/\" title=\"Pledoarie pentru \u2026 o carte pe zi\"><br \/>\n\t\t\t\tPledoarie pentru \u2026 o carte pe zi\t\t\t<\/a><\/h3>\n<div class=\"below-entry-meta\"><span class=\"posted-on\"><a href=\"http:\/\/www.ziaruldevaslui.ro\/pledoarie-pentru-o-carte-pe-zi\/\" title=\"09:48\" rel=\"bookmark\"><time class=\"entry-date published\" datetime=\"2021-11-13T09:48:23+02:00\">13 noiembrie 2021<\/time><time class=\"updated\" datetime=\"2022-05-04T20:22:06+02:00\">4 mai 2022<\/time><\/a><\/span><span class=\"byline\"><span class=\"author vcard\"><a class=\"url fn n\" href=\"http:\/\/www.ziaruldevaslui.ro\/author\/admin\/\" title=\"Ziarul de Vaslui\"><br \/>\n\t\t\t\t\tZiarul de Vaslui\t\t\t\t<\/a><\/span><\/span><\/div>\n<\/div>\n<div class=\"article-content\">\n<div class=\"above-entry-meta\"><span class=\"cat-links\"><a href=\"http:\/\/www.ziaruldevaslui.ro\/local\/\" rel=\"category tag\">Local<\/a>\u00a0<a href=\"http:\/\/www.ziaruldevaslui.ro\/tabloul-principal\/\" rel=\"category tag\">NOUT\u0102\u021aI<\/a>\u00a0<a href=\"http:\/\/www.ziaruldevaslui.ro\/oameni-si-locuri\/\" rel=\"category tag\">Oameni si locuri<\/a>\u00a0<a href=\"http:\/\/www.ziaruldevaslui.ro\/opinii\/\" rel=\"category tag\">Opinii<\/a>\u00a0<\/span><\/div>\n<h3 class=\"entry-title\"><a href=\"http:\/\/www.ziaruldevaslui.ro\/vasluianca-madalina-tudorache-admisa-ca-doctorand-la-oxford-interviu\/\" title=\"Vasluianca M\u0103d\u0103lina Tudorache, admis\u0103 ca doctorand la Oxford\"><br \/>\n\t\t\t\tVasluianca M\u0103d\u0103lina Tudorache, admis\u0103 ca doctorand la Oxford\t\t\t<\/a><\/h3>\n<div class=\"below-entry-meta\"><span class=\"posted-on\"><a href=\"http:\/\/www.ziaruldevaslui.ro\/vasluianca-madalina-tudorache-admisa-ca-doctorand-la-oxford-interviu\/\" title=\"09:24\" rel=\"bookmark\"><time class=\"entry-date published\" datetime=\"2020-07-21T09:24:55+02:00\">21 iulie 2020<\/time><time class=\"updated\" datetime=\"2021-12-15T08:32:02+02:00\">15 decembrie 2021<\/time><\/a><\/span><span class=\"byline\"><span class=\"author vcard\"><a class=\"url fn n\" href=\"http:\/\/www.ziaruldevaslui.ro\/author\/admin\/\" title=\"Ziarul de Vaslui\"><br \/>\n\t\t\t\t\tZiarul de Vaslui\t\t\t\t<\/a><\/span><\/span><\/div>\n<\/div>\n<div class=\"article-content\">\n<div class=\"above-entry-meta\"><span class=\"cat-links\"><a href=\"http:\/\/www.ziaruldevaslui.ro\/local\/\" rel=\"category tag\">Local<\/a>\u00a0<a href=\"http:\/\/www.ziaruldevaslui.ro\/tabloul-principal\/\" rel=\"category tag\">NOUT\u0102\u021aI<\/a>\u00a0<a href=\"http:\/\/www.ziaruldevaslui.ro\/oameni-si-locuri\/\" rel=\"category tag\">Oameni si locuri<\/a>\u00a0<a href=\"http:\/\/www.ziaruldevaslui.ro\/opinii\/\" rel=\"category tag\">Opinii<\/a>\u00a0<\/span><\/div>\n<h3 class=\"entry-title\"><a href=\"http:\/\/www.ziaruldevaslui.ro\/manifestul-unui-eleve-de-clasa-a-12-a-din-vaslui-cel-mai-mare-vis-al-nostru-era-sa-imbracam-roba\/\" title=\"Manifestul unei eleve de clasa a 12-a din Vaslui: \u201eCel mai mare vis al nostru era s\u0103 \u00eembr\u0103c\u0103m roba\u201d\"><br \/>\n\t\t\t\tManifestul unei eleve de clasa a 12-a din Vaslui: \u201eCel mai mare vis al nostru era s\u0103 \u00eembr\u0103c\u0103m roba\u201d\t\t\t<\/a><\/h3>\n<div class=\"below-entry-meta\"><span class=\"posted-on\"><a href=\"http:\/\/www.ziaruldevaslui.ro\/manifestul-unui-eleve-de-clasa-a-12-a-din-vaslui-cel-mai-mare-vis-al-nostru-era-sa-imbracam-roba\/\" title=\"21:33\" rel=\"bookmark\"><time class=\"entry-date published\" datetime=\"2020-05-02T21:33:04+02:00\">2 mai 2020<\/time><time class=\"updated\" datetime=\"2020-05-03T18:03:27+02:00\">3 mai 2020<\/time><\/a><\/span><span class=\"byline\"><span class=\"author vcard\"><a class=\"url fn n\" href=\"http:\/\/www.ziaruldevaslui.ro\/author\/admin\/\" title=\"Ziarul de Vaslui\"><br \/>\n\t\t\t\t\tZiarul de Vaslui\t\t\t\t<\/a><\/span><\/span><\/div>\n<\/div>\n<p> Source URL: http:\/\/www.ziaruldevaslui.ro\/calatoresti-astazi-spre-bucuresti-atentie-intarzieri-de-peste-doua-ore\/<\/p>\n","protected":false},"excerpt":{"rendered":"<p>Local\u00a0Na\u021bional\u00a0RECOMANDATE\u00a0 C\u0103l\u0103tore\u0219ti ast\u0103zi spre Bucure\u0219ti? Aten\u021bie, \u00eent\u00e2rzieri de peste doua ore 24 august 2016 Ziarul de Vaslui Niciun comentariucfr, iasi, intarzieri, mersul trenurilor, ramnicul sarat, suceava, tren, Vaslui Inunda\u0163iile au dat peste cap circula\u0163ia feroviar\u0103. Trenurile care merg spre Moldova sau spre Capital\u0103 au \u00eent\u00e2rzieri de peste dou\u0103 ore. Asta dup\u0103 ce traficul a fost [&hellip;]<\/p>\n","protected":false},"author":1,"featured_media":1503676,"comment_status":"open","ping_status":"","sticky":false,"template":"","format":"standard","meta":{"footnotes":""},"categories":[89],"tags":[218],"class_list":["post-1503674","post","type-post","status-publish","format-standard","has-post-thumbnail","hentry","category-romania","tag-ziaruldevaslui-ro"],"_links":{"self":[{"href":"https:\/\/analyse.optim.biz\/index.php?rest_route=\/wp\/v2\/posts\/1503674","targetHints":{"allow":["GET"]}}],"collection":[{"href":"https:\/\/analyse.optim.biz\/index.php?rest_route=\/wp\/v2\/posts"}],"about":[{"href":"https:\/\/analyse.optim.biz\/index.php?rest_route=\/wp\/v2\/types\/post"}],"author":[{"embeddable":true,"href":"https:\/\/analyse.optim.biz\/index.php?rest_route=\/wp\/v2\/users\/1"}],"replies":[{"embeddable":true,"href":"https:\/\/analyse.optim.biz\/index.php?rest_route=%2Fwp%2Fv2%2Fcomments&post=1503674"}],"version-history":[{"count":0,"href":"https:\/\/analyse.optim.biz\/index.php?rest_route=\/wp\/v2\/posts\/1503674\/revisions"}],"wp:featuredmedia":[{"embeddable":true,"href":"https:\/\/analyse.optim.biz\/index.php?rest_route=\/wp\/v2\/media\/1503676"}],"wp:attachment":[{"href":"https:\/\/analyse.optim.biz\/index.php?rest_route=%2Fwp%2Fv2%2Fmedia&parent=1503674"}],"wp:term":[{"taxonomy":"category","embeddable":true,"href":"https:\/\/analyse.optim.biz\/index.php?rest_route=%2Fwp%2Fv2%2Fcategories&post=1503674"},{"taxonomy":"post_tag","embeddable":true,"href":"https:\/\/analyse.optim.biz\/index.php?rest_route=%2Fwp%2Fv2%2Ftags&post=1503674"}],"curies":[{"name":"wp","href":"https:\/\/api.w.org\/{rel}","templated":true}]}}