{"id":1503654,"date":"2016-08-24T18:52:36","date_gmt":"2016-08-24T15:52:36","guid":{"rendered":"https:\/\/analyse.optim.biz\/?p=1503654"},"modified":"2016-08-24T18:52:36","modified_gmt":"2016-08-24T15:52:36","slug":"structura-noului-an-scolar-cursurile-incep-pe-12-septembrie","status":"publish","type":"post","link":"https:\/\/analyse.optim.biz\/?p=1503654","title":{"rendered":"Structura noului an \u0219colar: cursurile \u00eencep pe 12 septembrie"},"content":{"rendered":"<article id=\"post-8218\" class=\"post-8218 post type-post status-publish format-standard has-post-thumbnail hentry category-national category-recomandate tag-2016-2017 tag-an-scolar tag-scoala tag-septembrie tag-structura tag-toamna\">\n<div class=\"featured-image\"><a href=\"https:\/\/analyse.optim.biz\/wp-content\/uploads\/2026\/01\/elevi-inceput-de-an.jpg\" class=\"image-popup\"><img decoding=\"async\" width=\"800\" height=\"445\" src=\"https:\/\/analyse.optim.biz\/wp-content\/uploads\/2026\/01\/elevi-inceput-de-an-800x445-1.jpg\" class=\"attachment-colormag-featured-image size-colormag-featured-image wp-post-image\" loading=\"lazy\" title=\"elevi-inceput-de-an-800x445-1\"><\/a><\/div>\n<div class=\"article-content clearfix\">\n<div class=\"above-entry-meta\"><span class=\"cat-links\"><a href=\"http:\/\/www.ziaruldevaslui.ro\/national\/\" rel=\"category tag\">Na\u021bional<\/a>\u00a0<a href=\"http:\/\/www.ziaruldevaslui.ro\/recomandate\/\" rel=\"category tag\">RECOMANDATE<\/a>\u00a0<\/span><\/div>\n<header class=\"entry-header\">\n<h1 class=\"entry-title\">\n\t\t\t\tStructura noului an \u0219colar: cursurile \u00eencep pe 12 septembrie\t\t\t<\/h1>\n<\/header>\n<div class=\"below-entry-meta\"><span class=\"posted-on\"><a href=\"http:\/\/www.ziaruldevaslui.ro\/structura-noului-an-scolar-cursurile-incep-pe-12-septembrie\/\" title=\"20:52\" rel=\"bookmark\"><time class=\"entry-date published updated\" datetime=\"2016-08-24T20:52:36+02:00\">24 august 2016<\/time><\/a><\/span><span class=\"byline\"><span class=\"author vcard\"><a class=\"url fn n\" href=\"http:\/\/www.ziaruldevaslui.ro\/author\/admin\/\" title=\"Ziarul de Vaslui\"><br \/>\n\t\t\t\t\t\tZiarul de Vaslui\t\t\t\t\t<\/a><\/span><\/span><span class=\"comments\"><a href=\"http:\/\/www.ziaruldevaslui.ro\/structura-noului-an-scolar-cursurile-incep-pe-12-septembrie\/#respond\"> Niciun comentariu<\/a><\/span><span class=\"tag-links\"><a href=\"http:\/\/www.ziaruldevaslui.ro\/tag\/2016-2017\/\" rel=\"tag\">2016-2017<\/a>, <a href=\"http:\/\/www.ziaruldevaslui.ro\/tag\/an-scolar\/\" rel=\"tag\">an scolar<\/a>, <a href=\"http:\/\/www.ziaruldevaslui.ro\/tag\/scoala\/\" rel=\"tag\">scoala<\/a>, <a href=\"http:\/\/www.ziaruldevaslui.ro\/tag\/septembrie\/\" rel=\"tag\">septembrie<\/a>, <a href=\"http:\/\/www.ziaruldevaslui.ro\/tag\/structura\/\" rel=\"tag\">structura<\/a>, <a href=\"http:\/\/www.ziaruldevaslui.ro\/tag\/toamna\/\" rel=\"tag\">toamna<\/a><\/span><\/div>\n<div class=\"entry-content clearfix\">\n<p><strong>Anul \u0219colar 2016 \u2013 2017 \u00eencepe pe 12 septembrie, cu festivitatea de deschidere, iar programul \u201d\u0218coala altfel\u201d se \u00eentinde pe durata a 5 zile lucr\u0103toare, \u00een perioada cursurilor, a precizat miercuri purt\u0103torul de cuv\u00e2nt al Ministerului Educa\u021biei Na\u021bionale \u0219i Cercet\u0103rii \u0218tiin\u021bifice, Mirabela Amarandei.<\/strong><\/p>\n<p>\u201eAm constatat c\u0103, \u00een ultima vreme, circula \u00een online diverse forme de structur\u0103 a anului \u0219colar 2016 \u2014 2017. Cele mai multe preiau forma ini\u021bial\u0103 a structurii propuse \u00een dezbatere, anun\u021b\u00e2nd-o ca decis\u0103 prin ordin de ministru. Ceea ce este neadev\u0103rat. A\u0219a \u00eenc\u00e2t precizez: cursurile \u00eencep pe 12 septembrie, cu festivitatea de deschidere a anului \u0219colar, iar programul \u2018\u0218coala altfel\u2019 se \u00eentinde pe durata a 5 zile lucr\u0103toare, \u00een perioada cursurilor\u201d, a spus Amarandei.<\/p>\n<p>Potrivit ordinului de ministru, anul \u0219colar 2016 \u2014 2017 are 35 de s\u0103pt\u0103m\u00e2ni de cursuri, \u00eensum\u00e2nd 169 de zile lucr\u0103toare, \u0219i se structureaz\u0103 \u00een dou\u0103 semestre: semestrul I (12 septembrie 2016 \u2014 3 februarie 2017) \u0219i semestrul al II-lea (13 februarie 2017 \u2014 16 iunie 2017).<\/p>\n<p>Vacan\u021bele elevilor sunt programate astfel: vacan\u021ba de iarn\u0103 (24 decembrie 2016 \u2014 8 ianuarie 2017), vacan\u021ba intersemestrial\u0103 (4 \u2014 12 februarie 2017), vacan\u021ba de prim\u0103var\u0103 (19 \u2014 30 aprilie 2017) \u0219i vacan\u021ba de var\u0103 (17 iunie \u2014 10 septembrie 2017).<\/p>\n<p>De asemenea, \u00een s\u0103pt\u0103m\u00e2na 29 octombrie \u2014 6 noiembrie 2016, clasele din \u00eenv\u0103\u021b\u0103m\u00e2ntul primar \u0219i grupele din \u00eenv\u0103\u021b\u0103m\u00e2ntul pre\u0219colar sunt \u00een vacan\u021b\u0103. Pentru clasele terminale din \u00eenv\u0103\u021b\u0103m\u00e2ntul liceal, anul \u0219colar se \u00eencheie \u00een data de 26 mai 2017, iar pentru clasa a VIII-a \u2014 pe 9 iunie 2017.<\/p>\n<p>Programul na\u021bional \u201d\u0218coala altfel\u201d are o durat\u0103 de 5 zile consecutive lucr\u0103toare \u00een timpul anului \u0219colar \u0219i poate fi derulat pe baza unei planific\u0103ri ce r\u0103m\u00e2ne la decizia \u0219colilor.<\/p>\n<p>Astfel, \u00een func\u021bie de ciclurile de \u00eenv\u0103\u021b\u0103m\u00e2nt \u0219colarizate, unit\u0103\u021bile de \u00eenv\u0103\u021b\u0103m\u00e2nt pot opta pentru unul dintre urm\u0103toarele segmente: 21 noiembrie \u2014 2 decembrie 2016, 27 februarie \u2014 31 martie 2017 \u0219i 15 mai \u2014 9 iunie 2017 (\u00eenv\u0103\u021b\u0103m\u00e2ntul pre\u0219colar \u0219i primar), respectiv 17 octombrie \u2014 2 decembrie 2016, 27 februarie \u2014 31 martie 2017 \u0219i 15 mai \u2014 9 iunie 2017 (\u00eenv\u0103\u021b\u0103m\u00e2ntul gimnazial, liceal, profesional \u0219i postliceal).<\/p>\n<p>\u201eIntervalul aferent programului \u2018\u0218coala altfel\u2019 nu coincide cu perioada \u00een care se sus\u021bin tezele semestriale. Acestea vor avea loc, de regul\u0103, la finalul semestrelor, dup\u0103 parcurgerea programei \u0219colare cu cel pu\u021bin trei s\u0103pt\u0103m\u00e2ni \u00eenainte de finalul semestrului. Etapele na\u021bionale ale olimpiadelor \u0219colare se organizeaz\u0103, de regul\u0103, \u00een perioada vacan\u021bei de prim\u0103var\u0103, potrivit calendarului olimpiadelor na\u021bionale \u0219colare\u201d, se men\u021bioneaz\u0103 \u00een ordin. Agerpres<\/p>\n<aside class=\"mashsb-container mashsb-main \">\n<div class=\"mashsb-box\">\n<div class=\"mashsb-count mash-medium\">\n<div class=\"counts mashsbcount\">18<\/div>\n<p><span class=\"mashsb-sharetext\">SHARES<\/span><\/div>\n<div class=\"mashsb-buttons\"><a class=\"mashicon-facebook mash-medium mashsb-noshadow\" href=\"https:\/\/www.facebook.com\/sharer.php?u=http%3A%2F%2Fwww.ziaruldevaslui.ro%2Fstructura-noului-an-scolar-cursurile-incep-pe-12-septembrie%2F\" target=\"_top\" rel=\"nofollow\"><span class=\"text\">Share\u00a0pe\u00a0facebook<\/span><\/a><a class=\"mashicon-twitter mash-medium mashsb-noshadow\" href=\"https:\/\/twitter.com\/intent\/tweet?text=Structura%20noului%20an%20%C8%99colar%3A%20cursurile%20%C3%AEncep%20pe%2012%20septembrie&amp;url=http:\/\/www.ziaruldevaslui.ro\/?p=8218\" target=\"_top\" rel=\"nofollow\"><span class=\"text\">Share\u00a0pe\u00a0twitter<\/span><\/a><\/div>\n<\/div>\n<\/aside>\n<\/div>\n<\/div>\n<\/article>\n<div class=\"article-content clearfix\">\n<div class=\"above-entry-meta\"><span class=\"cat-links\"><a href=\"http:\/\/www.ziaruldevaslui.ro\/national\/\" rel=\"category tag\">Na\u021bional<\/a>\u00a0<a href=\"http:\/\/www.ziaruldevaslui.ro\/recomandate\/\" rel=\"category tag\">RECOMANDATE<\/a>\u00a0<\/span><\/div>\n<header class=\"entry-header\">\n<h1 class=\"entry-title\">\n\t\t\t\tStructura noului an \u0219colar: cursurile \u00eencep pe 12 septembrie\t\t\t<\/h1>\n<\/header>\n<div class=\"below-entry-meta\"><span class=\"posted-on\"><a href=\"http:\/\/www.ziaruldevaslui.ro\/structura-noului-an-scolar-cursurile-incep-pe-12-septembrie\/\" title=\"20:52\" rel=\"bookmark\"><time class=\"entry-date published updated\" datetime=\"2016-08-24T20:52:36+02:00\">24 august 2016<\/time><\/a><\/span><span class=\"byline\"><span class=\"author vcard\"><a class=\"url fn n\" href=\"http:\/\/www.ziaruldevaslui.ro\/author\/admin\/\" title=\"Ziarul de Vaslui\"><br \/>\n\t\t\t\t\t\tZiarul de Vaslui\t\t\t\t\t<\/a><\/span><\/span><span class=\"comments\"><a href=\"http:\/\/www.ziaruldevaslui.ro\/structura-noului-an-scolar-cursurile-incep-pe-12-septembrie\/#respond\"> Niciun comentariu<\/a><\/span><span class=\"tag-links\"><a href=\"http:\/\/www.ziaruldevaslui.ro\/tag\/2016-2017\/\" rel=\"tag\">2016-2017<\/a>, <a href=\"http:\/\/www.ziaruldevaslui.ro\/tag\/an-scolar\/\" rel=\"tag\">an scolar<\/a>, <a href=\"http:\/\/www.ziaruldevaslui.ro\/tag\/scoala\/\" rel=\"tag\">scoala<\/a>, <a href=\"http:\/\/www.ziaruldevaslui.ro\/tag\/septembrie\/\" rel=\"tag\">septembrie<\/a>, <a href=\"http:\/\/www.ziaruldevaslui.ro\/tag\/structura\/\" rel=\"tag\">structura<\/a>, <a href=\"http:\/\/www.ziaruldevaslui.ro\/tag\/toamna\/\" rel=\"tag\">toamna<\/a><\/span><\/div>\n<div class=\"entry-content clearfix\">\n<p><strong>Anul \u0219colar 2016 \u2013 2017 \u00eencepe pe 12 septembrie, cu festivitatea de deschidere, iar programul \u201d\u0218coala altfel\u201d se \u00eentinde pe durata a 5 zile lucr\u0103toare, \u00een perioada cursurilor, a precizat miercuri purt\u0103torul de cuv\u00e2nt al Ministerului Educa\u021biei Na\u021bionale \u0219i Cercet\u0103rii \u0218tiin\u021bifice, Mirabela Amarandei.<\/strong><\/p>\n<p>\u201eAm constatat c\u0103, \u00een ultima vreme, circula \u00een online diverse forme de structur\u0103 a anului \u0219colar 2016 \u2014 2017. Cele mai multe preiau forma ini\u021bial\u0103 a structurii propuse \u00een dezbatere, anun\u021b\u00e2nd-o ca decis\u0103 prin ordin de ministru. Ceea ce este neadev\u0103rat. A\u0219a \u00eenc\u00e2t precizez: cursurile \u00eencep pe 12 septembrie, cu festivitatea de deschidere a anului \u0219colar, iar programul \u2018\u0218coala altfel\u2019 se \u00eentinde pe durata a 5 zile lucr\u0103toare, \u00een perioada cursurilor\u201d, a spus Amarandei.<\/p>\n<p>Potrivit ordinului de ministru, anul \u0219colar 2016 \u2014 2017 are 35 de s\u0103pt\u0103m\u00e2ni de cursuri, \u00eensum\u00e2nd 169 de zile lucr\u0103toare, \u0219i se structureaz\u0103 \u00een dou\u0103 semestre: semestrul I (12 septembrie 2016 \u2014 3 februarie 2017) \u0219i semestrul al II-lea (13 februarie 2017 \u2014 16 iunie 2017).<\/p>\n<p>Vacan\u021bele elevilor sunt programate astfel: vacan\u021ba de iarn\u0103 (24 decembrie 2016 \u2014 8 ianuarie 2017), vacan\u021ba intersemestrial\u0103 (4 \u2014 12 februarie 2017), vacan\u021ba de prim\u0103var\u0103 (19 \u2014 30 aprilie 2017) \u0219i vacan\u021ba de var\u0103 (17 iunie \u2014 10 septembrie 2017).<\/p>\n<p>De asemenea, \u00een s\u0103pt\u0103m\u00e2na 29 octombrie \u2014 6 noiembrie 2016, clasele din \u00eenv\u0103\u021b\u0103m\u00e2ntul primar \u0219i grupele din \u00eenv\u0103\u021b\u0103m\u00e2ntul pre\u0219colar sunt \u00een vacan\u021b\u0103. Pentru clasele terminale din \u00eenv\u0103\u021b\u0103m\u00e2ntul liceal, anul \u0219colar se \u00eencheie \u00een data de 26 mai 2017, iar pentru clasa a VIII-a \u2014 pe 9 iunie 2017.<\/p>\n<p>Programul na\u021bional \u201d\u0218coala altfel\u201d are o durat\u0103 de 5 zile consecutive lucr\u0103toare \u00een timpul anului \u0219colar \u0219i poate fi derulat pe baza unei planific\u0103ri ce r\u0103m\u00e2ne la decizia \u0219colilor.<\/p>\n<p>Astfel, \u00een func\u021bie de ciclurile de \u00eenv\u0103\u021b\u0103m\u00e2nt \u0219colarizate, unit\u0103\u021bile de \u00eenv\u0103\u021b\u0103m\u00e2nt pot opta pentru unul dintre urm\u0103toarele segmente: 21 noiembrie \u2014 2 decembrie 2016, 27 februarie \u2014 31 martie 2017 \u0219i 15 mai \u2014 9 iunie 2017 (\u00eenv\u0103\u021b\u0103m\u00e2ntul pre\u0219colar \u0219i primar), respectiv 17 octombrie \u2014 2 decembrie 2016, 27 februarie \u2014 31 martie 2017 \u0219i 15 mai \u2014 9 iunie 2017 (\u00eenv\u0103\u021b\u0103m\u00e2ntul gimnazial, liceal, profesional \u0219i postliceal).<\/p>\n<p>\u201eIntervalul aferent programului \u2018\u0218coala altfel\u2019 nu coincide cu perioada \u00een care se sus\u021bin tezele semestriale. Acestea vor avea loc, de regul\u0103, la finalul semestrelor, dup\u0103 parcurgerea programei \u0219colare cu cel pu\u021bin trei s\u0103pt\u0103m\u00e2ni \u00eenainte de finalul semestrului. Etapele na\u021bionale ale olimpiadelor \u0219colare se organizeaz\u0103, de regul\u0103, \u00een perioada vacan\u021bei de prim\u0103var\u0103, potrivit calendarului olimpiadelor na\u021bionale \u0219colare\u201d, se men\u021bioneaz\u0103 \u00een ordin. Agerpres<\/p>\n<aside class=\"mashsb-container mashsb-main \">\n<div class=\"mashsb-box\">\n<div class=\"mashsb-count mash-medium\">\n<div class=\"counts mashsbcount\">18<\/div>\n<p><span class=\"mashsb-sharetext\">SHARES<\/span><\/div>\n<div class=\"mashsb-buttons\"><a class=\"mashicon-facebook mash-medium mashsb-noshadow\" href=\"https:\/\/www.facebook.com\/sharer.php?u=http%3A%2F%2Fwww.ziaruldevaslui.ro%2Fstructura-noului-an-scolar-cursurile-incep-pe-12-septembrie%2F\" target=\"_top\" rel=\"nofollow\"><span class=\"text\">Share\u00a0pe\u00a0facebook<\/span><\/a><a class=\"mashicon-twitter mash-medium mashsb-noshadow\" href=\"https:\/\/twitter.com\/intent\/tweet?text=Structura%20noului%20an%20%C8%99colar%3A%20cursurile%20%C3%AEncep%20pe%2012%20septembrie&amp;url=http:\/\/www.ziaruldevaslui.ro\/?p=8218\" target=\"_top\" rel=\"nofollow\"><span class=\"text\">Share\u00a0pe\u00a0twitter<\/span><\/a><\/div>\n<\/div>\n<\/aside>\n<\/div>\n<\/div>\n<div class=\"entry-content clearfix\">\n<p><strong>Anul \u0219colar 2016 \u2013 2017 \u00eencepe pe 12 septembrie, cu festivitatea de deschidere, iar programul \u201d\u0218coala altfel\u201d se \u00eentinde pe durata a 5 zile lucr\u0103toare, \u00een perioada cursurilor, a precizat miercuri purt\u0103torul de cuv\u00e2nt al Ministerului Educa\u021biei Na\u021bionale \u0219i Cercet\u0103rii \u0218tiin\u021bifice, Mirabela Amarandei.<\/strong><\/p>\n<p>\u201eAm constatat c\u0103, \u00een ultima vreme, circula \u00een online diverse forme de structur\u0103 a anului \u0219colar 2016 \u2014 2017. Cele mai multe preiau forma ini\u021bial\u0103 a structurii propuse \u00een dezbatere, anun\u021b\u00e2nd-o ca decis\u0103 prin ordin de ministru. Ceea ce este neadev\u0103rat. A\u0219a \u00eenc\u00e2t precizez: cursurile \u00eencep pe 12 septembrie, cu festivitatea de deschidere a anului \u0219colar, iar programul \u2018\u0218coala altfel\u2019 se \u00eentinde pe durata a 5 zile lucr\u0103toare, \u00een perioada cursurilor\u201d, a spus Amarandei.<\/p>\n<p>Potrivit ordinului de ministru, anul \u0219colar 2016 \u2014 2017 are 35 de s\u0103pt\u0103m\u00e2ni de cursuri, \u00eensum\u00e2nd 169 de zile lucr\u0103toare, \u0219i se structureaz\u0103 \u00een dou\u0103 semestre: semestrul I (12 septembrie 2016 \u2014 3 februarie 2017) \u0219i semestrul al II-lea (13 februarie 2017 \u2014 16 iunie 2017).<\/p>\n<p>Vacan\u021bele elevilor sunt programate astfel: vacan\u021ba de iarn\u0103 (24 decembrie 2016 \u2014 8 ianuarie 2017), vacan\u021ba intersemestrial\u0103 (4 \u2014 12 februarie 2017), vacan\u021ba de prim\u0103var\u0103 (19 \u2014 30 aprilie 2017) \u0219i vacan\u021ba de var\u0103 (17 iunie \u2014 10 septembrie 2017).<\/p>\n<p>De asemenea, \u00een s\u0103pt\u0103m\u00e2na 29 octombrie \u2014 6 noiembrie 2016, clasele din \u00eenv\u0103\u021b\u0103m\u00e2ntul primar \u0219i grupele din \u00eenv\u0103\u021b\u0103m\u00e2ntul pre\u0219colar sunt \u00een vacan\u021b\u0103. Pentru clasele terminale din \u00eenv\u0103\u021b\u0103m\u00e2ntul liceal, anul \u0219colar se \u00eencheie \u00een data de 26 mai 2017, iar pentru clasa a VIII-a \u2014 pe 9 iunie 2017.<\/p>\n<p>Programul na\u021bional \u201d\u0218coala altfel\u201d are o durat\u0103 de 5 zile consecutive lucr\u0103toare \u00een timpul anului \u0219colar \u0219i poate fi derulat pe baza unei planific\u0103ri ce r\u0103m\u00e2ne la decizia \u0219colilor.<\/p>\n<p>Astfel, \u00een func\u021bie de ciclurile de \u00eenv\u0103\u021b\u0103m\u00e2nt \u0219colarizate, unit\u0103\u021bile de \u00eenv\u0103\u021b\u0103m\u00e2nt pot opta pentru unul dintre urm\u0103toarele segmente: 21 noiembrie \u2014 2 decembrie 2016, 27 februarie \u2014 31 martie 2017 \u0219i 15 mai \u2014 9 iunie 2017 (\u00eenv\u0103\u021b\u0103m\u00e2ntul pre\u0219colar \u0219i primar), respectiv 17 octombrie \u2014 2 decembrie 2016, 27 februarie \u2014 31 martie 2017 \u0219i 15 mai \u2014 9 iunie 2017 (\u00eenv\u0103\u021b\u0103m\u00e2ntul gimnazial, liceal, profesional \u0219i postliceal).<\/p>\n<p>\u201eIntervalul aferent programului \u2018\u0218coala altfel\u2019 nu coincide cu perioada \u00een care se sus\u021bin tezele semestriale. Acestea vor avea loc, de regul\u0103, la finalul semestrelor, dup\u0103 parcurgerea programei \u0219colare cu cel pu\u021bin trei s\u0103pt\u0103m\u00e2ni \u00eenainte de finalul semestrului. Etapele na\u021bionale ale olimpiadelor \u0219colare se organizeaz\u0103, de regul\u0103, \u00een perioada vacan\u021bei de prim\u0103var\u0103, potrivit calendarului olimpiadelor na\u021bionale \u0219colare\u201d, se men\u021bioneaz\u0103 \u00een ordin. Agerpres<\/p>\n<aside class=\"mashsb-container mashsb-main \">\n<div class=\"mashsb-box\">\n<div class=\"mashsb-count mash-medium\">\n<div class=\"counts mashsbcount\">18<\/div>\n<p><span class=\"mashsb-sharetext\">SHARES<\/span><\/div>\n<div class=\"mashsb-buttons\"><a class=\"mashicon-facebook mash-medium mashsb-noshadow\" href=\"https:\/\/www.facebook.com\/sharer.php?u=http%3A%2F%2Fwww.ziaruldevaslui.ro%2Fstructura-noului-an-scolar-cursurile-incep-pe-12-septembrie%2F\" target=\"_top\" rel=\"nofollow\"><span class=\"text\">Share\u00a0pe\u00a0facebook<\/span><\/a><a class=\"mashicon-twitter mash-medium mashsb-noshadow\" href=\"https:\/\/twitter.com\/intent\/tweet?text=Structura%20noului%20an%20%C8%99colar%3A%20cursurile%20%C3%AEncep%20pe%2012%20septembrie&amp;url=http:\/\/www.ziaruldevaslui.ro\/?p=8218\" target=\"_top\" rel=\"nofollow\"><span class=\"text\">Share\u00a0pe\u00a0twitter<\/span><\/a><\/div>\n<\/div>\n<\/aside>\n<\/div>\n<div class=\"article-content\">\n<h3 class=\"entry-title\"><a href=\"http:\/\/www.ziaruldevaslui.ro\/condus-la-racoare-pentru-savarsirea-de-infractiuni-la-regimul-rutier\/\" rel=\"bookmark\" title=\"Condus la \u201er\u0103coare\u201d pentru s\u0103v\u00e2r\u0219irea de infrac\u021biuni la regimul rutier\"><br \/>\n\t\t\t\t\t\t\t\tCondus la \u201er\u0103coare\u201d pentru s\u0103v\u00e2r\u0219irea de infrac\u021biuni la regimul rutier\t\t\t\t\t\t\t<\/a><\/h3>\n<div class=\"below-entry-meta\"><span class=\"posted-on\"><a href=\"http:\/\/www.ziaruldevaslui.ro\/condus-la-racoare-pentru-savarsirea-de-infractiuni-la-regimul-rutier\/\" title=\"18:07\" rel=\"bookmark\"><time class=\"entry-date published\" datetime=\"2022-03-22T18:07:56+02:00\">22 martie 2022<\/time><time class=\"updated\" datetime=\"2022-03-22T18:07:58+02:00\">22 martie 2022<\/time><\/a><\/span><span class=\"byline\"><span class=\"author vcard\"><a class=\"url fn n\" href=\"http:\/\/www.ziaruldevaslui.ro\/author\/admin\/\" title=\"Ziarul de Vaslui\"><br \/>\n\t\t\t\t\t\tZiarul de Vaslui\t\t\t\t\t<\/a><\/span><\/span><\/div>\n<\/div>\n<div class=\"article-content\">\n<h3 class=\"entry-title\"><a href=\"http:\/\/www.ziaruldevaslui.ro\/avansari-in-grad-la-inspectoratul-pentru-situatii-de-urgenta\/\" rel=\"bookmark\" title=\"Avans\u0103ri \u00een grad la Inspectoratul pentru Situa\u0163ii de Urgen\u0163\u0103\"><br \/>\n\t\t\t\t\t\t\t\tAvans\u0103ri \u00een grad la Inspectoratul pentru Situa\u0163ii de Urgen\u0163\u0103\t\t\t\t\t\t\t<\/a><\/h3>\n<div class=\"below-entry-meta\"><span class=\"posted-on\"><a href=\"http:\/\/www.ziaruldevaslui.ro\/avansari-in-grad-la-inspectoratul-pentru-situatii-de-urgenta\/\" title=\"16:53\" rel=\"bookmark\"><time class=\"entry-date published updated\" datetime=\"2018-11-30T16:53:05+02:00\">30 noiembrie 2018<\/time><\/a><\/span><span class=\"byline\"><span class=\"author vcard\"><a class=\"url fn n\" href=\"http:\/\/www.ziaruldevaslui.ro\/author\/admin\/\" title=\"Ziarul de Vaslui\"><br \/>\n\t\t\t\t\t\tZiarul de Vaslui\t\t\t\t\t<\/a><\/span><\/span><\/div>\n<\/div>\n<div class=\"article-content\">\n<h3 class=\"entry-title\"><a href=\"http:\/\/www.ziaruldevaslui.ro\/numiri-noi-in-funtiile-de-conducere-ale-ipj-vaslui\/\" rel=\"bookmark\" title=\"Numiri noi \u00een fun\u021biile de conducere ale IPJ Vaslui\"><br \/>\n\t\t\t\t\t\t\t\tNumiri noi \u00een fun\u021biile de conducere ale IPJ Vaslui\t\t\t\t\t\t\t<\/a><\/h3>\n<div class=\"below-entry-meta\"><span class=\"posted-on\"><a href=\"http:\/\/www.ziaruldevaslui.ro\/numiri-noi-in-funtiile-de-conducere-ale-ipj-vaslui\/\" title=\"20:04\" rel=\"bookmark\"><time class=\"entry-date published updated\" datetime=\"2017-10-09T20:04:12+02:00\">9 octombrie 2017<\/time><\/a><\/span><span class=\"byline\"><span class=\"author vcard\"><a class=\"url fn n\" href=\"http:\/\/www.ziaruldevaslui.ro\/author\/rodan-mihai\/\" title=\"Mihai Rodan\"><br \/>\n\t\t\t\t\t\tMihai Rodan\t\t\t\t\t<\/a><\/span><\/span><span class=\"comments\"><a href=\"http:\/\/www.ziaruldevaslui.ro\/numiri-noi-in-funtiile-de-conducere-ale-ipj-vaslui\/#respond\">0<\/a><\/span><\/div>\n<\/div>\n<div class=\"article-content\">\n<div class=\"above-entry-meta\"><span class=\"cat-links\"><a href=\"http:\/\/www.ziaruldevaslui.ro\/local\/\" rel=\"category tag\">Local<\/a>\u00a0<a href=\"http:\/\/www.ziaruldevaslui.ro\/tabloul-principal\/\" rel=\"category tag\">NOUT\u0102\u021aI<\/a>\u00a0<a href=\"http:\/\/www.ziaruldevaslui.ro\/opinii\/\" rel=\"category tag\">Opinii<\/a>\u00a0<\/span><\/div>\n<h3 class=\"entry-title\"><a href=\"http:\/\/www.ziaruldevaslui.ro\/stand-up-comedy-cu-ionel-sandu-de-la-aur-spatiile-pentru-copiii-cu-autism-sunt-bazaconii\/\" title=\"Stand Up Comedy cu Ionel Sandu, candidat AUR: spa\u021biile pentru copiii cu autism sunt \u201ebazaconii\u201d\"><br \/>\n\t\t\t\tStand Up Comedy cu Ionel Sandu, candidat AUR: spa\u021biile pentru copiii cu autism sunt \u201ebazaconii\u201d\t\t\t<\/a><\/h3>\n<div class=\"below-entry-meta\"><span class=\"posted-on\"><a href=\"http:\/\/www.ziaruldevaslui.ro\/stand-up-comedy-cu-ionel-sandu-de-la-aur-spatiile-pentru-copiii-cu-autism-sunt-bazaconii\/\" title=\"22:46\" rel=\"bookmark\"><time class=\"entry-date published\" datetime=\"2024-03-14T22:46:43+02:00\">14 martie 2024<\/time><time class=\"updated\" datetime=\"2024-03-15T08:54:58+02:00\">15 martie 2024<\/time><\/a><\/span><span class=\"byline\"><span class=\"author vcard\"><a class=\"url fn n\" href=\"http:\/\/www.ziaruldevaslui.ro\/author\/admin\/\" title=\"Ziarul de Vaslui\"><br \/>\n\t\t\t\t\tZiarul de Vaslui\t\t\t\t<\/a><\/span><\/span><\/div>\n<div class=\"entry-content\">\n<p>Ini\u021bial am crezut c\u0103 Ionel Sandu s-a apucat de Stand Up Comedy. Cu afacerile nu st\u0103 extraordinar, cu politica nici<\/p>\n<\/div>\n<\/div>\n<div class=\"entry-content\">\n<p>Ini\u021bial am crezut c\u0103 Ionel Sandu s-a apucat de Stand Up Comedy. Cu afacerile nu st\u0103 extraordinar, cu politica nici<\/p>\n<\/div>\n<div class=\"article-content\">\n<div class=\"above-entry-meta\"><span class=\"cat-links\"><a href=\"http:\/\/www.ziaruldevaslui.ro\/literatura\/\" rel=\"category tag\">Literatur\u0103<\/a>\u00a0<a href=\"http:\/\/www.ziaruldevaslui.ro\/magazin\/\" rel=\"category tag\">Magazin<\/a>\u00a0<a href=\"http:\/\/www.ziaruldevaslui.ro\/opinii\/\" rel=\"category tag\">Opinii<\/a>\u00a0<\/span><\/div>\n<h3 class=\"entry-title\"><a href=\"http:\/\/www.ziaruldevaslui.ro\/pledoarie-pentru-o-carte-pe-zi\/\" title=\"Pledoarie pentru \u2026 o carte pe zi\"><br \/>\n\t\t\t\tPledoarie pentru \u2026 o carte pe zi\t\t\t<\/a><\/h3>\n<div class=\"below-entry-meta\"><span class=\"posted-on\"><a href=\"http:\/\/www.ziaruldevaslui.ro\/pledoarie-pentru-o-carte-pe-zi\/\" title=\"09:48\" rel=\"bookmark\"><time class=\"entry-date published\" datetime=\"2021-11-13T09:48:23+02:00\">13 noiembrie 2021<\/time><time class=\"updated\" datetime=\"2022-05-04T20:22:06+02:00\">4 mai 2022<\/time><\/a><\/span><span class=\"byline\"><span class=\"author vcard\"><a class=\"url fn n\" href=\"http:\/\/www.ziaruldevaslui.ro\/author\/admin\/\" title=\"Ziarul de Vaslui\"><br \/>\n\t\t\t\t\tZiarul de Vaslui\t\t\t\t<\/a><\/span><\/span><\/div>\n<\/div>\n<div class=\"article-content\">\n<div class=\"above-entry-meta\"><span class=\"cat-links\"><a href=\"http:\/\/www.ziaruldevaslui.ro\/local\/\" rel=\"category tag\">Local<\/a>\u00a0<a href=\"http:\/\/www.ziaruldevaslui.ro\/tabloul-principal\/\" rel=\"category tag\">NOUT\u0102\u021aI<\/a>\u00a0<a href=\"http:\/\/www.ziaruldevaslui.ro\/oameni-si-locuri\/\" rel=\"category tag\">Oameni si locuri<\/a>\u00a0<a href=\"http:\/\/www.ziaruldevaslui.ro\/opinii\/\" rel=\"category tag\">Opinii<\/a>\u00a0<\/span><\/div>\n<h3 class=\"entry-title\"><a href=\"http:\/\/www.ziaruldevaslui.ro\/vasluianca-madalina-tudorache-admisa-ca-doctorand-la-oxford-interviu\/\" title=\"Vasluianca M\u0103d\u0103lina Tudorache, admis\u0103 ca doctorand la Oxford\"><br \/>\n\t\t\t\tVasluianca M\u0103d\u0103lina Tudorache, admis\u0103 ca doctorand la Oxford\t\t\t<\/a><\/h3>\n<div class=\"below-entry-meta\"><span class=\"posted-on\"><a href=\"http:\/\/www.ziaruldevaslui.ro\/vasluianca-madalina-tudorache-admisa-ca-doctorand-la-oxford-interviu\/\" title=\"09:24\" rel=\"bookmark\"><time class=\"entry-date published\" datetime=\"2020-07-21T09:24:55+02:00\">21 iulie 2020<\/time><time class=\"updated\" datetime=\"2021-12-15T08:32:02+02:00\">15 decembrie 2021<\/time><\/a><\/span><span class=\"byline\"><span class=\"author vcard\"><a class=\"url fn n\" href=\"http:\/\/www.ziaruldevaslui.ro\/author\/admin\/\" title=\"Ziarul de Vaslui\"><br \/>\n\t\t\t\t\tZiarul de Vaslui\t\t\t\t<\/a><\/span><\/span><\/div>\n<\/div>\n<div class=\"article-content\">\n<div class=\"above-entry-meta\"><span class=\"cat-links\"><a href=\"http:\/\/www.ziaruldevaslui.ro\/local\/\" rel=\"category tag\">Local<\/a>\u00a0<a href=\"http:\/\/www.ziaruldevaslui.ro\/tabloul-principal\/\" rel=\"category tag\">NOUT\u0102\u021aI<\/a>\u00a0<a href=\"http:\/\/www.ziaruldevaslui.ro\/oameni-si-locuri\/\" rel=\"category tag\">Oameni si locuri<\/a>\u00a0<a href=\"http:\/\/www.ziaruldevaslui.ro\/opinii\/\" rel=\"category tag\">Opinii<\/a>\u00a0<\/span><\/div>\n<h3 class=\"entry-title\"><a href=\"http:\/\/www.ziaruldevaslui.ro\/manifestul-unui-eleve-de-clasa-a-12-a-din-vaslui-cel-mai-mare-vis-al-nostru-era-sa-imbracam-roba\/\" title=\"Manifestul unei eleve de clasa a 12-a din Vaslui: \u201eCel mai mare vis al nostru era s\u0103 \u00eembr\u0103c\u0103m roba\u201d\"><br \/>\n\t\t\t\tManifestul unei eleve de clasa a 12-a din Vaslui: \u201eCel mai mare vis al nostru era s\u0103 \u00eembr\u0103c\u0103m roba\u201d\t\t\t<\/a><\/h3>\n<div class=\"below-entry-meta\"><span class=\"posted-on\"><a href=\"http:\/\/www.ziaruldevaslui.ro\/manifestul-unui-eleve-de-clasa-a-12-a-din-vaslui-cel-mai-mare-vis-al-nostru-era-sa-imbracam-roba\/\" title=\"21:33\" rel=\"bookmark\"><time class=\"entry-date published\" datetime=\"2020-05-02T21:33:04+02:00\">2 mai 2020<\/time><time class=\"updated\" datetime=\"2020-05-03T18:03:27+02:00\">3 mai 2020<\/time><\/a><\/span><span class=\"byline\"><span class=\"author vcard\"><a class=\"url fn n\" href=\"http:\/\/www.ziaruldevaslui.ro\/author\/admin\/\" title=\"Ziarul de Vaslui\"><br \/>\n\t\t\t\t\tZiarul de Vaslui\t\t\t\t<\/a><\/span><\/span><\/div>\n<\/div>\n<p> Source URL: http:\/\/www.ziaruldevaslui.ro\/structura-noului-an-scolar-cursurile-incep-pe-12-septembrie\/<\/p>\n","protected":false},"excerpt":{"rendered":"<p>Na\u021bional\u00a0RECOMANDATE\u00a0 Structura noului an \u0219colar: cursurile \u00eencep pe 12 septembrie 24 august 2016 Ziarul de Vaslui Niciun comentariu2016-2017, an scolar, scoala, septembrie, structura, toamna Anul \u0219colar 2016 \u2013 2017 \u00eencepe pe 12 septembrie, cu festivitatea de deschidere, iar programul \u201d\u0218coala altfel\u201d se \u00eentinde pe durata a 5 zile lucr\u0103toare, \u00een perioada cursurilor, a precizat miercuri [&hellip;]<\/p>\n","protected":false},"author":1,"featured_media":1503658,"comment_status":"open","ping_status":"","sticky":false,"template":"","format":"standard","meta":{"footnotes":""},"categories":[89],"tags":[218],"class_list":["post-1503654","post","type-post","status-publish","format-standard","has-post-thumbnail","hentry","category-romania","tag-ziaruldevaslui-ro"],"_links":{"self":[{"href":"https:\/\/analyse.optim.biz\/index.php?rest_route=\/wp\/v2\/posts\/1503654","targetHints":{"allow":["GET"]}}],"collection":[{"href":"https:\/\/analyse.optim.biz\/index.php?rest_route=\/wp\/v2\/posts"}],"about":[{"href":"https:\/\/analyse.optim.biz\/index.php?rest_route=\/wp\/v2\/types\/post"}],"author":[{"embeddable":true,"href":"https:\/\/analyse.optim.biz\/index.php?rest_route=\/wp\/v2\/users\/1"}],"replies":[{"embeddable":true,"href":"https:\/\/analyse.optim.biz\/index.php?rest_route=%2Fwp%2Fv2%2Fcomments&post=1503654"}],"version-history":[{"count":0,"href":"https:\/\/analyse.optim.biz\/index.php?rest_route=\/wp\/v2\/posts\/1503654\/revisions"}],"wp:featuredmedia":[{"embeddable":true,"href":"https:\/\/analyse.optim.biz\/index.php?rest_route=\/wp\/v2\/media\/1503658"}],"wp:attachment":[{"href":"https:\/\/analyse.optim.biz\/index.php?rest_route=%2Fwp%2Fv2%2Fmedia&parent=1503654"}],"wp:term":[{"taxonomy":"category","embeddable":true,"href":"https:\/\/analyse.optim.biz\/index.php?rest_route=%2Fwp%2Fv2%2Fcategories&post=1503654"},{"taxonomy":"post_tag","embeddable":true,"href":"https:\/\/analyse.optim.biz\/index.php?rest_route=%2Fwp%2Fv2%2Ftags&post=1503654"}],"curies":[{"name":"wp","href":"https:\/\/api.w.org\/{rel}","templated":true}]}}