{"id":1503493,"date":"2026-01-28T08:32:46","date_gmt":"2026-01-28T05:32:46","guid":{"rendered":"https:\/\/analyse.optim.biz\/?p=1503493"},"modified":"2026-01-28T08:32:46","modified_gmt":"2026-01-28T05:32:46","slug":"perchezitii-in-vrancea-intr-un-dosar-de-frauda-cu-fonduri-europene-pentru-tineri-defavorizati","status":"publish","type":"post","link":"https:\/\/analyse.optim.biz\/?p=1503493","title":{"rendered":"Perchezi\u021bii \u00een Vrancea \u00eentr-un dosar de fraud\u0103 cu fonduri europene pentru tineri defavoriza\u021bi"},"content":{"rendered":"<div class=\"td_block_wrap tdb_single_content tdi_106 td-pb-border-top td_block_template_1 td-post-content tagdiv-type\" data-td-block-uid=\"tdi_106\">\n<div class=\"tdb-block-inner td-fix-index\">\n<p>Parchetul European (EPPO) a desf\u0103\u0219urat mar\u021bi o ampl\u0103 ac\u021biune \u00een jude\u021bul Vrancea, \u00een cadrul unei anchete ce vizeaz\u0103 suspiciuni de fraud\u0103 cu fonduri europene destinate sprijinirii tinerilor defavoriza\u021bi. \u00cen total, au avut loc 25 de perchezi\u021bii domiciliare \u00een municipiul Foc\u0219ani \u0219i \u00een alte localit\u0103\u021bi din jude\u021b, potrivit unei inform\u0103ri transmise de EPPO \u0219i citate de Agerpres.<\/p>\n<p>Anchetatorii au confiscat zece propriet\u0103\u021bi, printre care locuin\u021be \u0219i terenuri, evaluate la aproximativ 300.000 de euro. De asemenea, au fost blocate conturile bancare ale mai multor persoane implicate \u00een dosar. Opt suspec\u021bi au fost du\u0219i la sediul Parchetului European din Ia\u0219i, unde li s-a adus la cuno\u0219tin\u021b\u0103 calitatea procesual\u0103.<\/p>\n<p>Investiga\u021bia vizeaz\u0103 un proiect \u00een valoare de 250.000 de euro, finan\u021bat din fonduri nerambursabile ale Uniunii Europene prin Programul Opera\u021bional Capital Uman. Scopul declarat al proiectului era sprijinirea planurilor de afaceri pentru firme nou \u00eenfiin\u021bate de tineri defavoriza\u021bi.<\/p>\n<p>Potrivit procurorilor europeni, mai multe persoane ar fi pus la punct o schem\u0103 de fraudare a fondurilor, prin \u00eenfiin\u021barea a zece companii pe numele unor tineri vulnerabili. Ace\u0219tia aveau v\u00e2rste \u00eentre 16 \u0219i 29 de ani, proveneau din medii sociale dificile \u0219i aveau un nivel sc\u0103zut de educa\u021bie.<\/p>\n<p>Tinerii au fost recruta\u021bi pentru a urma cursuri antreprenoriale \u0219i pentru a deveni, \u00een acte, fondatori ai unor firme. Ulterior, aceste societ\u0103\u021bi au semnat contracte de subven\u021bionare cu o mare companie din Foc\u0219ani, partener \u00een cadrul proiectului. \u00cen realitate, spun anchetatorii, controlul asupra firmelor apar\u021binea membrilor re\u021belei.<\/p>\n<p>Pentru a crea aparen\u021ba desf\u0103\u0219ur\u0103rii unor activit\u0103\u021bi economice reale, ar fi fost \u00eentocmite documente false, inclusiv state de plat\u0103 pentru angaja\u021bi inexisten\u021bi, achizi\u021bii fictive \u0219i contracte de \u00eenchiriere care nu reflectau situa\u021bii reale. Pe baza acestor documente, fondurile europene ar fi fost accesate ilegal.<\/p>\n<\/div>\n<\/div>\n<p> Source URL: https:\/\/www.jurnaldevrancea.ro\/perchezitii-in-vrancea-intr-un-dosar-de-frauda-cu-fonduri-europene-pentru-tineri-defavorizati\/<\/p>\n","protected":false},"excerpt":{"rendered":"<p>Parchetul European (EPPO) a desf\u0103\u0219urat mar\u021bi o ampl\u0103 ac\u021biune \u00een jude\u021bul Vrancea, \u00een cadrul unei anchete ce vizeaz\u0103 suspiciuni de fraud\u0103 cu fonduri europene destinate sprijinirii tinerilor defavoriza\u021bi. \u00cen total, au avut loc 25 de perchezi\u021bii domiciliare \u00een municipiul Foc\u0219ani \u0219i \u00een alte localit\u0103\u021bi din jude\u021b, potrivit unei inform\u0103ri transmise de EPPO \u0219i citate de [&hellip;]<\/p>\n","protected":false},"author":1,"featured_media":1503500,"comment_status":"open","ping_status":"","sticky":false,"template":"","format":"standard","meta":{"footnotes":""},"categories":[89],"tags":[207],"class_list":["post-1503493","post","type-post","status-publish","format-standard","has-post-thumbnail","hentry","category-romania","tag-jurnaldevrancea-ro"],"_links":{"self":[{"href":"https:\/\/analyse.optim.biz\/index.php?rest_route=\/wp\/v2\/posts\/1503493","targetHints":{"allow":["GET"]}}],"collection":[{"href":"https:\/\/analyse.optim.biz\/index.php?rest_route=\/wp\/v2\/posts"}],"about":[{"href":"https:\/\/analyse.optim.biz\/index.php?rest_route=\/wp\/v2\/types\/post"}],"author":[{"embeddable":true,"href":"https:\/\/analyse.optim.biz\/index.php?rest_route=\/wp\/v2\/users\/1"}],"replies":[{"embeddable":true,"href":"https:\/\/analyse.optim.biz\/index.php?rest_route=%2Fwp%2Fv2%2Fcomments&post=1503493"}],"version-history":[{"count":0,"href":"https:\/\/analyse.optim.biz\/index.php?rest_route=\/wp\/v2\/posts\/1503493\/revisions"}],"wp:featuredmedia":[{"embeddable":true,"href":"https:\/\/analyse.optim.biz\/index.php?rest_route=\/wp\/v2\/media\/1503500"}],"wp:attachment":[{"href":"https:\/\/analyse.optim.biz\/index.php?rest_route=%2Fwp%2Fv2%2Fmedia&parent=1503493"}],"wp:term":[{"taxonomy":"category","embeddable":true,"href":"https:\/\/analyse.optim.biz\/index.php?rest_route=%2Fwp%2Fv2%2Fcategories&post=1503493"},{"taxonomy":"post_tag","embeddable":true,"href":"https:\/\/analyse.optim.biz\/index.php?rest_route=%2Fwp%2Fv2%2Ftags&post=1503493"}],"curies":[{"name":"wp","href":"https:\/\/api.w.org\/{rel}","templated":true}]}}