{"id":1503390,"date":"2015-03-23T06:39:10","date_gmt":"2015-03-23T03:39:10","guid":{"rendered":"https:\/\/analyse.optim.biz\/?p=1503390"},"modified":"2015-03-23T06:39:10","modified_gmt":"2015-03-23T03:39:10","slug":"foto-asa-nu-neparcarea-zilei","status":"publish","type":"post","link":"https:\/\/analyse.optim.biz\/?p=1503390","title":{"rendered":"FOTO \u2013 A\u0218A NU! nePARCAREA zilei!"},"content":{"rendered":"<div class=\"td_block_wrap tdb_single_content tdi_106 td-pb-border-top td_block_template_1 td-post-content tagdiv-type\" data-td-block-uid=\"tdi_106\">\n<div class=\"tdb-block-inner td-fix-index\">\n<h6>Locurile de parcare insuficiente din urbea noastr\u0103 ne dau, zi de zi, b\u0103t\u0103i de cap.<\/h6>\n<p>Parc\u0103rile neregulamentare nu justific\u0103 lipsa acestor locuri de parcare.<\/p>\n<p>Jurnal de Vrancea va mediatiza \u201enePARCARILE\u201d neregulamentare, poate a\u0219a, fiecare dintre \u0219oferi va con\u0219tientiza c\u0103 a parca anapoda nu este un lucru tocmai corect. Parteneriatul media cu pagina de facebook <a href=\"https:\/\/www.facebook.com\/pages\/Ai-parcat-ca-un-bou-Focsani\/685388791536068\" target=\"_blank\" rel=\"noopener\">\u201eAi parcat ca un BOU \u2013 Foc\u0219ani\u201d<\/a> ne va furniza material suficient pentru rubrica \u201enePARCAREA ZILEI\u201d.<\/p>\n<p>\u00cen cazul de fa\u021b\u0103 parcarea autoturismului din imagine este una care nu justific\u0103 motivul sub nici o form\u0103. Mul\u021bumiri lui S.C.\u00a0pentru fotografia furnizat\u0103. A\u0219tept\u0103m comentariile voastre.<\/p>\n<\/div>\n<\/div>\n<p> Source URL: https:\/\/www.jurnaldevrancea.ro\/foto-asa-nu-neparcarea-zilei\/<\/p>\n","protected":false},"excerpt":{"rendered":"<p>Locurile de parcare insuficiente din urbea noastr\u0103 ne dau, zi de zi, b\u0103t\u0103i de cap. Parc\u0103rile neregulamentare nu justific\u0103 lipsa acestor locuri de parcare. Jurnal de Vrancea va mediatiza \u201enePARCARILE\u201d neregulamentare, poate a\u0219a, fiecare dintre \u0219oferi va con\u0219tientiza c\u0103 a parca anapoda nu este un lucru tocmai corect. Parteneriatul media cu pagina de facebook \u201eAi [&hellip;]<\/p>\n","protected":false},"author":1,"featured_media":1503396,"comment_status":"open","ping_status":"","sticky":false,"template":"","format":"standard","meta":{"footnotes":""},"categories":[89],"tags":[207],"class_list":["post-1503390","post","type-post","status-publish","format-standard","has-post-thumbnail","hentry","category-romania","tag-jurnaldevrancea-ro"],"_links":{"self":[{"href":"https:\/\/analyse.optim.biz\/index.php?rest_route=\/wp\/v2\/posts\/1503390","targetHints":{"allow":["GET"]}}],"collection":[{"href":"https:\/\/analyse.optim.biz\/index.php?rest_route=\/wp\/v2\/posts"}],"about":[{"href":"https:\/\/analyse.optim.biz\/index.php?rest_route=\/wp\/v2\/types\/post"}],"author":[{"embeddable":true,"href":"https:\/\/analyse.optim.biz\/index.php?rest_route=\/wp\/v2\/users\/1"}],"replies":[{"embeddable":true,"href":"https:\/\/analyse.optim.biz\/index.php?rest_route=%2Fwp%2Fv2%2Fcomments&post=1503390"}],"version-history":[{"count":0,"href":"https:\/\/analyse.optim.biz\/index.php?rest_route=\/wp\/v2\/posts\/1503390\/revisions"}],"wp:featuredmedia":[{"embeddable":true,"href":"https:\/\/analyse.optim.biz\/index.php?rest_route=\/wp\/v2\/media\/1503396"}],"wp:attachment":[{"href":"https:\/\/analyse.optim.biz\/index.php?rest_route=%2Fwp%2Fv2%2Fmedia&parent=1503390"}],"wp:term":[{"taxonomy":"category","embeddable":true,"href":"https:\/\/analyse.optim.biz\/index.php?rest_route=%2Fwp%2Fv2%2Fcategories&post=1503390"},{"taxonomy":"post_tag","embeddable":true,"href":"https:\/\/analyse.optim.biz\/index.php?rest_route=%2Fwp%2Fv2%2Ftags&post=1503390"}],"curies":[{"name":"wp","href":"https:\/\/api.w.org\/{rel}","templated":true}]}}