{"id":1503226,"date":"2015-06-24T05:43:13","date_gmt":"2015-06-24T02:43:13","guid":{"rendered":"https:\/\/analyse.optim.biz\/?p=1503226"},"modified":"2015-06-24T05:43:13","modified_gmt":"2015-06-24T02:43:13","slug":"dan-andronic-victor-ponta-a-fugit-de-mazilire-pana-la-inalta-poarta-se-intoarce-cu-firmanul-de-confirmare-sau-doar-a-castigat-timp","status":"publish","type":"post","link":"https:\/\/analyse.optim.biz\/?p=1503226","title":{"rendered":"Dan Andronic: Victor Ponta a fugit de mazilire p\u00e2n\u0103 la \u00cenalta Poart\u0103. Se \u00eentoarce cu firmanul de confirmare sau doar a c\u00e2\u0219tigat timp?"},"content":{"rendered":"<div class=\"td_block_wrap tdb_single_content tdi_106 td-pb-border-top td_block_template_1 td-post-content tagdiv-type\" data-td-block-uid=\"tdi_106\">\n<div class=\"tdb-block-inner td-fix-index\">\n<p><strong><em>Am fost de p\u0103rere c\u0103 Victor Ponta trebuia s\u0103 demisioneze atunci c\u00e2nd s-a \u00eenceput ac\u021biunea DNA \u00eempotriva sa. Am explicat succint motivele pentru care eu credeam c\u0103 actualul premier intra \u00eentr-o lupt\u0103 pe care nu o putea c\u00e2\u0219tiga din postura de titular la Palatul Victoria.<\/em><\/strong><\/p>\n<p>Am spus c\u0103 dosarul deschis\u00a0cu\u00a0c\u00e2teva zile \u00eenaintea mo\u021biunii de cenzur\u0103 \u00eempotriva guvernului s\u0103u\u00a0\u0219i comunicatul DNA din ziua votului \u00een Parlament d\u0103deau\u00a0toate semnele unui viol institu\u021bional asumat \u0219i anun\u021bat ca atare, dar c\u0103ile de contraatac ale lui Victor Ponta erau pu\u021bine. \u00cei lipseau alia\u021bii \u0219i mijloacele. Iar acesta era principalul motiv strategic pentru care credeam c\u0103 atunci era momentul s\u0103 se retrag\u0103, pentru a r\u0103m\u00e2ne un politician credibil, nu unul care se aga\u021b\u0103 de putere cu orice risc. \u00cenc\u0103 mai putea gestionau consecin\u021bele la nivel politic \u0219i constitu\u021bional.<\/p>\n<p>Acum pare deja prea t\u00e2rziu \u0219i ne \u00eendrept\u0103m spre o criz\u0103 politic\u0103 cu consecin\u021be pe termen lung. \u0218i care ne va ar\u0103ta (din nou) ca pe o republic\u0103 european\u0103 doar cu numele, \u00een fapt un sistem nereformat\u00a0av\u00e2nd apeten\u021be mari spre cultura politic\u0103 de tip despotic oriental. Dar dac\u0103 ne g\u00e2ndim c\u0103 nu au trecut dec\u00e2t trei sute de ani de la momentul \u00een care denun\u021burile boierilor se l\u0103sau cu un firman de maziliere adus de la Sublima Poart\u0103, putem spune c\u0103 Rom\u00e2nia doar a f\u0103cut un mic ocol. Iar Victor Ponta a ajuns, simbolic, acolo unde domnii \u021b\u0103rilor rom\u00e2ne\u0219ti \u00ee\u0219i c\u00e2\u0219tigau tronul sau \u00ee\u0219i pierdeau capul. El s-a operat doar la picior\u2026<\/p>\n<p>A devenit evident pentru toat\u0103 lumea, de la ambasadele occidentale la anali\u0219tii politici, indiferent de simpatiile lor pro-Iohaniste, c\u0103 PNL nu are for\u021ba parlamentar\u0103 s\u0103 dea jos guvernul Ponta. A \u00eencercat pre\u0219edintele Iohannis, a \u00eencercat cuplul politic Gorghiu-Blaga, a \u00eencercat Realitatea TV&amp; Co, societatea civil\u0103, dar eforturile au fost \u00een zadar. Nu au ob\u021binut dec\u00e2t rezultate penibile, mo\u021biuni de cenzur\u0103 formale, votate de mai pu\u021bini parlamentari dec\u00e2t semnatari, manifesta\u021bii de strad\u0103 anemice. Toate acestea ne-au ar\u0103tat c\u0103 o fi Victor Ponta un politician nu foarte popular, dar are capacitatea s\u0103 gestioneze la nivel parlamentar \u0219i politic situa\u021bia mult mai bine dec\u00e2t se a\u0219teptau unii. Ceea ce a dus la criza actual\u0103.<\/p>\n<p>A\u0219a s-a n\u0103scut, ca variant\u0103 principal\u0103 de ac\u021biune,\u00a0 Opera\u021biunea \u201cSchimbarea lui Victor Ponta, cu orice pre\u021b!\u201d. Dosarul de la DNA nu avea\u00a0dec\u00e2t un singur scop: \u00eenlocuirea lui Victor Ponta. Printr-o alt\u0103 manevr\u0103 dec\u00e2t printr-o mo\u021biune de cenzur\u0103 sau prin manifesta\u021bii de strad\u0103. Nu pentru c\u0103 nu s-ar fi dorit, ci pentru c\u0103 nu s-a putut. S-a ajuns la o discu\u021bie asupra unei\u00a0proceduri\u00a0administrative, la limita (sau \u00een afara) Constitu\u021biei, care d\u0103 posibilitatea pre\u0219edintelui Klaus Iohannis s\u0103-l suspende pe primul-ministru. Nu trebuie s\u0103 ne facem iluzii.\u00a0\u00cen situa\u021bia \u00een care orice dosar deschis unui politician de c\u0103tre DNA sau Parchet este finalizat printr-o inculpare sau trimitere \u00een judecat\u0103, rezultatul este clar, iar mandatul politic al lui Victor Ponta cap\u0103t\u0103 pe zi ce trece nuan\u021bele unui control judiciar. Asta dac\u0103 nu au loc negocieri subterane.<\/p>\n<p>Numai c\u0103 dac\u0103 se va ajunge aici, \u00eenc\u0103 o dat\u0103, Rom\u00e2nia va ar\u0103ta cum a inovat sistemul politic constitu\u021bional, deschiz\u00e2nd calea unor schimb\u0103ri de guvern cu ajutorul procurorilor. Ceea ce ne duce \u00een zona unor precedente extrem de periculoase pentru ceea ce mai poate \u00eensemna cultur\u0103 democratic\u0103 \u00een Rom\u00e2nia. Dar aceste mofturi pot fi l\u0103sate deoparte\u2026<\/p>\n<p>Unii vorbesc de un complot institu\u021bional DNA-SRI-Cotroceni, al\u021bii spun c\u0103 votul Parlamentului reprezint\u0103 o sfidare la adresa independen\u021bei Justi\u021biei, \u0219i poate c\u0103 fiecare are dreptatea lui. Numai c\u0103 aceast\u0103 criz\u0103 politic\u0103 ne conduce c\u0103tre singura concluzie: avem \u00eenc\u0103 o dovad\u0103 c\u0103 schimbarea fundamental\u0103 a Constitu\u021biei ar fi singura mare reform\u0103 politic\u0103 necesar\u0103 Rom\u00e2niei pentru a intra \u00een normalitate. Rom\u00e2nia se arat\u0103 o \u021bar\u0103 \u00een care coabitarea politic\u0103 nu este posibil\u0103, iar \u00eemp\u0103r\u021birea responsabilit\u0103\u021bii nu las\u0103 loc dec\u00e2t pentru mutilarea adversarului.<\/p>\n<p>Printr-o reform\u0103 constitu\u021bional\u0103 de profunzime am \u0219tii pe cine s\u0103 tragem la r\u0103spundere, iar votul fiec\u0103rui rom\u00e2n ar avea o valoare real\u0103. \u0218i ar pune cap\u0103t o dat\u0103 pentru totdeauna jocurilor mili\u021biene\u0219ti de putere.<\/p>\n<\/div>\n<\/div>\n<p> Source URL: https:\/\/www.jurnaldevrancea.ro\/dan-andronic-victor-ponta-a-fugit-de-mazilire-pana-la-inalta-poarta-se-intoarce-cu-firmanul-de-confirmare-sau-doar-a-castigat-timp\/<\/p>\n","protected":false},"excerpt":{"rendered":"<p>Am fost de p\u0103rere c\u0103 Victor Ponta trebuia s\u0103 demisioneze atunci c\u00e2nd s-a \u00eenceput ac\u021biunea DNA \u00eempotriva sa. Am explicat succint motivele pentru care eu credeam c\u0103 actualul premier intra \u00eentr-o lupt\u0103 pe care nu o putea c\u00e2\u0219tiga din postura de titular la Palatul Victoria. Am spus c\u0103 dosarul deschis\u00a0cu\u00a0c\u00e2teva zile \u00eenaintea mo\u021biunii de cenzur\u0103 [&hellip;]<\/p>\n","protected":false},"author":1,"featured_media":1503233,"comment_status":"open","ping_status":"","sticky":false,"template":"","format":"standard","meta":{"footnotes":""},"categories":[89],"tags":[207],"class_list":["post-1503226","post","type-post","status-publish","format-standard","has-post-thumbnail","hentry","category-romania","tag-jurnaldevrancea-ro"],"_links":{"self":[{"href":"https:\/\/analyse.optim.biz\/index.php?rest_route=\/wp\/v2\/posts\/1503226","targetHints":{"allow":["GET"]}}],"collection":[{"href":"https:\/\/analyse.optim.biz\/index.php?rest_route=\/wp\/v2\/posts"}],"about":[{"href":"https:\/\/analyse.optim.biz\/index.php?rest_route=\/wp\/v2\/types\/post"}],"author":[{"embeddable":true,"href":"https:\/\/analyse.optim.biz\/index.php?rest_route=\/wp\/v2\/users\/1"}],"replies":[{"embeddable":true,"href":"https:\/\/analyse.optim.biz\/index.php?rest_route=%2Fwp%2Fv2%2Fcomments&post=1503226"}],"version-history":[{"count":0,"href":"https:\/\/analyse.optim.biz\/index.php?rest_route=\/wp\/v2\/posts\/1503226\/revisions"}],"wp:featuredmedia":[{"embeddable":true,"href":"https:\/\/analyse.optim.biz\/index.php?rest_route=\/wp\/v2\/media\/1503233"}],"wp:attachment":[{"href":"https:\/\/analyse.optim.biz\/index.php?rest_route=%2Fwp%2Fv2%2Fmedia&parent=1503226"}],"wp:term":[{"taxonomy":"category","embeddable":true,"href":"https:\/\/analyse.optim.biz\/index.php?rest_route=%2Fwp%2Fv2%2Fcategories&post=1503226"},{"taxonomy":"post_tag","embeddable":true,"href":"https:\/\/analyse.optim.biz\/index.php?rest_route=%2Fwp%2Fv2%2Ftags&post=1503226"}],"curies":[{"name":"wp","href":"https:\/\/api.w.org\/{rel}","templated":true}]}}