{"id":1503096,"date":"2015-11-03T06:20:04","date_gmt":"2015-11-03T03:20:04","guid":{"rendered":"https:\/\/analyse.optim.biz\/?p=1503096"},"modified":"2015-11-03T06:20:04","modified_gmt":"2015-11-03T03:20:04","slug":"tragedia-de-la-colectiv-complicitatea-dintre-autoritati-si-patronii-de-localuri-publice-laso-ba-ca-merge-s-asa","status":"publish","type":"post","link":"https:\/\/analyse.optim.biz\/?p=1503096","title":{"rendered":"Tragedia de la #Colectiv: Complicitatea dintre autorit\u0103\u021bi \u0219i patronii de localuri publice: \u201eLas\u2019o b\u0103 c\u0103 merge \u0219-a\u0219a!\u201c"},"content":{"rendered":"<div class=\"td_block_wrap tdb_single_content tdi_106 td-pb-border-top td_block_template_1 td-post-content tagdiv-type\" data-td-block-uid=\"tdi_106\">\n<div class=\"tdb-block-inner td-fix-index\">\n<p>Imediat dup\u0103 tragedia de la #Colectiv, Wili Brum\u0103reanu, patronul clubului foc\u0219\u0103nean VOX a povestit c\u0103 loca\u021bia sa, aflat\u0103 \u00een proprietatea Casei de Cultur\u0103 a Sindicatelor, \u201e<strong>are u\u0219ile de evacuare blocate \u0219i c\u0103 instala\u021bia de hidran\u021bi destinat\u0103 stingerii incendiilor nu are ap\u0103\u201d. <\/strong>\u0218i c\u0103 un eventual incendiu s-ar \u00eencheia la fel de tragic ca cel din Bucure\u0219ti. El acuz\u0103 proprietarii spa\u021biului pentru<strong>\u00a0\u201elipsa m\u0103surilor de protec\u021bie contra incendiilor\u201d<\/strong>, ar\u0103t\u00e2nd c\u0103 ace\u0219tia nu au f\u0103cut nimic pentru remedierea situa\u021biei, de\u0219i i-ar fi avertizat \u00een multe r\u00e2nduri.<\/p>\n<p>Exemplific\u0103 cu o situa\u021bie petrecut\u0103 chiar \u00een clubul s\u0103u, \u00een prim\u0103var\u0103, c\u00e2nd a izbucnit focul de la un expresor de cafea. Incidentul s-a petrecut \u00een afara programului \u0219i astfel fost evitat\u0103 o tragedie. Plus c\u0103 pompierii ar fi intervenit \u00een doar cinci \u2013 \u0219ase minute.<\/p>\n<p>Pe de alt\u0103 parte, evit\u00e2nd s\u0103 r\u0103spund\u0103 la acuza\u021biile care, probabil, sunt reale, \u0219eful Casei de Cultur\u0103, Aurel Oborocea, arat\u0103 cu degetul spre patronul VOX dezv\u0103luind c\u0103 focul, la care face referire Brum\u0103reanu, a izbucnit din cauza instala\u021biei electrice improvizate. \u0218i c\u0103, \u00een plus, a acumulat peste\u00a0100.000 de lei datorii la chirie. Despre improviza\u021bie \u0219tie, b\u0103nuiesc, de la pompierii care au investigat cauzele incendiului. Afirma\u021biile sunt credibile deoarece un aparat de f\u0103cut cafea, destinat localurilor publice, nu ia foc u\u0219or.<\/p>\n<p>Dac\u0103 lu\u0103m, \u00eenvinuirile pe care \u0219i le aduc cei doi, concluzia pe care o trag (pe l\u00e2ng\u0103 faptul c\u0103 nu voi mai c\u0103lca \u00een VOX) este c\u0103 \u00eentre proprietar, chiria\u0219ul Wili Brum\u0103reanu \u0219i autorit\u0103\u021bile statului exist\u0103 o complicitate criminal\u0103:<\/p>\n<p>Proprietarul a t\u0103cut cu privire la instala\u021bia electric\u0103 improvizat\u0103 \u0219i nu i-a cerut chiria\u0219ului s\u0103 fac\u0103 repara\u021biile necesare, de\u0219i avea obliga\u021bia s-o fac\u0103. A preferat t\u0103cerea ca s\u0103 nu fie obligat, la r\u00e2ndu-i, s\u0103 scoat\u0103 z\u0103voarele de pe u\u0219ile de evacuare \u0219i s\u0103 trag\u0103 ap\u0103 \u00een hidran\u021bi.<\/p>\n<p>Patronul de la Vox, n-a scos un cuv\u00e2nt, p\u00e2n\u0103 acum, despre hidran\u021bii f\u0103r\u0103 ap\u0103 \u0219i evacu\u0103rile blocate ca s\u0103 nu trebuiasc\u0103 s\u0103 renun\u021be la improviza\u021biile ieftine \u0219i ca s\u0103 fie p\u0103suit cu chiria.<\/p>\n<p>La r\u00e2ndul lor, pompierii au \u00eenchis ochii devenind complici at\u00e2t la neglijen\u021ba proprietarului, Casa de Cultur\u0103, c\u00e2t \u0219i la cea a patronului de club.<\/p>\n<p>Au f\u0103cut-o, poate, pentru c\u0103 au fost servi\u021bi cu o cafea de calitate la VOX \u00a0\u0219i \u00een schimbul unor locuri mai bune la spectacolele de la Casa de Cultur\u0103. N-a\u0219 \u00eendr\u0103zni s\u0103 m\u0103 g\u00e2ndesc c\u0103 au fost mitui\u021bi. Cert este c\u0103 \u00een comunicatul pe care l-au transmis presei, dup\u0103 incendiu, n-au pomenit despre evacu\u0103rile blocate, de lipsa apei din hidran\u021bi \u0219i nici despre instala\u021bia electric\u0103 improvizat\u0103.<\/p>\n<p>Pe l\u00e2ng\u0103 faptul c\u0103 au t\u0103cut, mai grav este c\u0103 au l\u0103sat localul \u0219i Casa de Cultur\u0103 s\u0103 func\u021bioneze ca \u0219i p\u00e2n\u0103 atunci, cu toate riscurile pe care le impica acest lucru.<\/p>\n<p>Complicit\u0103\u021bi de felul acesta, \u00eentre autorit\u0103\u021bi, patronii de localuri publice \u0219i, unde este cazul, proprietarii de spa\u021bii, \u00eent\u00e2lnim la tot pasul \u0219i sunt bazate pe at\u00e2t de rom\u00e2nescul principiu de func\u021bionare:<strong> \u201elas\u2019o b\u0103 c\u0103 merge \u0219-a\u0219a!\u201c<\/strong><\/p>\n<p>De aia spa\u021biul de la Colectiv a fost izolat cu materiale ieftine \u0219i inflamabile, de aia localul a fost l\u0103sat s\u0103 func\u021bioneze \u00een condi\u021bii improprii, de aia pompierii \u0219i ambulan\u021bele nu au avut un plan de ac\u021biune eficient, de aia\u2026, de aia\u2026, de aia au murit at\u00e2t de mul\u021bi oameni.<\/p>\n<p>Iar cea mai bun\u0103 demonstra\u021bie c\u0103 lucrurile stau astfel o fac cei care, brusc, au descoperit c\u0103 sunt responsabili pentru clien\u021bii care le trec pragul \u0219i au anun\u021bat c\u0103 <strong>\u00ee\u0219i vor \u00eenchide cluburile.\u00a0<\/strong>(Ionel Sclavone)<\/p>\n<p><strong>\u00a0<\/strong><\/p>\n<\/div>\n<\/div>\n<p> Source URL: https:\/\/www.jurnaldevrancea.ro\/tragedia-de-la-colectiv-complicitatea-dintre-autoritati-si-patronii-de-localuri-publice-laso-ba-ca-merge-s-asa\/<\/p>\n","protected":false},"excerpt":{"rendered":"<p>Imediat dup\u0103 tragedia de la #Colectiv, Wili Brum\u0103reanu, patronul clubului foc\u0219\u0103nean VOX a povestit c\u0103 loca\u021bia sa, aflat\u0103 \u00een proprietatea Casei de Cultur\u0103 a Sindicatelor, \u201eare u\u0219ile de evacuare blocate \u0219i c\u0103 instala\u021bia de hidran\u021bi destinat\u0103 stingerii incendiilor nu are ap\u0103\u201d. \u0218i c\u0103 un eventual incendiu s-ar \u00eencheia la fel de tragic ca cel din [&hellip;]<\/p>\n","protected":false},"author":1,"featured_media":1503102,"comment_status":"open","ping_status":"","sticky":false,"template":"","format":"standard","meta":{"footnotes":""},"categories":[89],"tags":[207],"class_list":["post-1503096","post","type-post","status-publish","format-standard","has-post-thumbnail","hentry","category-romania","tag-jurnaldevrancea-ro"],"_links":{"self":[{"href":"https:\/\/analyse.optim.biz\/index.php?rest_route=\/wp\/v2\/posts\/1503096","targetHints":{"allow":["GET"]}}],"collection":[{"href":"https:\/\/analyse.optim.biz\/index.php?rest_route=\/wp\/v2\/posts"}],"about":[{"href":"https:\/\/analyse.optim.biz\/index.php?rest_route=\/wp\/v2\/types\/post"}],"author":[{"embeddable":true,"href":"https:\/\/analyse.optim.biz\/index.php?rest_route=\/wp\/v2\/users\/1"}],"replies":[{"embeddable":true,"href":"https:\/\/analyse.optim.biz\/index.php?rest_route=%2Fwp%2Fv2%2Fcomments&post=1503096"}],"version-history":[{"count":0,"href":"https:\/\/analyse.optim.biz\/index.php?rest_route=\/wp\/v2\/posts\/1503096\/revisions"}],"wp:featuredmedia":[{"embeddable":true,"href":"https:\/\/analyse.optim.biz\/index.php?rest_route=\/wp\/v2\/media\/1503102"}],"wp:attachment":[{"href":"https:\/\/analyse.optim.biz\/index.php?rest_route=%2Fwp%2Fv2%2Fmedia&parent=1503096"}],"wp:term":[{"taxonomy":"category","embeddable":true,"href":"https:\/\/analyse.optim.biz\/index.php?rest_route=%2Fwp%2Fv2%2Fcategories&post=1503096"},{"taxonomy":"post_tag","embeddable":true,"href":"https:\/\/analyse.optim.biz\/index.php?rest_route=%2Fwp%2Fv2%2Ftags&post=1503096"}],"curies":[{"name":"wp","href":"https:\/\/api.w.org\/{rel}","templated":true}]}}