{"id":150124,"date":"2017-01-22T22:07:10","date_gmt":"2017-01-22T19:07:10","guid":{"rendered":"https:\/\/analyse.optim.biz\/?p=150124"},"modified":"2017-01-22T22:07:10","modified_gmt":"2017-01-22T19:07:10","slug":"liviu-dragnea-presedintele-romaniei-in-fruntea-unei-noi-mineriade","status":"publish","type":"post","link":"https:\/\/analyse.optim.biz\/?p=150124","title":{"rendered":"Liviu Dragnea: Pre\u0219edintele Rom\u00e2niei, \u00een fruntea unei noi mineriade"},"content":{"rendered":"<div class=\"entry data-app-meta data-app-meta-article\" data-embed-base-url-canonical=\"https:\/\/www.digi24.ro\/embed\/stiri\/actualitate\/politica\/liviu-dragnea-e-un-inceput-de-lovitura-de-stat-654603\">\n<p data-index=\"1\"><strong><span lang=\"ro-RO\">Pre\u0219edintele PSD Liviu Dragnea a reac\u021bionat pe Facebook dup\u0103<a href=\"https:\/\/www.digi24.ro\/stiri\/actualitate\/evenimente\/live-blog-impotriva-amnistiei-si-gratierii-sute-de-oameni-au-iesit-in-strada-654422\" target=\"_blank\" data-skip-linkfix=\"1\" rel=\"noopener\"> protestele din aceast\u0103 sear\u0103<\/a>: e un \u00eenceput de lovitur\u0103 de stat.<\/span><\/strong><\/p>\n<p data-index=\"2\"><img loading=\"lazy\" decoding=\"async\" class=\"alignnone size-full wp-image-650279\" src=\"https:\/\/analyse.optim.biz\/wp-content\/uploads\/2024\/09\/zdblm2njotqwmjrkntbky2q1mdrkmdhin2u4mgm-thumb_.jpg\" alt=\"liviu dragnea fb\" width=\"2048\" height=\"1365\" data-skip-htmlfix=\"1\" title=\"zdblm2njotqwmjrkntbky2q1mdrkmdhin2u4mgm-thumb_\"><\/p>\n<p data-index=\"3\"><strong>Postarea lui Liviu Dragnea:\u00a0<\/strong><\/p>\n<p data-index=\"4\"><span lang=\"ro-RO\">M-am \u00eentors de la instalarea pre\u0219edintelui Americii \u0219i l-am g\u0103sit pe pre\u0219edintele Rom\u00e2niei \u00een fruntea unei noi mineriade, o manifesta\u021bie neautorizat\u0103, \u00eempotriva guvernului Rom\u00e2niei, \u00eempotriva ordinii constitu\u021bionale \u0219i \u00eempotriva votului popular din 11 decembrie, sabot\u00e2nd legalitatea care st\u0103 la baza statului de drept.<\/span><\/p>\n<p data-index=\"5\"><span lang=\"ro-RO\">Pre\u0219edintele \u021b\u0103rii s-a situat azi \u00een afara legii, viz\u00e2nd avantaje politice personale \u0219i cer\u00e2nd abera\u021bii constitu\u021bionale: retragerea unor ordonan\u021be, mai ales a unora care nu au fost date.<\/span><\/p>\n<p data-index=\"6\"><span lang=\"ro-RO\">E un \u00eenceput de lovitur\u0103 de stat. De fapt, pre\u0219edintele Iohannis vrea, a\u0219a cum a vrut \u0219i fostul pre\u0219edinte B\u0103sescu, s\u0103 pun\u0103 \u00een c\u0103tu\u0219e puterea legitimat\u0103 prin votul democratic. Vrea ca \u00een continuare Rom\u00e2nia s\u0103 fie condus\u0103 de institu\u021bii f\u0103r\u0103 legitimitate democratic\u0103, prin teroare, iar rom\u00e2nii s\u0103 r\u0103m\u00e2n\u0103 prizonierii unor puteri nealese.<\/span><\/p>\n<p data-index=\"7\"><span lang=\"ro-RO\">Am spus \u00een campanie c\u0103 vreau ca rom\u00e2nii s\u0103 tr\u0103iasc\u0103 liberi \u00een \u021bara lor, f\u0103r\u0103 teama c\u0103 sunt asculta\u021bi, urm\u0103ri\u021bi, h\u0103itui\u021bi, \u0219antaja\u021bi \u0219i nedrept\u0103\u021bi\u021bi. Nu-mi iau cuvintele \u00eenapoi. Sus\u021bin ac\u021biunile \u00eempotriva corup\u021biei, dar \u00eempotriva adev\u0103ratei corup\u021bii.<\/span><\/p>\n<p data-index=\"8\"><span lang=\"ro-RO\">Ast\u0103 sear\u0103 am solicitat Ministrului de Interne s\u0103 retrag\u0103 jandarmii din fa\u021ba sediului PSD, fiindc\u0103 eu consider c\u0103 PSD n-are motive s\u0103 fie ap\u0103rat. PSD e ap\u0103rat de ideile lui politice, de programul de guvernare \u0219i de suportul popular.<\/span><\/p>\n<p data-index=\"9\"><span lang=\"ro-RO\">\u00cei asigur pe rom\u00e2ni c\u0103 nu-i voi mai permite pre\u0219edintelui Iohannis s\u0103 r\u0103stoarne ordinea constitu\u021bional\u0103, s\u0103 uzurpe calit\u0103\u021bi oficiale intr\u00e2nd abuziv \u00een \u0219edin\u021bele de guvern sau s\u0103 incite la dezordine social\u0103 \u0219i violen\u021b\u0103.<\/span><\/p>\n<p data-index=\"10\"><span lang=\"ro-RO\">Vreau ca programul de guvernare s\u0103 fie pus \u00een practic\u0103 \u00een totalitate. Dincolo de jocul politic egoist al pre\u0219edintelui Iohannis, via\u021ba rom\u00e2nilor are nevoie de bun\u0103stare \u0219i siguran\u021b\u0103.<\/p>\n<p><\/span><\/p>\n<p class=\"gdpr-placeholder gdpr-social-media gdpr-iframe-fix\" data-index=\"12\"> Setarile tale privind cookie-urile nu permit afisarea continutul din aceasta sectiune. Poti actualiza setarile modulelor coookie direct din browser sau de <a class=\"ot-sdk-show-settings\" data-skip-linkfix=\"1\">aici<\/a> \u2013 e nevoie sa accepti cookie-urile social media<\/p>\n<p data-index=\"13\"><b>Cite\u015fte \u015fi<\/b>: <a href=\"https:\/\/www.digi24.ro\/opinii\/ce-urmareste-dragnea-presedinte-anul-acesta-653409\" target=\"_blank\" data-skip-linkfix=\"1\" rel=\"noopener\">Ce urm\u0103re\u0219te Dragnea? Pre\u0219edinte. Anul acesta!<\/a><\/p>\n<p data-index=\"14\"><a href=\"https:\/\/www.digi24.ro\/opinii\/ce-va-face-liviu-dragnea-mai-departe-654945\" target=\"_blank\" data-skip-linkfix=\"1\" rel=\"noopener\">Ce va face Liviu Dragnea mai departe<\/a><\/p>\n<p data-index=\"15\">\u00a0<\/p>\n<\/div>\n<p> Source URL: https:\/\/www.digi24.ro\/stiri\/actualitate\/politica\/liviu-dragnea-e-un-inceput-de-lovitura-de-stat-654603<\/p>\n","protected":false},"excerpt":{"rendered":"<p>Pre\u0219edintele PSD Liviu Dragnea a reac\u021bionat pe Facebook dup\u0103 protestele din aceast\u0103 sear\u0103: e un \u00eenceput de lovitur\u0103 de stat. Postarea lui Liviu Dragnea:\u00a0 M-am \u00eentors de la instalarea pre\u0219edintelui Americii \u0219i l-am g\u0103sit pe pre\u0219edintele Rom\u00e2niei \u00een fruntea unei noi mineriade, o manifesta\u021bie neautorizat\u0103, \u00eempotriva guvernului Rom\u00e2niei, \u00eempotriva ordinii constitu\u021bionale \u0219i \u00eempotriva votului popular [&hellip;]<\/p>\n","protected":false},"author":1,"featured_media":150125,"comment_status":"open","ping_status":"","sticky":false,"template":"","format":"standard","meta":{"footnotes":""},"categories":[2],"tags":[11],"class_list":["post-150124","post","type-post","status-publish","format-standard","has-post-thumbnail","hentry","category-politics","tag-digi24"],"_links":{"self":[{"href":"https:\/\/analyse.optim.biz\/index.php?rest_route=\/wp\/v2\/posts\/150124","targetHints":{"allow":["GET"]}}],"collection":[{"href":"https:\/\/analyse.optim.biz\/index.php?rest_route=\/wp\/v2\/posts"}],"about":[{"href":"https:\/\/analyse.optim.biz\/index.php?rest_route=\/wp\/v2\/types\/post"}],"author":[{"embeddable":true,"href":"https:\/\/analyse.optim.biz\/index.php?rest_route=\/wp\/v2\/users\/1"}],"replies":[{"embeddable":true,"href":"https:\/\/analyse.optim.biz\/index.php?rest_route=%2Fwp%2Fv2%2Fcomments&post=150124"}],"version-history":[{"count":0,"href":"https:\/\/analyse.optim.biz\/index.php?rest_route=\/wp\/v2\/posts\/150124\/revisions"}],"wp:featuredmedia":[{"embeddable":true,"href":"https:\/\/analyse.optim.biz\/index.php?rest_route=\/wp\/v2\/media\/150125"}],"wp:attachment":[{"href":"https:\/\/analyse.optim.biz\/index.php?rest_route=%2Fwp%2Fv2%2Fmedia&parent=150124"}],"wp:term":[{"taxonomy":"category","embeddable":true,"href":"https:\/\/analyse.optim.biz\/index.php?rest_route=%2Fwp%2Fv2%2Fcategories&post=150124"},{"taxonomy":"post_tag","embeddable":true,"href":"https:\/\/analyse.optim.biz\/index.php?rest_route=%2Fwp%2Fv2%2Ftags&post=150124"}],"curies":[{"name":"wp","href":"https:\/\/api.w.org\/{rel}","templated":true}]}}