{"id":150097,"date":"2017-01-26T12:05:13","date_gmt":"2017-01-26T09:05:13","guid":{"rendered":"https:\/\/analyse.optim.biz\/?p=150097"},"modified":"2017-01-26T12:05:13","modified_gmt":"2017-01-26T09:05:13","slug":"initiativa-privind-autonomia-tinutului-secuiesc-publicata-in-monitorul-oficial","status":"publish","type":"post","link":"https:\/\/analyse.optim.biz\/?p=150097","title":{"rendered":"Ini\u0163iativa privind autonomia \u0162inutului Secuiesc, publicat\u0103 \u00een Monitorul Oficial"},"content":{"rendered":"<div class=\"entry data-app-meta data-app-meta-article\" data-embed-base-url-canonical=\"https:\/\/www.digi24.ro\/embed\/stiri\/actualitate\/politica\/initiativa-privind-autonomia-tinutului-secuiesc-publicata-in-monitorul-oficial-657034\">\n<p data-index=\"1\"><strong>O ini\u0163iativ\u0103 legislativ\u0103 cet\u0103\u0163eneasc\u0103, sus\u0163inut\u0103 public de c\u0103tre Laszlo Tokes, privind declararea autonomiei \u0162inutului Secuiesc, a fost publicat\u0103 \u00een Monitorul Oficial, ea urm\u00e2nd s\u0103 fie transmis\u0103 \u015fi c\u0103tre Parlament, pentru discutare, al\u0103turi de listele cu cel pu\u0163in 100.000 de semn\u0103turi.<\/strong><\/p>\n<p data-index=\"2\"><img loading=\"lazy\" decoding=\"async\" class=\"alignnone size-full wp-image-657040\" src=\"https:\/\/analyse.optim.biz\/wp-content\/uploads\/2024\/09\/dz04mdamagfzad01otq2nzk1y2vmyzflztm0njbimwfhmzzlnmmzzgflmg-thumb_.jpg\" alt=\"secui2\" width=\"858\" height=\"585\" data-skip-htmlfix=\"1\" title=\"dz04mdamagfzad01otq2nzk1y2vmyzflztm0njbimwfhmzzlnmmzzgflmg-thumb_\"><\/p>\n<p data-index=\"3\">Ini\u0163iativa legislativ\u0103 stabile\u015fte <strong>\u201estatutul de autonomie al \u0162inutului Secuiesc\u201d<\/strong> \u015fi a fost elaborat\u0103 de un comitet de ini\u0163iativ\u0103 format din 10 persoane:\u00a0Arus Zsolt Istvan, Elekes-Jozsa Martin, Baico Zsigmond, Kercso Attila, Marton Csaba, Czink Attila, Kolcsar Gheza, Takacs Jozsef, Cziriak Karoly, Kovacs Laszlo.<\/p>\n<p data-index=\"4\">Potrivit legii, membrii comitetului\u00a0nu pot fi persoane alese \u00een func\u0163ie prin vot universal, membri ai Guvernului, persoane numite \u00een func\u0163ie de primul-ministru sau membri ai vreunui partid politic.<\/p>\n<p data-index=\"5\">Ini\u0163iativa cet\u0103\u0163eneasc\u0103 a fost sus\u0163inut\u0103 de fostul europarlamentar Laszlo Tokes, care, \u00een 2015, a fost ales pre\u015fedinte al comisiei de ini\u0163iativ\u0103. Ini\u0163iativa a fost sus\u0163inut\u0103 \u00een parteneriat cu CNS (Consiliul Na\u0163ional Secuiesc). Tokes nu se reg\u0103se\u015fte \u00eens\u0103 \u00een lista membrilor comitetului de ini\u0163iativ\u0103 \u00eenregistrat\u0103 oficial prin <a href=\"http:\/\/www.monitoruloficial.ro\/emonitornew\/emonviewmof.php?fid=MS43NTMzNTY5MDIxMzA3RSszMA==\" target=\"_blank\" data-skip-linkfix=\"1\" rel=\"noopener\">publicarea \u00een Monitorul Oficial<\/a>.<\/p>\n<p data-index=\"6\">Proiectul este \u00eenso\u0163it de un aviz negativ al Consiliului Legislativ, care arat\u0103 c\u0103 se \u00eencalc\u0103 prevederi constitu\u0163ionale, pentru c\u0103 <strong>\u201evizeaz\u0103, practic, crearea unei entit\u0103\u0163i statele distincte, paralel\u0103 cu statul na\u0163ional unitar rom\u00e2n\u201d<\/strong>. Avizul Consiliului Legislativ este, \u00eens\u0103, doar consultativ.<\/p>\n<p data-index=\"7\">Articolul 1 din Constitu\u0163ie prevede c\u0103 <strong>\u201eRom\u00e2nia este stat na\u0163ional, suveran \u015fi independent, unitar \u015fi indivizibil\u201d<\/strong>.<\/p>\n<p data-index=\"8\">Potrivit Legii 189\/1999, privind dreptul cet\u0103\u0163enilor la ini\u0163iativ\u0103 legislativ\u0103, dup\u0103 elaborarea ini\u0163iativei ea trebuie publicat\u0103 \u00een Monitorul Oficial, exist\u00e2nd un termen de 6 luni \u00een care proiectul poate fi depus \u00een Parlament. La depunere, ini\u0163iativa trebuie s\u0103 fie \u00eenso\u0163it\u0103 de minimum 100.000 de semn\u0103turi, care, potrivit Constitu\u0163iei, trebuie s\u0103 provin\u0103 din cel pu\u0163in un sfert din jude\u0163ele \u0163\u0103rii, iar \u00een fiecare din aceste jude\u0163e, respectiv \u00een municipiul Bucure\u015fti, trebuie s\u0103 fie \u00eenregistrate cel pu\u0163in 5.000 de semn\u0103turi \u00een sprijinul acestei ini\u0163iative.<\/p>\n<p data-index=\"9\"><img loading=\"lazy\" decoding=\"async\" class=\"alignnone size-full wp-image-664075\" src=\"https:\/\/analyse.optim.biz\/wp-content\/uploads\/2024\/09\/jnc9odawjmhhc2g9yteyzwu5zwy5zthkmgu3ztm2ztrknju1mwm0njaxy2y-thumb_.jpg\" alt=\"monitor\" width=\"782\" height=\"731\" data-skip-htmlfix=\"1\" title=\"jnc9odawjmhhc2g9yteyzwu5zwy5zthkmgu3ztm2ztrknju1mwm0njaxy2y-thumb_\"><\/p>\n<p data-index=\"10\">Listele de semn\u0103turi vor trebui atestate de c\u0103tre prim\u0103riile din localit\u0103\u0163ile de unde au fost str\u00e2nse.<\/p>\n<p data-index=\"11\">Dup\u0103 ce vor fi \u00eendeplinite formalit\u0103\u0163ile, iar ini\u0163iativa este depus\u0103 la Parlament, ea va fi transmis\u0103 Cur\u0163ii Constitu\u0163ionale pentru un aviz.<\/p>\n<p data-index=\"12\">Ini\u0163iativa legislativ\u0103 cet\u0103\u0163eneasc\u0103 este a doua tentativ\u0103 de a declara, prin lege, autonomia \u0162inutului Secuiesc. O lege ini\u0163iat\u0103 de parlamentarii UDMR pe aceast\u0103 tem\u0103 a fost respins\u0103 definitiv \u00een anul 2012, dup\u0103 7 ani \u00een care ea a r\u0103mas nediscutat\u0103 \u00een Parlament.<\/p>\n<p data-index=\"13\">UDMR a lansat un alt proiect privind autonomia \u0162inutului Secuiesc \u00een 2014, \u00eens\u0103 acesta nu a fost depus \u00een vreo form\u0103 \u00een Parlament.<\/p>\n<p data-index=\"14\"><span><strong>CE TERITORIU ESTE VIZAT \u0218I CUM SE ADMINISTREAZ\u0102<\/strong><\/span><\/p>\n<p data-index=\"15\">Proiectul ini\u0163iativei legislative cet\u0103\u0163ene\u015fti privind autonomia \u0162inutului Secuiesc prevede c\u0103 regiunea va fi condus\u0103 de un pre\u015fedinte, care o va reprezenta \u00een rela\u0163ia cu statul, iar autorit\u0103\u0163ile regionale vor prelua atribu\u0163iile actualelor autorit\u0103\u0163i locale, inclusiv \u00een domeniul fiscal, put\u00e2nd elabora propriile norme, cu singura condi\u0163ie de a respecta Constitu\u0163ia.<\/p>\n<p data-index=\"16\">Potrivit expunerii de motive, \u0162inutul Secuiesc este o \u201eregiune istoric\u0103 cu un trecut aparte\u201d, care s-a bucurat de o larg\u0103 autonomie, indiferent de statul din care f\u0103cea parte, inclusiv \u00een timpul regimului comunist. Ini\u0163iatorii sus\u0163in c\u0103 propunerea lor se bazeaz\u0103 pe principiul subsidiarit\u0103\u0163ii, ca una dintre \u201evalorile de baz\u0103 ale tuturor \u0163\u0103rilor Europei\u201d, care spune ca toate comunit\u0103\u0163ile locale s\u0103 aib\u0103 un cuv\u00e2nt de spus \u00een privin\u0163a treburilor care prezint\u0103 interes pentru ele.<\/p>\n<p data-index=\"17\">Ini\u0163iatorii critic\u0103 \u00eent\u00e2rzierile \u00een procesul de regionalizare a \u0163\u0103rii \u015fi, de aceea, consider\u0103 \u201eutil\u0103 implementarea unui proiect-pilot, care s\u0103 demonstreze c\u0103 regionalizarea chiar este o solu\u0163ie \u015fi pentru Rom\u00e2nia\u201d. Ei invoc\u0103 \u015fi referendumul \u201eneoficial\u201d \u00een care 99,8% din participan\u0163i, respectiv peste 210.000 persoane, au votat pentru crearea unei regiuni administrative cu \u201eprerogative sporite\u201d.<\/p>\n<p data-index=\"18\">Comitetul de ini\u0163iativ\u0103 comenteaz\u0103, \u00een expunerea de motive, \u015fi problema integrit\u0103\u0163ii \u015fi suveranit\u0103\u0163ii Rom\u00e2niei, principiu constitu\u0163ional care a blocat astfel de proiecte p\u00e2n\u0103 \u00een acest moment, afirm\u00e2nd c\u0103 recunoa\u015fterea unei autonomii ar contribui la coeziunea teritorial\u0103 a Rom\u00e2niei \u015fi proiectul nu lezeaz\u0103 astfel integritatea \u015fi suveranitatea.<\/p>\n<p data-index=\"19\">Potrivit ini\u0163iativei, \u201eca expresie a identit\u0103\u0163ii sale istorice, \u00een scopul asigur\u0103rii egalit\u0103\u0163ii de \u015fanse a cet\u0103\u0163enilor \u015fi protec\u0163iei identit\u0103\u0163ii na\u0163ionale maghiare, locuitorii \u0162inutului Secuiesc se constituie \u00een comunitate autonom\u0103\u201d.<\/p>\n<p data-index=\"20\">\u0162inutul Secuiesc va deveni regiune autonom\u0103 cu personalitate juridic\u0103 \u00een cadrul Rom\u00e2niei, cu drept de decizie \u015fi de gestionare \u00een domeniile care apar\u0163in competen\u0163elor specifice (inclusiv adoptarea \u015fi exercitarea unei politici proprii regiunii). Articolul 3 din propunere prevede c\u0103 \u201eautonomia regiunii nu afecteaz\u0103 integritatea teritorial\u0103 \u015fi suveranitatea statului rom\u00e2n\u201d, pentru c\u0103 deciziile vor fi luate \u00een \u0162inutul Secuiesc prin delegarea de competen\u0163e.<\/p>\n<p data-index=\"21\">Teritoriul regiunii autonome ar urma s\u0103 fie format din actualele jude\u0163e Covasna \u015fi Harghita, precum \u015fi scaunul istoric Mure\u015f.<\/p>\n<p data-index=\"22\">Regiunea autonom\u0103 va fi \u00eemp\u0103r\u0163it\u0103 \u00een 8 \u201escaune\u201d, reprezent\u00e2nd teritorii tradi\u0163ionale secuie\u015fti, fiecare cu o re\u015fedin\u0163\u0103. \u00cen \u0162inutul Secuiesc va fi instituit\u0103 \u015fi limba maghiar\u0103 ca limb\u0103 cu statut oficial. Ea va putea fi folosit\u0103 \u00een \u00eenv\u0103\u0163\u0103m\u00e2nt, \u00een cultur\u0103, \u00een justi\u0163ie \u015fi \u00een administra\u0163ie.<\/p>\n<p data-index=\"23\"><em>Sursa: News.ro<\/em><\/p>\n<\/div>\n<p> Source URL: https:\/\/www.digi24.ro\/stiri\/actualitate\/politica\/initiativa-privind-autonomia-tinutului-secuiesc-publicata-in-monitorul-oficial-657034<\/p>\n","protected":false},"excerpt":{"rendered":"<p>O ini\u0163iativ\u0103 legislativ\u0103 cet\u0103\u0163eneasc\u0103, sus\u0163inut\u0103 public de c\u0103tre Laszlo Tokes, privind declararea autonomiei \u0162inutului Secuiesc, a fost publicat\u0103 \u00een Monitorul Oficial, ea urm\u00e2nd s\u0103 fie transmis\u0103 \u015fi c\u0103tre Parlament, pentru discutare, al\u0103turi de listele cu cel pu\u0163in 100.000 de semn\u0103turi. Ini\u0163iativa legislativ\u0103 stabile\u015fte \u201estatutul de autonomie al \u0162inutului Secuiesc\u201d \u015fi a fost elaborat\u0103 de un [&hellip;]<\/p>\n","protected":false},"author":1,"featured_media":150098,"comment_status":"open","ping_status":"","sticky":false,"template":"","format":"standard","meta":{"footnotes":""},"categories":[2],"tags":[11],"class_list":["post-150097","post","type-post","status-publish","format-standard","has-post-thumbnail","hentry","category-politics","tag-digi24"],"_links":{"self":[{"href":"https:\/\/analyse.optim.biz\/index.php?rest_route=\/wp\/v2\/posts\/150097","targetHints":{"allow":["GET"]}}],"collection":[{"href":"https:\/\/analyse.optim.biz\/index.php?rest_route=\/wp\/v2\/posts"}],"about":[{"href":"https:\/\/analyse.optim.biz\/index.php?rest_route=\/wp\/v2\/types\/post"}],"author":[{"embeddable":true,"href":"https:\/\/analyse.optim.biz\/index.php?rest_route=\/wp\/v2\/users\/1"}],"replies":[{"embeddable":true,"href":"https:\/\/analyse.optim.biz\/index.php?rest_route=%2Fwp%2Fv2%2Fcomments&post=150097"}],"version-history":[{"count":0,"href":"https:\/\/analyse.optim.biz\/index.php?rest_route=\/wp\/v2\/posts\/150097\/revisions"}],"wp:featuredmedia":[{"embeddable":true,"href":"https:\/\/analyse.optim.biz\/index.php?rest_route=\/wp\/v2\/media\/150098"}],"wp:attachment":[{"href":"https:\/\/analyse.optim.biz\/index.php?rest_route=%2Fwp%2Fv2%2Fmedia&parent=150097"}],"wp:term":[{"taxonomy":"category","embeddable":true,"href":"https:\/\/analyse.optim.biz\/index.php?rest_route=%2Fwp%2Fv2%2Fcategories&post=150097"},{"taxonomy":"post_tag","embeddable":true,"href":"https:\/\/analyse.optim.biz\/index.php?rest_route=%2Fwp%2Fv2%2Ftags&post=150097"}],"curies":[{"name":"wp","href":"https:\/\/api.w.org\/{rel}","templated":true}]}}