{"id":150094,"date":"2017-01-26T13:10:07","date_gmt":"2017-01-26T10:10:07","guid":{"rendered":"https:\/\/analyse.optim.biz\/?p=150094"},"modified":"2017-01-26T13:10:07","modified_gmt":"2017-01-26T10:10:07","slug":"dacian-ciolos-progresele-in-justitie-sunt-ireversibile-cat-timp-cei-multi-care-cred-in-dreptate-nu-vor-ceda-celor-cativa-care-vor-sa-si-cumpere-putina-libertate","status":"publish","type":"post","link":"https:\/\/analyse.optim.biz\/?p=150094","title":{"rendered":"Dacian Ciolo\u0219: Progresele \u00een Justi\u0163ie sunt ireversibile c\u00e2t timp cei mul\u0163i, care cred \u00een dreptate, nu vor ceda celor c\u00e2\u0163iva care vor s\u0103-\u015fi \u201ecumpere\u201d pu\u0163in\u0103 libertate"},"content":{"rendered":"<div class=\"entry data-app-meta data-app-meta-article\" data-embed-base-url-canonical=\"https:\/\/www.digi24.ro\/embed\/stiri\/actualitate\/politica\/dacian-ciolos-progresele-in-justitie-sunt-ireversibile-cat-timp-cei-multi-care-cred-in-dreptate-nu-vor-ceda-celor-cativa-care-vor-sa-si-cumpere-putina-libertate-657062\">\n<p data-index=\"1\"><strong>Fostul premier Dacian Ciolo\u015f \u015fi-a exprimat, joi, pe Facebook, \u00eencrederea c\u0103 \u201eprogresele ob\u0163inute \u00een Justi\u0163ie sunt ireversibile\u201d at\u00e2t timp c\u00e2t \u201ecei care cred \u00een dreptate nu vor ceda celor c\u00e2\u0163iva care vor s\u0103-\u015fi cumpere pu\u0163in\u0103 libertate\u201d, el afirm\u00e2nd faptul c\u0103 CSM a avizat negativ proiectele de OUG privind gra\u0163ierea \u015fi modificarea Codurilor penale este un semn c\u0103 progresele f\u0103cute de Justi\u0163ie nu vor fi afectate de politicieni, potrivit <a href=\"http:\/\/www.news.ro\/\" target=\"_blank\" data-skip-linkfix=\"1\" rel=\"noopener\">News.ro<\/a>.<\/strong><\/p>\n<p data-index=\"2\"><img loading=\"lazy\" decoding=\"async\" class=\"alignnone size-full wp-image-637027\" src=\"https:\/\/analyse.optim.biz\/wp-content\/uploads\/2024\/09\/zwu4ndjmzgjmytqzythjztrmnjrhnjk3nwywm2mwmja-thumb_.jpg\" alt=\"dacian ciolos govro\" width=\"746\" height=\"488\" data-skip-htmlfix=\"1\" title=\"zwu4ndjmzgjmytqzythjztrmnjrhnjk3nwywm2mwmja-thumb_\"><\/p>\n<p data-index=\"3\">Dacian Ciolo\u015f a afirmat, \u00eentr-o postare pe Facebook, c\u0103 Rom\u00e2nia a f\u0103cut progrese, \u00een 2016, \u00een ceea ce prive\u015fte lupta anticorup\u0163ie, iar aceast\u0103 realizare este subminat\u0103 de \u201eo m\u00e2n\u0103 de politicieni\u201d.<\/p>\n<p data-index=\"4\">\u201eRom\u00e2nia se str\u0103duie\u015fte de ani de zile s\u0103 arate c\u0103 este \u00een m\u0103sur\u0103 s\u0103-\u015fi asigure independen\u0163a Justi\u0163iei \u015fi Statul de Drept \u015fi c\u00e2nd, \u00een sf\u00e2r\u015fit, acest lucru se \u00eent\u00e2mpl\u0103, o m\u00e2n\u0103 de politicieni \u00eencearc\u0103 s\u0103 submineze aceast\u0103 realizare\u201d, a scris Ciolo\u015f.<\/p>\n<p data-index=\"5\">El a subliniat c\u0103 anul trecut s-au f\u0103cut \u201epa\u015fi hot\u0103r\u00e2\u0163i \u00eenainte\u201d pentru consolidarea progreselor \u00een Justi\u0163ie \u015fi preg\u0103tirea asum\u0103rii institu\u0163ionale a acestui proces, iar direc\u0163ia corect\u0103 este punctat\u0103 \u00een raportul MCV, preciz\u00e2nd c\u0103 \u00een 2016 a f\u0103cut \u015fi demersuri diplomatice\u00a0sus\u0163inute pentru a explica progresele ob\u0163inute \u015fi chiar a primit asigur\u0103ri c\u0103 \u201erenun\u0163area la acest mecanism de monitorizare pe Justi\u0163ie se apropie\u201d.<\/p>\n<p data-index=\"6\">\u201eReformele \u00een Justi\u0163ie nu sunt realizate pentru a face pe plac Comisiei Europene sau altor state, ci pentru ca Rom\u00e2nia s\u0103-\u015fi asigure, f\u0103r\u0103 o monitorizare extern\u0103, o justi\u0163ie care func\u0163ioneaz\u0103 independent \u015fi eficient, \u00een interesul cet\u0103\u0163enilor, pentru a consolida democra\u0163ia \u015fi dezvoltarea economic\u0103 a \u0163\u0103rii. O justi\u0163ie care s\u0103 se afle \u00een afara unor interese de grup \u015fi imposibil de timorat de politicieni afla\u0163i vremelnic la putere\u201d, crede fostul premier.<\/p>\n<p data-index=\"7\">El consider\u0103 c\u0103 ceea ce s-a \u00eent\u00e2mplat \u00een ultimele zile arat\u0103 c\u0103 \u201einamicii Rom\u00e2niei pe acest subiect erau \u00een interiorul \u0163\u0103rii nu \u00een afara ei, cum \u00een mod fals au l\u0103sat unii s\u0103 se \u00een\u0163eleag\u0103\u201d.<\/p>\n<p data-index=\"8\">Tototdat\u0103, Ciolo\u015f a f\u0103cut referire \u015fi la protestul fa\u0163\u0103 de cele dou\u0103 ordonan\u0163e privind gra\u0163ierea \u015fi modificarea codurilor penale, afirm\u00e2nd c\u0103 acest lucru a ar\u0103tat c\u0103 progresele ob\u0163inute \u00een lupta anticorup\u0163ie \u201dnu mai pot fi \u015fterse cu buretele, pe ascuns, prin Ordonan\u0163e de urgen\u0163\u0103 scrise cu dedica\u0163ie pentru o m\u00e2n\u0103 de politicieni\u201d.<\/p>\n<p data-index=\"9\">\u201eAceia\u015fi politicieni care au \u00eengropat deja dou\u0103 m\u0103suri de preven\u0163ie a corup\u0163iei din S\u0103n\u0103tate \u015fi Educa\u0163ie adoptate \u00een 2016 \u015fi apreciate \u00een raportul MCV: concursul de directori \u00een \u015fcoli \u015fi noile criterii obiective si transparente pentru selec\u0163ia managerilor de spitale\u201d, a mai afirmat Ciolo\u015f.<\/p>\n<p data-index=\"10\">Faptul c\u0103 CSM a avizat negativ proiectele de Ordonan\u0163\u0103 de urgen\u0163\u0103 privind gra\u0163ierea \u015fi modificarea Codurilor penale este un semn c\u0103 progresele f\u0103cute de Justi\u0163ie nu vor fi afectate de politicieni, crede Ciolo\u015f.<\/p>\n<p data-index=\"11\">\u201eReac\u0163ia recent\u0103 a magistra\u0163ilor, care au respins unanim modul \u00een care s-a \u00eencercat s\u0103 se impun\u0103 brutal modific\u0103ri ale legisla\u0163iei in Justi\u0163ie, arat\u0103 \u015fi cum monitorizarea pe Justi\u0163ie a creat spa\u0163iul necesar dezvolt\u0103rii unui corp profesional care nu mai accept\u0103 interven\u0163ii politice \u015fi jum\u0103t\u0103\u0163i de m\u0103sur\u0103 \u00een lupta anticorup\u0163ie. Am \u00eencredere c\u0103 progresele ob\u0163inute \u00een Justi\u0163ie sunt ireversibile c\u00e2t timp cei mul\u0163i, care cred \u00een dreptate, nu vor ceda celor c\u00e2\u0163iva care vor s\u0103-\u015fi cumpere pu\u0163in\u0103 libertate\u201d, a scris fostul prim-ministru.<\/p>\n<\/div>\n<p> Source URL: https:\/\/www.digi24.ro\/stiri\/actualitate\/politica\/dacian-ciolos-progresele-in-justitie-sunt-ireversibile-cat-timp-cei-multi-care-cred-in-dreptate-nu-vor-ceda-celor-cativa-care-vor-sa-si-cumpere-putina-libertate-657062<\/p>\n","protected":false},"excerpt":{"rendered":"<p>Fostul premier Dacian Ciolo\u015f \u015fi-a exprimat, joi, pe Facebook, \u00eencrederea c\u0103 \u201eprogresele ob\u0163inute \u00een Justi\u0163ie sunt ireversibile\u201d at\u00e2t timp c\u00e2t \u201ecei care cred \u00een dreptate nu vor ceda celor c\u00e2\u0163iva care vor s\u0103-\u015fi cumpere pu\u0163in\u0103 libertate\u201d, el afirm\u00e2nd faptul c\u0103 CSM a avizat negativ proiectele de OUG privind gra\u0163ierea \u015fi modificarea Codurilor penale este un [&hellip;]<\/p>\n","protected":false},"author":1,"featured_media":150095,"comment_status":"open","ping_status":"","sticky":false,"template":"","format":"standard","meta":{"footnotes":""},"categories":[2],"tags":[11],"class_list":["post-150094","post","type-post","status-publish","format-standard","has-post-thumbnail","hentry","category-politics","tag-digi24"],"_links":{"self":[{"href":"https:\/\/analyse.optim.biz\/index.php?rest_route=\/wp\/v2\/posts\/150094","targetHints":{"allow":["GET"]}}],"collection":[{"href":"https:\/\/analyse.optim.biz\/index.php?rest_route=\/wp\/v2\/posts"}],"about":[{"href":"https:\/\/analyse.optim.biz\/index.php?rest_route=\/wp\/v2\/types\/post"}],"author":[{"embeddable":true,"href":"https:\/\/analyse.optim.biz\/index.php?rest_route=\/wp\/v2\/users\/1"}],"replies":[{"embeddable":true,"href":"https:\/\/analyse.optim.biz\/index.php?rest_route=%2Fwp%2Fv2%2Fcomments&post=150094"}],"version-history":[{"count":0,"href":"https:\/\/analyse.optim.biz\/index.php?rest_route=\/wp\/v2\/posts\/150094\/revisions"}],"wp:featuredmedia":[{"embeddable":true,"href":"https:\/\/analyse.optim.biz\/index.php?rest_route=\/wp\/v2\/media\/150095"}],"wp:attachment":[{"href":"https:\/\/analyse.optim.biz\/index.php?rest_route=%2Fwp%2Fv2%2Fmedia&parent=150094"}],"wp:term":[{"taxonomy":"category","embeddable":true,"href":"https:\/\/analyse.optim.biz\/index.php?rest_route=%2Fwp%2Fv2%2Fcategories&post=150094"},{"taxonomy":"post_tag","embeddable":true,"href":"https:\/\/analyse.optim.biz\/index.php?rest_route=%2Fwp%2Fv2%2Ftags&post=150094"}],"curies":[{"name":"wp","href":"https:\/\/api.w.org\/{rel}","templated":true}]}}