{"id":150091,"date":"2017-01-26T14:45:34","date_gmt":"2017-01-26T11:45:34","guid":{"rendered":"https:\/\/analyse.optim.biz\/?p=150091"},"modified":"2017-01-26T14:45:34","modified_gmt":"2017-01-26T11:45:34","slug":"pnl-va-depune-motiune-de-cenzura-in-secunda-doi","status":"publish","type":"post","link":"https:\/\/analyse.optim.biz\/?p=150091","title":{"rendered":"PNL va depune mo\u021biune de cenzur\u0103 \u201e\u00een secunda doi\u201d"},"content":{"rendered":"<div class=\"entry data-app-meta data-app-meta-article\" data-embed-base-url-canonical=\"https:\/\/www.digi24.ro\/embed\/stiri\/actualitate\/politica\/pnl-va-depune-motiune-de-cenzura-in-secunda-doi-657116\">\n<p data-index=\"1\"><strong>Comisia de unificare a PNL a decis c\u0103 partidul va depune mo\u021biune de cenzur\u0103 \u00een cazul \u00een care Guvernul Grindeanu va adopta ordonan\u021bele de urgen\u021b\u0103 privind gra\u021bierea \u0219i modificarea Codurilor penale.<\/strong><\/p>\n<p data-index=\"2\"><img loading=\"lazy\" decoding=\"async\" class=\"alignnone size-full wp-image-597184\" src=\"https:\/\/analyse.optim.biz\/wp-content\/uploads\/2024\/09\/agfzad03mjvjmzfmntzjy2iyywy4njdlogyzzjaznjrkzjnmzq-thumb_.jpg\" alt=\"raluca turcan fb-1\" width=\"800\" height=\"533\" data-skip-htmlfix=\"1\" title=\"agfzad03mjvjmzfmntzjy2iyywy4njdlogyzzjaznjrkzjnmzq-thumb_\"><\/p>\n<p data-index=\"3\">\u201e<strong>PNL a decis depunerea unei mo\u021biuni de cenzur\u0103 pe cele dou\u0103 ordonan\u021be. Vom face acest lucru \u00een secunda doi c\u00e2nd Guvernul va emite ordonan\u021bele \u0219i, de asemenea, \u00een sesiunea parlamentar\u0103<\/strong>\u201d, a anun\u021bat pre\u0219edintele interimar liberal, Raluca Turcan.<\/p>\n<p data-index=\"4\">Potrivit acesteia, mo\u021biunea de cenzur\u0103 s-ar impune deoarece controversatele ordonan\u021be nu \u201efac parte din programul de guvernare cu care PSD a fost \u00eenvestit\u201d, iar despre gra\u021biere \u0219i modificarea Codurilor penale nu s-a vorbit nici la audierea mini\u0219trilor, nici \u00een campania electoral\u0103.<\/p>\n<p data-index=\"5\">\u201eRostul mo\u021biunii de cenzur\u0103 este de a trage aten\u021bia opiniei publice c\u0103 actualul Guvern derapeaz\u0103 de la programul de guvernare asumat. Ini\u021biativa Guvernului de a pune \u00eenaintea bugetului de stat ordonan\u021be privind gra\u021bierea pentru clientela politic\u0103 arat\u0103 c\u0103 Guvernul nu este preocupat de problemele reale, ci de interesele celor care graviteaz\u0103 \u00een jurul grupului de decizie\u201d, a precizat liderul interimar al PNL.<\/p>\n<p data-index=\"6\">\u00cen ceea ce prive\u0219te situa\u021bia din penitenciare, <strong>PNL va propune \u00eenfiin\u021barea unei comisii parlamentare<\/strong>, iar la dezbaterea proiectului de buget pe 2017 va formula <strong>\u201eamendamente pentru \u00eembun\u0103t\u0103\u021birea condi\u021biilor de deten\u021bie\u201d<\/strong>. Printre m\u0103surile avute \u00een vedere se num\u0103r\u0103 dublarea normei de hran\u0103 \u0219i suplimentarea personalului de proba\u021biune. \u201eAtragem aten\u021bia c\u0103 PSD \u0219i Liviu Dragnea vorbesc despre situa\u021bia din penitenciare, \u00eens\u0103 \u00een bugetul de stat nu au f\u0103cut niciun demers pentru a suplimenta banii\u201d, a declarat Turcan.<\/p>\n<p data-index=\"7\">Potrivit liderului interimar al PNL, dac\u0103 USR va depune o mo\u021biune simpl\u0103 pe Justi\u021bie, parlamentarii PNL o vor sus\u021bine. \u201eNu cred c\u0103 trebuie s\u0103 avem orgolii politice. M\u0103 adresez tuturor care ar putea veni s\u0103 ne sus\u021bin\u0103 mo\u021biunea de cenzur\u0103. Avem informa\u021bii c\u0103 o treime din PSD sunt \u00eengrijora\u021bi de derapajele PSD. Cei care vor s\u0103 fie pe picior de egalitate cu oamenii cinsti\u021bi s\u0103 vin\u0103 la mo\u021biune\u201d, a declarat Turcan.<\/p>\n<p data-index=\"8\">Pre\u0219edintele interimar liberal a mai spus c\u0103 str\u00e2ngerea semn\u0103turilor pentru eventuala depunere a mo\u021biunii de cenzur\u0103 va \u00eencepe dup\u0103 debutul sesiunii parlamentare \u0219i c\u0103, p\u00e2n\u0103 acum, nu ar fi fost ini\u021biate discu\u021bii cu reprezentan\u021bii PMP.<\/p>\n<\/div>\n<p> Source URL: https:\/\/www.digi24.ro\/stiri\/actualitate\/politica\/pnl-va-depune-motiune-de-cenzura-in-secunda-doi-657116<\/p>\n","protected":false},"excerpt":{"rendered":"<p>Comisia de unificare a PNL a decis c\u0103 partidul va depune mo\u021biune de cenzur\u0103 \u00een cazul \u00een care Guvernul Grindeanu va adopta ordonan\u021bele de urgen\u021b\u0103 privind gra\u021bierea \u0219i modificarea Codurilor penale. \u201ePNL a decis depunerea unei mo\u021biuni de cenzur\u0103 pe cele dou\u0103 ordonan\u021be. Vom face acest lucru \u00een secunda doi c\u00e2nd Guvernul va emite ordonan\u021bele [&hellip;]<\/p>\n","protected":false},"author":1,"featured_media":150092,"comment_status":"open","ping_status":"","sticky":false,"template":"","format":"standard","meta":{"footnotes":""},"categories":[2],"tags":[11],"class_list":["post-150091","post","type-post","status-publish","format-standard","has-post-thumbnail","hentry","category-politics","tag-digi24"],"_links":{"self":[{"href":"https:\/\/analyse.optim.biz\/index.php?rest_route=\/wp\/v2\/posts\/150091","targetHints":{"allow":["GET"]}}],"collection":[{"href":"https:\/\/analyse.optim.biz\/index.php?rest_route=\/wp\/v2\/posts"}],"about":[{"href":"https:\/\/analyse.optim.biz\/index.php?rest_route=\/wp\/v2\/types\/post"}],"author":[{"embeddable":true,"href":"https:\/\/analyse.optim.biz\/index.php?rest_route=\/wp\/v2\/users\/1"}],"replies":[{"embeddable":true,"href":"https:\/\/analyse.optim.biz\/index.php?rest_route=%2Fwp%2Fv2%2Fcomments&post=150091"}],"version-history":[{"count":0,"href":"https:\/\/analyse.optim.biz\/index.php?rest_route=\/wp\/v2\/posts\/150091\/revisions"}],"wp:featuredmedia":[{"embeddable":true,"href":"https:\/\/analyse.optim.biz\/index.php?rest_route=\/wp\/v2\/media\/150092"}],"wp:attachment":[{"href":"https:\/\/analyse.optim.biz\/index.php?rest_route=%2Fwp%2Fv2%2Fmedia&parent=150091"}],"wp:term":[{"taxonomy":"category","embeddable":true,"href":"https:\/\/analyse.optim.biz\/index.php?rest_route=%2Fwp%2Fv2%2Fcategories&post=150091"},{"taxonomy":"post_tag","embeddable":true,"href":"https:\/\/analyse.optim.biz\/index.php?rest_route=%2Fwp%2Fv2%2Ftags&post=150091"}],"curies":[{"name":"wp","href":"https:\/\/api.w.org\/{rel}","templated":true}]}}