{"id":150086,"date":"2017-01-26T15:05:11","date_gmt":"2017-01-26T12:05:11","guid":{"rendered":"https:\/\/analyse.optim.biz\/?p=150086"},"modified":"2017-01-26T15:05:11","modified_gmt":"2017-01-26T12:05:11","slug":"liberalii-vor-cere-in-parlament-revocarea-lui-ciorbea","status":"publish","type":"post","link":"https:\/\/analyse.optim.biz\/?p=150086","title":{"rendered":"Liberalii vor cere \u00een Parlament revocarea lui Ciorbea"},"content":{"rendered":"<div class=\"entry data-app-meta data-app-meta-article\" data-embed-base-url-canonical=\"https:\/\/www.digi24.ro\/embed\/stiri\/actualitate\/politica\/liberalii-vor-cere-in-parlament-revocarea-lui-ciorbea-657122\">\n<p data-index=\"1\"><strong>La \u00eenceputul sesiunii parlamentare, PNL va depune o solicitare la conducerile celor dou\u0103 Camere pentru a fi discutat\u0103, \u00een prima \u015fedin\u0163\u0103 de plen reunit, revocarea lui Victor Ciorbea din func\u0163ia de Avocatul Poporului.<\/strong><\/p>\n<p data-index=\"2\"><img loading=\"lazy\" decoding=\"async\" class=\"alignnone size-full wp-image-465611\" src=\"https:\/\/analyse.optim.biz\/wp-content\/uploads\/2024\/09\/agfzad0zytm3y2zlyju5mjriodgynznhztliowzimdfmnwjlma-thumb_.jpg\" alt=\"CIORBEA agerpres 8018233\" width=\"800\" height=\"532\" data-skip-htmlfix=\"1\" title=\"agfzad0zytm3y2zlyju5mjriodgynznhztliowzimdfmnwjlma-thumb_\"><\/p>\n<p data-index=\"3\">\u201eAm decis s\u0103 \u00eencepem demersurile de revocare din func\u0163ie a Avocatului Poporului. <strong>Domnul Victor Ciorbea nu respect\u0103 legea care st\u0103 la baza institu\u0163iei Avocatului Poporului. Domnul Victor Ciorbea a politizat aceast\u0103 institu\u0163ie \u015fi s-a comportat ca un vasal al PSD, ca un executant umil al intereselor PSD<\/strong>. Vom solicita \u00eenceperea procedurilor de revocare \u015fi s\u0103 ajung\u0103 \u00een func\u0163ia de Avocat al poporului o persoan\u0103 profesionist\u0103, de probitate moral\u0103, o persoan\u0103 care s\u0103 respecte \u00een primul r\u00e2nd oamenii\u201d, a declarat pre\u0219edintele interimar al PNL, Raluca Turcan.<\/p>\n<p data-index=\"4\">Lipsa de reac\u0163ie a Avocatului Poporului fa\u0163\u0103 de ordonan\u0163a privind migra\u0163ia primarilor \u015fi atacarea la Curtea Constitu\u0163ional\u0103 a legii care interzice condamna\u0163ilor s\u0103 fie membri ai Guvernului se num\u0103r\u0103 printre motivele pentru care liberalii consider\u0103 c\u0103 trebuie revocat Ciorbea din func\u021bie.<\/p>\n<p data-index=\"5\">Dup\u0103 ce Avocatul Poporului a atacat la Curtea Constitu\u021bional\u0103 Legea nr. 90\/2001, ale c\u0103rei prevederi l-au \u00eempiedicat pe Liviu Dragnea s\u0103 pretind\u0103 func\u021bia de premier, un val de cereri de demisie s-a \u00eendreptat \u00eempotriva lui Victor Ciorbea. A fost lansat\u0103 \u0219i o peti\u021bie online care, \u00een mai pu\u021bin de 24 de ore, a str\u00e2ns <a href=\"https:\/\/www.digi24.ro\/stiri\/actualitate\/politica\/aproape-80-000-de-semnaturi-pentru-demisia-lui-ciorbea-645106\" target=\"_blank\" data-skip-linkfix=\"1\" rel=\"noopener\">un num\u0103r record de semn\u0103turi<\/a>.<\/p>\n<p data-index=\"6\"><a href=\"https:\/\/www.digi24.ro\/stiri\/actualitate\/justitie\/raspunsul-lui-v-ciorbea-pentru-cei-care-ii-cer-demisia-bieti-oameni-647027\" target=\"_blank\" data-skip-linkfix=\"1\" rel=\"noopener\">Reac\u021bia lui Victor Ciorbea<\/a> la toate aceste cereri a fost: \u201e<strong>Bie\u021bi oameni care nu \u0219tiu despre ce e vorba \u0219i n-au avut nici r\u0103bdarea \u0219i nici interesul s\u0103 citeasc\u0103 excep\u021bia pe care am formulat-o!<\/strong>\u201d.<\/p>\n<\/div>\n<p> Source URL: https:\/\/www.digi24.ro\/stiri\/actualitate\/politica\/liberalii-vor-cere-in-parlament-revocarea-lui-ciorbea-657122<\/p>\n","protected":false},"excerpt":{"rendered":"<p>La \u00eenceputul sesiunii parlamentare, PNL va depune o solicitare la conducerile celor dou\u0103 Camere pentru a fi discutat\u0103, \u00een prima \u015fedin\u0163\u0103 de plen reunit, revocarea lui Victor Ciorbea din func\u0163ia de Avocatul Poporului. \u201eAm decis s\u0103 \u00eencepem demersurile de revocare din func\u0163ie a Avocatului Poporului. Domnul Victor Ciorbea nu respect\u0103 legea care st\u0103 la baza [&hellip;]<\/p>\n","protected":false},"author":1,"featured_media":150087,"comment_status":"open","ping_status":"","sticky":false,"template":"","format":"standard","meta":{"footnotes":""},"categories":[2],"tags":[11],"class_list":["post-150086","post","type-post","status-publish","format-standard","has-post-thumbnail","hentry","category-politics","tag-digi24"],"_links":{"self":[{"href":"https:\/\/analyse.optim.biz\/index.php?rest_route=\/wp\/v2\/posts\/150086","targetHints":{"allow":["GET"]}}],"collection":[{"href":"https:\/\/analyse.optim.biz\/index.php?rest_route=\/wp\/v2\/posts"}],"about":[{"href":"https:\/\/analyse.optim.biz\/index.php?rest_route=\/wp\/v2\/types\/post"}],"author":[{"embeddable":true,"href":"https:\/\/analyse.optim.biz\/index.php?rest_route=\/wp\/v2\/users\/1"}],"replies":[{"embeddable":true,"href":"https:\/\/analyse.optim.biz\/index.php?rest_route=%2Fwp%2Fv2%2Fcomments&post=150086"}],"version-history":[{"count":0,"href":"https:\/\/analyse.optim.biz\/index.php?rest_route=\/wp\/v2\/posts\/150086\/revisions"}],"wp:featuredmedia":[{"embeddable":true,"href":"https:\/\/analyse.optim.biz\/index.php?rest_route=\/wp\/v2\/media\/150087"}],"wp:attachment":[{"href":"https:\/\/analyse.optim.biz\/index.php?rest_route=%2Fwp%2Fv2%2Fmedia&parent=150086"}],"wp:term":[{"taxonomy":"category","embeddable":true,"href":"https:\/\/analyse.optim.biz\/index.php?rest_route=%2Fwp%2Fv2%2Fcategories&post=150086"},{"taxonomy":"post_tag","embeddable":true,"href":"https:\/\/analyse.optim.biz\/index.php?rest_route=%2Fwp%2Fv2%2Ftags&post=150086"}],"curies":[{"name":"wp","href":"https:\/\/api.w.org\/{rel}","templated":true}]}}