{"id":150083,"date":"2017-01-26T16:22:45","date_gmt":"2017-01-26T13:22:45","guid":{"rendered":"https:\/\/analyse.optim.biz\/?p=150083"},"modified":"2017-01-26T16:22:45","modified_gmt":"2017-01-26T13:22:45","slug":"iohannis-pentru-grindeanu-nu-ne-putem-juca-niciodata-cu-siguranta-cetatenilor-cu-securitatea-romaniei","status":"publish","type":"post","link":"https:\/\/analyse.optim.biz\/?p=150083","title":{"rendered":"Iohannis pentru Grindeanu: \u201eNu ne putem juca niciodat\u0103 cu siguran\u0163a cet\u0103\u0163enilor, cu securitatea Rom\u00e2niei\u201d"},"content":{"rendered":"<div class=\"entry data-app-meta data-app-meta-article\" data-embed-base-url-canonical=\"https:\/\/www.digi24.ro\/embed\/stiri\/actualitate\/politica\/iohannis-critica-alocarile-guvernului-in-domeniul-securitatii-nationale-657177\">\n<p data-index=\"1\"><strong>Printr-o scrisoare trimis\u0103 premierului Sorin Grindeanu, pre\u0219edintele Klaus Iohannis se declar\u0103 nemul\u021bumit de reducerile operate asupra bugetelor institu\u021biilor din domeniul Ap\u0103r\u0103rii Na\u021bionale. \u0218i aten\u021bioneaz\u0103 c\u0103, potrivit legii, pentru aceste proiecte de buget este nevoie de avizul CSAT, \u00eenainte ca documentele\u00a0s\u0103 fie aprobate de Guvern \u0219i trimise Parlamentului spre dezbatere.<\/strong><\/p>\n<p data-index=\"2\"><img loading=\"lazy\" decoding=\"async\" class=\"alignnone size-full wp-image-631196\" src=\"https:\/\/analyse.optim.biz\/wp-content\/uploads\/2024\/09\/agfzad03ztllogfkmjk1mdiznda2yzuyodjhmze2otzkzwnhmg-thumb_.jpg\" alt=\"klaus iohannis declaratie cotroceni presidency\" width=\"960\" height=\"540\" data-skip-htmlfix=\"1\" title=\"agfzad03ztllogfkmjk1mdiznda2yzuyodjhmze2otzkzwnhmg-thumb_\"><\/p>\n<p data-index=\"3\">\u0218eful statului arat\u0103 c\u0103, de\u0219i se preconizeaz\u0103 \u00een 2017 o cre\u0219tere a cheltuielilor cu 15% fa\u021b\u0103 de 2016, scad bugetele din domeniul securit\u0103\u021bii na\u021bionale, ceea ce ar fi <strong>o m\u0103sur\u0103 \u201enu doar nejustificat\u0103, ci total inoportun\u0103\u201d<\/strong>.<\/p>\n<p data-index=\"4\">\u201e<strong>Asigurarea securit\u0103\u0163ii na\u0163ionale ar trebui s\u0103 fie o prioritate absolut\u0103, \u015fi nu orgoliile politice de moment. Inten\u0163ia Guvernului de a reduce aceste bugete reprezint\u0103 un gest iresponsabil \u015fi o grav\u0103 eroare. Nu ne putem juca niciodat\u0103 cu siguran\u0163a cet\u0103\u0163enilor, cu securitatea Rom\u00e2niei<\/strong>\u201d, arat\u0103 pre\u0219edintele \u00een scrisoarea trimis\u0103 premierului Grindeanu.<\/p>\n<p data-index=\"5\">\u0218eful statului i-a reamintit, totodat\u0103, prim-ministrului c\u0103, \u00eenainte de a fi aprobate de Guvern, proiectele de buget pentru institu\u021biile din domeniul securit\u0103\u021bii na\u021bionale trebuie s\u0103 fie avizate de Consiliul Suprem de Ap\u0103rare a \u021a\u0103rii.<\/p>\n<p data-index=\"6\"><strong>Red\u0103m textul scrisorii:<\/strong><\/p>\n<p data-index=\"7\">\u201eDomnule Prim-ministru,<\/p>\n<p data-index=\"8\">\u00cen contextul dezbaterilor privind aloc\u0103rile bugetare pentru ordonatorii principali de credite, remarc faptul c\u0103, pentru domeniul securit\u0103\u0163ii na\u0163ionale, cu excep\u0163ia bugetului Ministerului Ap\u0103r\u0103rii Na\u0163ionale, toate celelalte bugete sufer\u0103 reduceri fa\u0163\u0103 de execu\u0163ia bugetar\u0103 a anului 2016, unele dintre aceste reduceri fiind semnificative. \u00cen acela\u0219i timp, nu au fost aduse \u00eenc\u0103 argumente necesare, pertinente \u015fi credibile, care s\u0103 explice aceast\u0103 reducere a finan\u021b\u0103rii.<\/p>\n<p data-index=\"9\">\u00cen condi\u021biile \u00een care proiectul Bugetului General Consolidat pentru 2017 prevede o cre\u0219tere a cheltuielilor totale, fa\u021b\u0103 de 2016, de aproape 31 miliarde lei, ceea ce reprezint\u0103 o cre\u0219tere de peste 15% fa\u021b\u0103 de cheltuielile efectuate \u00een 2016, reducerea bugetelor pentru domeniul securit\u0103\u021bii na\u021bionale este nu doar nejustificat\u0103, ci total inoportun\u0103.<\/p>\n<p data-index=\"10\">\u00cen privin\u021ba bugetului destinat Ministerului Ap\u0103r\u0103rii Na\u0163ionale, de\u015fi exist\u0103 o alocare suplimentar\u0103 fa\u0163\u0103 de 2016, p\u00e2n\u0103 la circa 1,5% din PIB, remarc faptul c\u0103 nu sunt respectate angajamentele ferm asumate, at\u00e2t de c\u0103tre conducerea Guvernului, c\u00e2t \u015fi a PSD, de a se asigura un buget de 2% din PIB, conform programului de guvernare \u015fi Acordului din 2015, convenit cu \u00eentreg spectrul politic.<\/p>\n<p data-index=\"11\">Atrag aten\u0163ia c\u0103 aceast\u0103 abordare privind construc\u0163ia bugetar\u0103 nu dovede\u015fte responsabilitatea pe care, ca \u0163ar\u0103 \u015fi ca stat, ne-o impun angajamentele politice \u015fi institu\u0163ionale asumate, precum \u015fi riscurile \u015fi vulnerabilit\u0103\u0163ile existente \u00een actualul context de securitate, regional \u015fi interna\u0163ional.<\/p>\n<p data-index=\"12\">\u00cen acest sens, asigurarea securit\u0103\u0163ii na\u0163ionale ar trebui s\u0103 fie o prioritate absolut\u0103, \u015fi nu orgoliile politice de moment. Inten\u0163ia Guvernului de a reduce aceste bugete reprezint\u0103 un gest iresponsabil \u015fi o grav\u0103 eroare. Nu ne putem juca niciodat\u0103 cu siguran\u0163a cet\u0103\u0163enilor, cu securitatea Rom\u00e2niei.<\/p>\n<p data-index=\"13\">Reamintesc c\u0103, \u00een baza cadrului juridic actual, proiectele de buget din domeniul securit\u0103\u0163ii na\u0163ionale trebuie s\u0103 primeasc\u0103 avizul CSAT \u00eenainte de a fi aprobate de c\u0103tre Guvern.<\/p>\n<p data-index=\"14\">\u00centr-o perioad\u0103 marcat\u0103 de provoc\u0103ri multiple, de impredictibilitate, Rom\u00e2nia este ast\u0103zi o \u0163ar\u0103 stabil\u0103, sigur\u0103, recunoscut\u0103 ca atare \u015fi respectat\u0103 de partenerii din NATO \u015fi UE, o \u0163ar\u0103 care contribuie \u00een mod real la consolidarea securit\u0103\u0163ii \u00een regiune. Acest lucru a fost posibil \u015fi pentru c\u0103 Armata Rom\u00e2niei, for\u0163ele Ministerului Afacerilor Interne, serviciile de informa\u021bii \u0219i de protec\u021bie \u015fi-au f\u0103cut datoria cu responsabilitate.<\/p>\n<p data-index=\"15\">Guvernul \u015fi \u00eentreaga clas\u0103 politic\u0103 au obliga\u0163ia de a sprijini \u00een continuare aceste eforturi. C\u00e2nd \u00een joc se afl\u0103 interesul Rom\u00e2niei, nu doar cel de azi, ci interesul nostru pe termen lung, sc\u0103derea bugetelor din domeniul securit\u0103\u021bii na\u021bionale ar \u00eensemna un atentat la siguran\u0163a rom\u00e2nilor.<\/p>\n<p data-index=\"16\">Dincolo de zona securit\u0103\u0163ii na\u0163ionale, \u00een privin\u0163a educa\u0163iei \u015fi a cercet\u0103rii este esen\u0163ial ca bugetul alocat s\u0103 reflecte importan\u0163a acestor domenii pentru viitorul Rom\u00e2niei, incluz\u00e2nd sume necesare pentru a acoperi toate cre\u015fterile de salarii \u015fi burse anun\u0163ate, dar \u015fi pentru a sprijini cre\u015fterea calit\u0103\u0163ii educa\u0163iei \u015fi a performan\u0163ei \u00een cercetare \u2013 dezvoltare \u2013 inovare. O Rom\u00e2nie educat\u0103 necesit\u0103 \u00een primul r\u00e2nd acordarea aten\u0163iei cuvenite \u00een ceea ce prive\u015fte aloc\u0103rile bugetare.\u201d<\/p>\n<\/div>\n<p> Source URL: https:\/\/www.digi24.ro\/stiri\/actualitate\/politica\/iohannis-critica-alocarile-guvernului-in-domeniul-securitatii-nationale-657177<\/p>\n","protected":false},"excerpt":{"rendered":"<p>Printr-o scrisoare trimis\u0103 premierului Sorin Grindeanu, pre\u0219edintele Klaus Iohannis se declar\u0103 nemul\u021bumit de reducerile operate asupra bugetelor institu\u021biilor din domeniul Ap\u0103r\u0103rii Na\u021bionale. \u0218i aten\u021bioneaz\u0103 c\u0103, potrivit legii, pentru aceste proiecte de buget este nevoie de avizul CSAT, \u00eenainte ca documentele\u00a0s\u0103 fie aprobate de Guvern \u0219i trimise Parlamentului spre dezbatere. \u0218eful statului arat\u0103 c\u0103, de\u0219i se [&hellip;]<\/p>\n","protected":false},"author":1,"featured_media":150084,"comment_status":"open","ping_status":"","sticky":false,"template":"","format":"standard","meta":{"footnotes":""},"categories":[2],"tags":[11],"class_list":["post-150083","post","type-post","status-publish","format-standard","has-post-thumbnail","hentry","category-politics","tag-digi24"],"_links":{"self":[{"href":"https:\/\/analyse.optim.biz\/index.php?rest_route=\/wp\/v2\/posts\/150083","targetHints":{"allow":["GET"]}}],"collection":[{"href":"https:\/\/analyse.optim.biz\/index.php?rest_route=\/wp\/v2\/posts"}],"about":[{"href":"https:\/\/analyse.optim.biz\/index.php?rest_route=\/wp\/v2\/types\/post"}],"author":[{"embeddable":true,"href":"https:\/\/analyse.optim.biz\/index.php?rest_route=\/wp\/v2\/users\/1"}],"replies":[{"embeddable":true,"href":"https:\/\/analyse.optim.biz\/index.php?rest_route=%2Fwp%2Fv2%2Fcomments&post=150083"}],"version-history":[{"count":0,"href":"https:\/\/analyse.optim.biz\/index.php?rest_route=\/wp\/v2\/posts\/150083\/revisions"}],"wp:featuredmedia":[{"embeddable":true,"href":"https:\/\/analyse.optim.biz\/index.php?rest_route=\/wp\/v2\/media\/150084"}],"wp:attachment":[{"href":"https:\/\/analyse.optim.biz\/index.php?rest_route=%2Fwp%2Fv2%2Fmedia&parent=150083"}],"wp:term":[{"taxonomy":"category","embeddable":true,"href":"https:\/\/analyse.optim.biz\/index.php?rest_route=%2Fwp%2Fv2%2Fcategories&post=150083"},{"taxonomy":"post_tag","embeddable":true,"href":"https:\/\/analyse.optim.biz\/index.php?rest_route=%2Fwp%2Fv2%2Ftags&post=150083"}],"curies":[{"name":"wp","href":"https:\/\/api.w.org\/{rel}","templated":true}]}}