{"id":150061,"date":"2017-01-26T18:01:42","date_gmt":"2017-01-26T15:01:42","guid":{"rendered":"https:\/\/analyse.optim.biz\/?p=150061"},"modified":"2017-01-26T18:01:42","modified_gmt":"2017-01-26T15:01:42","slug":"l-dragnea-despre-ordonanta-gratierii-n-am-inteles-ce-vor-exact-sa-faca-astept-si-eu-sa-vad","status":"publish","type":"post","link":"https:\/\/analyse.optim.biz\/?p=150061","title":{"rendered":"L. Dragnea, despre ordonan\u0163a gra\u0163ierii: N-am \u00een\u0163eles ce vor exact s\u0103 fac\u0103, a\u015ftept \u015fi eu s\u0103 v\u0103d"},"content":{"rendered":"<div class=\"entry data-app-meta data-app-meta-article\" data-embed-base-url-canonical=\"https:\/\/www.digi24.ro\/embed\/stiri\/actualitate\/politica\/l-dragnea-n-am-inteles-exact-ce-vor-sa-faca-657254\">\n<p data-index=\"1\"><strong>Pre\u015fedintele PSD spune c\u0103, dup\u0103 ce s-a \u00eentors din vizita \u00een Statele Unite, nu a \u00een\u0163eles exact ce vrea Guvernul s\u0103 fac\u0103 \u00een privin\u0163a ordonan\u0163elor pentru gra\u0163iere \u015fi modificarea codurilor penale. El sus\u0163ine c\u0103 a\u015fteapt\u0103 de la premier \u015fi ministrul Justi\u0163iei clarific\u0103ri. Liviu Dragnea spune c\u0103 nu a vorbit cu cei doi despre acest subiect \u015fi nici nu o va face.<\/strong><\/p>\n<p data-index=\"2\">Toma Petcu, reporter Digi24: \u00cen privin\u0163a ordonan\u0163elor, lua\u0163i \u00een calcul angajarea r\u0103spunderii Guvernului?<\/p>\n<p data-index=\"3\">Liviu Dragnea, pre\u015fedintele PSD: Eu nu sunt la Guvern.<\/p>\n<p data-index=\"4\">Toma Petcu, reporter Digi24: \u015etiu c\u0103 nu sunte\u0163i la Guvern \u015fi&#8230;<\/p>\n<p data-index=\"5\">Liviu Dragnea, pre\u015fedintele PSD: Nu, vorbesc foarte serios. \u00cen subiectul \u0103sta trebuie s\u0103 vorbi\u0163i cu Guvernul. Cu premierul \u015fi cu ministrul Justi\u0163iei. \u015ei eu m-am uitat cu foarte mult\u0103 curiozitate, dup\u0103 ce m-am \u00eentors din America, n-am \u00een\u0163eles foarte mult, exact ce vor s\u0103 fac\u0103, a\u015ftept \u015fi eu s\u0103 v\u0103d totu\u015fi o linie clar\u0103. Nici nu am vorbit cu ei \u015fi nici nu vreau s\u0103 vorbesc cu ei acest lucru.<\/p>\n<p data-index=\"6\">Toma Petcu, reporter Digi24: \u00cen privin\u0163a demersului pre\u015fedintelui, legat de referendum, a\u0163i primit solicitarea?<\/p>\n<p data-index=\"7\">Liviu Dragnea, pre\u015fedintele PSD: M\u00e2ine \u00een Biroul Permanent Reunit o repartiz\u0103m la Comisia Juridic\u0103, o s\u0103 le d\u0103m termen maxim o s\u0103pt\u0103m\u00e2n\u0103, \u00een a\u015fa fel \u00eenc\u00e2t s\u0103 ne \u00eencadr\u0103m \u00een cele 20 de zile de r\u0103spuns.<\/p>\n<p data-index=\"8\">Toma Petcu, reporter Digi24: Deci, ve\u0163i da (Parlamentul \u2013 n.r.) un punct de vedere.<\/p>\n<p data-index=\"9\">Liviu Dragnea, pre\u015fedintele PSD: Bine\u00een\u0163eles.<\/p>\n<p data-index=\"10\">Metadatele proiectului de OUG pentru gra\u021biere, publicat miercuri (18 ianuarie &#8211; n.r.) pe site-ul Ministerului Justi\u021biei, scot la iveal\u0103 un detaliu important, scrie <a href=\"http:\/\/cursdeguvernare.ro\/ordonanta-gratierii-elaborata-pe-un-computer-de-la-cancelaria-lui-liviu-dragnea.html\" target=\"_blank\" data-skip-linkfix=\"1\" rel=\"noopener\">cursdeguvernare.ro<\/a> citat de News.ro. Forma final\u0103 a proiectului de Ordonan\u0163\u0103 de Urgen\u0163\u0103 privind gra\u0163ierea a trecut printr-un calculator de la cabinetul liderului PSD Liviu Dragnea, la autor fiind trecut numele \u201canca.spiridon\u201d.<\/p>\n<p data-index=\"11\">Ministerul Justi\u021biei organizeaz\u0103 luni, 30 ianuarie, o dezbatere public\u0103 pe tema proiectelor de ordonan\u021b\u0103 de urgen\u021b\u0103 referitoare la gra\u021biere \u0219i modificarea Codului penal, \u00eens\u0103 \u00eenc\u0103perea \u00een care au loc discu\u021biile are doar 50 de locuri.<\/p>\n<p data-index=\"12\">Ordonan\u0163ele de urgen\u0163\u0103 privind gra\u0163ierea \u015fi modificarea codurilor penale nu vor fi retrase. Dup\u0103 consult\u0103rile publice, ministrul Justi\u0163iei va anun\u0163a \u00een ce form\u0103 vor fi acestea adoptate: ordonan\u0163\u0103 de urgen\u0163\u0103, asumarea r\u0103spunderii sau lege.<\/p>\n<p data-index=\"13\"><strong>Citi\u0163i \u015fi:\u00a0<\/strong><\/p>\n<p data-index=\"14\"><strong><a href=\"https:\/\/www.digi24.ro\/stiri\/actualitate\/justitie\/presa-ordonanta-gratierii-scrisa-de-o-angajata-a-lui-liviu-dragnea-652520\" target=\"_blank\" data-skip-linkfix=\"1\" rel=\"noopener\">Pres\u0103: Ordonan\u021ba gra\u021bierii, scris\u0103 de o angajat\u0103 a lui Liviu Dragnea<\/a><\/strong><\/p>\n<p data-index=\"15\"><strong><a href=\"https:\/\/www.digi24.ro\/stiri\/actualitate\/justitie\/dezbateri-publice-privind-ordonantele-gratierii-si-codului-penal-657125\" target=\"_blank\" data-skip-linkfix=\"1\" rel=\"noopener\">Dezbateri publice privind ordonan\u021bele gra\u021bierii \u0219i Codului penal \u00eentr-o sal\u0103 cu 50 de locuri<\/a><\/strong><\/p>\n<p data-index=\"16\"><strong><a href=\"https:\/\/www.digi24.ro\/stiri\/actualitate\/justitie\/csm-aviz-negativ-pentru-proiectele-de-ordonanta-656521\" target=\"_blank\" data-skip-linkfix=\"1\" rel=\"noopener\">CSM, aviz negativ pentru proiectele de ordonan\u021b\u0103 privind gra\u021bierea \u0219i modificarea codurilor penale<\/a><\/strong><\/p>\n<p data-index=\"17\"><strong><a href=\"https:\/\/www.digi24.ro\/stiri\/actualitate\/justitie\/cui-ar-servi-redefinirea-abuzului-in-serviciu-652100\" target=\"_blank\" data-skip-linkfix=\"1\" rel=\"noopener\">Cui ar servi redefinirea abuzului \u00een serviciu?<\/a><\/strong><\/p>\n<\/div>\n<p> Source URL: https:\/\/www.digi24.ro\/stiri\/actualitate\/politica\/l-dragnea-n-am-inteles-exact-ce-vor-sa-faca-657254<\/p>\n","protected":false},"excerpt":{"rendered":"<p>Pre\u015fedintele PSD spune c\u0103, dup\u0103 ce s-a \u00eentors din vizita \u00een Statele Unite, nu a \u00een\u0163eles exact ce vrea Guvernul s\u0103 fac\u0103 \u00een privin\u0163a ordonan\u0163elor pentru gra\u0163iere \u015fi modificarea codurilor penale. El sus\u0163ine c\u0103 a\u015fteapt\u0103 de la premier \u015fi ministrul Justi\u0163iei clarific\u0103ri. Liviu Dragnea spune c\u0103 nu a vorbit cu cei doi despre acest subiect [&hellip;]<\/p>\n","protected":false},"author":1,"featured_media":150062,"comment_status":"open","ping_status":"","sticky":false,"template":"","format":"standard","meta":{"footnotes":""},"categories":[2],"tags":[11],"class_list":["post-150061","post","type-post","status-publish","format-standard","has-post-thumbnail","hentry","category-politics","tag-digi24"],"_links":{"self":[{"href":"https:\/\/analyse.optim.biz\/index.php?rest_route=\/wp\/v2\/posts\/150061","targetHints":{"allow":["GET"]}}],"collection":[{"href":"https:\/\/analyse.optim.biz\/index.php?rest_route=\/wp\/v2\/posts"}],"about":[{"href":"https:\/\/analyse.optim.biz\/index.php?rest_route=\/wp\/v2\/types\/post"}],"author":[{"embeddable":true,"href":"https:\/\/analyse.optim.biz\/index.php?rest_route=\/wp\/v2\/users\/1"}],"replies":[{"embeddable":true,"href":"https:\/\/analyse.optim.biz\/index.php?rest_route=%2Fwp%2Fv2%2Fcomments&post=150061"}],"version-history":[{"count":0,"href":"https:\/\/analyse.optim.biz\/index.php?rest_route=\/wp\/v2\/posts\/150061\/revisions"}],"wp:featuredmedia":[{"embeddable":true,"href":"https:\/\/analyse.optim.biz\/index.php?rest_route=\/wp\/v2\/media\/150062"}],"wp:attachment":[{"href":"https:\/\/analyse.optim.biz\/index.php?rest_route=%2Fwp%2Fv2%2Fmedia&parent=150061"}],"wp:term":[{"taxonomy":"category","embeddable":true,"href":"https:\/\/analyse.optim.biz\/index.php?rest_route=%2Fwp%2Fv2%2Fcategories&post=150061"},{"taxonomy":"post_tag","embeddable":true,"href":"https:\/\/analyse.optim.biz\/index.php?rest_route=%2Fwp%2Fv2%2Ftags&post=150061"}],"curies":[{"name":"wp","href":"https:\/\/api.w.org\/{rel}","templated":true}]}}