{"id":150050,"date":"2017-01-26T18:35:34","date_gmt":"2017-01-26T15:35:34","guid":{"rendered":"https:\/\/analyse.optim.biz\/?p=150050"},"modified":"2017-01-26T18:35:34","modified_gmt":"2017-01-26T15:35:34","slug":"florin-iordache-vrea-asumarea-raspunderii-guvernului-pentru-gratiere","status":"publish","type":"post","link":"https:\/\/analyse.optim.biz\/?p=150050","title":{"rendered":"Florin Iordache vrea asumarea r\u0103spunderii Guvernului pentru gra\u0163iere"},"content":{"rendered":"<div class=\"entry data-app-meta data-app-meta-article\" data-embed-base-url-canonical=\"https:\/\/www.digi24.ro\/embed\/stiri\/actualitate\/politica\/florin-iordache-nu-renunta-la-gratiere-si-modificarea-codurilor-penale-657270\">\n<p data-index=\"1\"><strong>Ordonan\u0163ele de urgen\u0163\u0103 privind gra\u0163ierea \u015fi modificarea codurilor penale nu vor fi retrase definitiv. Dup\u0103 consult\u0103rile publice, ministrul Justi\u0163iei va anun\u0163a \u00een ce form\u0103 vor fi acestea adoptate: ordonan\u0163\u0103 de urgen\u0163\u0103, asumarea r\u0103spunderii sau lege. Florin Iordache a declarat, pentru Digi24 c\u0103 va anun\u0163a personal decizia \u015fi c\u0103, \u00een ceea ce-l prive\u015fte, ar prefera adoptarea acestora prin asumarea r\u0103spunderii Guvernului.<\/strong><\/p>\n<p data-index=\"2\">Ministrul Justi\u0163iei pare c\u0103 \u00ee\u015fi asum\u0103 personal proiectele gra\u0163ierii \u015fi modific\u0103rii codurilor penale. El va anun\u0163a, luni, sub ce form\u0103 vor fi acestea adoptate. P\u00e2n\u0103 atunci analizeaz\u0103 op\u0163iunile care sunt: ordonan\u0163e de urgen\u0163\u0103, angajarea r\u0103spunderii Guvernului sau legi. \u00centr-o discu\u0163ie cu reporterul Digi24 Alina Manolache, Florin Iordache a spus c\u0103 varianta pe care o prefer\u0103 este asumarea r\u0103spunderii.<\/p>\n<p data-index=\"3\">Proiectele cunoscute, cele care au provocat numeroase reac\u0163ii negative, ar putea avea o alt\u0103 form\u0103 luni. Este foarte posibil ca acestea s\u0103 se transforme \u00eentr-un pachet de legi pentru domeniul justi\u0163iei. \u00cen acest pachet ar putea fi incluse \u015fi prevederi pentru modernizarea penitenciarelor, de exemplu.<\/p>\n<p data-index=\"4\">Angajarea r\u0103spunderii Guvernului presupune prezentarea legii sau a pachetului legislativ \u00een Parlament. Dac\u0103 nu este depus\u0103 o mo\u0163iune de cenzur\u0103 sau dac\u0103 aceasta este depus\u0103 \u015fi nu este adoptat\u0103, se consider\u0103 asumat\u0103 r\u0103spunderea Guvernului. Opozi\u0163ia a anun\u0163at c\u0103 inten\u0163ioneaz\u0103 s\u0103 depun\u0103 o mo\u0163iune de cenzur\u0103, dar nu are for\u0163a necesar\u0103 adopt\u0103rii acesteia.<\/p>\n<p data-index=\"5\"><strong>Citi\u0163i \u015fi:<\/strong><\/p>\n<p data-index=\"6\"><strong><a href=\"https:\/\/www.digi24.ro\/stiri\/actualitate\/politica\/l-dragnea-nu-stiam-de-proiectul-ordonantei-gratierii-657254\" target=\"_blank\" data-skip-linkfix=\"1\" rel=\"noopener\">L. Dragnea, despre ordonan\u0163a gra\u0163ierii: N-am \u00een\u0163eles ce vor exact s\u0103 fac\u0103, a\u015ftept \u015fi eu s\u0103 v\u0103d<\/a><\/strong><\/p>\n<p data-index=\"7\"><strong><a href=\"https:\/\/www.digi24.ro\/stiri\/actualitate\/justitie\/dezbateri-publice-privind-ordonantele-gratierii-si-codului-penal-657125\" target=\"_blank\" data-skip-linkfix=\"1\" rel=\"noopener\">Dezbateri publice privind ordonan\u021bele gra\u021bierii \u0219i Codului penal \u00eentr-o sal\u0103 cu 50 de locuri<\/a><\/strong><\/p>\n<\/div>\n<p> Source URL: https:\/\/www.digi24.ro\/stiri\/actualitate\/politica\/florin-iordache-nu-renunta-la-gratiere-si-modificarea-codurilor-penale-657270<\/p>\n","protected":false},"excerpt":{"rendered":"<p>Ordonan\u0163ele de urgen\u0163\u0103 privind gra\u0163ierea \u015fi modificarea codurilor penale nu vor fi retrase definitiv. Dup\u0103 consult\u0103rile publice, ministrul Justi\u0163iei va anun\u0163a \u00een ce form\u0103 vor fi acestea adoptate: ordonan\u0163\u0103 de urgen\u0163\u0103, asumarea r\u0103spunderii sau lege. Florin Iordache a declarat, pentru Digi24 c\u0103 va anun\u0163a personal decizia \u015fi c\u0103, \u00een ceea ce-l prive\u015fte, ar prefera adoptarea [&hellip;]<\/p>\n","protected":false},"author":1,"featured_media":150051,"comment_status":"open","ping_status":"","sticky":false,"template":"","format":"standard","meta":{"footnotes":""},"categories":[2],"tags":[11],"class_list":["post-150050","post","type-post","status-publish","format-standard","has-post-thumbnail","hentry","category-politics","tag-digi24"],"_links":{"self":[{"href":"https:\/\/analyse.optim.biz\/index.php?rest_route=\/wp\/v2\/posts\/150050","targetHints":{"allow":["GET"]}}],"collection":[{"href":"https:\/\/analyse.optim.biz\/index.php?rest_route=\/wp\/v2\/posts"}],"about":[{"href":"https:\/\/analyse.optim.biz\/index.php?rest_route=\/wp\/v2\/types\/post"}],"author":[{"embeddable":true,"href":"https:\/\/analyse.optim.biz\/index.php?rest_route=\/wp\/v2\/users\/1"}],"replies":[{"embeddable":true,"href":"https:\/\/analyse.optim.biz\/index.php?rest_route=%2Fwp%2Fv2%2Fcomments&post=150050"}],"version-history":[{"count":0,"href":"https:\/\/analyse.optim.biz\/index.php?rest_route=\/wp\/v2\/posts\/150050\/revisions"}],"wp:featuredmedia":[{"embeddable":true,"href":"https:\/\/analyse.optim.biz\/index.php?rest_route=\/wp\/v2\/media\/150051"}],"wp:attachment":[{"href":"https:\/\/analyse.optim.biz\/index.php?rest_route=%2Fwp%2Fv2%2Fmedia&parent=150050"}],"wp:term":[{"taxonomy":"category","embeddable":true,"href":"https:\/\/analyse.optim.biz\/index.php?rest_route=%2Fwp%2Fv2%2Fcategories&post=150050"},{"taxonomy":"post_tag","embeddable":true,"href":"https:\/\/analyse.optim.biz\/index.php?rest_route=%2Fwp%2Fv2%2Ftags&post=150050"}],"curies":[{"name":"wp","href":"https:\/\/api.w.org\/{rel}","templated":true}]}}