{"id":150039,"date":"2017-01-26T21:44:02","date_gmt":"2017-01-26T18:44:02","guid":{"rendered":"https:\/\/analyse.optim.biz\/?p=150039"},"modified":"2017-01-26T21:44:02","modified_gmt":"2017-01-26T18:44:02","slug":"c-t-popescu-singura-legatura-a-legii-gratierii-cu-pamantul-e-un-soi-de-iepuroi-orbit-de-faruri-pe-autostrada","status":"publish","type":"post","link":"https:\/\/analyse.optim.biz\/?p=150039","title":{"rendered":"C.T.Popescu: Singura leg\u0103tur\u0103 a legii gra\u0163ierii cu p\u0103m\u00e2ntul e un soi de iepuroi orbit de faruri pe autostrad\u0103"},"content":{"rendered":"<div class=\"entry data-app-meta data-app-meta-article\" data-embed-base-url-canonical=\"https:\/\/www.digi24.ro\/embed\/stiri\/actualitate\/politica\/c-t-popescu-singura-legatura-a-legii-gratierii-cu-pamantul-e-omul-de-la-justitie-un-soi-de-iepuroi-orbit-de-faruri-pe-autostrada-657358\">\n<p data-index=\"1\"><strong><span lang=\"ro-RO\">Jurnalistul Cristian Tudor Popescu a comentat la Digi24 declara\u0163ia prin care Liviu Dragnea a sus\u0163inut c\u0103 nu a \u00een\u0163eles exact ce vrea Guvernul s\u0103 fac\u0103 \u00een privin\u0163a ordonan\u0163elor pentru gra\u0163ierea \u015fi modificarea codurilor penale: \u201e\u00censu\u015fi Dragnea spune c\u0103 nu are treaba cu aceast\u0103 lege, deci, singura leg\u0103tur\u0103 cu p\u0103m\u00e2ntul a acestei legi este acest om de la justi\u0163ie\u201d.<\/span><\/strong><\/p>\n<p data-index=\"2\">\u201e<span lang=\"ro-RO\">Deci Dragnea \u015ftia cu precizie din America &#8211; probabil a avut o consultare telefonic\u0103 cu Ion Iliescu \u015fi Iliescu i-a spus: e mineriad\u0103, Liviule!. Deci \u015ftia c\u0103 e mineriad\u0103, c\u0103 e lovitur\u0103 de stat, c\u0103 aceste manifesta\u0163ii sunt organizate de SRI. Ce nu \u015ftia, se pare, era ce e cu aceast\u0103 lege, \u00een rest \u015ftia tot\u201d, a afirmat jurnalistul.<\/span><\/p>\n<p data-index=\"3\">\u201e<span lang=\"ro-RO\">\u00censu\u015fi Dragnea spune c\u0103 nu are treab\u0103 cu legea. Care e singura leg\u0103tur\u0103 cu p\u0103m\u00e2ntul a acestei legi?. E acest om de la justi\u0163ie, ministru. E un soi de iepuroi orbit de faruri pe autostrad\u0103, buimache pe care nu-l ascult\u0103 nici nevasta c\u00e2nd se duce acas\u0103.<\/span><\/p>\n<p data-index=\"4\"><span lang=\"ro-RO\">Nu poate \u0163ine o \u015fedin\u0163\u0103 pe scara blocului, e \u015fi el plantat acum \u00een pozi\u0163ia de cavaler cu zel \u015fi s\u0103bii de o\u0163el care ap\u0103r\u0103 legea asta cu care nu are nimeni nicio treab\u0103.<\/span><\/p>\n<p data-index=\"5\"><span lang=\"ro-RO\">CSM, Ministerul Public, DNA, DIICOT, oamenii ie\u015fi\u0163i \u00een strad\u0103, to\u0163i spun nu aceste legi. \u015ei spune Iordache c\u0103 ar prefera asumarea.<\/span><\/p>\n<p data-index=\"6\"><span lang=\"ro-RO\">Dintr-o dat\u0103, PSD, \u00een frunte cu acest domn a devenit fundamental preocupat de pu\u015fc\u0103ria\u015fi. \u00cen\u0163elesesem c\u0103 vor s\u0103 guverneze \u00een numele poporului nepu\u015fc\u0103rias, c\u0103ruia vrea s\u0103-i arunce bani din toate direc\u0163iile. \u015ei, totu\u015fi, Iordache spune: vreau asumarea r\u0103spunderii\u201d.<\/span><\/p>\n<\/div>\n<p> Source URL: https:\/\/www.digi24.ro\/stiri\/actualitate\/politica\/c-t-popescu-singura-legatura-a-legii-gratierii-cu-pamantul-e-omul-de-la-justitie-un-soi-de-iepuroi-orbit-de-faruri-pe-autostrada-657358<\/p>\n","protected":false},"excerpt":{"rendered":"<p>Jurnalistul Cristian Tudor Popescu a comentat la Digi24 declara\u0163ia prin care Liviu Dragnea a sus\u0163inut c\u0103 nu a \u00een\u0163eles exact ce vrea Guvernul s\u0103 fac\u0103 \u00een privin\u0163a ordonan\u0163elor pentru gra\u0163ierea \u015fi modificarea codurilor penale: \u201e\u00censu\u015fi Dragnea spune c\u0103 nu are treaba cu aceast\u0103 lege, deci, singura leg\u0103tur\u0103 cu p\u0103m\u00e2ntul a acestei legi este acest om [&hellip;]<\/p>\n","protected":false},"author":1,"featured_media":150040,"comment_status":"open","ping_status":"","sticky":false,"template":"","format":"standard","meta":{"footnotes":""},"categories":[2],"tags":[11],"class_list":["post-150039","post","type-post","status-publish","format-standard","has-post-thumbnail","hentry","category-politics","tag-digi24"],"_links":{"self":[{"href":"https:\/\/analyse.optim.biz\/index.php?rest_route=\/wp\/v2\/posts\/150039","targetHints":{"allow":["GET"]}}],"collection":[{"href":"https:\/\/analyse.optim.biz\/index.php?rest_route=\/wp\/v2\/posts"}],"about":[{"href":"https:\/\/analyse.optim.biz\/index.php?rest_route=\/wp\/v2\/types\/post"}],"author":[{"embeddable":true,"href":"https:\/\/analyse.optim.biz\/index.php?rest_route=\/wp\/v2\/users\/1"}],"replies":[{"embeddable":true,"href":"https:\/\/analyse.optim.biz\/index.php?rest_route=%2Fwp%2Fv2%2Fcomments&post=150039"}],"version-history":[{"count":0,"href":"https:\/\/analyse.optim.biz\/index.php?rest_route=\/wp\/v2\/posts\/150039\/revisions"}],"wp:featuredmedia":[{"embeddable":true,"href":"https:\/\/analyse.optim.biz\/index.php?rest_route=\/wp\/v2\/media\/150040"}],"wp:attachment":[{"href":"https:\/\/analyse.optim.biz\/index.php?rest_route=%2Fwp%2Fv2%2Fmedia&parent=150039"}],"wp:term":[{"taxonomy":"category","embeddable":true,"href":"https:\/\/analyse.optim.biz\/index.php?rest_route=%2Fwp%2Fv2%2Fcategories&post=150039"},{"taxonomy":"post_tag","embeddable":true,"href":"https:\/\/analyse.optim.biz\/index.php?rest_route=%2Fwp%2Fv2%2Ftags&post=150039"}],"curies":[{"name":"wp","href":"https:\/\/api.w.org\/{rel}","templated":true}]}}