{"id":150017,"date":"2017-01-26T23:35:21","date_gmt":"2017-01-26T20:35:21","guid":{"rendered":"https:\/\/analyse.optim.biz\/?p=150017"},"modified":"2017-01-26T23:35:21","modified_gmt":"2017-01-26T20:35:21","slug":"programul-bugetului-in-parlament","status":"publish","type":"post","link":"https:\/\/analyse.optim.biz\/?p=150017","title":{"rendered":"Programul bugetului \u00een Parlament"},"content":{"rendered":"<div class=\"entry data-app-meta data-app-meta-article\" data-embed-base-url-canonical=\"https:\/\/www.digi24.ro\/embed\/stiri\/economie\/finante-economie\/programul-bugetului-in-parlament-657400\">\n<p data-index=\"1\"><strong><span lang=\"ro-RO\">Bugetul pentru 2017 urmeaz\u0103 s\u0103 primeasc\u0103 votul final \u00een Parlament vineri, 3 februarie, spune pre\u015fedintele Camerei Deputa\u0163ilor. Procedurile ar urma s\u0103 \u00eenceap\u0103 imediat dup\u0103 ce proiectul este adoptat de Guvern, \u00een \u015fedin\u0163a special\u0103 de vineri. Pentru depunerea amendamentelor, parlamentarii vor avea timp p\u00e2n\u0103 duminic\u0103 seara.<\/span><\/strong><\/p>\n<p data-index=\"2\"><em><strong><span lang=\"ro-RO\">Liviu Dragnea, pre\u015fedintele Camerei Deputa\u0163ilor:<\/span><\/strong><\/em><\/p>\n<p data-index=\"3\">&#8220;Am f\u0103cut calendarul, c\u0103 de asta am stat ast\u0103zi, ne-am v\u0103zut \u015fi cu domnul T\u0103riceanu, \u015fi cu colegii. \u00cent\u00e2rziindu-se dou\u0103 zile calendarul de adoptare \u00een Guvernn, a\u015ftept\u0103m m\u00e2ine (vineri, 27 ianuarie &#8211; n.r.) s\u0103 vin\u0103, dup\u0103 \u015fedin\u0163a de Guvern, proiectul de buget la Parlament, dup\u0103-amiaz\u0103. O s\u0103 mai vorbim diminea\u0163\u0103 cu prim-ministrul. O s\u0103 avem un Birou Permanent Reunit dup\u0103-amiaz\u0103, ca s\u0103 vin\u0103 proiectul de buget. tot m\u00e2ine, \u00een Biroul Permanent reunit o s\u0103 repartiz\u0103m la Comisiile Juridice reunite scrisoarea de la pre\u015fedinte, cu privire la organizarea referendumului, \u015fi de asemenea o solicitare, de la PNL parc\u0103, cu privire la Avocatul Poporului, care merge tot la Comsiile Juridice reunite. Practic, dup\u0103 calendar, noi am avea, \u00eencep\u00e2nd de m\u00e2ine sear\u0103 p\u00e2n\u0103 duminic\u0103 sear\u0103 s\u0103 se depun\u0103 amendamente. S\u0103 fie 48 de ore, pentru c\u0103 vreau s\u0103 fie totu\u015fi o perioad\u0103 rezonabil\u0103 pentru ca parlamentarii s\u0103 poat\u0103 s\u0103 studieze proiectul de buget. Luni avem centralizarea \u015fi gruparea amendamentelor \u015fi \u00eencep \u015fedin\u0163ele pe comisiile de specialitate, unde o s\u0103 vin\u0103 to\u0163i mini\u015ftrii \u015fi cred c\u0103 luni seara se termin\u0103 audierea mini\u015ftrilor \u015fi prezentarea bugetului fiec\u0103rui ordonator de credite. Dup\u0103 care, mar\u0163i, s\u0103 fie dezbateri \u00een Comisiile de Buget-Finan\u0163e, miercuri s\u0103 fie \u015fedin\u0163a Biroului Permanent al Camerei \u015fi plenul Camerei Deputa\u0163ilor, \u00een a\u015fa fel \u00eenc\u00e2t joi \u015fi vineri s\u0103 fie dezbateri \u015fi vot final pe buget.&#8221;<\/p>\n<\/div>\n<p> Source URL: https:\/\/www.digi24.ro\/stiri\/economie\/finante-economie\/programul-bugetului-in-parlament-657400<\/p>\n","protected":false},"excerpt":{"rendered":"<p>Bugetul pentru 2017 urmeaz\u0103 s\u0103 primeasc\u0103 votul final \u00een Parlament vineri, 3 februarie, spune pre\u015fedintele Camerei Deputa\u0163ilor. Procedurile ar urma s\u0103 \u00eenceap\u0103 imediat dup\u0103 ce proiectul este adoptat de Guvern, \u00een \u015fedin\u0163a special\u0103 de vineri. Pentru depunerea amendamentelor, parlamentarii vor avea timp p\u00e2n\u0103 duminic\u0103 seara. Liviu Dragnea, pre\u015fedintele Camerei Deputa\u0163ilor: &#8220;Am f\u0103cut calendarul, c\u0103 de [&hellip;]<\/p>\n","protected":false},"author":1,"featured_media":150018,"comment_status":"open","ping_status":"","sticky":false,"template":"","format":"standard","meta":{"footnotes":""},"categories":[2],"tags":[11],"class_list":["post-150017","post","type-post","status-publish","format-standard","has-post-thumbnail","hentry","category-politics","tag-digi24"],"_links":{"self":[{"href":"https:\/\/analyse.optim.biz\/index.php?rest_route=\/wp\/v2\/posts\/150017","targetHints":{"allow":["GET"]}}],"collection":[{"href":"https:\/\/analyse.optim.biz\/index.php?rest_route=\/wp\/v2\/posts"}],"about":[{"href":"https:\/\/analyse.optim.biz\/index.php?rest_route=\/wp\/v2\/types\/post"}],"author":[{"embeddable":true,"href":"https:\/\/analyse.optim.biz\/index.php?rest_route=\/wp\/v2\/users\/1"}],"replies":[{"embeddable":true,"href":"https:\/\/analyse.optim.biz\/index.php?rest_route=%2Fwp%2Fv2%2Fcomments&post=150017"}],"version-history":[{"count":0,"href":"https:\/\/analyse.optim.biz\/index.php?rest_route=\/wp\/v2\/posts\/150017\/revisions"}],"wp:featuredmedia":[{"embeddable":true,"href":"https:\/\/analyse.optim.biz\/index.php?rest_route=\/wp\/v2\/media\/150018"}],"wp:attachment":[{"href":"https:\/\/analyse.optim.biz\/index.php?rest_route=%2Fwp%2Fv2%2Fmedia&parent=150017"}],"wp:term":[{"taxonomy":"category","embeddable":true,"href":"https:\/\/analyse.optim.biz\/index.php?rest_route=%2Fwp%2Fv2%2Fcategories&post=150017"},{"taxonomy":"post_tag","embeddable":true,"href":"https:\/\/analyse.optim.biz\/index.php?rest_route=%2Fwp%2Fv2%2Ftags&post=150017"}],"curies":[{"name":"wp","href":"https:\/\/api.w.org\/{rel}","templated":true}]}}