{"id":1497769,"date":"2026-01-28T14:53:05","date_gmt":"2026-01-28T11:53:05","guid":{"rendered":"https:\/\/analyse.optim.biz\/?p=1497769"},"modified":"2026-01-28T14:53:05","modified_gmt":"2026-01-28T11:53:05","slug":"una-coalicion-de-centroderecha-en-minoria-cierra-un-acuerdo-para-gobernar-en-paises-bajos","status":"publish","type":"post","link":"https:\/\/analyse.optim.biz\/?p=1497769","title":{"rendered":"Una coalici\u00f3n de centroderecha en minor\u00eda cierra un acuerdo para gobernar en Pa\u00edses Bajos"},"content":{"rendered":"<article id=\"main-content\" class=\"a _g _g-lg _g-o\">\n<header class=\"a_e _g _g-xs\">\n<div class=\"a_e_txt _df\">\n<div class=\"a_k _df\"><a class=\"a_k_n\" href=\"https:\/\/elpais.com\/noticias\/paises-bajos\/\">Pa\u00edses Bajos<\/a><\/div>\n<h1 class=\"a_t\">Una coalici\u00f3n de centroderecha en minor\u00eda cierra un acuerdo para gobernar en Pa\u00edses Bajos<\/h1>\n<p class=\"a_st\">Liberales de izquierda, democristianos y liberales de derecha coinciden en llevar a cabo una \u201cenorme inversi\u00f3n\u201d en defensa<\/p>\n<\/div>\n<div class=\"a_e_m\">\n<figure class=\"a_m a_m-h \"><span class=\"a_m_w _db\"><img fetchpriority=\"high\" decoding=\"async\" alt=\"Job Jetten\" class=\"_re  a_m-h\" height=\"276\" width=\"414\" src=\"https:\/\/analyse.optim.biz\/wp-content\/uploads\/2026\/01\/bm34c3nmcvarzdccpgfi737v6e-1.jpg\" loading=\"eager\" title=\"bm34c3nmcvarzdccpgfi737v6e-1\"><\/span><figcaption class=\"a_m_p\" aria-hidden=\"true\"><span>Rob Jetten, l\u00edder del partido D66 y probable futuro primer ministro de Pa\u00edses Bajos, en una imagen de archivo en el Parlamento neerland\u00e9s.<\/span><span class=\"a_m_m\">ANP\/ Alamy Stock Photo<\/span><\/figcaption><\/figure>\n<\/div>\n<\/header>\n<div class=\"a_md _g _g-xs \">\n<figure class=\"a_md_i a_m-h c_m--nf\"><span class=\"a_m_w _db\"><img decoding=\"async\" alt=\"Isabel Ferrer\" class=\"_re lazyload a_m-h\" height=\"100\" width=\"100\" src=\"https:\/\/analyse.optim.biz\/wp-content\/uploads\/2026\/01\/https3a2f2fs3-amazonaws-com2farc-authors2fprisa2f8b95639c-d8ad-4697-89e7-0a8b128cb4e1-1.jpg\" loading=\"lazy\" title=\"https3a2f2fs3-amazonaws-com2farc-authors2fprisa2f8b95639c-d8ad-4697-89e7-0a8b128cb4e1-1\"><\/span><\/figure>\n<div class=\"a_md_txt\">\n<div class=\"a_md_a\" data-dtm-region=\"articulo_firma\"><a href=\"https:\/\/elpais.com\/autor\/isabel-ferrer\/#?rel=author_top\" title=\"Ver todas las noticias de Isabel Ferrer\" class=\"a_md_a_n\">Isabel Ferrer<\/a><\/div>\n<div class=\"a_md_f\"><span>La Haya &#8211; <a href=\"https:\/\/elpais.com\/hemeroteca\/2026-01-28\/\" data-date=\"2026-01-28T15:53:05+01:00\"><time data-date=\"2026-01-28T15:53:05+01:00\" datetime=\"2026-01-28T15:53:05+01:00\" id=\"article_date_p\">28 ene 2026 &#8211; 15:53<abbr title=\"Central European Time\">CET<\/abbr><\/time><\/a><\/span><\/div>\n<div class=\"w_rs\" data-dtm-region=\"articulo_botonera-social\">\n<div class=\"w_rs_i\"><a class=\"_btn hidden\" href=\"\/\/send?text=Una%20coalici%C3%B3n%20de%20centroderecha%20en%20minor%C3%ADa%20cierra%20un%20acuerdo%20para%20gobernar%20en%20Pa%C3%ADses%20Bajos%0D%0A%0D%0Ahttps%3A%2F%2Felpais.com%2Finternacional%2F2026-01-28%2Funa-coalicion-de-centroderecha-en-minoria-cierra-un-acuerdo-para-gobernar-en-paises-bajos.html%3Fssm=whatsapp_CC\" data-action=\"share\/whatsapp\/share\" data-param-description=\"Una coalici\u00f3n de centroderecha en minor\u00eda cierra un acuerdo para gobernar en Pa\u00edses Bajos\" data-param-href=\"https:\/\/elpais.com\/internacional\/2026-01-28\/una-coalicion-de-centroderecha-en-minoria-cierra-un-acuerdo-para-gobernar-en-paises-bajos.html\" data-param-text=\"Una coalici\u00f3n de centroderecha en minor\u00eda cierra un acuerdo para gobernar en Pa\u00edses Bajos https:\/\/elpais.com\/internacional\/2026-01-28\/una-coalicion-de-centroderecha-en-minoria-cierra-un-acuerdo-para-gobernar-en-paises-bajos.html\" data-param-url=\"https:\/\/elpais.com\/internacional\/2026-01-28\/una-coalicion-de-centroderecha-en-minoria-cierra-un-acuerdo-para-gobernar-en-paises-bajos.html\" target=\"_blank\" rel=\"noopener noreferrer\" data-share-track-dtm=\"whatsapp\" id=\"btn_share_whatsapp_214\"><span class=\"_sr\">Compartir en Whatsapp<\/span><\/a><\/div>\n<div class=\"w_rs_i\"><a class=\"_btn \" href=\"https:\/\/www.facebook.com\/dialog\/share?display=popup&amp;app_id=94039431626&amp;href=https%3A%2F%2Felpais.com%2Finternacional%2F2026-01-28%2Funa-coalicion-de-centroderecha-en-minoria-cierra-un-acuerdo-para-gobernar-en-paises-bajos.html%3Fssm=FB_CC&amp;quote=Una%20coalici%C3%B3n%20de%20centroderecha%20en%20minor%C3%ADa%20cierra%20un%20acuerdo%20para%20gobernar%20en%20Pa%C3%ADses%20Bajos\" data-param-app_id=\"94039431626\" data-param-description=\"Una coalici\u00f3n de centroderecha en minor\u00eda cierra un acuerdo para gobernar en Pa\u00edses Bajos\" data-param-href=\"https:\/\/elpais.com\/internacional\/2026-01-28\/una-coalicion-de-centroderecha-en-minoria-cierra-un-acuerdo-para-gobernar-en-paises-bajos.html\" data-param-text=\"Una coalici\u00f3n de centroderecha en minor\u00eda cierra un acuerdo para gobernar en Pa\u00edses Bajos\" data-param-url=\"https:\/\/elpais.com\/internacional\/2026-01-28\/una-coalicion-de-centroderecha-en-minoria-cierra-un-acuerdo-para-gobernar-en-paises-bajos.html\" target=\"_blank\" rel=\"noopener noreferrer\" data-share-track-dtm=\"facebook\" id=\"btn_share_facebook_214\"><span class=\"_sr\">Compartir en Facebook<\/span><\/a><\/div>\n<div class=\"w_rs_i\"><a class=\"_btn \" href=\"https:\/\/twitter.com\/intent\/tweet?url=https%3A%2F%2Felpais.com%2Finternacional%2F2026-01-28%2Funa-coalicion-de-centroderecha-en-minoria-cierra-un-acuerdo-para-gobernar-en-paises-bajos.html%3Fssm=TW_CC&amp;text=Una%20coalici%C3%B3n%20de%20centroderecha%20en%20minor%C3%ADa%20cierra%20un%20acuerdo%20para%20gobernar%20en%20Pa%C3%ADses%20Bajos&amp;via=el_pais&amp;lang=es\" data-param-description=\"Una coalici\u00f3n de centroderecha en minor\u00eda cierra un acuerdo para gobernar en Pa\u00edses Bajos\" data-param-href=\"https:\/\/elpais.com\/internacional\/2026-01-28\/una-coalicion-de-centroderecha-en-minoria-cierra-un-acuerdo-para-gobernar-en-paises-bajos.html\" data-param-text=\"Una coalici\u00f3n de centroderecha en minor\u00eda cierra un acuerdo para gobernar en Pa\u00edses Bajos via @el_pais\" data-param-url=\"https:\/\/elpais.com\/internacional\/2026-01-28\/una-coalicion-de-centroderecha-en-minoria-cierra-un-acuerdo-para-gobernar-en-paises-bajos.html\" target=\"_blank\" rel=\"noopener noreferrer\" data-share-track-dtm=\"twitter\" id=\"btn_share_twitter_214\"><span class=\"_sr\">Compartir en Twitter<\/span><\/a><\/div>\n<div class=\"w_rs_i\"><a class=\"_btn \" href=\"https:\/\/bsky.app\/intent\/compose?text=https%3A%2F%2Felpais.com%2Finternacional%2F2026-01-28%2Funa-coalicion-de-centroderecha-en-minoria-cierra-un-acuerdo-para-gobernar-en-paises-bajos.html%3Fssm=bsky_CC\" data-param-description=\"Una coalici\u00f3n de centroderecha en minor\u00eda cierra un acuerdo para gobernar en Pa\u00edses Bajos\" data-param-href=\"https:\/\/elpais.com\/internacional\/2026-01-28\/una-coalicion-de-centroderecha-en-minoria-cierra-un-acuerdo-para-gobernar-en-paises-bajos.html\" data-param-text=\"Una coalici\u00f3n de centroderecha en minor\u00eda cierra un acuerdo para gobernar en Pa\u00edses Bajos\" data-param-url=\"https:\/\/elpais.com\/internacional\/2026-01-28\/una-coalicion-de-centroderecha-en-minoria-cierra-un-acuerdo-para-gobernar-en-paises-bajos.html\" target=\"_blank\" rel=\"noopener noreferrer\" data-share-track-dtm=\"bluesky\" id=\"btn_share_bluesky_214\"><span class=\"_sr\">Compartir en Bluesky<\/span><\/a><\/div>\n<div class=\"w_rs_i\"><a class=\"_btn \" href=\"https:\/\/www.linkedin.com\/sharing\/share-offsite\/?url=https%3A%2F%2Felpais.com%2Finternacional%2F2026-01-28%2Funa-coalicion-de-centroderecha-en-minoria-cierra-un-acuerdo-para-gobernar-en-paises-bajos.html%3Fssm=LK_CC\" data-param-description=\"Una coalici\u00f3n de centroderecha en minor\u00eda cierra un acuerdo para gobernar en Pa\u00edses Bajos\" data-param-href=\"https:\/\/elpais.com\/internacional\/2026-01-28\/una-coalicion-de-centroderecha-en-minoria-cierra-un-acuerdo-para-gobernar-en-paises-bajos.html\" data-param-text=\"Una coalici\u00f3n de centroderecha en minor\u00eda cierra un acuerdo para gobernar en Pa\u00edses Bajos\" data-param-url=\"https:\/\/elpais.com\/internacional\/2026-01-28\/una-coalicion-de-centroderecha-en-minoria-cierra-un-acuerdo-para-gobernar-en-paises-bajos.html\" target=\"_blank\" rel=\"noopener noreferrer\" data-share-track-dtm=\"linkedin\" id=\"btn_share_linkedin_214\"><span class=\"_sr\">Compartir en Linkedin<\/span><\/a><\/div>\n<div class=\"w_rs_i\"><a class=\"_btn rs_l\" href=\"https:\/\/elpais.com\/internacional\/2026-01-28\/una-coalicion-de-centroderecha-en-minoria-cierra-un-acuerdo-para-gobernar-en-paises-bajos.html#?prm=copy_link\" data-share-track-dtm=\"copiar_url\" id=\"btn_share_link_31\"><span class=\"_sr\">Copiar enlace<\/span><\/a><\/div>\n<div class=\"w_rs_i\"><a class=\"_btn rs_c\" href=\"https:\/\/elpais.com\/internacional\/2026-01-28\/una-coalicion-de-centroderecha-en-minoria-cierra-un-acuerdo-para-gobernar-en-paises-bajos.html#comments_container\" aria-expanded=\"false\" aria-controls=\"me-c\" data-share-track-dtm=\"eskup\" id=\"btn_share_comments_31\"><span class=\"_sr\">Ir a los comentarios<\/span><\/a><\/div>\n<\/div>\n<\/div>\n<\/div>\n<div class=\"a_c clearfix\" data-dtm-region=\"articulo_cuerpo\">\n<p class>El nuevo Gobierno de Pa\u00edses Bajos se perfila como una coalici\u00f3n de centroderecha en minor\u00eda \u2014los tres partidos suman 66 de los 76 esca\u00f1os necesarios para ejercer en mayor\u00eda en un Parlamento de 150\u2014<a href=\"https:\/\/elpais.com\/internacional\/2026-01-14\/el-progresista-rob-jetten-intenta-formar-un-gobierno-en-minoria-algo-excepcional-en-la-historia-de-paises-bajos.html\" target=\"_self\" rel title=\"https:\/\/elpais.com\/internacional\/2026-01-14\/el-progresista-rob-jetten-intenta-formar-un-gobierno-en-minoria-algo-excepcional-en-la-historia-de-paises-bajos.html\">,<\/a> con <a href=\"https:\/\/elpais.com\/internacional\/2025-10-31\/rob-jetten-el-joven-liberal-que-ha-dado-un-susto-a-la-ultraderecha-y-aspira-a-gobernar-paises-bajos.html\" target=\"_self\" rel title=\"https:\/\/elpais.com\/internacional\/2025-10-31\/rob-jetten-el-joven-liberal-que-ha-dado-un-susto-a-la-ultraderecha-y-aspira-a-gobernar-paises-bajos.html\">el progresista Rob Jetten <\/a>como futuro primer ministro. <a href=\"https:\/\/elpais.com\/internacional\/2025-11-04\/el-liberal-rob-jetten-se-enfrenta-a-los-primeros-obstaculos-para-forjar-una-coalicion-de-gobierno-en-paises-bajos.html\" target=\"_self\" rel title=\"https:\/\/elpais.com\/internacional\/2025-11-04\/el-liberal-rob-jetten-se-enfrenta-a-los-primeros-obstaculos-para-forjar-una-coalicion-de-gobierno-en-paises-bajos.html\">Los liberales de izquierda D66, una formaci\u00f3n progresista<\/a> ganadora de las elecciones del pasado 29 de octubre, la democracia cristiana CDA, y el Partido Popular para la Libertad y la Democracia VVD, han llegado a un acuerdo en las l\u00edneas generales de un pacto que deben analizar primero sus respectivos diputados. <\/p>\n<p class>De momento, ha trascendido que el tr\u00edo llevar\u00e1 a cabo \u201cuna enorme inversi\u00f3n\u201d en Defensa, y tambi\u00e9n \u201cen Pa\u00edses Bajos\u201d, para que la deuda no la arrastren las nuevas generaciones\u201d. Son declaraciones de Jetten, l\u00edder de D66, que espera presentar oficialmente este viernes el contenido del pacto. <\/p>\n<p class>Los tres aliados \u2014Henri Bontenbal, por el CDA, y Dilan Yesilg\u00f6z, por el VVD, son los otros dos\u2014 tienen prevista una reuni\u00f3n este mi\u00e9rcoles \u201cpara poner los puntos sobre las \u00edes\u201d en los \u00faltimos flecos del acuerdo. La<a href=\"https:\/\/elpais.com\/internacional\/2025-08-20\/eva-fue-creada-despues-el-partido-calvinista-de-paises-bajos-desafia-la-constitucion-al-rechazar-a-las-mujeres-en-sus-listas.html\" target=\"_self\" rel title=\"https:\/\/elpais.com\/internacional\/2025-08-20\/eva-fue-creada-despues-el-partido-calvinista-de-paises-bajos-desafia-la-constitucion-al-rechazar-a-las-mujeres-en-sus-listas.html\"> tradici\u00f3n pactista neerlandesa en pol\u00edtica<\/a> tiende a calcular a fondo si los planes pueden financiarse realmente, y de ah\u00ed que Jetten haya dicho que espera invertir lo antes posible \u201cen la nueva econom\u00eda\u201d. <\/p>\n<p class>A partir del viernes, dar\u00e1 comienzo la siguiente fase de las negociaciones: la b\u00fasqueda de un formador, la persona designada por el Congreso para que sondee a las personas que considere adecuadas para integrar el Consejo de Ministros. El elegido suele ser el l\u00edder del mayor partido de la coalici\u00f3n: Jetten, en este caso.<\/p>\n<p class>Ponerse de acuerdo en formar Gobierno no ha sido f\u00e1cil. Jetten prefer\u00eda cerrar una coalici\u00f3n m\u00e1s hacia la izquierda y esperaba negociar con la alianza formada por ecologistas y socialdem\u00f3cratas (GroenLinks-PvdA). No ha sido posible dada la negativa del VVD de pactar con ellos, que su l\u00edder, Yesilg\u00f6z, ha mantenido hasta el final. As\u00ed las cosas, Jesse Klaver, cabeza de GroenLinks-Pvda, se ha mostrado dispuesto a ejercer la oposici\u00f3n \u201cde manera constructiva\u201d, para tirar del<a href=\"https:\/\/elpais.com\/internacional\/2025-10-29\/los-partidos-de-centro-e-izquierda-endurecen-su-discurso-migratorio-en-paises-bajos-ante-el-empuje-de-los-ultras-en-las-elecciones-de-este-miercoles.html\" target=\"_self\" rel title=\"https:\/\/elpais.com\/internacional\/2025-10-29\/los-partidos-de-centro-e-izquierda-endurecen-su-discurso-migratorio-en-paises-bajos-ante-el-empuje-de-los-ultras-en-las-elecciones-de-este-miercoles.html\"> nuevo Ejecutivo hacia la izquierda en lo posible<\/a>. No est\u00e1 claro c\u00f3mo lo har\u00e1, y tampoco el tipo y la frecuencia del apoyo de otros grupos, que el nuevo Ejecutivo necesitar\u00e1 para salir adelante.<\/p>\n<p class>A sus 38 a\u00f1os, Jetten, que es abiertamente gay, se prepara para ser un primer ministro con quien nadie contaba durante la pasada campa\u00f1a electoral. El D66 ten\u00eda nueve esca\u00f1os antes de los comicios, y logr\u00f3 26. Son los mismos que el Partido por la Libertad (PVV), del l\u00edder ultra Geert Wilders, y el escrutinio de votos mantuvo la tensi\u00f3n hasta el \u00faltimo momento. Al final, la diferencia fue de 29.668 a favor de D66, y Wilders, rechazado por el resto de los partidos con posibilidades de gobernar, tuvo que aceptar la derrota. <a href=\"https:\/\/elpais.com\/internacional\/2026-01-20\/la-extrema-derecha-holandesa-de-wilders-se-quiebra-tras-los-malos-resultados-electorales-de-octubre.html\" target=\"_self\" rel title=\"https:\/\/elpais.com\/internacional\/2026-01-20\/la-extrema-derecha-holandesa-de-wilders-se-quiebra-tras-los-malos-resultados-electorales-de-octubre.html\">Lleva semanas advirtiendo de que ser\u00e1 \u201cimplacable\u201d desde la oposici\u00f3n<\/a>, pero tiene ahora sus propios problemas internos.<\/p>\n<p class>El pasado 20 de enero<a href=\"https:\/\/elpais.com\/internacional\/2026-01-20\/la-extrema-derecha-holandesa-de-wilders-se-quiebra-tras-los-malos-resultados-electorales-de-octubre.html\" target=\"_self\" rel title=\"https:\/\/elpais.com\/internacional\/2026-01-20\/la-extrema-derecha-holandesa-de-wilders-se-quiebra-tras-los-malos-resultados-electorales-de-octubre.html\"> dimitieron siete de los diputados del PVV,<\/a> que formar\u00e1n primero un grupo parlamentario independiente. Los disidentes discrepaban de la estrategia pol\u00edtica de Wilders, y han anunciado que estar\u00edan dispuestos a colaborar con el nuevo Gobierno. Jetten ha contestado que todo lo que sea constructivo le parece bien, pero prefiere no escorarse hacia esa derecha. El nuevo Gobierno espera tomar posesi\u00f3n y presentarse en p\u00fablico con el rey el pr\u00f3ximo 23 de febrero.<\/p>\n<\/div>\n<div id=\"me-dis\" class=\"me _pf\">\n<div class=\"me_bg\">\n<div class=\"me-dis _pa _df\">\n<div class=\"me-dis_c\">\n<h2 class=\"me-dis_t\">Tu suscripci\u00f3n se est\u00e1 usando en otro dispositivo<\/h2>\n<p>\u00bfQuieres a\u00f1adir otro usuario a tu suscripci\u00f3n?<\/p>\n<div class=\"me-dis_l\"><a href=\"https:\/\/elpais.com\/suscripciones\/premium\/upgrade\/?utm_source=autopromo&amp;utm_medium=interno&amp;utm_campaign=YYYY_MM_capping_upgrade\" id=\"capping-upgrade\" class=\"btn\">A\u00f1adir usuario<\/a><a href=\"https:\/\/elpais.com\/internacional\/2026-01-28\/una-coalicion-de-centroderecha-en-minoria-cierra-un-acuerdo-para-gobernar-en-paises-bajos.html\" id=\"capping-continue\" class=\"btn btn-b\">Continuar leyendo aqu\u00ed<\/a><\/div>\n<p>Si contin\u00faas leyendo en este dispositivo, no se podr\u00e1 leer en el otro.<\/p>\n<p class=\"lk\"><a href=\"https:\/\/elpais.com\/internacional\/2026-01-28\/una-coalicion-de-centroderecha-en-minoria-cierra-un-acuerdo-para-gobernar-en-paises-bajos.html\" id=\"capping-show-more-button\">\u00bfPor qu\u00e9 est\u00e1s viendo esto?<\/a><\/p>\n<p><span class=\"arrow\" id=\"capping-arrow\">Flecha<\/span><\/p>\n<div class=\"me-dis_d\">\n<div class=\"me-dis_d_t\">\n<h2 class=\"enc\">Tu suscripci\u00f3n se est\u00e1 usando en otro dispositivo y solo puedes acceder a EL PA\u00cdS desde un dispositivo a la vez.<\/h2>\n<div class=\"tx\">\n<p>Si quieres compartir tu cuenta, cambia tu suscripci\u00f3n a la modalidad Premium, as\u00ed podr\u00e1s a\u00f1adir otro usuario. Cada uno acceder\u00e1 con su propia cuenta de email, lo que os permitir\u00e1 personalizar vuestra experiencia en EL PA\u00cdS.<\/p>\n<p>\u00bfTienes una suscripci\u00f3n de empresa? Accede <a target=\"_blank\" rel=\"noreferrer\" href=\"https:\/\/elpais.com\/suscripciones\/premium\/upgrade\/\">aqu\u00ed<\/a> para contratar m\u00e1s cuentas.<\/p>\n<p>En el caso de no saber qui\u00e9n est\u00e1 usando tu cuenta, te recomendamos cambiar tu contrase\u00f1a <a target=\"_blank\" rel=\"noreferrer\" href=\"https:\/\/elpais.com\/subscriptions\/#\/forgot-password\">aqu\u00ed.<\/a><\/p>\n<p>Si decides continuar compartiendo tu cuenta, este mensaje se mostrar\u00e1 en tu dispositivo y en el de la otra persona que est\u00e1 usando tu cuenta de forma indefinida, afectando a tu experiencia de lectura. Puedes <a target=\"_blank\" rel=\"noreferrer\" href=\"https:\/\/elpais.com\/suscripciones\/condiciones-generales-servicios\/\">consultar aqu\u00ed los t\u00e9rminos y condiciones de la suscripci\u00f3n digital.<\/a><\/p>\n<\/div>\n<\/div>\n<\/div>\n<\/div>\n<\/div>\n<\/div>\n<\/div>\n<aside class=\"w w-fid\">\n<div class=\"w_b\">\n<div class=\"w-fid_t\"><a href=\"https:\/\/plus.elpais.com\/newsletters\/lnp\/1\/334\/#?prm=not_newsletters_internacional\">Recibe el bolet\u00edn de Internacional<\/a><\/div>\n<div class=\"w-fid_s\">\n<div class=\"w_rs\">\n<div class=\"w_rs_i\"><a class=\"_btn\" href=\"https:\/\/www.facebook.com\/elpais\" rel=\"nofollow\"><span class=\"_sr\">Internacional El Pa\u00eds en Facebook<\/span><\/a><\/div>\n<div class=\"w_rs_i\"><a class=\"_btn\" href=\"https:\/\/www.instagram.com\/el_pais\/\" rel=\"nofollow\"><span class=\"_sr\">Internacional El Pa\u00eds en Instagram<\/span><\/a><\/div>\n<div class=\"w_rs_i\"><a class=\"_btn\" href=\"https:\/\/twitter.com\/el_pais\" rel=\"nofollow\"><span class=\"_sr\">Internacional El Pa\u00eds en Twitter<\/span><\/a><\/div>\n<\/div>\n<\/div>\n<\/div>\n<\/aside>\n<aside class=\"a_com w w-com _df\"><a class=\"a_com_l\" href=\"https:\/\/elpais.com\/info\/normas-de-participacion\/\">Normas \u203a<\/a><\/aside>\n<div class=\"me _pf\" id=\"me-c\">\n<div class=\"me_bg\">\n<div class=\"me-c _pa\" id=\"comments_container\" data-dtm-region=\"articulo_comentarios\">\n<div class=\"me_f me_f-os me_cc\"><a href=\"https:\/\/plus.elpais.com\/perfil\/actividad\/\">Mis comentarios<\/a><a href=\"https:\/\/elpais.com\/info\/normas-de-participacion\/\">Normas<\/a><\/div>\n<div class=\"me_f me_f-ns\"><span class=\"me_f_txt _db\">Rellena tu <b>nombre y apellido<\/b> para comentar<\/span><a href=\"https:\/\/plus.elpais.com\/autorization.html\/?prod=COM&amp;backURL=https%3A%2F%2Felpais.com%2Finternacional%2F2026-01-28%2Funa-coalicion-de-centroderecha-en-minoria-cierra-un-acuerdo-para-gobernar-en-paises-bajos.html\" class=\"btn btn-2\">completar datos<\/a><\/div>\n<div class=\"me_f\" id=\"comments_msg\"><a class=\"btn btn-2\" href=\"https:\/\/elpais.com\/suscripciones\/#\/campaign?prod=SUSDIGCRART&amp;o=COM&amp;prm=suscrip_articulo_comentarios_el-pais&amp;backURL=https%3A%2F%2Felpais.com%2Finternacional%2F2026-01-28%2Funa-coalicion-de-centroderecha-en-minoria-cierra-un-acuerdo-para-gobernar-en-paises-bajos.html\" id=\"comments_subscribe_link\" data-link-am=\"https:\/\/elpais.com\/suscripciones\/america\/#\/campaign?prod=SUSDIGCRARTAM&amp;o=COMAM&amp;prm=suscrip_articulo_comentarios_el-pais-america&amp;backURL=https%3A%2F%2Felpais.com%2Finternacional%2F2026-01-28%2Funa-coalicion-de-centroderecha-en-minoria-cierra-un-acuerdo-para-gobernar-en-paises-bajos.html\" data-link-mx=\"https:\/\/elpais.com\/suscripciones\/america\/#\/campaign?prod=SUSDIGMX&amp;o=COMMX&amp;prm=suscrip_articulo_comentarios_el-pais-mexico&amp;backURL=https%3A%2F%2Felpais.com%2Finternacional%2F2026-01-28%2Funa-coalicion-de-centroderecha-en-minoria-cierra-un-acuerdo-para-gobernar-en-paises-bajos.html\" data-link-co=\"https:\/\/elpais.com\/suscripciones\/america\/#\/campaign?prod=SUSDIGCOL&amp;o=COMCOL&amp;prm=suscrip_articulo_comentarios_el-pais_colombia&amp;backURL=https%3A%2F%2Felpais.com%2Finternacional%2F2026-01-28%2Funa-coalicion-de-centroderecha-en-minoria-cierra-un-acuerdo-para-gobernar-en-paises-bajos.html\" data-link-ar=\"https:\/\/elpais.com\/suscripciones\/america\/#\/campaign?prod=SUSDIGCRARTAR&amp;o=COMAR&amp;backURL=https%3A%2F%2Felpais.com%2Finternacional%2F2026-01-28%2Funa-coalicion-de-centroderecha-en-minoria-cierra-un-acuerdo-para-gobernar-en-paises-bajos.html\" data-link-cl=\"https:\/\/elpais.com\/suscripciones\/america\/#\/campaign?prod=SUSDIGCHILE&amp;o=COMCHILE&amp;backURL=https%3A%2F%2Felpais.com%2Finternacional%2F2026-01-28%2Funa-coalicion-de-centroderecha-en-minoria-cierra-un-acuerdo-para-gobernar-en-paises-bajos.html\" data-link-us=\"https:\/\/elpais.com\/suscripciones\/america\/#\/campaign?prod=SUSDIGCRARTEUCAN&amp;o=COMUS&amp;prm=suscrip_articulo_comentarios_el-pais_eucan&amp;backURL=https%3A%2F%2Felpais.com%2Finternacional%2F2026-01-28%2Funa-coalicion-de-centroderecha-en-minoria-cierra-un-acuerdo-para-gobernar-en-paises-bajos.html\">Suscr\u00edbete en El Pa\u00eds para participar<\/a><a class=\"btn btn-3\" href=\"https:\/\/elpais.com\/subscriptions\/#\/sign-in?prod=REG&amp;o=COM&amp;prm=login_articulo_comentarios_el-pais&amp;backURL=https%3A%2F%2Felpais.com%2Finternacional%2F2026-01-28%2Funa-coalicion-de-centroderecha-en-minoria-cierra-un-acuerdo-para-gobernar-en-paises-bajos.html\" id=\"comments_login_link\" data-link-am=\"https:\/\/elpais.com\/subscriptions\/#\/sign-in?prod=REG&amp;o=COM&amp;prm=login_articulo_comentarios_el-pais-america&amp;backURL=https%3A%2F%2Felpais.com%2Finternacional%2F2026-01-28%2Funa-coalicion-de-centroderecha-en-minoria-cierra-un-acuerdo-para-gobernar-en-paises-bajos.html\" data-link-mx=\"https:\/\/elpais.com\/subscriptions\/#\/sign-in?prod=REG&amp;o=COM&amp;prm=login_articulo_comentarios_el-pais-mexico&amp;backURL=https%3A%2F%2Felpais.com%2Finternacional%2F2026-01-28%2Funa-coalicion-de-centroderecha-en-minoria-cierra-un-acuerdo-para-gobernar-en-paises-bajos.html\" data-link-co=\"https:\/\/elpais.com\/subscriptions\/#\/sign-in?prod=REG&amp;o=COM&amp;backURL=https%3A%2F%2Felpais.com%2Finternacional%2F2026-01-28%2Funa-coalicion-de-centroderecha-en-minoria-cierra-un-acuerdo-para-gobernar-en-paises-bajos.html\" data-link-ar=\"https:\/\/elpais.com\/subscriptions\/#\/sign-in?prod=REG&amp;o=COM&amp;backURL=https%3A%2F%2Felpais.com%2Finternacional%2F2026-01-28%2Funa-coalicion-de-centroderecha-en-minoria-cierra-un-acuerdo-para-gobernar-en-paises-bajos.html\" data-link-cl=\"https:\/\/elpais.com\/subscriptions\/#\/sign-in?prod=REG&amp;o=COM&amp;backURL=https%3A%2F%2Felpais.com%2Finternacional%2F2026-01-28%2Funa-coalicion-de-centroderecha-en-minoria-cierra-un-acuerdo-para-gobernar-en-paises-bajos.html\" data-link-us=\"https:\/\/elpais.com\/subscriptions\/#\/sign-in?prod=REG&amp;o=COM&amp;backURL=https%3A%2F%2Felpais.com%2Finternacional%2F2026-01-28%2Funa-coalicion-de-centroderecha-en-minoria-cierra-un-acuerdo-para-gobernar-en-paises-bajos.html\">Ya tengo una suscripci\u00f3n<\/a><\/div>\n<p>Please enable JavaScript to view the &lt;a href=&#8221;https:\/\/disqus.com\/?ref_noscript&#8221; rel=&#8221;nofollow&#8221;&gt; comments powered by Disqus.&lt;\/a&gt;<\/p><\/div>\n<\/div>\n<\/div>\n<aside class=\"w w-rel\" data-dtm-region=\"articulo_mas-informacion\">\n<h2 class=\"w_t\">M\u00e1s informaci\u00f3n<\/h2>\n<ul class=\"w_b _ls\">\n<li class=\"_g _g-xs w-rel_n\">\n<div class=\" a_m-h c_m--nf\"><span class=\"_db _pr\"><img decoding=\"async\" class=\"_re lazyload a_m-h\" height=\"311\" width=\"414\" src=\"https:\/\/analyse.optim.biz\/wp-content\/uploads\/2026\/01\/nlzbtx566rp2zfkz6fruefpjci.jpg\" loading=\"lazy\" title=\"nlzbtx566rp2zfkz6fruefpjci\"><\/span><\/div>\n<div class=\"nt\">\n<h3 class=\"nt_t\"><a href=\"https:\/\/elpais.com\/internacional\/2026-01-20\/la-extrema-derecha-holandesa-de-wilders-se-quiebra-tras-los-malos-resultados-electorales-de-octubre.html#?rel=mas\">La extrema derecha holandesa de Wilders se quiebra tras los malos resultados electorales de octubre<\/a><\/h3>\n<div class=\"nt_a\"><a href=\"https:\/\/elpais.com\/autor\/isabel-ferrer\/\" title=\"Ver todas las noticias de Isabel Ferrer\">Isabel Ferrer<\/a> | La Haya<\/div>\n<\/div>\n<\/li>\n<li class=\"_g _g-xs w-rel_n\">\n<div class=\" a_m-h c_m--nf\"><span class=\"_db _pr\"><img decoding=\"async\" class=\"_re lazyload a_m-h\" height=\"311\" width=\"414\" src=\"https:\/\/analyse.optim.biz\/wp-content\/uploads\/2026\/01\/v5mwk6zeqzmznocy47u2mvnuii.jpg\" loading=\"lazy\" title=\"v5mwk6zeqzmznocy47u2mvnuii\"><\/span><\/div>\n<div class=\"nt\">\n<h3 class=\"nt_t\"><a href=\"https:\/\/elpais.com\/internacional\/2026-01-14\/el-progresista-rob-jetten-intenta-formar-un-gobierno-en-minoria-algo-excepcional-en-la-historia-de-paises-bajos.html#?rel=mas\">El progresista Rob Jetten intenta formar un Gobierno en minor\u00eda, algo excepcional en la historia de Pa\u00edses Bajos <\/a><\/h3>\n<div class=\"nt_a\"><a href=\"https:\/\/elpais.com\/autor\/isabel-ferrer\/\" title=\"Ver todas las noticias de Isabel Ferrer\">Isabel Ferrer<\/a> | La Haya<\/div>\n<\/div>\n<\/li>\n<\/ul>\n<\/aside>\n<section class=\"w w-ae\" data-dtm-region=\"articulo_archivado-en\">\n<h2 class=\"w_t\">Archivado En<\/h2>\n<div class=\"w_b\">\n<ul class=\"w_ul w_ul--mh _df _ls\">\n<li><a href=\"https:\/\/elpais.com\/noticias\/paises-bajos\/#?rel=arch\" rel=\"noopener noreferrer\">Holanda<\/a><\/li>\n<li><a href=\"https:\/\/elpais.com\/noticias\/geert-wilders\/#?rel=arch\" rel=\"noopener noreferrer\">Geert Wilders<\/a><\/li>\n<li><a href=\"https:\/\/elpais.com\/noticias\/gobierno\/#?rel=arch\" rel=\"noopener noreferrer\">Gobierno<\/a><\/li>\n<li><a href=\"https:\/\/elpais.com\/noticias\/extrema-derecha\/#?rel=arch\" rel=\"noopener noreferrer\">Extrema derecha<\/a><\/li>\n<li><a href=\"https:\/\/elpais.com\/noticias\/coaliciones-electorales\/#?rel=arch\" rel=\"noopener noreferrer\">Coaliciones electorales<\/a><\/li>\n<li><a href=\"https:\/\/elpais.com\/noticias\/coaliciones-politicas\/#?rel=arch\" rel=\"noopener noreferrer\">Coaliciones pol\u00edticas<\/a><\/li>\n<li><a href=\"https:\/\/elpais.com\/noticias\/liberalismo-politico\/#?rel=arch\" rel=\"noopener noreferrer\">Liberalismo pol\u00edtico<\/a><\/li>\n<li><a href=\"https:\/\/elpais.com\/noticias\/politica\/#?rel=arch\" rel=\"noopener noreferrer\">Pol\u00edtica<\/a><\/li>\n<li><a href=\"https:\/\/elpais.com\/noticias\/elecciones\/#?rel=arch\" rel=\"noopener noreferrer\">Elecciones<\/a><\/li>\n<\/ul>\n<\/div>\n<\/section>\n<aside class=\"a_tp _df\">\n<div class=\"a_tp_txt\"><span class=\"a_tp_t\">Se adhiere a los criterios de<\/span><\/p>\n<figure class=\"a_m a_m-h c_m--nf\"><a class=\"a_tp_i _dib\" href=\"https:\/\/elpais.com\/estaticos\/que-es-the-trust-project\/\" target=\"_blank\" rel=\"noopener noreferrer nofollow\"><img decoding=\"async\" alt=\"The Trust Project\" class=\" lazyload a_m-h\" height=\"20\" width=\"117\" src=\"https:\/\/analyse.optim.biz\/wp-content\/uploads\/2026\/01\/the-trust-project-277.svg\" loading=\"lazy\" title=\"the-trust-project-277\"><\/a><\/figure>\n<p><a class=\"a_tp_mi\" href=\"https:\/\/elpais.com\/estaticos\/codigo-etico\/\" target=\"_blank\" rel=\"noopener noreferrer nofollow\">M\u00e1s informaci\u00f3n<\/a><\/div>\n<div class=\"a_tp_si\">Si est\u00e1 interesado en licenciar este contenido, pinche <a class=\"a_tp_si_l\" href=\"https:\/\/profesional.elpais.com\/soluciones-sindicacion\/?utm_medium=interno&amp;utm_source=crosslinking&amp;utm_campaign=sindicacion_ep_pie_articulos\" target=\"_blank\" rel=\"noopener noreferrer nofollow\">aqu\u00ed<\/a><\/div>\n<\/aside>\n<div class=\"a_o _pr\" data-dtm-region=\"articulo_right-rail\">\n<div id=\"elpais_gpt-MPU1\" data-adtype=\"MPU\" class=\"ad ad-mpu\"><span class=\"_dn\">_<\/span><\/div>\n<section class=\"w w-sc b_col\" data-dtm-region=\"articulo_ultimas-noticias\">\n<header class=\"w_h b_col_h\">\n<h3 class=\"w_t\"><a href=\"https:\/\/elpais.com\/ultimas-noticias\/\" rel=\"story-card-ultimas-noticias\">\u00daltimas noticias<\/a><\/h3>\n<\/header>\n<div class=\"w_b\">\n<article class=\"c  c--m-n   \" data-word=\"0\">\n<header class=\"c_h\"><time datetime=\"2026-01-28T19:26:56+01:00\" class=\"c_da\">19:26<\/time><\/p>\n<h2 class=\"c_t \"><a href=\"https:\/\/elpais.com\/gente\/2026-01-28\/bruce-willis-no-sabe-que-esta-enfermo-de-demencia-desvela-su-esposa.html\">Bruce Willis no sabe que est\u00e1 enfermo de demencia, desvela su esposa<\/a><\/h2>\n<\/header>\n<\/article>\n<article class=\"c c-o  c--m-n   \" data-word=\"0\">\n<header class=\"c_h\"><time datetime=\"2026-01-28T19:20:51+01:00\" class=\"c_da\">19:20<\/time><\/p>\n<h2 class=\"c_t c_t-i \"><a href=\"https:\/\/elpais.com\/america-colombia\/2026-01-28\/lanchas-y-geografia.html\">Lanchas y geograf\u00eda<\/a><\/h2>\n<\/header>\n<\/article>\n<article class=\"c c-o  c--m-n   \" data-word=\"0\">\n<header class=\"c_h\"><time datetime=\"2026-01-28T19:03:01+01:00\" class=\"c_da\">19:03<\/time><\/p>\n<h2 class=\"c_t c_t-i \"><a href=\"https:\/\/elpais.com\/cultura\/2026-01-28\/robert-royal-el-ojo-americano-sobre-la-transicion-espanola.html\">Robert Royal, el ojo americano sobre la Transici\u00f3n espa\u00f1ola<\/a><\/h2>\n<\/header>\n<\/article>\n<article class=\"c  c--m-n   \" data-word=\"0\">\n<header class=\"c_h\"><time datetime=\"2026-01-28T18:47:52+01:00\" class=\"c_da\">18:47<\/time><\/p>\n<h2 class=\"c_t \"><a href=\"https:\/\/elpais.com\/economia\/2026-01-28\/el-gobierno-aleman-rebaja-su-pronostico-economico-y-apenas-preve-un-crecimiento-del-1-del-pib-en-2026.html\">El Gobierno alem\u00e1n rebaja su pron\u00f3stico econ\u00f3mico y apenas prev\u00e9 un crecimiento del 1% del PIB en 2026<\/a><\/h2>\n<\/header>\n<\/article>\n<\/div>\n<\/section>\n<aside class=\"w w-lmv\" data-dtm-region=\"articulo_lom\">\n<h2 class=\"w_t\"><a href=\"https:\/\/elpais.com\/lo-mas-visto\/\">Lo m\u00e1s visto<\/a><\/h2>\n<div class=\"w_b\">\n<ol class=\"_ls\">\n<li><a href=\"https:\/\/elpais.com\/economia\/2026-01-27\/trump-bendice-la-caida-del-dolar-va-muy-bien-miren-los-negocios-que-estamos-haciendo.html#?rel=lom\">Trump asegura que no le preocupa la ca\u00edda del d\u00f3lar: \u201cVa muy bien, miren los negocios que estamos haciendo\u201d<\/a><\/li>\n<li><a href=\"https:\/\/elpais.com\/mamas-papas\/familia\/2026-01-27\/la-historia-de-claudia-el-amor-como-el-salvavidas-de-una-nina-abandonada.html#?rel=lom\">La historia de Claudia: el amor como el salvavidas de una ni\u00f1a abandonada <\/a><\/li>\n<li><a href=\"https:\/\/elpais.com\/internacional\/2026-01-27\/francia-y-espana-replican-a-rutte-que-no-es-ningun-sueno-que-europa-aspire-a-defenderse-sola.html#?rel=lom\">Francia y Espa\u00f1a replican a Rutte que no es \u201cning\u00fan sue\u00f1o\u201d que Europa aspire a defenderse sola<\/a><\/li>\n<li><a href=\"https:\/\/elpais.com\/sociedad\/2026-01-27\/julio-iglesias-acusa-a-sus-extrabajadoras-de-denuncia-falsa-y-estudia-medidas.html#?rel=lom\">Julio Iglesias acusa a sus extrabajadoras de \u201cdenuncia falsa\u201d y estudia medidas <\/a><\/li>\n<li><a href=\"https:\/\/elpais.com\/espana\/2026-01-28\/ultima-hora-de-los-efectos-de-la-borrasca-kristin-en-directo.html#?rel=lom\">\u00daltima hora de la borrasca \u2018Kristin\u2019, en directo | El temporal complica la circulaci\u00f3n en \u00c1vila, Segovia y C\u00e1ceres y deja fuertes lluvias en Andaluc\u00eda y Castilla-La Mancha<\/a><\/li>\n<\/ol>\n<\/div>\n<\/aside>\n<\/div>\n<\/article>\n<article class=\"c  c--m-n   \" data-word=\"0\">\n<header class=\"c_h\"><time datetime=\"2026-01-28T19:26:56+01:00\" class=\"c_da\">19:26<\/time><\/p>\n<h2 class=\"c_t \"><a href=\"https:\/\/elpais.com\/gente\/2026-01-28\/bruce-willis-no-sabe-que-esta-enfermo-de-demencia-desvela-su-esposa.html\">Bruce Willis no sabe que est\u00e1 enfermo de demencia, desvela su esposa<\/a><\/h2>\n<\/header>\n<\/article>\n<article class=\"c c-o  c--m-n   \" data-word=\"0\">\n<header class=\"c_h\"><time datetime=\"2026-01-28T19:20:51+01:00\" class=\"c_da\">19:20<\/time><\/p>\n<h2 class=\"c_t c_t-i \"><a href=\"https:\/\/elpais.com\/america-colombia\/2026-01-28\/lanchas-y-geografia.html\">Lanchas y geograf\u00eda<\/a><\/h2>\n<\/header>\n<\/article>\n<article class=\"c c-o  c--m-n   \" data-word=\"0\">\n<header class=\"c_h\"><time datetime=\"2026-01-28T19:03:01+01:00\" class=\"c_da\">19:03<\/time><\/p>\n<h2 class=\"c_t c_t-i \"><a href=\"https:\/\/elpais.com\/cultura\/2026-01-28\/robert-royal-el-ojo-americano-sobre-la-transicion-espanola.html\">Robert Royal, el ojo americano sobre la Transici\u00f3n espa\u00f1ola<\/a><\/h2>\n<\/header>\n<\/article>\n<article class=\"c  c--m-n   \" data-word=\"0\">\n<header class=\"c_h\"><time datetime=\"2026-01-28T18:47:52+01:00\" class=\"c_da\">18:47<\/time><\/p>\n<h2 class=\"c_t \"><a href=\"https:\/\/elpais.com\/economia\/2026-01-28\/el-gobierno-aleman-rebaja-su-pronostico-economico-y-apenas-preve-un-crecimiento-del-1-del-pib-en-2026.html\">El Gobierno alem\u00e1n rebaja su pron\u00f3stico econ\u00f3mico y apenas prev\u00e9 un crecimiento del 1% del PIB en 2026<\/a><\/h2>\n<\/header>\n<\/article>\n<p> Source URL: https:\/\/elpais.com\/internacional\/2026-01-28\/una-coalicion-de-centroderecha-en-minoria-cierra-un-acuerdo-para-gobernar-en-paises-bajos.html<\/p>\n","protected":false},"excerpt":{"rendered":"<p>Pa\u00edses Bajos Una coalici\u00f3n de centroderecha en minor\u00eda cierra un acuerdo para gobernar en Pa\u00edses Bajos Liberales de izquierda, democristianos y liberales de derecha coinciden en llevar a cabo una \u201cenorme inversi\u00f3n\u201d en defensa Rob Jetten, l\u00edder del partido D66 y probable futuro primer ministro de Pa\u00edses Bajos, en una imagen de archivo en el [&hellip;]<\/p>\n","protected":false},"author":1,"featured_media":1497770,"comment_status":"open","ping_status":"","sticky":false,"template":"","format":"standard","meta":{"footnotes":""},"categories":[88],"tags":[92],"class_list":["post-1497769","post","type-post","status-publish","format-standard","has-post-thumbnail","hentry","category-spain","tag-elpais-com"],"_links":{"self":[{"href":"https:\/\/analyse.optim.biz\/index.php?rest_route=\/wp\/v2\/posts\/1497769","targetHints":{"allow":["GET"]}}],"collection":[{"href":"https:\/\/analyse.optim.biz\/index.php?rest_route=\/wp\/v2\/posts"}],"about":[{"href":"https:\/\/analyse.optim.biz\/index.php?rest_route=\/wp\/v2\/types\/post"}],"author":[{"embeddable":true,"href":"https:\/\/analyse.optim.biz\/index.php?rest_route=\/wp\/v2\/users\/1"}],"replies":[{"embeddable":true,"href":"https:\/\/analyse.optim.biz\/index.php?rest_route=%2Fwp%2Fv2%2Fcomments&post=1497769"}],"version-history":[{"count":0,"href":"https:\/\/analyse.optim.biz\/index.php?rest_route=\/wp\/v2\/posts\/1497769\/revisions"}],"wp:featuredmedia":[{"embeddable":true,"href":"https:\/\/analyse.optim.biz\/index.php?rest_route=\/wp\/v2\/media\/1497770"}],"wp:attachment":[{"href":"https:\/\/analyse.optim.biz\/index.php?rest_route=%2Fwp%2Fv2%2Fmedia&parent=1497769"}],"wp:term":[{"taxonomy":"category","embeddable":true,"href":"https:\/\/analyse.optim.biz\/index.php?rest_route=%2Fwp%2Fv2%2Fcategories&post=1497769"},{"taxonomy":"post_tag","embeddable":true,"href":"https:\/\/analyse.optim.biz\/index.php?rest_route=%2Fwp%2Fv2%2Ftags&post=1497769"}],"curies":[{"name":"wp","href":"https:\/\/api.w.org\/{rel}","templated":true}]}}