{"id":1497750,"date":"2026-01-28T16:41:47","date_gmt":"2026-01-28T13:41:47","guid":{"rendered":"https:\/\/analyse.optim.biz\/?p=1497750"},"modified":"2026-01-28T16:41:47","modified_gmt":"2026-01-28T13:41:47","slug":"la-fiscalia-de-hungria-presenta-cargos-contra-el-alcalde-de-budapest-por-organizar-la-manifestacion-del-orgullo-lgtbi","status":"publish","type":"post","link":"https:\/\/analyse.optim.biz\/?p=1497750","title":{"rendered":"La Fiscal\u00eda de Hungr\u00eda presenta cargos contra el alcalde de Budapest por organizar la manifestaci\u00f3n del Orgullo LGTBI"},"content":{"rendered":"<article id=\"main-content\" class=\"a _g _g-lg _g-o\">\n<header class=\"a_e _g _g-xs\">\n<div class=\"a_e_txt _df\">\n<div class=\"a_k _df\"><a class=\"a_k_n\" href=\"https:\/\/elpais.com\/noticias\/hungria\/\">Hungr\u00eda<\/a><\/div>\n<h1 class=\"a_t\">La Fiscal\u00eda de Hungr\u00eda presenta cargos contra el alcalde de Budapest por organizar la manifestaci\u00f3n del Orgullo LGTBI<\/h1>\n<p class=\"a_st\">El Ministerio P\u00fablico acusa a Gergely Kar\u00e1csony de organizar y liderar la celebraci\u00f3n de 2025 pese al veto del Gobierno<\/p>\n<\/div>\n<div class=\"a_e_m\">\n<figure class=\"a_m a_m-h \"><span class=\"a_m_w _db\"><img fetchpriority=\"high\" decoding=\"async\" class=\"_re  a_m-h\" height=\"233\" width=\"414\" src=\"https:\/\/analyse.optim.biz\/wp-content\/uploads\/2026\/01\/xye5fafypvhrfnbctdv5imgdvm-1.jpg\" loading=\"eager\" title=\"xye5fafypvhrfnbctdv5imgdvm-1\"><\/span><figcaption class=\"a_m_p\" aria-hidden=\"true\"><span>El alcalde de Budapest, Gergely Kar\u00e1csony, saluda durante la Marcha del Orgullo de Budapest, celebrada en Budapest, Hungr\u00eda, el 28 de junio de 2025.<\/span><span class=\"a_m_m\">Lisa Leutner (REUTERS)<\/span><\/figcaption><\/figure>\n<\/div>\n<\/header>\n<div class=\"a_md _g _g-xs ni\">\n<div class=\"a_md_txt\">\n<div class=\"a_md_a\" data-dtm-region=\"articulo_firma\"><span class=\"a_md_a_n\">Agencias<\/span><a href=\"https:\/\/elpais.com\/autor\/el-pais\/#?rel=author_top\" title=\"Ver todas las noticias de El Pa\u00eds\" class=\"a_md_a_n\">El Pa\u00eds<\/a><\/div>\n<div class=\"a_md_f\"><span>Budapest &#8211; <a href=\"https:\/\/elpais.com\/hemeroteca\/2026-01-28\/\" data-date=\"2026-01-28T17:41:47+01:00\"><time data-date=\"2026-01-28T17:41:47+01:00\" datetime=\"2026-01-28T17:41:47+01:00\" id=\"article_date_p\">28 ene 2026 &#8211; 17:41<abbr title=\"Central European Time\">CET<\/abbr><\/time><\/a><\/span><\/div>\n<div class=\"w_rs\" data-dtm-region=\"articulo_botonera-social\">\n<div class=\"w_rs_i\"><a class=\"_btn hidden\" href=\"\/\/send?text=La%20Fiscal%C3%ADa%20de%20Hungr%C3%ADa%20presenta%20cargos%20contra%20el%20alcalde%20de%20Budapest%20por%20organizar%20la%20manifestaci%C3%B3n%20del%20Orgullo%20LGTBI%0D%0A%0D%0Ahttps%3A%2F%2Felpais.com%2Finternacional%2F2026-01-28%2Fla-fiscalia-de-hungria-presenta-cargos-contra-el-alcalde-de-budapest-por-organizar-la-manifestacion-del-orgullo-lgtbi.html%3Fssm=whatsapp_CC\" data-action=\"share\/whatsapp\/share\" data-param-description=\"La Fiscal\u00eda de Hungr\u00eda presenta cargos contra el alcalde de Budapest por organizar la manifestaci\u00f3n del Orgullo LGTBI\" data-param-href=\"https:\/\/elpais.com\/internacional\/2026-01-28\/la-fiscalia-de-hungria-presenta-cargos-contra-el-alcalde-de-budapest-por-organizar-la-manifestacion-del-orgullo-lgtbi.html\" data-param-text=\"La Fiscal\u00eda de Hungr\u00eda presenta cargos contra el alcalde de Budapest por organizar la manifestaci\u00f3n del Orgullo LGTBI https:\/\/elpais.com\/internacional\/2026-01-28\/la-fiscalia-de-hungria-presenta-cargos-contra-el-alcalde-de-budapest-por-organizar-la-manifestacion-del-orgullo-lgtbi.html\" data-param-url=\"https:\/\/elpais.com\/internacional\/2026-01-28\/la-fiscalia-de-hungria-presenta-cargos-contra-el-alcalde-de-budapest-por-organizar-la-manifestacion-del-orgullo-lgtbi.html\" target=\"_blank\" rel=\"noopener noreferrer\" data-share-track-dtm=\"whatsapp\" id=\"btn_share_whatsapp_823\"><span class=\"_sr\">Compartir en Whatsapp<\/span><\/a><\/div>\n<div class=\"w_rs_i\"><a class=\"_btn \" href=\"https:\/\/www.facebook.com\/dialog\/share?display=popup&amp;app_id=94039431626&amp;href=https%3A%2F%2Felpais.com%2Finternacional%2F2026-01-28%2Fla-fiscalia-de-hungria-presenta-cargos-contra-el-alcalde-de-budapest-por-organizar-la-manifestacion-del-orgullo-lgtbi.html%3Fssm=FB_CC&amp;quote=La%20Fiscal%C3%ADa%20de%20Hungr%C3%ADa%20presenta%20cargos%20contra%20el%20alcalde%20de%20Budapest%20por%20organizar%20la%20manifestaci%C3%B3n%20del%20Orgullo%20LGTBI\" data-param-app_id=\"94039431626\" data-param-description=\"La Fiscal\u00eda de Hungr\u00eda presenta cargos contra el alcalde de Budapest por organizar la manifestaci\u00f3n del Orgullo LGTBI\" data-param-href=\"https:\/\/elpais.com\/internacional\/2026-01-28\/la-fiscalia-de-hungria-presenta-cargos-contra-el-alcalde-de-budapest-por-organizar-la-manifestacion-del-orgullo-lgtbi.html\" data-param-text=\"La Fiscal\u00eda de Hungr\u00eda presenta cargos contra el alcalde de Budapest por organizar la manifestaci\u00f3n del Orgullo LGTBI\" data-param-url=\"https:\/\/elpais.com\/internacional\/2026-01-28\/la-fiscalia-de-hungria-presenta-cargos-contra-el-alcalde-de-budapest-por-organizar-la-manifestacion-del-orgullo-lgtbi.html\" target=\"_blank\" rel=\"noopener noreferrer\" data-share-track-dtm=\"facebook\" id=\"btn_share_facebook_823\"><span class=\"_sr\">Compartir en Facebook<\/span><\/a><\/div>\n<div class=\"w_rs_i\"><a class=\"_btn \" href=\"https:\/\/twitter.com\/intent\/tweet?url=https%3A%2F%2Felpais.com%2Finternacional%2F2026-01-28%2Fla-fiscalia-de-hungria-presenta-cargos-contra-el-alcalde-de-budapest-por-organizar-la-manifestacion-del-orgullo-lgtbi.html%3Fssm=TW_CC&amp;text=La%20Fiscal%C3%ADa%20de%20Hungr%C3%ADa%20presenta%20cargos%20contra%20el%20alcalde%20de%20Budapest%20por%20organizar%20la%20manifestaci%C3%B3n%20del%20Orgullo%20LGTBI&amp;via=el_pais&amp;lang=es\" data-param-description=\"La Fiscal\u00eda de Hungr\u00eda presenta cargos contra el alcalde de Budapest por organizar la manifestaci\u00f3n del Orgullo LGTBI\" data-param-href=\"https:\/\/elpais.com\/internacional\/2026-01-28\/la-fiscalia-de-hungria-presenta-cargos-contra-el-alcalde-de-budapest-por-organizar-la-manifestacion-del-orgullo-lgtbi.html\" data-param-text=\"La Fiscal\u00eda de Hungr\u00eda presenta cargos contra el alcalde de Budapest por organizar la manifestaci\u00f3n del Orgullo LGTBI via @el_pais\" data-param-url=\"https:\/\/elpais.com\/internacional\/2026-01-28\/la-fiscalia-de-hungria-presenta-cargos-contra-el-alcalde-de-budapest-por-organizar-la-manifestacion-del-orgullo-lgtbi.html\" target=\"_blank\" rel=\"noopener noreferrer\" data-share-track-dtm=\"twitter\" id=\"btn_share_twitter_823\"><span class=\"_sr\">Compartir en Twitter<\/span><\/a><\/div>\n<div class=\"w_rs_i\"><a class=\"_btn \" href=\"https:\/\/bsky.app\/intent\/compose?text=https%3A%2F%2Felpais.com%2Finternacional%2F2026-01-28%2Fla-fiscalia-de-hungria-presenta-cargos-contra-el-alcalde-de-budapest-por-organizar-la-manifestacion-del-orgullo-lgtbi.html%3Fssm=bsky_CC\" data-param-description=\"La Fiscal\u00eda de Hungr\u00eda presenta cargos contra el alcalde de Budapest por organizar la manifestaci\u00f3n del Orgullo LGTBI\" data-param-href=\"https:\/\/elpais.com\/internacional\/2026-01-28\/la-fiscalia-de-hungria-presenta-cargos-contra-el-alcalde-de-budapest-por-organizar-la-manifestacion-del-orgullo-lgtbi.html\" data-param-text=\"La Fiscal\u00eda de Hungr\u00eda presenta cargos contra el alcalde de Budapest por organizar la manifestaci\u00f3n del Orgullo LGTBI\" data-param-url=\"https:\/\/elpais.com\/internacional\/2026-01-28\/la-fiscalia-de-hungria-presenta-cargos-contra-el-alcalde-de-budapest-por-organizar-la-manifestacion-del-orgullo-lgtbi.html\" target=\"_blank\" rel=\"noopener noreferrer\" data-share-track-dtm=\"bluesky\" id=\"btn_share_bluesky_823\"><span class=\"_sr\">Compartir en Bluesky<\/span><\/a><\/div>\n<div class=\"w_rs_i\"><a class=\"_btn \" href=\"https:\/\/www.linkedin.com\/sharing\/share-offsite\/?url=https%3A%2F%2Felpais.com%2Finternacional%2F2026-01-28%2Fla-fiscalia-de-hungria-presenta-cargos-contra-el-alcalde-de-budapest-por-organizar-la-manifestacion-del-orgullo-lgtbi.html%3Fssm=LK_CC\" data-param-description=\"La Fiscal\u00eda de Hungr\u00eda presenta cargos contra el alcalde de Budapest por organizar la manifestaci\u00f3n del Orgullo LGTBI\" data-param-href=\"https:\/\/elpais.com\/internacional\/2026-01-28\/la-fiscalia-de-hungria-presenta-cargos-contra-el-alcalde-de-budapest-por-organizar-la-manifestacion-del-orgullo-lgtbi.html\" data-param-text=\"La Fiscal\u00eda de Hungr\u00eda presenta cargos contra el alcalde de Budapest por organizar la manifestaci\u00f3n del Orgullo LGTBI\" data-param-url=\"https:\/\/elpais.com\/internacional\/2026-01-28\/la-fiscalia-de-hungria-presenta-cargos-contra-el-alcalde-de-budapest-por-organizar-la-manifestacion-del-orgullo-lgtbi.html\" target=\"_blank\" rel=\"noopener noreferrer\" data-share-track-dtm=\"linkedin\" id=\"btn_share_linkedin_823\"><span class=\"_sr\">Compartir en Linkedin<\/span><\/a><\/div>\n<div class=\"w_rs_i\"><a class=\"_btn rs_l\" href=\"https:\/\/elpais.com\/internacional\/2026-01-28\/la-fiscalia-de-hungria-presenta-cargos-contra-el-alcalde-de-budapest-por-organizar-la-manifestacion-del-orgullo-lgtbi.html#?prm=copy_link\" data-share-track-dtm=\"copiar_url\" id=\"btn_share_link_5\"><span class=\"_sr\">Copiar enlace<\/span><\/a><\/div>\n<div class=\"w_rs_i\"><a class=\"_btn rs_c\" href=\"https:\/\/elpais.com\/internacional\/2026-01-28\/la-fiscalia-de-hungria-presenta-cargos-contra-el-alcalde-de-budapest-por-organizar-la-manifestacion-del-orgullo-lgtbi.html#comments_container\" aria-expanded=\"false\" aria-controls=\"me-c\" data-share-track-dtm=\"eskup\" id=\"btn_share_comments_5\"><span class=\"_sr\">Ir a los comentarios<\/span><\/a><\/div>\n<\/div>\n<\/div>\n<\/div>\n<div class=\"a_c clearfix\" data-dtm-region=\"articulo_cuerpo\">\n<p class>La Fiscal\u00eda de Hungr\u00eda ha decidido este mi\u00e9rcoles presentar cargos contra el alcalde de Budapest, Gergely Kar\u00e1csony, por permitir y alentar la<a href=\"https:\/\/elpais.com\/sociedad\/lgtb\/2025-06-28\/claves-del-orgullo-prohibido-de-budapest.html\" target=\"_self\" rel title=\"https:\/\/elpais.com\/sociedad\/lgtb\/2025-06-28\/claves-del-orgullo-prohibido-de-budapest.html\"> celebraci\u00f3n del Orgullo LGTBI<\/a> el a\u00f1o pasado. El Ministerio P\u00fablico ha asegurado en un comunicado que Kar\u00e1csony \u201corganiz\u00f3 y lider\u00f3 una concentraci\u00f3n p\u00fablica a pesar de la <a href=\"https:\/\/elpais.com\/internacional\/2025-03-17\/orban-prohibe-por-ley-la-marcha-del-orgullo-lgtbi-en-hungria.html\" target=\"_self\" rel title=\"https:\/\/elpais.com\/internacional\/2025-03-17\/orban-prohibe-por-ley-la-marcha-del-orgullo-lgtbi-en-hungria.html\">prohibici\u00f3n policial<\/a>\u201d, por lo que \u201cviol\u00f3 la legislaci\u00f3n sobre asociaci\u00f3n y reuni\u00f3n\u201d. La manifestaci\u00f3n, celebrada en junio a pesar del veto impuesto por el Gobierno liderado por el <a href=\"https:\/\/elpais.com\/internacional\/2025-12-21\/del-hungaro-orban-al-chileno-kast-con-ayuda-de-trump-la-internacional-ultra-toma-impulso.html\" target=\"_self\" rel title=\"https:\/\/elpais.com\/internacional\/2025-12-21\/del-hungaro-orban-al-chileno-kast-con-ayuda-de-trump-la-internacional-ultra-toma-impulso.html\">ultraconservador Viktor Orb\u00e1n,<\/a> congreg\u00f3 a 300.000 personas, seg\u00fan los organizadores del evento, mientras que Amnist\u00eda Internacional la cifr\u00f3 en 200.000.<\/p>\n<p class>Tras conocerse la noticia, el regidor de Budapest ha asegurado en un mensaje en Facebook que ha pasado de ser \u201corgulloso sospechoso a un orgulloso acusado\u201d. Adem\u00e1s, se ha mostrado cr\u00edtico con la forma en la que se le quiere castigar: \u201cNi siquiera quieren un juicio. No pueden comprender que aqu\u00ed, en esta ciudad, hemos defendido la libertad frente a un poder ego\u00edsta, mezquino y despreciable\u201d. <\/p>\n<p class>\u201cLa oficina del fiscal del distrito ha propuesto que el tribunal imponga una multa contra el acusado mediante una orden penal, sin juicio\u201d, afirma el comunicado de la Fiscal\u00eda, que no indica el importe de dicha sanci\u00f3n. Los asistentes a la manifestaci\u00f3n se arriesgaban a multas de hasta 500 euros. <\/p>\n<p class>El alcalde, tambi\u00e9n l\u00edder del partido verde Di\u00e1logo (P\u00e1rbesz\u00e9d), ha asegurado que no aceptar\u00e1 \u201c<a href=\"https:\/\/elpais.com\/sociedad\/2025-06-06\/orban-prohibe-exhibir-la-bandera-lgtbiq-en-los-edificios-publicos.html\" target=\"_self\" rel title=\"https:\/\/elpais.com\/sociedad\/2025-06-06\/orban-prohibe-exhibir-la-bandera-lgtbiq-en-los-edificios-publicos.html\">nunca que la libertad de amar sea prohibida<\/a>, que cualquiera pueda ser castigado por creer, pensar o amar de manera diferente a la mayor\u00eda\u201d.<\/p>\n<p class>Kar\u00e1csony ha recibido el apoyo del partido europeo Los Verdes. En su cuenta oficial de X, la formaci\u00f3n pol\u00edtica ha afirmado que \u201cla <a href=\"https:\/\/elpais.com\/sociedad\/2025-06-28\/hungria-no-es-igual-a-su-gobierno-budapest-ni-siquiera-se-le-parece.html\" target=\"_self\" rel title=\"https:\/\/elpais.com\/sociedad\/2025-06-28\/hungria-no-es-igual-a-su-gobierno-budapest-ni-siquiera-se-le-parece.html\">manifestaci\u00f3n del Orgullo LGTBIQ+<\/a> de 2025 fue la mayor expresi\u00f3n de libertad en d\u00e9cadas\u201d y que \u201cdefienden\u201d al alcalde de Budapest. Ciaran Cuffe, copresidente de esta formaci\u00f3n, ha afirmado en su cuenta de X que los cargos presentados son \u201cindignantes\u201d. <\/p>\n<figure class=\"a_m a_m-h \"><span class=\"_db a_m_w _pr lb_btn\"><img decoding=\"async\" class=\"_re lazyload a_m-h\" height=\"277\" width=\"414\" src=\"https:\/\/analyse.optim.biz\/wp-content\/uploads\/2026\/01\/xuw5e62yondd5ek47a7iy7meyq.jpg\" loading=\"lazy\" title=\"xuw5e62yondd5ek47a7iy7meyq\"><\/span><figcaption class=\"a_m_p\" aria-hidden=\"true\"><span>Manifestantes en la marcha del Orgullo LGTBIQ+ el 28 de junio en Budapest<\/span><span class=\"a_m_m\">Janos Kummer (Getty Images)<\/span><\/figcaption><\/figure>\n<p class>Antes de esta acusaci\u00f3n de la Fiscal\u00eda,<a href=\"https:\/\/elpais.com\/sociedad\/lgtb\/2025-08-01\/la-policia-interroga-al-alcalde-de-budapest-por-el-orgullo-prohibido-por-orban.html\" target=\"_self\" rel title=\"https:\/\/elpais.com\/sociedad\/lgtb\/2025-08-01\/la-policia-interroga-al-alcalde-de-budapest-por-el-orgullo-prohibido-por-orban.html\"> Kar\u00e1csony hab\u00eda sido interrogado en agosto<\/a> por las autoridades h\u00fangaras y argument\u00f3 que el veto impuesto por el Ejecutivo de Orb\u00e1n no era legal. La clave normativa de la prohibici\u00f3n del Orgullo de Budapest, <a href=\"https:\/\/elpais.com\/internacional\/2025-03-17\/orban-prohibe-por-ley-la-marcha-del-orgullo-lgtbi-en-hungria.html\" target=\"_self\" rel title=\"https:\/\/elpais.com\/internacional\/2025-03-17\/orban-prohibe-por-ley-la-marcha-del-orgullo-lgtbi-en-hungria.html\">aprobada el a\u00f1o pasado<\/a>, se basa a su vez en una ley de 2021 que imita una norma similar promovida en Rusia por Vlad\u00edmir Putin. El primer ministro de Hungr\u00eda es uno de los principales aliados en la UE del presidente ruso. <\/p>\n<p class>La normativa, que se escuda en <a href=\"https:\/\/elpais.com\/internacional\/2021-06-15\/orban-desafia-a-la-ue-con-una-ley-que-prohibe-hablar-de-homosexualidad-en-las-escuelas-de-hungria.html\" target=\"_self\" rel title=\"https:\/\/elpais.com\/internacional\/2021-06-15\/orban-desafia-a-la-ue-con-una-ley-que-prohibe-hablar-de-homosexualidad-en-las-escuelas-de-hungria.html\">la protecci\u00f3n a la infancia<\/a> para prohibir contenido LGTBI, provoc\u00f3 que la Comisi\u00f3n Europea iniciase un procedimiento sancionador contra Hungr\u00eda. El Ejecutivo ultra ha censurado en el espacio p\u00fablico cualquier menci\u00f3n \u201cal cambio de sexo, la desviaci\u00f3n respecto a la identidad conforme al sexo de nacimiento, as\u00ed como a la homosexualidad\u201d. <\/p>\n<p class>Esta decisi\u00f3n de la Fiscal\u00eda se produce a escasos meses de que se celebren unas elecciones legislativas que por primera vez en m\u00e1s de 16 a\u00f1os ponen en duda una victoria de Fidesz, la <a href=\"https:\/\/elpais.com\/opinion\/2025-04-22\/viktor-orban-y-los-bichos-europeos.html\" target=\"_self\" rel title=\"https:\/\/elpais.com\/opinion\/2025-04-22\/viktor-orban-y-los-bichos-europeos.html\">formaci\u00f3n que lidera Orb\u00e1n<\/a>. As\u00ed, el partido opositor TISZA, liderado por P\u00e9ter Magyar, se sit\u00faa como primera fuerza pol\u00edtica en intenci\u00f3n de voto, con un 45% de los votos, seg\u00fan la encuesta m\u00e1s reciente realizada por el centro de estudios electorales Z\u00e1vecz, tres puntos por encima de la formaci\u00f3n ultraderechista. El primer ministro ha sido capaz de reducir esta brecha que en noviembre estaba en nueve puntos.<\/p>\n<\/div>\n<div id=\"me-dis\" class=\"me _pf\">\n<div class=\"me_bg\">\n<div class=\"me-dis _pa _df\">\n<div class=\"me-dis_c\">\n<h2 class=\"me-dis_t\">Tu suscripci\u00f3n se est\u00e1 usando en otro dispositivo<\/h2>\n<p>\u00bfQuieres a\u00f1adir otro usuario a tu suscripci\u00f3n?<\/p>\n<div class=\"me-dis_l\"><a href=\"https:\/\/elpais.com\/suscripciones\/premium\/upgrade\/?utm_source=autopromo&amp;utm_medium=interno&amp;utm_campaign=YYYY_MM_capping_upgrade\" id=\"capping-upgrade\" class=\"btn\">A\u00f1adir usuario<\/a><a href=\"https:\/\/elpais.com\/internacional\/2026-01-28\/la-fiscalia-de-hungria-presenta-cargos-contra-el-alcalde-de-budapest-por-organizar-la-manifestacion-del-orgullo-lgtbi.html\" id=\"capping-continue\" class=\"btn btn-b\">Continuar leyendo aqu\u00ed<\/a><\/div>\n<p>Si contin\u00faas leyendo en este dispositivo, no se podr\u00e1 leer en el otro.<\/p>\n<p class=\"lk\"><a href=\"https:\/\/elpais.com\/internacional\/2026-01-28\/la-fiscalia-de-hungria-presenta-cargos-contra-el-alcalde-de-budapest-por-organizar-la-manifestacion-del-orgullo-lgtbi.html\" id=\"capping-show-more-button\">\u00bfPor qu\u00e9 est\u00e1s viendo esto?<\/a><\/p>\n<p><span class=\"arrow\" id=\"capping-arrow\">Flecha<\/span><\/p>\n<div class=\"me-dis_d\">\n<div class=\"me-dis_d_t\">\n<h2 class=\"enc\">Tu suscripci\u00f3n se est\u00e1 usando en otro dispositivo y solo puedes acceder a EL PA\u00cdS desde un dispositivo a la vez.<\/h2>\n<div class=\"tx\">\n<p>Si quieres compartir tu cuenta, cambia tu suscripci\u00f3n a la modalidad Premium, as\u00ed podr\u00e1s a\u00f1adir otro usuario. Cada uno acceder\u00e1 con su propia cuenta de email, lo que os permitir\u00e1 personalizar vuestra experiencia en EL PA\u00cdS.<\/p>\n<p>\u00bfTienes una suscripci\u00f3n de empresa? Accede <a target=\"_blank\" rel=\"noreferrer\" href=\"https:\/\/elpais.com\/suscripciones\/premium\/upgrade\/\">aqu\u00ed<\/a> para contratar m\u00e1s cuentas.<\/p>\n<p>En el caso de no saber qui\u00e9n est\u00e1 usando tu cuenta, te recomendamos cambiar tu contrase\u00f1a <a target=\"_blank\" rel=\"noreferrer\" href=\"https:\/\/elpais.com\/subscriptions\/#\/forgot-password\">aqu\u00ed.<\/a><\/p>\n<p>Si decides continuar compartiendo tu cuenta, este mensaje se mostrar\u00e1 en tu dispositivo y en el de la otra persona que est\u00e1 usando tu cuenta de forma indefinida, afectando a tu experiencia de lectura. Puedes <a target=\"_blank\" rel=\"noreferrer\" href=\"https:\/\/elpais.com\/suscripciones\/condiciones-generales-servicios\/\">consultar aqu\u00ed los t\u00e9rminos y condiciones de la suscripci\u00f3n digital.<\/a><\/p>\n<\/div>\n<\/div>\n<\/div>\n<\/div>\n<\/div>\n<\/div>\n<\/div>\n<aside class=\"w w-fid\">\n<div class=\"w_b\">\n<div class=\"w-fid_t\"><a href=\"https:\/\/plus.elpais.com\/newsletters\/lnp\/1\/334\/#?prm=not_newsletters_internacional\">Recibe el bolet\u00edn de Internacional<\/a><\/div>\n<div class=\"w-fid_s\">\n<div class=\"w_rs\">\n<div class=\"w_rs_i\"><a class=\"_btn\" href=\"https:\/\/www.facebook.com\/elpais\" rel=\"nofollow\"><span class=\"_sr\">Internacional El Pa\u00eds en Facebook<\/span><\/a><\/div>\n<div class=\"w_rs_i\"><a class=\"_btn\" href=\"https:\/\/www.instagram.com\/el_pais\/\" rel=\"nofollow\"><span class=\"_sr\">Internacional El Pa\u00eds en Instagram<\/span><\/a><\/div>\n<div class=\"w_rs_i\"><a class=\"_btn\" href=\"https:\/\/twitter.com\/el_pais\" rel=\"nofollow\"><span class=\"_sr\">Internacional El Pa\u00eds en Twitter<\/span><\/a><\/div>\n<\/div>\n<\/div>\n<\/div>\n<\/aside>\n<aside class=\"a_com w w-com _df\"><a class=\"a_com_l\" href=\"https:\/\/elpais.com\/info\/normas-de-participacion\/\">Normas \u203a<\/a><\/aside>\n<div class=\"me _pf\" id=\"me-c\">\n<div class=\"me_bg\">\n<div class=\"me-c _pa\" id=\"comments_container\" data-dtm-region=\"articulo_comentarios\">\n<div class=\"me_f me_f-os me_cc\"><a href=\"https:\/\/plus.elpais.com\/perfil\/actividad\/\">Mis comentarios<\/a><a href=\"https:\/\/elpais.com\/info\/normas-de-participacion\/\">Normas<\/a><\/div>\n<div class=\"me_f me_f-ns\"><span class=\"me_f_txt _db\">Rellena tu <b>nombre y apellido<\/b> para comentar<\/span><a href=\"https:\/\/plus.elpais.com\/autorization.html\/?prod=COM&amp;backURL=https%3A%2F%2Felpais.com%2Finternacional%2F2026-01-28%2Fla-fiscalia-de-hungria-presenta-cargos-contra-el-alcalde-de-budapest-por-organizar-la-manifestacion-del-orgullo-lgtbi.html\" class=\"btn btn-2\">completar datos<\/a><\/div>\n<div class=\"me_f\" id=\"comments_msg\"><a class=\"btn btn-2\" href=\"https:\/\/elpais.com\/suscripciones\/#\/campaign?prod=SUSDIGCRART&amp;o=COM&amp;prm=suscrip_articulo_comentarios_el-pais&amp;backURL=https%3A%2F%2Felpais.com%2Finternacional%2F2026-01-28%2Fla-fiscalia-de-hungria-presenta-cargos-contra-el-alcalde-de-budapest-por-organizar-la-manifestacion-del-orgullo-lgtbi.html\" id=\"comments_subscribe_link\" data-link-am=\"https:\/\/elpais.com\/suscripciones\/america\/#\/campaign?prod=SUSDIGCRARTAM&amp;o=COMAM&amp;prm=suscrip_articulo_comentarios_el-pais-america&amp;backURL=https%3A%2F%2Felpais.com%2Finternacional%2F2026-01-28%2Fla-fiscalia-de-hungria-presenta-cargos-contra-el-alcalde-de-budapest-por-organizar-la-manifestacion-del-orgullo-lgtbi.html\" data-link-mx=\"https:\/\/elpais.com\/suscripciones\/america\/#\/campaign?prod=SUSDIGMX&amp;o=COMMX&amp;prm=suscrip_articulo_comentarios_el-pais-mexico&amp;backURL=https%3A%2F%2Felpais.com%2Finternacional%2F2026-01-28%2Fla-fiscalia-de-hungria-presenta-cargos-contra-el-alcalde-de-budapest-por-organizar-la-manifestacion-del-orgullo-lgtbi.html\" data-link-co=\"https:\/\/elpais.com\/suscripciones\/america\/#\/campaign?prod=SUSDIGCOL&amp;o=COMCOL&amp;prm=suscrip_articulo_comentarios_el-pais_colombia&amp;backURL=https%3A%2F%2Felpais.com%2Finternacional%2F2026-01-28%2Fla-fiscalia-de-hungria-presenta-cargos-contra-el-alcalde-de-budapest-por-organizar-la-manifestacion-del-orgullo-lgtbi.html\" data-link-ar=\"https:\/\/elpais.com\/suscripciones\/america\/#\/campaign?prod=SUSDIGCRARTAR&amp;o=COMAR&amp;backURL=https%3A%2F%2Felpais.com%2Finternacional%2F2026-01-28%2Fla-fiscalia-de-hungria-presenta-cargos-contra-el-alcalde-de-budapest-por-organizar-la-manifestacion-del-orgullo-lgtbi.html\" data-link-cl=\"https:\/\/elpais.com\/suscripciones\/america\/#\/campaign?prod=SUSDIGCHILE&amp;o=COMCHILE&amp;backURL=https%3A%2F%2Felpais.com%2Finternacional%2F2026-01-28%2Fla-fiscalia-de-hungria-presenta-cargos-contra-el-alcalde-de-budapest-por-organizar-la-manifestacion-del-orgullo-lgtbi.html\" data-link-us=\"https:\/\/elpais.com\/suscripciones\/america\/#\/campaign?prod=SUSDIGCRARTEUCAN&amp;o=COMUS&amp;prm=suscrip_articulo_comentarios_el-pais_eucan&amp;backURL=https%3A%2F%2Felpais.com%2Finternacional%2F2026-01-28%2Fla-fiscalia-de-hungria-presenta-cargos-contra-el-alcalde-de-budapest-por-organizar-la-manifestacion-del-orgullo-lgtbi.html\">Suscr\u00edbete en El Pa\u00eds para participar<\/a><a class=\"btn btn-3\" href=\"https:\/\/elpais.com\/subscriptions\/#\/sign-in?prod=REG&amp;o=COM&amp;prm=login_articulo_comentarios_el-pais&amp;backURL=https%3A%2F%2Felpais.com%2Finternacional%2F2026-01-28%2Fla-fiscalia-de-hungria-presenta-cargos-contra-el-alcalde-de-budapest-por-organizar-la-manifestacion-del-orgullo-lgtbi.html\" id=\"comments_login_link\" data-link-am=\"https:\/\/elpais.com\/subscriptions\/#\/sign-in?prod=REG&amp;o=COM&amp;prm=login_articulo_comentarios_el-pais-america&amp;backURL=https%3A%2F%2Felpais.com%2Finternacional%2F2026-01-28%2Fla-fiscalia-de-hungria-presenta-cargos-contra-el-alcalde-de-budapest-por-organizar-la-manifestacion-del-orgullo-lgtbi.html\" data-link-mx=\"https:\/\/elpais.com\/subscriptions\/#\/sign-in?prod=REG&amp;o=COM&amp;prm=login_articulo_comentarios_el-pais-mexico&amp;backURL=https%3A%2F%2Felpais.com%2Finternacional%2F2026-01-28%2Fla-fiscalia-de-hungria-presenta-cargos-contra-el-alcalde-de-budapest-por-organizar-la-manifestacion-del-orgullo-lgtbi.html\" data-link-co=\"https:\/\/elpais.com\/subscriptions\/#\/sign-in?prod=REG&amp;o=COM&amp;backURL=https%3A%2F%2Felpais.com%2Finternacional%2F2026-01-28%2Fla-fiscalia-de-hungria-presenta-cargos-contra-el-alcalde-de-budapest-por-organizar-la-manifestacion-del-orgullo-lgtbi.html\" data-link-ar=\"https:\/\/elpais.com\/subscriptions\/#\/sign-in?prod=REG&amp;o=COM&amp;backURL=https%3A%2F%2Felpais.com%2Finternacional%2F2026-01-28%2Fla-fiscalia-de-hungria-presenta-cargos-contra-el-alcalde-de-budapest-por-organizar-la-manifestacion-del-orgullo-lgtbi.html\" data-link-cl=\"https:\/\/elpais.com\/subscriptions\/#\/sign-in?prod=REG&amp;o=COM&amp;backURL=https%3A%2F%2Felpais.com%2Finternacional%2F2026-01-28%2Fla-fiscalia-de-hungria-presenta-cargos-contra-el-alcalde-de-budapest-por-organizar-la-manifestacion-del-orgullo-lgtbi.html\" data-link-us=\"https:\/\/elpais.com\/subscriptions\/#\/sign-in?prod=REG&amp;o=COM&amp;backURL=https%3A%2F%2Felpais.com%2Finternacional%2F2026-01-28%2Fla-fiscalia-de-hungria-presenta-cargos-contra-el-alcalde-de-budapest-por-organizar-la-manifestacion-del-orgullo-lgtbi.html\">Ya tengo una suscripci\u00f3n<\/a><\/div>\n<p>Please enable JavaScript to view the &lt;a href=&#8221;https:\/\/disqus.com\/?ref_noscript&#8221; rel=&#8221;nofollow&#8221;&gt; comments powered by Disqus.&lt;\/a&gt;<\/p><\/div>\n<\/div>\n<\/div>\n<aside class=\"w w-rel\" data-dtm-region=\"articulo_mas-informacion\">\n<h2 class=\"w_t\">M\u00e1s informaci\u00f3n<\/h2>\n<ul class=\"w_b _ls\">\n<li class=\"_g _g-xs w-rel_n\">\n<div class=\" a_m-h c_m--nf\"><span class=\"_db _pr\"><img decoding=\"async\" class=\"_re lazyload a_m-h\" height=\"311\" width=\"414\" src=\"https:\/\/analyse.optim.biz\/wp-content\/uploads\/2026\/01\/hy3obxpsynhspefh2w5xux4rsa.jpg\" loading=\"lazy\" title=\"hy3obxpsynhspefh2w5xux4rsa\"><\/span><\/div>\n<div class=\"nt\">\n<h3 class=\"nt_t\"><a href=\"https:\/\/elpais.com\/sociedad\/lgtb\/2025-06-28\/claves-del-orgullo-prohibido-de-budapest.html#?rel=mas\">Claves del Orgullo prohibido que defiende hoy los derechos LGTBIQ+ en una Budapest en alta tensi\u00f3n<\/a><\/h3>\n<div class=\"nt_a\"><a href=\"https:\/\/elpais.com\/autor\/pablo-leon\/\" title=\"Ver todas las noticias de Pablo Le\u00f3n (Enviado especial)\">Pablo Le\u00f3n (Enviado especial)<\/a> | Budapest<\/div>\n<\/div>\n<\/li>\n<li class=\"_g _g-xs w-rel_n\">\n<div class=\" a_m-h c_m--nf\"><span class=\"_db _pr\"><img decoding=\"async\" class=\"_re lazyload a_m-h\" height=\"311\" width=\"414\" src=\"https:\/\/analyse.optim.biz\/wp-content\/uploads\/2026\/01\/33jiwq52fzds5krjg4q5vzor2u.jpg\" loading=\"lazy\" title=\"33jiwq52fzds5krjg4q5vzor2u\"><\/span><\/div>\n<div class=\"nt\">\n<h3 class=\"nt_t\"><a href=\"https:\/\/elpais.com\/sociedad\/lgtb\/2025-06-28\/la-marcha-del-orgullo-lgtbiq-por-las-calles-de-budapest-en-imagenes.html#?rel=mas\">La marcha del Orgullo LGTBIQ+ por las calles de Budapest, en im\u00e1genes  <\/a><\/h3>\n<div class=\"nt_a\"><a href=\"https:\/\/elpais.com\/autor\/el-pais\/\" title=\"Ver todas las noticias de El Pa\u00eds\">El Pa\u00eds<\/a><\/div>\n<\/div>\n<\/li>\n<\/ul>\n<\/aside>\n<section class=\"w w-ae\" data-dtm-region=\"articulo_archivado-en\">\n<h2 class=\"w_t\">Archivado En<\/h2>\n<div class=\"w_b\">\n<ul class=\"w_ul w_ul--mh _df _ls\">\n<li><a href=\"https:\/\/elpais.com\/noticias\/hungria\/#?rel=arch\" rel=\"noopener noreferrer\">Hungr\u00eda<\/a><\/li>\n<li><a href=\"https:\/\/elpais.com\/noticias\/budapest\/#?rel=arch\" rel=\"noopener noreferrer\">Budapest<\/a><\/li>\n<li><a href=\"https:\/\/elpais.com\/noticias\/orgullo-gay\/#?rel=arch\" rel=\"noopener noreferrer\">Orgullo LGTBI<\/a><\/li>\n<li><a href=\"https:\/\/elpais.com\/noticias\/manifestaciones\/#?rel=arch\" rel=\"noopener noreferrer\">Manifestaciones<\/a><\/li>\n<li><a href=\"https:\/\/elpais.com\/noticias\/veto\/#?rel=arch\" rel=\"noopener noreferrer\">Veto<\/a><\/li>\n<li><a href=\"https:\/\/elpais.com\/noticias\/viktor-orban\/#?rel=arch\" rel=\"noopener noreferrer\">Viktor Orban<\/a><\/li>\n<li><a href=\"https:\/\/elpais.com\/noticias\/vladimir-putin\/#?rel=arch\" rel=\"noopener noreferrer\">Vlad\u00edmir Putin<\/a><\/li>\n<li><a href=\"https:\/\/elpais.com\/noticias\/extrema-derecha\/#?rel=arch\" rel=\"noopener noreferrer\">Extrema derecha<\/a><\/li>\n<li><a href=\"https:\/\/elpais.com\/noticias\/verdes-los-verdes\/#?rel=arch\" rel=\"noopener noreferrer\">Verdes<\/a><\/li>\n<\/ul>\n<\/div>\n<\/section>\n<aside class=\"a_tp _df\">\n<div class=\"a_tp_txt\"><span class=\"a_tp_t\">Se adhiere a los criterios de<\/span><\/p>\n<figure class=\"a_m a_m-h c_m--nf\"><a class=\"a_tp_i _dib\" href=\"https:\/\/elpais.com\/estaticos\/que-es-the-trust-project\/\" target=\"_blank\" rel=\"noopener noreferrer nofollow\"><img decoding=\"async\" alt=\"The Trust Project\" class=\" lazyload a_m-h\" height=\"20\" width=\"117\" src=\"https:\/\/analyse.optim.biz\/wp-content\/uploads\/2026\/01\/the-trust-project-276.svg\" loading=\"lazy\" title=\"the-trust-project-276\"><\/a><\/figure>\n<p><a class=\"a_tp_mi\" href=\"https:\/\/elpais.com\/estaticos\/codigo-etico\/\" target=\"_blank\" rel=\"noopener noreferrer nofollow\">M\u00e1s informaci\u00f3n<\/a><\/div>\n<div class=\"a_tp_si\">Si est\u00e1 interesado en licenciar este contenido, pinche <a class=\"a_tp_si_l\" href=\"https:\/\/profesional.elpais.com\/soluciones-sindicacion\/?utm_medium=interno&amp;utm_source=crosslinking&amp;utm_campaign=sindicacion_ep_pie_articulos\" target=\"_blank\" rel=\"noopener noreferrer nofollow\">aqu\u00ed<\/a><\/div>\n<\/aside>\n<div class=\"a_o _pr\" data-dtm-region=\"articulo_right-rail\">\n<div id=\"elpais_gpt-MPU1\" data-adtype=\"MPU\" class=\"ad ad-mpu\"><span class=\"_dn\">_<\/span><\/div>\n<section class=\"w w-sc b_col\" data-dtm-region=\"articulo_ultimas-noticias\">\n<header class=\"w_h b_col_h\">\n<h3 class=\"w_t\"><a href=\"https:\/\/elpais.com\/ultimas-noticias\/\" rel=\"story-card-ultimas-noticias\">\u00daltimas noticias<\/a><\/h3>\n<\/header>\n<div class=\"w_b\">\n<article class=\"c  c--m-n   \" data-word=\"0\">\n<header class=\"c_h\"><time datetime=\"2026-01-28T19:26:56+01:00\" class=\"c_da\">19:26<\/time><\/p>\n<h2 class=\"c_t \"><a href=\"https:\/\/elpais.com\/gente\/2026-01-28\/bruce-willis-no-sabe-que-esta-enfermo-de-demencia-desvela-su-esposa.html\">Bruce Willis no sabe que est\u00e1 enfermo de demencia, desvela su esposa<\/a><\/h2>\n<\/header>\n<\/article>\n<article class=\"c c-o  c--m-n   \" data-word=\"0\">\n<header class=\"c_h\"><time datetime=\"2026-01-28T19:20:51+01:00\" class=\"c_da\">19:20<\/time><\/p>\n<h2 class=\"c_t c_t-i \"><a href=\"https:\/\/elpais.com\/america-colombia\/2026-01-28\/lanchas-y-geografia.html\">Lanchas y geograf\u00eda<\/a><\/h2>\n<\/header>\n<\/article>\n<article class=\"c c-o  c--m-n   \" data-word=\"0\">\n<header class=\"c_h\"><time datetime=\"2026-01-28T19:03:01+01:00\" class=\"c_da\">19:03<\/time><\/p>\n<h2 class=\"c_t c_t-i \"><a href=\"https:\/\/elpais.com\/cultura\/2026-01-28\/robert-royal-el-ojo-americano-sobre-la-transicion-espanola.html\">Robert Royal, el ojo americano sobre la Transici\u00f3n espa\u00f1ola<\/a><\/h2>\n<\/header>\n<\/article>\n<article class=\"c  c--m-n   \" data-word=\"0\">\n<header class=\"c_h\"><time datetime=\"2026-01-28T18:47:52+01:00\" class=\"c_da\">18:47<\/time><\/p>\n<h2 class=\"c_t \"><a href=\"https:\/\/elpais.com\/economia\/2026-01-28\/el-gobierno-aleman-rebaja-su-pronostico-economico-y-apenas-preve-un-crecimiento-del-1-del-pib-en-2026.html\">El Gobierno alem\u00e1n rebaja su pron\u00f3stico econ\u00f3mico y apenas prev\u00e9 un crecimiento del 1% del PIB en 2026<\/a><\/h2>\n<\/header>\n<\/article>\n<\/div>\n<\/section>\n<aside class=\"w w-lmv\" data-dtm-region=\"articulo_lom\">\n<h2 class=\"w_t\"><a href=\"https:\/\/elpais.com\/lo-mas-visto\/\">Lo m\u00e1s visto<\/a><\/h2>\n<div class=\"w_b\">\n<ol class=\"_ls\">\n<li><a href=\"https:\/\/elpais.com\/economia\/2026-01-27\/trump-bendice-la-caida-del-dolar-va-muy-bien-miren-los-negocios-que-estamos-haciendo.html#?rel=lom\">Trump asegura que no le preocupa la ca\u00edda del d\u00f3lar: \u201cVa muy bien, miren los negocios que estamos haciendo\u201d<\/a><\/li>\n<li><a href=\"https:\/\/elpais.com\/mamas-papas\/familia\/2026-01-27\/la-historia-de-claudia-el-amor-como-el-salvavidas-de-una-nina-abandonada.html#?rel=lom\">La historia de Claudia: el amor como el salvavidas de una ni\u00f1a abandonada <\/a><\/li>\n<li><a href=\"https:\/\/elpais.com\/internacional\/2026-01-27\/francia-y-espana-replican-a-rutte-que-no-es-ningun-sueno-que-europa-aspire-a-defenderse-sola.html#?rel=lom\">Francia y Espa\u00f1a replican a Rutte que no es \u201cning\u00fan sue\u00f1o\u201d que Europa aspire a defenderse sola<\/a><\/li>\n<li><a href=\"https:\/\/elpais.com\/sociedad\/2026-01-27\/julio-iglesias-acusa-a-sus-extrabajadoras-de-denuncia-falsa-y-estudia-medidas.html#?rel=lom\">Julio Iglesias acusa a sus extrabajadoras de \u201cdenuncia falsa\u201d y estudia medidas <\/a><\/li>\n<li><a href=\"https:\/\/elpais.com\/espana\/2026-01-28\/ultima-hora-de-los-efectos-de-la-borrasca-kristin-en-directo.html#?rel=lom\">\u00daltima hora de la borrasca \u2018Kristin\u2019, en directo | El temporal complica la circulaci\u00f3n en \u00c1vila, Segovia y C\u00e1ceres y deja fuertes lluvias en Andaluc\u00eda y Castilla-La Mancha<\/a><\/li>\n<\/ol>\n<\/div>\n<\/aside>\n<\/div>\n<\/article>\n<article class=\"c  c--m-n   \" data-word=\"0\">\n<header class=\"c_h\"><time datetime=\"2026-01-28T19:26:56+01:00\" class=\"c_da\">19:26<\/time><\/p>\n<h2 class=\"c_t \"><a href=\"https:\/\/elpais.com\/gente\/2026-01-28\/bruce-willis-no-sabe-que-esta-enfermo-de-demencia-desvela-su-esposa.html\">Bruce Willis no sabe que est\u00e1 enfermo de demencia, desvela su esposa<\/a><\/h2>\n<\/header>\n<\/article>\n<article class=\"c c-o  c--m-n   \" data-word=\"0\">\n<header class=\"c_h\"><time datetime=\"2026-01-28T19:20:51+01:00\" class=\"c_da\">19:20<\/time><\/p>\n<h2 class=\"c_t c_t-i \"><a href=\"https:\/\/elpais.com\/america-colombia\/2026-01-28\/lanchas-y-geografia.html\">Lanchas y geograf\u00eda<\/a><\/h2>\n<\/header>\n<\/article>\n<article class=\"c c-o  c--m-n   \" data-word=\"0\">\n<header class=\"c_h\"><time datetime=\"2026-01-28T19:03:01+01:00\" class=\"c_da\">19:03<\/time><\/p>\n<h2 class=\"c_t c_t-i \"><a href=\"https:\/\/elpais.com\/cultura\/2026-01-28\/robert-royal-el-ojo-americano-sobre-la-transicion-espanola.html\">Robert Royal, el ojo americano sobre la Transici\u00f3n espa\u00f1ola<\/a><\/h2>\n<\/header>\n<\/article>\n<article class=\"c  c--m-n   \" data-word=\"0\">\n<header class=\"c_h\"><time datetime=\"2026-01-28T18:47:52+01:00\" class=\"c_da\">18:47<\/time><\/p>\n<h2 class=\"c_t \"><a href=\"https:\/\/elpais.com\/economia\/2026-01-28\/el-gobierno-aleman-rebaja-su-pronostico-economico-y-apenas-preve-un-crecimiento-del-1-del-pib-en-2026.html\">El Gobierno alem\u00e1n rebaja su pron\u00f3stico econ\u00f3mico y apenas prev\u00e9 un crecimiento del 1% del PIB en 2026<\/a><\/h2>\n<\/header>\n<\/article>\n<p> Source URL: https:\/\/elpais.com\/internacional\/2026-01-28\/la-fiscalia-de-hungria-presenta-cargos-contra-el-alcalde-de-budapest-por-organizar-la-manifestacion-del-orgullo-lgtbi.html<\/p>\n","protected":false},"excerpt":{"rendered":"<p>Hungr\u00eda La Fiscal\u00eda de Hungr\u00eda presenta cargos contra el alcalde de Budapest por organizar la manifestaci\u00f3n del Orgullo LGTBI El Ministerio P\u00fablico acusa a Gergely Kar\u00e1csony de organizar y liderar la celebraci\u00f3n de 2025 pese al veto del Gobierno El alcalde de Budapest, Gergely Kar\u00e1csony, saluda durante la Marcha del Orgullo de Budapest, celebrada en [&hellip;]<\/p>\n","protected":false},"author":1,"featured_media":1497751,"comment_status":"open","ping_status":"","sticky":false,"template":"","format":"standard","meta":{"footnotes":""},"categories":[88],"tags":[92],"class_list":["post-1497750","post","type-post","status-publish","format-standard","has-post-thumbnail","hentry","category-spain","tag-elpais-com"],"_links":{"self":[{"href":"https:\/\/analyse.optim.biz\/index.php?rest_route=\/wp\/v2\/posts\/1497750","targetHints":{"allow":["GET"]}}],"collection":[{"href":"https:\/\/analyse.optim.biz\/index.php?rest_route=\/wp\/v2\/posts"}],"about":[{"href":"https:\/\/analyse.optim.biz\/index.php?rest_route=\/wp\/v2\/types\/post"}],"author":[{"embeddable":true,"href":"https:\/\/analyse.optim.biz\/index.php?rest_route=\/wp\/v2\/users\/1"}],"replies":[{"embeddable":true,"href":"https:\/\/analyse.optim.biz\/index.php?rest_route=%2Fwp%2Fv2%2Fcomments&post=1497750"}],"version-history":[{"count":0,"href":"https:\/\/analyse.optim.biz\/index.php?rest_route=\/wp\/v2\/posts\/1497750\/revisions"}],"wp:featuredmedia":[{"embeddable":true,"href":"https:\/\/analyse.optim.biz\/index.php?rest_route=\/wp\/v2\/media\/1497751"}],"wp:attachment":[{"href":"https:\/\/analyse.optim.biz\/index.php?rest_route=%2Fwp%2Fv2%2Fmedia&parent=1497750"}],"wp:term":[{"taxonomy":"category","embeddable":true,"href":"https:\/\/analyse.optim.biz\/index.php?rest_route=%2Fwp%2Fv2%2Fcategories&post=1497750"},{"taxonomy":"post_tag","embeddable":true,"href":"https:\/\/analyse.optim.biz\/index.php?rest_route=%2Fwp%2Fv2%2Ftags&post=1497750"}],"curies":[{"name":"wp","href":"https:\/\/api.w.org\/{rel}","templated":true}]}}