{"id":1497667,"date":"2026-01-28T08:23:56","date_gmt":"2026-01-28T05:23:56","guid":{"rendered":"https:\/\/analyse.optim.biz\/?p=1497667"},"modified":"2026-01-28T08:23:56","modified_gmt":"2026-01-28T05:23:56","slug":"el-temporal-kristin-llega-a-gran-parte-de-espana-con-lluvias-muy-intensas-nieve-y-viento-fuerte","status":"publish","type":"post","link":"https:\/\/analyse.optim.biz\/?p=1497667","title":{"rendered":"El temporal \u2018Kristin\u2019 llega a gran parte de Espa\u00f1a con lluvias muy intensas, nieve y viento fuerte"},"content":{"rendered":"<article id=\"main-content\" class=\"a _g _g-lg _g-o\">\n<header class=\"a_e _g _g-xs\">\n<div class=\"a_e_txt _df\">\n<div class=\"a_k _df\"><a class=\"a_k_n\" href=\"https:\/\/elpais.com\/noticias\/prediccion-meteorologica\/\">PREDICCI\u00d3N METEOROL\u00d3GICA<\/a><\/div>\n<h1 class=\"a_t\">El temporal \u2018Kristin\u2019 llega a gran parte de Espa\u00f1a con lluvias muy intensas, nieve y viento fuerte<\/h1>\n<p class=\"a_st\">Andaluc\u00eda, Galicia y la meseta norte concentran los fen\u00f3menos m\u00e1s adversos de una jornada marcada por precipitaciones generalizadas y nieve a cotas bajas, sobre todo en el norte<\/p>\n<\/div>\n<div class='\"ph-v_t\"'>La borrasca &#8216;Kristin&#8217; provoca fuertes nevadas en Madrid y obliga a cortar carreteras<\/div>\n<p>n      &#8220;}},&#8221;video_agency&#8221;:false,&#8221;alt_image&#8221;:&#8221;La borrasca &#8216;Kristin&#8217; provoca fuertes nevadas en Madrid y obliga a cortar carreteras&#8221;},&#8221;url&#8221;:&#8221;https:\/\/cloudfront-eu-central-1.images.arcpublishing.com\/prisa\/B3VNHJMYSJG37PR3IFJBU57HAE.JPG&#8221;,&#8221;alt&#8221;:&#8221;La borrasca &#8216;Kristin&#8217; provoca fuertes nevadas en Madrid y obliga a cortar carreteras&#8221;,&#8221;ogWidth&#8221;:16,&#8221;ogHeight&#8221;:9,&#8221;floating&#8221;:false,&#8221;preset&#8221;:{&#8220;crops&#8221;:{&#8220;414w&#8221;:{&#8220;width&#8221;:414,&#8221;height&#8221;:233},&#8221;640w&#8221;:{&#8220;width&#8221;:828,&#8221;height&#8221;:466},&#8221;1000w&#8221;:{&#8220;width&#8221;:980,&#8221;height&#8221;:551},&#8221;1200w&#8221;:{&#8220;width&#8221;:1200,&#8221;height&#8221;:675}},&#8221;sizes&#8221;:&#8221;(min-width:1199px) 661px, (min-width: 1001px) calc((100vw &#8211; 385px)\/12*7 + 186px), (min-width:767px) 767px, 100vw&#8221;,&#8221;default&#8221;:&#8221;414w&#8221;},&#8221;resized_urls&#8221;:{&#8220;414&#215;0&#8243;:&#8221;vafIFLBraOVilWr0QvHL0Cqz4_Y=\/414&#215;0\/&#8221;,&#8221;640&#215;0&#8243;:&#8221;XWqHgZ976iefE4ymzNrHUh-FA80=\/640&#215;0\/&#8221;,&#8221;1000&#215;0&#8243;:&#8221;M7_MMCGcs7YFZ5lLo5s8iPiaN14=\/1000&#215;0\/&#8221;,&#8221;1200&#215;0&#8243;:&#8221;Q27t3aYIHWQxERgfI71Dw9XZEzc=\/1200&#215;0\/&#8221;,&#8221;414&#215;414&#8243;:&#8221;9NTZaUi_bi5fEDswBUFW14d_gCM=\/414&#215;414\/&#8221;,&#8221;640&#215;640&#8243;:&#8221;wxGYL95GWrsGjSfOM2cbCSPpvqY=\/640&#215;640\/&#8221;,&#8221;1000&#215;1000&#8243;:&#8221;3hqC5jQqeeqP-JSuc8fnJPejnho=\/1000&#215;1000\/&#8221;,&#8221;1200&#215;1200&#8243;:&#8221;MrwyJVQSWo6Ttv71Dj2Fbth3318=\/1200&#215;1200\/&#8221;,&#8221;414&#215;311&#8243;:&#8221;QQ1Hcjcso0jogTVQfrlOnfX4Xps=\/414&#215;311\/&#8221;,&#8221;640&#215;480&#8243;:&#8221;bOf9Bx3mdvz_lohTRvCW_EaWPqE=\/640&#215;480\/&#8221;,&#8221;1000&#215;750&#8243;:&#8221;onvtAyXDsQkMiKhmRTACL28m04A=\/1000&#215;750\/&#8221;,&#8221;1200&#215;900&#8243;:&#8221;r7lgUFvL-uG2SsUxxPM2g-o3TYQ=\/1200&#215;900\/&#8221;,&#8221;414&#215;233&#8243;:&#8221;vvYBEOOM7Rcpg_tvuO-z4atXucQ=\/414&#215;233\/&#8221;,&#8221;640&#215;360&#8243;:&#8221;C3XNhV2R9kAuWcUEZznpzJmcxus=\/640&#215;360\/&#8221;,&#8221;1000&#215;563&#8243;:&#8221;cosm175kZjPf-vQKD61rqVvkacE=\/1000&#215;563\/&#8221;,&#8221;1200&#215;675&#8243;:&#8221;6pLy-3COBrAlmh8nZbGM-0RLB8E=\/1200&#215;675\/&#8221;,&#8221;828&#215;0&#8243;:&#8221;YKmsTNvpHsdENriMDuwAXNvvXMw=\/828&#215;0\/&#8221;,&#8221;980&#215;0&#8243;:&#8221;ZpH7Qbd3L_wSTgaxQq_fCUAxuUU=\/980&#215;0\/&#8221;,&#8221;1960&#215;0&#8243;:&#8221;DMTFjZi_zrxJoxcr1_KGuRRA9Sk=\/1960&#215;0\/&#8221;,&#8221;828&#215;828&#8243;:&#8221;plGs90dD48FTerqMtmwLrP_rd9I=\/828&#215;828\/&#8221;,&#8221;980&#215;980&#8243;:&#8221;D8EJRPvfhENM-RFFDqHi4yedRWg=\/980&#215;980\/&#8221;,&#8221;1960&#215;1960&#8243;:&#8221;fD-whQVej8UxYi-cMNSeA5ClS18=\/1960&#215;1960\/&#8221;,&#8221;828&#215;621&#8243;:&#8221;DOkpOuXLzeTCBPw9XlRk3Mby-zo=\/828&#215;621\/&#8221;,&#8221;980&#215;735&#8243;:&#8221;UmipAQ9m0JNYxwAbxuGtDpc6oJY=\/980&#215;735\/&#8221;,&#8221;1960&#215;1470&#8243;:&#8221;Z4lbJOlYFZok0tejefLSABaEngA=\/1960&#215;1470\/&#8221;,&#8221;828&#215;466&#8243;:&#8221;3GBiNwDy3HmXjcIC0mo_V9soAN0=\/828&#215;466\/&#8221;,&#8221;980&#215;551&#8243;:&#8221;_0N0zkSuyfDRp-_ZPhfaGO5g4Bg=\/980&#215;551\/&#8221;,&#8221;1960&#215;1103&#8243;:&#8221;HI72mjs7qKFl5FMXz09-eHLBggU=\/1960&#215;1103\/&#8221;,&#8221;146&#215;110&#8243;:&#8221;A55m5dtG-n4Bq86HsQQEv10Mg8o=\/146&#215;110\/&#8221;,&#8221;292&#215;219&#8243;:&#8221;E0FfBfSNTyCTvEeNwoQtucJuSLs=\/292&#215;219\/&#8221;,&#8221;290&#215;290&#8243;:&#8221;cdBiah7-YiMzxeYT8bRWq5Gnc4I=\/290&#215;290\/&#8221;,&#8221;145&#215;145&#8243;:&#8221;yvF3MJ6HMQN2IezgBEwO83zuG7g=\/145&#215;145\/&#8221;,&#8221;100&#215;100&#8243;:&#8221;OjLV38goORgVx8z2TmBCfqTEJTs=\/100&#215;100\/&#8221;,&#8221;80&#215;80&#8243;:&#8221;q0F3-dEKAfx3AyK4MiPGfktVqz0=\/80&#215;80\/&#8221;,&#8221;117&#215;20&#8243;:&#8221;W4tX5dEQIPA6uZNw3pi5bYh5tbM=\/117&#215;20\/&#8221;,&#8221;35&#215;35&#8243;:&#8221;UsFBdsLuzwavLNJ5ri17QPm8TKI=\/35&#215;35\/&#8221;,&#8221;643&#215;361&#8243;:&#8221;eA1NySVkAiJfhx0-yN6j9wfkCC8=\/643&#215;361\/&#8221;,&#8221;1286&#215;722&#8243;:&#8221;OWFgMwOupqLo_uvVQPhJWglZsXw=\/1286&#215;722\/&#8221;,&#8221;180&#215;180&#8243;:&#8221;TS98xNoXePA9dB43x3kFJ1KX3v4=\/180&#215;180\/&#8221;,&#8221;300&#215;300&#8243;:&#8221;dt6PxaruFaT9vgM55-4ia58usns=\/300&#215;300\/&#8221;,&#8221;260&#215;390&#8243;:&#8221;bJMuELIFYjdhbG07XVGHYoROkAw=\/260&#215;390\/&#8221;,&#8221;400&#215;600&#8243;:&#8221;yCY_lATO5HFDs0QaccSLx9oJDpQ=\/400&#215;600\/&#8221;,&#8221;220&#215;220&#8243;:&#8221;lB9-xUaTP8YexP9D4-b1RAhbpfU=\/220&#215;220\/&#8221;,&#8221;440&#215;440&#8243;:&#8221;NL8cyJ1XJFFc-m0hMfChhHA_no0=\/440&#215;440\/&#8221;,&#8221;660&#215;660&#8243;:&#8221;Ot_-io2Z_52Bljd7a6q0tKMdkJQ=\/660&#215;660\/&#8221;},&#8221;resized_urls_v2&#8243;:{&#8220;414&#215;0&#8243;:&#8221;\/B3VNHJMYSJG37PR3IFJBU57HAE.JPG?auth=c4803e8a6a54c6cd137790d3457c4d1a8efa38688dcb25a882b1c0a007369386&amp;width=414&#8243;,&#8221;640&#215;0&#8243;:&#8221;\/B3VNHJMYSJG37PR3IFJBU57HAE.JPG?auth=c4803e8a6a54c6cd137790d3457c4d1a8efa38688dcb25a882b1c0a007369386&amp;width=640&#8243;,&#8221;1000&#215;0&#8243;:&#8221;\/B3VNHJMYSJG37PR3IFJBU57HAE.JPG?auth=c4803e8a6a54c6cd137790d3457c4d1a8efa38688dcb25a882b1c0a007369386&amp;width=1000&#8243;,&#8221;1200&#215;0&#8243;:&#8221;\/B3VNHJMYSJG37PR3IFJBU57HAE.JPG?auth=c4803e8a6a54c6cd137790d3457c4d1a8efa38688dcb25a882b1c0a007369386&amp;width=1200&#8243;,&#8221;414&#215;414&#8243;:&#8221;\/B3VNHJMYSJG37PR3IFJBU57HAE.JPG?auth=c4803e8a6a54c6cd137790d3457c4d1a8efa38688dcb25a882b1c0a007369386&amp;width=414&amp;height=414&amp;smart=true&#8221;,&#8221;640&#215;640&#8243;:&#8221;\/B3VNHJMYSJG37PR3IFJBU57HAE.JPG?auth=c4803e8a6a54c6cd137790d3457c4d1a8efa38688dcb25a882b1c0a007369386&amp;width=640&amp;height=640&amp;smart=true&#8221;,&#8221;1000&#215;1000&#8243;:&#8221;\/B3VNHJMYSJG37PR3IFJBU57HAE.JPG?auth=c4803e8a6a54c6cd137790d3457c4d1a8efa38688dcb25a882b1c0a007369386&amp;width=1000&amp;height=1000&amp;smart=true&#8221;,&#8221;1200&#215;1200&#8243;:&#8221;\/B3VNHJMYSJG37PR3IFJBU57HAE.JPG?auth=c4803e8a6a54c6cd137790d3457c4d1a8efa38688dcb25a882b1c0a007369386&amp;width=1200&amp;height=1200&amp;smart=true&#8221;,&#8221;414&#215;311&#8243;:&#8221;\/B3VNHJMYSJG37PR3IFJBU57HAE.JPG?auth=c4803e8a6a54c6cd137790d3457c4d1a8efa38688dcb25a882b1c0a007369386&amp;width=414&amp;height=311&amp;smart=true&#8221;,&#8221;640&#215;480&#8243;:&#8221;\/B3VNHJMYSJG37PR3IFJBU57HAE.JPG?auth=c4803e8a6a54c6cd137790d3457c4d1a8efa38688dcb25a882b1c0a007369386&amp;width=640&amp;height=480&amp;smart=true&#8221;,&#8221;1000&#215;750&#8243;:&#8221;\/B3VNHJMYSJG37PR3IFJBU57HAE.JPG?auth=c4803e8a6a54c6cd137790d3457c4d1a8efa38688dcb25a882b1c0a007369386&amp;width=1000&amp;height=750&amp;smart=true&#8221;,&#8221;1200&#215;900&#8243;:&#8221;\/B3VNHJMYSJG37PR3IFJBU57HAE.JPG?auth=c4803e8a6a54c6cd137790d3457c4d1a8efa38688dcb25a882b1c0a007369386&amp;width=1200&amp;height=900&amp;smart=true&#8221;,&#8221;414&#215;233&#8243;:&#8221;\/B3VNHJMYSJG37PR3IFJBU57HAE.JPG?auth=c4803e8a6a54c6cd137790d3457c4d1a8efa38688dcb25a882b1c0a007369386&amp;width=414&amp;height=233&amp;smart=true&#8221;,&#8221;640&#215;360&#8243;:&#8221;\/B3VNHJMYSJG37PR3IFJBU57HAE.JPG?auth=c4803e8a6a54c6cd137790d3457c4d1a8efa38688dcb25a882b1c0a007369386&amp;width=640&amp;height=360&amp;smart=true&#8221;,&#8221;1000&#215;563&#8243;:&#8221;\/B3VNHJMYSJG37PR3IFJBU57HAE.JPG?auth=c4803e8a6a54c6cd137790d3457c4d1a8efa38688dcb25a882b1c0a007369386&amp;width=1000&amp;height=563&amp;smart=true&#8221;,&#8221;1200&#215;675&#8243;:&#8221;\/B3VNHJMYSJG37PR3IFJBU57HAE.JPG?auth=c4803e8a6a54c6cd137790d3457c4d1a8efa38688dcb25a882b1c0a007369386&amp;width=1200&amp;height=675&amp;smart=true&#8221;,&#8221;828&#215;0&#8243;:&#8221;\/B3VNHJMYSJG37PR3IFJBU57HAE.JPG?auth=c4803e8a6a54c6cd137790d3457c4d1a8efa38688dcb25a882b1c0a007369386&amp;width=828&#8243;,&#8221;980&#215;0&#8243;:&#8221;\/B3VNHJMYSJG37PR3IFJBU57HAE.JPG?auth=c4803e8a6a54c6cd137790d3457c4d1a8efa38688dcb25a882b1c0a007369386&amp;width=980&#8243;,&#8221;1960&#215;0&#8243;:&#8221;\/B3VNHJMYSJG37PR3IFJBU57HAE.JPG?auth=c4803e8a6a54c6cd137790d3457c4d1a8efa38688dcb25a882b1c0a007369386&amp;width=1960&#8243;,&#8221;828&#215;828&#8243;:&#8221;\/B3VNHJMYSJG37PR3IFJBU57HAE.JPG?auth=c4803e8a6a54c6cd137790d3457c4d1a8efa38688dcb25a882b1c0a007369386&amp;width=828&amp;height=828&amp;smart=true&#8221;,&#8221;980&#215;980&#8243;:&#8221;\/B3VNHJMYSJG37PR3IFJBU57HAE.JPG?auth=c4803e8a6a54c6cd137790d3457c4d1a8efa38688dcb25a882b1c0a007369386&amp;width=980&amp;height=980&amp;smart=true&#8221;,&#8221;1960&#215;1960&#8243;:&#8221;\/B3VNHJMYSJG37PR3IFJBU57HAE.JPG?auth=c4803e8a6a54c6cd137790d3457c4d1a8efa38688dcb25a882b1c0a007369386&amp;width=1960&amp;height=1960&amp;smart=true&#8221;,&#8221;828&#215;621&#8243;:&#8221;\/B3VNHJMYSJG37PR3IFJBU57HAE.JPG?auth=c4803e8a6a54c6cd137790d3457c4d1a8efa38688dcb25a882b1c0a007369386&amp;width=828&amp;height=621&amp;smart=true&#8221;,&#8221;980&#215;735&#8243;:&#8221;\/B3VNHJMYSJG37PR3IFJBU57HAE.JPG?auth=c4803e8a6a54c6cd137790d3457c4d1a8efa38688dcb25a882b1c0a007369386&amp;width=980&amp;height=735&amp;smart=true&#8221;,&#8221;1960&#215;1470&#8243;:&#8221;\/B3VNHJMYSJG37PR3IFJBU57HAE.JPG?auth=c4803e8a6a54c6cd137790d3457c4d1a8efa38688dcb25a882b1c0a007369386&amp;width=1960&amp;height=1470&amp;smart=true&#8221;,&#8221;828&#215;466&#8243;:&#8221;\/B3VNHJMYSJG37PR3IFJBU57HAE.JPG?auth=c4803e8a6a54c6cd137790d3457c4d1a8efa38688dcb25a882b1c0a007369386&amp;width=828&amp;height=466&amp;smart=true&#8221;,&#8221;980&#215;551&#8243;:&#8221;\/B3VNHJMYSJG37PR3IFJBU57HAE.JPG?auth=c4803e8a6a54c6cd137790d3457c4d1a8efa38688dcb25a882b1c0a007369386&amp;width=980&amp;height=551&amp;smart=true&#8221;,&#8221;1960&#215;1103&#8243;:&#8221;\/B3VNHJMYSJG37PR3IFJBU57HAE.JPG?auth=c4803e8a6a54c6cd137790d3457c4d1a8efa38688dcb25a882b1c0a007369386&amp;width=1960&amp;height=1103&amp;smart=true&#8221;,&#8221;146&#215;110&#8243;:&#8221;\/B3VNHJMYSJG37PR3IFJBU57HAE.JPG?auth=c4803e8a6a54c6cd137790d3457c4d1a8efa38688dcb25a882b1c0a007369386&amp;width=146&amp;height=110&amp;smart=true&#8221;,&#8221;292&#215;219&#8243;:&#8221;\/B3VNHJMYSJG37PR3IFJBU57HAE.JPG?auth=c4803e8a6a54c6cd137790d3457c4d1a8efa38688dcb25a882b1c0a007369386&amp;width=292&amp;height=219&amp;smart=true&#8221;,&#8221;290&#215;290&#8243;:&#8221;\/B3VNHJMYSJG37PR3IFJBU57HAE.JPG?auth=c4803e8a6a54c6cd137790d3457c4d1a8efa38688dcb25a882b1c0a007369386&amp;width=290&amp;height=290&amp;smart=true&#8221;,&#8221;145&#215;145&#8243;:&#8221;\/B3VNHJMYSJG37PR3IFJBU57HAE.JPG?auth=c4803e8a6a54c6cd137790d3457c4d1a8efa38688dcb25a882b1c0a007369386&amp;width=145&amp;height=145&amp;smart=true&#8221;,&#8221;100&#215;100&#8243;:&#8221;\/B3VNHJMYSJG37PR3IFJBU57HAE.JPG?auth=c4803e8a6a54c6cd137790d3457c4d1a8efa38688dcb25a882b1c0a007369386&amp;width=100&amp;height=100&amp;smart=true&#8221;,&#8221;80&#215;80&#8243;:&#8221;\/B3VNHJMYSJG37PR3IFJBU57HAE.JPG?auth=c4803e8a6a54c6cd137790d3457c4d1a8efa38688dcb25a882b1c0a007369386&amp;width=80&amp;height=80&amp;smart=true&#8221;,&#8221;117&#215;20&#8243;:&#8221;\/B3VNHJMYSJG37PR3IFJBU57HAE.JPG?auth=c4803e8a6a54c6cd137790d3457c4d1a8efa38688dcb25a882b1c0a007369386&amp;width=117&amp;height=20&amp;smart=true&#8221;,&#8221;35&#215;35&#8243;:&#8221;\/B3VNHJMYSJG37PR3IFJBU57HAE.JPG?auth=c4803e8a6a54c6cd137790d3457c4d1a8efa38688dcb25a882b1c0a007369386&amp;width=35&amp;height=35&amp;smart=true&#8221;,&#8221;643&#215;361&#8243;:&#8221;\/B3VNHJMYSJG37PR3IFJBU57HAE.JPG?auth=c4803e8a6a54c6cd137790d3457c4d1a8efa38688dcb25a882b1c0a007369386&amp;width=643&amp;height=361&amp;smart=true&#8221;,&#8221;1286&#215;722&#8243;:&#8221;\/B3VNHJMYSJG37PR3IFJBU57HAE.JPG?auth=c4803e8a6a54c6cd137790d3457c4d1a8efa38688dcb25a882b1c0a007369386&amp;width=1286&amp;height=722&amp;smart=true&#8221;,&#8221;180&#215;180&#8243;:&#8221;\/B3VNHJMYSJG37PR3IFJBU57HAE.JPG?auth=c4803e8a6a54c6cd137790d3457c4d1a8efa38688dcb25a882b1c0a007369386&amp;width=180&amp;height=180&amp;smart=true&#8221;,&#8221;300&#215;300&#8243;:&#8221;\/B3VNHJMYSJG37PR3IFJBU57HAE.JPG?auth=c4803e8a6a54c6cd137790d3457c4d1a8efa38688dcb25a882b1c0a007369386&amp;width=300&amp;height=300&amp;smart=true&#8221;,&#8221;260&#215;390&#8243;:&#8221;\/B3VNHJMYSJG37PR3IFJBU57HAE.JPG?auth=c4803e8a6a54c6cd137790d3457c4d1a8efa38688dcb25a882b1c0a007369386&amp;width=260&amp;height=390&amp;smart=true&#8221;,&#8221;400&#215;600&#8243;:&#8221;\/B3VNHJMYSJG37PR3IFJBU57HAE.JPG?auth=c4803e8a6a54c6cd137790d3457c4d1a8efa38688dcb25a882b1c0a007369386&amp;width=400&amp;height=600&amp;smart=true&#8221;,&#8221;220&#215;220&#8243;:&#8221;\/B3VNHJMYSJG37PR3IFJBU57HAE.JPG?auth=c4803e8a6a54c6cd137790d3457c4d1a8efa38688dcb25a882b1c0a007369386&amp;width=220&amp;height=220&amp;smart=true&#8221;,&#8221;440&#215;440&#8243;:&#8221;\/B3VNHJMYSJG37PR3IFJBU57HAE.JPG?auth=c4803e8a6a54c6cd137790d3457c4d1a8efa38688dcb25a882b1c0a007369386&amp;width=440&amp;height=440&amp;smart=true&#8221;,&#8221;660&#215;660&#8243;:&#8221;\/B3VNHJMYSJG37PR3IFJBU57HAE.JPG?auth=c4803e8a6a54c6cd137790d3457c4d1a8efa38688dcb25a882b1c0a007369386&amp;width=660&amp;height=660&amp;smart=true&#8221;}});<\/p>\n<div class=\"videoTop videoTop-v\">\n<div id=\"video_20260128103529912\">\n<div class=\"videoTop videoTop-ph\" id=\"ph_video_20260128103529912\">\n<div role=\"button\" class=\"posicionador\" aria-label=\"Reproducir v\u00eddeo\"><img loading=\"lazy\" decoding=\"async\" class=\"_re lazyload a_m-h\" height=\"233\" width=\"414\" src=\"https:\/\/analyse.optim.biz\/wp-content\/uploads\/2026\/01\/b3vnhjmysjg37pr3ifjbu57hae-1.jpg\" title=\"b3vnhjmysjg37pr3ifjbu57hae-1\"><\/p>\n<div class=\"_pa _df ph-v_b\">\n<div class=\"_df ph-v_c\">\n<div class=\"ph-v_d _dib\">01:35<\/div>\n<div class=\"ph-v_t\">La borrasca &#8216;Kristin&#8217; provoca fuertes nevadas en Madrid y obliga a cortar carreteras<\/div>\n<\/div>\n<\/div>\n<\/div>\n<\/div>\n<\/div>\n<\/div><figcaption class=\"a_m_p\">Una mujer se protege de la nieve con un paraguas en Galapagar (Madrid), este mi\u00e9rcoles.<span class=\"a_m_m\"><span>Foto:<\/span>SILVIO CASTELLANOS (REUTERS) | <span>V\u00eddeo:<\/span>EPV<\/span><\/figcaption><\/header>\n<div class=\"a_md _g _g-xs \">\n<figure class=\"a_md_i a_m-h c_m--nf\"><span class=\"a_m_w _db\"><img decoding=\"async\" alt=\"Paola Mendoza\" class=\"_re lazyload a_m-h\" height=\"100\" width=\"100\" src=\"https:\/\/analyse.optim.biz\/wp-content\/uploads\/2026\/01\/https3a2f2fauthor-service-images-prod-us-east-1-publishing-aws_-arc_-pub2fprisa2fhwlct6wc5bcoxaaswo5oz5wkbi-1.png\" loading=\"lazy\" title=\"https3a2f2fauthor-service-images-prod-us-east-1-publishing-aws_-arc_-pub2fprisa2fhwlct6wc5bcoxaaswo5oz5wkbi-1\"><\/span><\/figure>\n<div class=\"a_md_txt\">\n<div class=\"a_md_a\" data-dtm-region=\"articulo_firma\"><a href=\"https:\/\/elpais.com\/autor\/sandra-paola-mendoza-rodriguez\/#?rel=author_top\" title=\"Ver todas las noticias de Paola Mendoza\" class=\"a_md_a_n\">Paola Mendoza<\/a><\/div>\n<div class=\"a_md_f\"><span><a href=\"https:\/\/elpais.com\/hemeroteca\/2026-01-28\/\" data-date=\"2026-01-28T09:23:56+01:00\"><time data-date=\"2026-01-28T09:23:56+01:00\" datetime=\"2026-01-28T09:23:56+01:00\" id=\"article_date_p\">28 ene 2026 &#8211; 09:23<\/time><\/a><\/span><span><time class=\"sg\" id=\"article_date_u\" data-date=\"2026-01-28T10:58:28+01:00\" datetime=\"2026-01-28T10:58:28+01:00\"><abbr id=\"act_abb\" title=\"actualizado\">Actualizado: <\/abbr>28 ene 2026 &#8211; 10:58<abbr title=\"Central European Time\">CET<\/abbr><\/time><\/span><\/div>\n<div class=\"w_rs\" data-dtm-region=\"articulo_botonera-social\">\n<div class=\"w_rs_i\"><a class=\"_btn hidden\" href=\"\/\/send?text=El%20temporal%20%E2%80%98Kristin%E2%80%99%20llega%20a%20gran%20parte%20de%20Espa%C3%B1a%20con%20lluvias%20muy%20intensas%2C%20nieve%20y%20viento%20fuerte%0D%0A%0D%0Ahttps%3A%2F%2Felpais.com%2Fel-tiempo%2F2026-01-28%2Fel-temporal-kristin-llega-a-gran-parte-de-espana-con-lluvias-muy-intensas-nieve-y-viento-fuerte.html%3Fssm=whatsapp_CC\" data-action=\"share\/whatsapp\/share\" data-param-description=\"El temporal \u2018Kristin\u2019 llega a gran parte de Espa\u00f1a con lluvias muy intensas, nieve y viento fuerte\" data-param-href=\"https:\/\/elpais.com\/el-tiempo\/2026-01-28\/el-temporal-kristin-llega-a-gran-parte-de-espana-con-lluvias-muy-intensas-nieve-y-viento-fuerte.html\" data-param-text=\"El temporal \u2018Kristin\u2019 llega a gran parte de Espa\u00f1a con lluvias muy intensas, nieve y viento fuerte https:\/\/elpais.com\/el-tiempo\/2026-01-28\/el-temporal-kristin-llega-a-gran-parte-de-espana-con-lluvias-muy-intensas-nieve-y-viento-fuerte.html\" data-param-url=\"https:\/\/elpais.com\/el-tiempo\/2026-01-28\/el-temporal-kristin-llega-a-gran-parte-de-espana-con-lluvias-muy-intensas-nieve-y-viento-fuerte.html\" target=\"_blank\" rel=\"noopener noreferrer\" data-share-track-dtm=\"whatsapp\" id=\"btn_share_whatsapp_223\"><span class=\"_sr\">Compartir en Whatsapp<\/span><\/a><\/div>\n<div class=\"w_rs_i\"><a class=\"_btn \" href=\"https:\/\/www.facebook.com\/dialog\/share?display=popup&amp;app_id=94039431626&amp;href=https%3A%2F%2Felpais.com%2Fel-tiempo%2F2026-01-28%2Fel-temporal-kristin-llega-a-gran-parte-de-espana-con-lluvias-muy-intensas-nieve-y-viento-fuerte.html%3Fssm=FB_CC&amp;quote=El%20temporal%20%E2%80%98Kristin%E2%80%99%20llega%20a%20gran%20parte%20de%20Espa%C3%B1a%20con%20lluvias%20muy%20intensas%2C%20nieve%20y%20viento%20fuerte\" data-param-app_id=\"94039431626\" data-param-description=\"El temporal \u2018Kristin\u2019 llega a gran parte de Espa\u00f1a con lluvias muy intensas, nieve y viento fuerte\" data-param-href=\"https:\/\/elpais.com\/el-tiempo\/2026-01-28\/el-temporal-kristin-llega-a-gran-parte-de-espana-con-lluvias-muy-intensas-nieve-y-viento-fuerte.html\" data-param-text=\"El temporal \u2018Kristin\u2019 llega a gran parte de Espa\u00f1a con lluvias muy intensas, nieve y viento fuerte\" data-param-url=\"https:\/\/elpais.com\/el-tiempo\/2026-01-28\/el-temporal-kristin-llega-a-gran-parte-de-espana-con-lluvias-muy-intensas-nieve-y-viento-fuerte.html\" target=\"_blank\" rel=\"noopener noreferrer\" data-share-track-dtm=\"facebook\" id=\"btn_share_facebook_223\"><span class=\"_sr\">Compartir en Facebook<\/span><\/a><\/div>\n<div class=\"w_rs_i\"><a class=\"_btn \" href=\"https:\/\/twitter.com\/intent\/tweet?url=https%3A%2F%2Felpais.com%2Fel-tiempo%2F2026-01-28%2Fel-temporal-kristin-llega-a-gran-parte-de-espana-con-lluvias-muy-intensas-nieve-y-viento-fuerte.html%3Fssm=TW_CC&amp;text=El%20temporal%20%E2%80%98Kristin%E2%80%99%20llega%20a%20gran%20parte%20de%20Espa%C3%B1a%20con%20lluvias%20muy%20intensas%2C%20nieve%20y%20viento%20fuerte&amp;via=el_pais&amp;lang=es\" data-param-description=\"El temporal \u2018Kristin\u2019 llega a gran parte de Espa\u00f1a con lluvias muy intensas, nieve y viento fuerte\" data-param-href=\"https:\/\/elpais.com\/el-tiempo\/2026-01-28\/el-temporal-kristin-llega-a-gran-parte-de-espana-con-lluvias-muy-intensas-nieve-y-viento-fuerte.html\" data-param-text=\"El temporal \u2018Kristin\u2019 llega a gran parte de Espa\u00f1a con lluvias muy intensas, nieve y viento fuerte via @el_pais\" data-param-url=\"https:\/\/elpais.com\/el-tiempo\/2026-01-28\/el-temporal-kristin-llega-a-gran-parte-de-espana-con-lluvias-muy-intensas-nieve-y-viento-fuerte.html\" target=\"_blank\" rel=\"noopener noreferrer\" data-share-track-dtm=\"twitter\" id=\"btn_share_twitter_223\"><span class=\"_sr\">Compartir en Twitter<\/span><\/a><\/div>\n<div class=\"w_rs_i\"><a class=\"_btn \" href=\"https:\/\/bsky.app\/intent\/compose?text=https%3A%2F%2Felpais.com%2Fel-tiempo%2F2026-01-28%2Fel-temporal-kristin-llega-a-gran-parte-de-espana-con-lluvias-muy-intensas-nieve-y-viento-fuerte.html%3Fssm=bsky_CC\" data-param-description=\"El temporal \u2018Kristin\u2019 llega a gran parte de Espa\u00f1a con lluvias muy intensas, nieve y viento fuerte\" data-param-href=\"https:\/\/elpais.com\/el-tiempo\/2026-01-28\/el-temporal-kristin-llega-a-gran-parte-de-espana-con-lluvias-muy-intensas-nieve-y-viento-fuerte.html\" data-param-text=\"El temporal \u2018Kristin\u2019 llega a gran parte de Espa\u00f1a con lluvias muy intensas, nieve y viento fuerte\" data-param-url=\"https:\/\/elpais.com\/el-tiempo\/2026-01-28\/el-temporal-kristin-llega-a-gran-parte-de-espana-con-lluvias-muy-intensas-nieve-y-viento-fuerte.html\" target=\"_blank\" rel=\"noopener noreferrer\" data-share-track-dtm=\"bluesky\" id=\"btn_share_bluesky_223\"><span class=\"_sr\">Compartir en Bluesky<\/span><\/a><\/div>\n<div class=\"w_rs_i\"><a class=\"_btn \" href=\"https:\/\/www.linkedin.com\/sharing\/share-offsite\/?url=https%3A%2F%2Felpais.com%2Fel-tiempo%2F2026-01-28%2Fel-temporal-kristin-llega-a-gran-parte-de-espana-con-lluvias-muy-intensas-nieve-y-viento-fuerte.html%3Fssm=LK_CC\" data-param-description=\"El temporal \u2018Kristin\u2019 llega a gran parte de Espa\u00f1a con lluvias muy intensas, nieve y viento fuerte\" data-param-href=\"https:\/\/elpais.com\/el-tiempo\/2026-01-28\/el-temporal-kristin-llega-a-gran-parte-de-espana-con-lluvias-muy-intensas-nieve-y-viento-fuerte.html\" data-param-text=\"El temporal \u2018Kristin\u2019 llega a gran parte de Espa\u00f1a con lluvias muy intensas, nieve y viento fuerte\" data-param-url=\"https:\/\/elpais.com\/el-tiempo\/2026-01-28\/el-temporal-kristin-llega-a-gran-parte-de-espana-con-lluvias-muy-intensas-nieve-y-viento-fuerte.html\" target=\"_blank\" rel=\"noopener noreferrer\" data-share-track-dtm=\"linkedin\" id=\"btn_share_linkedin_223\"><span class=\"_sr\">Compartir en Linkedin<\/span><\/a><\/div>\n<div class=\"w_rs_i\"><a class=\"_btn rs_l\" href=\"https:\/\/elpais.com\/el-tiempo\/2026-01-28\/el-temporal-kristin-llega-a-gran-parte-de-espana-con-lluvias-muy-intensas-nieve-y-viento-fuerte.html#?prm=copy_link\" data-share-track-dtm=\"copiar_url\" id=\"btn_share_link_40\"><span class=\"_sr\">Copiar enlace<\/span><\/a><\/div>\n<div class=\"w_rs_i\"><a class=\"_btn rs_c\" href=\"https:\/\/elpais.com\/el-tiempo\/2026-01-28\/el-temporal-kristin-llega-a-gran-parte-de-espana-con-lluvias-muy-intensas-nieve-y-viento-fuerte.html#comments_container\" aria-expanded=\"false\" aria-controls=\"me-c\" data-share-track-dtm=\"eskup\" id=\"btn_share_comments_40\"><span class=\"_sr\">Ir a los comentarios<\/span><\/a><\/div>\n<\/div>\n<\/div>\n<\/div>\n<div class=\"a_c clearfix\" data-dtm-region=\"articulo_cuerpo\">\n<p class>La borrasca <i>Kristin<\/i> marca la previsi\u00f3n meteorol\u00f3gica de este mi\u00e9rcoles con un <a href=\"https:\/\/elpais.com\/el-tiempo\/2026-01-27\/un-temporal-azota-casi-toda-espana-con-lluvias-intensas-viento-y-fuerte-oleaje.html\" target=\"_blank\" rel=\"noreferrer\" title=\"https:\/\/elpais.com\/el-tiempo\/2026-01-27\/un-temporal-azota-casi-toda-espana-con-lluvias-intensas-viento-y-fuerte-oleaje.html\">episodio de inestabilidad<\/a> que afecta a buena parte del territorio. El temporal <a href=\"https:\/\/elpais.com\/espana\/2026-01-28\/ultima-hora-de-los-efectos-de-la-borrasca-kristin-en-directo.html\" target=\"_self\" rel title=\"https:\/\/elpais.com\/espana\/2026-01-28\/ultima-hora-de-los-efectos-de-la-borrasca-kristin-en-directo.html\">mantiene activos avisos por lluvia, nieve, viento y mala mar en numerosas comunidades<\/a>. Seg\u00fan la Agencia Estatal de Meteorolog\u00eda (<a href=\"https:\/\/www.aemet.es\/es\/portada\" target=\"_blank\" rel=\"noreferrer\" title=\"https:\/\/www.aemet.es\/es\/portada\">Aemet<\/a>), la situaci\u00f3n ser\u00e1 especialmente adversa en el sureste peninsular, donde Almer\u00eda se encuentra en aviso rojo \u2014riesgo extraordinario\u2014 por rachas de viento que pueden alcanzar los 130 kil\u00f3metros por hora, sobre todo en el valle del Almanzora y la comarca de Los V\u00e9lez.<\/p>\n<p class>En nivel naranja, por riesgo importante, est\u00e1n Baleares, la Regi\u00f3n de Murcia, la Comunidad Valenciana y la ciudad aut\u00f3noma de Ceuta, por viento y temporal mar\u00edtimo; Castilla y Le\u00f3n, por nevadas y viento; y <a href=\"https:\/\/elpais.com\/espana\/2026-01-26\/un-nuevo-temporal-pone-en-alerta-roja-a-pontevedra-y-obliga-a-suspender-las-clases-en-una-veintena-de-municipios.html\" target=\"_blank\" rel=\"noreferrer\" title=\"https:\/\/elpais.com\/espana\/2026-01-26\/un-nuevo-temporal-pone-en-alerta-roja-a-pontevedra-y-obliga-a-suspender-las-clases-en-una-veintena-de-municipios.html\">Galicia, por fuerte oleaje<\/a>. Castilla-La Mancha y Extremadura permanecen en aviso por viento, adem\u00e1s de alertas amarillas por lluvia y nieve. Tambi\u00e9n Melilla est\u00e1 en nivel naranja por mala mar. En aviso amarillo figuran Arag\u00f3n, Catalu\u00f1a y la Comunidad de Madrid, por nieve y viento; Asturias, Cantabria, Pa\u00eds Vasco y Canarias, por oleaje; y La Rioja, por nevadas.<\/p>\n<div class=\"raw_html\">\n<div>\n<div class=\"width\">\n<div><img decoding=\"async\" src=\"https:\/\/analyse.optim.biz\/wp-content\/uploads\/2026\/01\/full-15.png\" title=\"full-15\"><\/div>\n<\/div>\n<\/div>\n<\/div>\n<p class>De acuerdo con el portavoz de la Aemet, Rub\u00e9n del Campo, las lluvias m\u00e1s intensas se esperan en el sur peninsular. En Grazalema (C\u00e1diz) se prev\u00e9n acumulaciones superiores a los 100 litros por metro cuadrado en solo 12 horas, que podr\u00edan superar localmente los 120 litros. En Ronda (M\u00e1laga), los registros podr\u00edan rebasar los 80 litros en el mismo periodo. Las precipitaciones ser\u00e1n persistentes en las sierras del sur y en el entorno de Albor\u00e1n.<\/p>\n<div class=\"raw_html\">\n<div>\n<div class=\"width\">\n<div id=\"datawrapper-vis-3Zm2e\"><img decoding=\"async\" src=\"https:\/\/analyse.optim.biz\/wp-content\/uploads\/2026\/01\/full-16.png\" alt=\"Tabla\" title=\"full-16\"><\/div>\n<\/div>\n<\/div>\n<\/div>\n<p class>La nieve ser\u00e1 otro de los protagonistas del d\u00eda. Con la entrada de aire fr\u00edo, nevar\u00e1 en amplias zonas de la mitad norte y del centro de la Pen\u00ednsula, con una cota que arrancar\u00e1 entre 600 y 800 metros y que ir\u00e1 subiendo a lo largo de la tarde hasta situarse entre 1.000 y 1.200 metros. En las monta\u00f1as del sureste la nieve aparecer\u00e1 a partir de los 1.200 a 1.500 metros. Se esperan acumulaciones significativas en la meseta norte, as\u00ed como en monta\u00f1as del centro y del norte. No se descartan tambi\u00e9n en zonas pr\u00f3ximas de la meseta sur, Galicia, Navarra y el norte de Arag\u00f3n. En Castilla y Le\u00f3n, los espesores podr\u00edan alcanzar cinco cent\u00edmetros a partir de los 800 metros, lo que, unido al viento, puede dificultar la circulaci\u00f3n y reducir la visibilidad.<\/p>\n<div class=\"raw_html\">\n<div>\n<div class=\"width\">\n<div><img decoding=\"async\" src=\"https:\/\/analyse.optim.biz\/wp-content\/uploads\/2026\/01\/full-17.png\" title=\"full-17\"><\/div>\n<\/div>\n<\/div>\n<\/div>\n<p class>El viento soplar\u00e1 con intensidad en la mayor parte de la Pen\u00ednsula y en Baleares, con rachas muy fuertes de componente oeste, salvo en el extremo norte. Del Campo advierte que especialmente en Almer\u00eda se esperan rachas que pueden alcanzar los 130 kil\u00f3metros por hora, con riesgo de ca\u00edda de ramas, \u00e1rboles y objetos. Baleares, la Comunidad Valenciana, Murcia y Ceuta tambi\u00e9n est\u00e1n en aviso por viento y mal estado de la mar.<\/p>\n<p class>El temporal mar\u00edtimo ser\u00e1 especialmente duro. En el litoral de Galicia se prev\u00e9n olas de m\u00e1s de ocho metros, mientras que en el Mediterr\u00e1neo, desde la Comunidad Valenciana hasta el entorno del Estrecho, el oleaje podr\u00e1 superar los seis metros. Tambi\u00e9n se espera fuerte mar de fondo en el golfo de C\u00e1diz. <\/p>\n<p class>Las temperaturas bajar\u00e1n en el norte peninsular, con heladas d\u00e9biles en zonas de monta\u00f1a y en puntos de la meseta norte, mientras que en el sur y el litoral mediterr\u00e1neo se mantendr\u00e1n algo m\u00e1s suaves. <\/p>\n<div id=\"sum_twitter\" data-oembed-type=\"twitter\" class=\"a_em _df\">\n<blockquote class=\"twitter-tweet\" data-width=\"500\" data-dnt=\"true\">\n<p lang=\"es\" dir=\"ltr\">\u26a0\ufe0f\ud83d\udd34 AVISO ROJO | Rachas de viento huracanadas en Meseta cacere\u00f1a y Villuercas y Mont\u00e1nchez.<\/p>\n<p>\u27a1\ufe0f Rachas de m\u00e1s de 130 km\/h. El peligro es extraordinario. Puede haber ca\u00edda de ramas, \u00e1rboles y objetos elevados. Mucha precauci\u00f3n.<\/p>\n<p>\u27a1\ufe0fAviso rojo en vigor hasta las 10:00 del 28 enero. <a href=\"https:\/\/t.co\/atBCl3BFrx\">pic.twitter.com\/atBCl3BFrx<\/a><\/p>\n<p>&mdash; AEMET (@AEMET_Esp) <a href=\"https:\/\/twitter.com\/AEMET_Esp\/status\/2016420800513933356?ref_src=twsrc%5Etfw\">January 28, 2026<\/a><\/p><\/blockquote>\n<p><script async src=\"https:\/\/platform.twitter.com\/widgets.js\" charset=\"utf-8\"><\/script><\/p>\n<\/div>\n<p class>El jueves, aunque la borrasca <i>Kristin<\/i> se habr\u00e1 alejado, el tiempo seguir\u00e1 inestable por la llegada de nuevas borrascas atl\u00e1nticas. Ser\u00e1 una jornada lluviosa en buena parte del pa\u00eds, con precipitaciones m\u00e1s abundantes en el sur de Galicia y en las monta\u00f1as de Andaluc\u00eda, donde podr\u00edan volver a ser persistentes. En el Cant\u00e1brico no se descartan chubascos intensos con tormenta y granizo. La cota de nieve subir\u00e1 claramente, por encima de los 1.500 metros, y las temperaturas aumentar\u00e1n de forma notable, con valores cercanos a los 20 grados en Bilbao y por encima de los 25 en Murcia.<\/p>\n<div class=\"raw_html\">\n<div>\n<div class=\"width\">\n<div id=\"datawrapper-vis-ZGegW\"><img decoding=\"async\" src=\"https:\/\/analyse.optim.biz\/wp-content\/uploads\/2026\/01\/full-18.png\" alt=\"Tabla\" title=\"full-18\"><\/div>\n<\/div>\n<\/div>\n<\/div>\n<p class>El viernes llegar\u00e1 una tregua relativa en el sur, con lluvias m\u00e1s d\u00e9biles y dispersas, aunque en el centro y el norte seguir\u00e1 lloviendo, especialmente en Galicia. El viento continuar\u00e1 soplando con intensidad en el norte y el este, y las temperaturas ser\u00e1n algo m\u00e1s bajas, aunque todav\u00eda suaves para el temporal. <\/p>\n<p class>Durante el fin de semana, nuevas borrascas atl\u00e1nticas mantendr\u00e1n el tiempo revuelto. El s\u00e1bado llover\u00e1 sobre todo en el norte y el oeste, con nieve a partir de 700 a 1.000 metros en el Cant\u00e1brico y los Pirineos, mientras que el domingo un frente m\u00e1s activo dejar\u00e1 lluvias abundantes en el oeste y en Galicia, con una cota de nieve alta y una nueva subida en los term\u00f3metros, especialmente en el sur y el valle del Guadalquivir. <\/p>\n<p class>En Canarias, el tiempo ser\u00e1 m\u00e1s tranquilo, con intervalos nubosos, sobre todo en el norte de las islas de mayor relieve, alguna lluvia d\u00e9bil ocasional y temperaturas agradables, con m\u00e1ximas entre 21 y 23 grados en zonas costeras.<\/p>\n<\/div>\n<div id=\"me-dis\" class=\"me _pf\">\n<div class=\"me_bg\">\n<div class=\"me-dis _pa _df\">\n<div class=\"me-dis_c\">\n<h2 class=\"me-dis_t\">Tu suscripci\u00f3n se est\u00e1 usando en otro dispositivo<\/h2>\n<p>\u00bfQuieres a\u00f1adir otro usuario a tu suscripci\u00f3n?<\/p>\n<div class=\"me-dis_l\"><a href=\"https:\/\/elpais.com\/suscripciones\/premium\/upgrade\/?utm_source=autopromo&amp;utm_medium=interno&amp;utm_campaign=YYYY_MM_capping_upgrade\" id=\"capping-upgrade\" class=\"btn\">A\u00f1adir usuario<\/a><a href=\"https:\/\/elpais.com\/el-tiempo\/2026-01-28\/el-temporal-kristin-llega-a-gran-parte-de-espana-con-lluvias-muy-intensas-nieve-y-viento-fuerte.html\" id=\"capping-continue\" class=\"btn btn-b\">Continuar leyendo aqu\u00ed<\/a><\/div>\n<p>Si contin\u00faas leyendo en este dispositivo, no se podr\u00e1 leer en el otro.<\/p>\n<p class=\"lk\"><a href=\"https:\/\/elpais.com\/el-tiempo\/2026-01-28\/el-temporal-kristin-llega-a-gran-parte-de-espana-con-lluvias-muy-intensas-nieve-y-viento-fuerte.html\" id=\"capping-show-more-button\">\u00bfPor qu\u00e9 est\u00e1s viendo esto?<\/a><\/p>\n<p><span class=\"arrow\" id=\"capping-arrow\">Flecha<\/span><\/p>\n<div class=\"me-dis_d\">\n<div class=\"me-dis_d_t\">\n<h2 class=\"enc\">Tu suscripci\u00f3n se est\u00e1 usando en otro dispositivo y solo puedes acceder a EL PA\u00cdS desde un dispositivo a la vez.<\/h2>\n<div class=\"tx\">\n<p>Si quieres compartir tu cuenta, cambia tu suscripci\u00f3n a la modalidad Premium, as\u00ed podr\u00e1s a\u00f1adir otro usuario. Cada uno acceder\u00e1 con su propia cuenta de email, lo que os permitir\u00e1 personalizar vuestra experiencia en EL PA\u00cdS.<\/p>\n<p>\u00bfTienes una suscripci\u00f3n de empresa? Accede <a target=\"_blank\" rel=\"noreferrer\" href=\"https:\/\/elpais.com\/suscripciones\/premium\/upgrade\/\">aqu\u00ed<\/a> para contratar m\u00e1s cuentas.<\/p>\n<p>En el caso de no saber qui\u00e9n est\u00e1 usando tu cuenta, te recomendamos cambiar tu contrase\u00f1a <a target=\"_blank\" rel=\"noreferrer\" href=\"https:\/\/elpais.com\/subscriptions\/#\/forgot-password\">aqu\u00ed.<\/a><\/p>\n<p>Si decides continuar compartiendo tu cuenta, este mensaje se mostrar\u00e1 en tu dispositivo y en el de la otra persona que est\u00e1 usando tu cuenta de forma indefinida, afectando a tu experiencia de lectura. Puedes <a target=\"_blank\" rel=\"noreferrer\" href=\"https:\/\/elpais.com\/suscripciones\/condiciones-generales-servicios\/\">consultar aqu\u00ed los t\u00e9rminos y condiciones de la suscripci\u00f3n digital.<\/a><\/p>\n<\/div>\n<\/div>\n<\/div>\n<\/div>\n<\/div>\n<\/div>\n<\/div>\n<aside class=\"w w-fid\">\n<div class=\"w_b\">\n<div class=\"w-fid_t\"><a href=\"https:\/\/usuarios.elpais.com\/newsletters\/?id_externo_promo=not_newsletters_gen\">Recibe la mejor informaci\u00f3n en tu bandeja de entrada<\/a><\/div>\n<div class=\"w-fid_s\">\n<div class=\"w_rs\">\n<div class=\"w_rs_i\"><a class=\"_btn\" href=\"https:\/\/www.facebook.com\/elpais\" rel=\"nofollow\"><span class=\"_sr\">El Tiempo El Pa\u00eds en Facebook<\/span><\/a><\/div>\n<div class=\"w_rs_i\"><a class=\"_btn\" href=\"https:\/\/www.instagram.com\/el_pais\/\" rel=\"nofollow\"><span class=\"_sr\">El Tiempo El Pa\u00eds en Instagram<\/span><\/a><\/div>\n<div class=\"w_rs_i\"><a class=\"_btn\" href=\"https:\/\/twitter.com\/el_pais\" rel=\"nofollow\"><span class=\"_sr\">El Tiempo El Pa\u00eds en Twitter<\/span><\/a><\/div>\n<\/div>\n<\/div>\n<\/div>\n<\/aside>\n<aside class=\"a_com w w-com _df\"><a class=\"a_com_l\" href=\"https:\/\/elpais.com\/info\/normas-de-participacion\/\">Normas \u203a<\/a><\/aside>\n<div class=\"me _pf\" id=\"me-c\">\n<div class=\"me_bg\">\n<div class=\"me-c _pa\" id=\"comments_container\" data-dtm-region=\"articulo_comentarios\">\n<div class=\"me_f me_f-os me_cc\"><a href=\"https:\/\/plus.elpais.com\/perfil\/actividad\/\">Mis comentarios<\/a><a href=\"https:\/\/elpais.com\/info\/normas-de-participacion\/\">Normas<\/a><\/div>\n<div class=\"me_f me_f-ns\"><span class=\"me_f_txt _db\">Rellena tu <b>nombre y apellido<\/b> para comentar<\/span><a href=\"https:\/\/plus.elpais.com\/autorization.html\/?prod=COM&amp;backURL=https%3A%2F%2Felpais.com%2Fel-tiempo%2F2026-01-28%2Fel-temporal-kristin-llega-a-gran-parte-de-espana-con-lluvias-muy-intensas-nieve-y-viento-fuerte.html\" class=\"btn btn-2\">completar datos<\/a><\/div>\n<div class=\"me_f\" id=\"comments_msg\"><a class=\"btn btn-2\" href=\"https:\/\/elpais.com\/suscripciones\/#\/campaign?prod=SUSDIGCRART&amp;o=COM&amp;prm=suscrip_articulo_comentarios_el-pais&amp;backURL=https%3A%2F%2Felpais.com%2Fel-tiempo%2F2026-01-28%2Fel-temporal-kristin-llega-a-gran-parte-de-espana-con-lluvias-muy-intensas-nieve-y-viento-fuerte.html\" id=\"comments_subscribe_link\" data-link-am=\"https:\/\/elpais.com\/suscripciones\/america\/#\/campaign?prod=SUSDIGCRARTAM&amp;o=COMAM&amp;prm=suscrip_articulo_comentarios_el-pais-america&amp;backURL=https%3A%2F%2Felpais.com%2Fel-tiempo%2F2026-01-28%2Fel-temporal-kristin-llega-a-gran-parte-de-espana-con-lluvias-muy-intensas-nieve-y-viento-fuerte.html\" data-link-mx=\"https:\/\/elpais.com\/suscripciones\/america\/#\/campaign?prod=SUSDIGMX&amp;o=COMMX&amp;prm=suscrip_articulo_comentarios_el-pais-mexico&amp;backURL=https%3A%2F%2Felpais.com%2Fel-tiempo%2F2026-01-28%2Fel-temporal-kristin-llega-a-gran-parte-de-espana-con-lluvias-muy-intensas-nieve-y-viento-fuerte.html\" data-link-co=\"https:\/\/elpais.com\/suscripciones\/america\/#\/campaign?prod=SUSDIGCOL&amp;o=COMCOL&amp;prm=suscrip_articulo_comentarios_el-pais_colombia&amp;backURL=https%3A%2F%2Felpais.com%2Fel-tiempo%2F2026-01-28%2Fel-temporal-kristin-llega-a-gran-parte-de-espana-con-lluvias-muy-intensas-nieve-y-viento-fuerte.html\" data-link-ar=\"https:\/\/elpais.com\/suscripciones\/america\/#\/campaign?prod=SUSDIGCRARTAR&amp;o=COMAR&amp;backURL=https%3A%2F%2Felpais.com%2Fel-tiempo%2F2026-01-28%2Fel-temporal-kristin-llega-a-gran-parte-de-espana-con-lluvias-muy-intensas-nieve-y-viento-fuerte.html\" data-link-cl=\"https:\/\/elpais.com\/suscripciones\/america\/#\/campaign?prod=SUSDIGCHILE&amp;o=COMCHILE&amp;backURL=https%3A%2F%2Felpais.com%2Fel-tiempo%2F2026-01-28%2Fel-temporal-kristin-llega-a-gran-parte-de-espana-con-lluvias-muy-intensas-nieve-y-viento-fuerte.html\" data-link-us=\"https:\/\/elpais.com\/suscripciones\/america\/#\/campaign?prod=SUSDIGCRARTEUCAN&amp;o=COMUS&amp;prm=suscrip_articulo_comentarios_el-pais_eucan&amp;backURL=https%3A%2F%2Felpais.com%2Fel-tiempo%2F2026-01-28%2Fel-temporal-kristin-llega-a-gran-parte-de-espana-con-lluvias-muy-intensas-nieve-y-viento-fuerte.html\">Suscr\u00edbete en El Pa\u00eds para participar<\/a><a class=\"btn btn-3\" href=\"https:\/\/elpais.com\/subscriptions\/#\/sign-in?prod=REG&amp;o=COM&amp;prm=login_articulo_comentarios_el-pais&amp;backURL=https%3A%2F%2Felpais.com%2Fel-tiempo%2F2026-01-28%2Fel-temporal-kristin-llega-a-gran-parte-de-espana-con-lluvias-muy-intensas-nieve-y-viento-fuerte.html\" id=\"comments_login_link\" data-link-am=\"https:\/\/elpais.com\/subscriptions\/#\/sign-in?prod=REG&amp;o=COM&amp;prm=login_articulo_comentarios_el-pais-america&amp;backURL=https%3A%2F%2Felpais.com%2Fel-tiempo%2F2026-01-28%2Fel-temporal-kristin-llega-a-gran-parte-de-espana-con-lluvias-muy-intensas-nieve-y-viento-fuerte.html\" data-link-mx=\"https:\/\/elpais.com\/subscriptions\/#\/sign-in?prod=REG&amp;o=COM&amp;prm=login_articulo_comentarios_el-pais-mexico&amp;backURL=https%3A%2F%2Felpais.com%2Fel-tiempo%2F2026-01-28%2Fel-temporal-kristin-llega-a-gran-parte-de-espana-con-lluvias-muy-intensas-nieve-y-viento-fuerte.html\" data-link-co=\"https:\/\/elpais.com\/subscriptions\/#\/sign-in?prod=REG&amp;o=COM&amp;backURL=https%3A%2F%2Felpais.com%2Fel-tiempo%2F2026-01-28%2Fel-temporal-kristin-llega-a-gran-parte-de-espana-con-lluvias-muy-intensas-nieve-y-viento-fuerte.html\" data-link-ar=\"https:\/\/elpais.com\/subscriptions\/#\/sign-in?prod=REG&amp;o=COM&amp;backURL=https%3A%2F%2Felpais.com%2Fel-tiempo%2F2026-01-28%2Fel-temporal-kristin-llega-a-gran-parte-de-espana-con-lluvias-muy-intensas-nieve-y-viento-fuerte.html\" data-link-cl=\"https:\/\/elpais.com\/subscriptions\/#\/sign-in?prod=REG&amp;o=COM&amp;backURL=https%3A%2F%2Felpais.com%2Fel-tiempo%2F2026-01-28%2Fel-temporal-kristin-llega-a-gran-parte-de-espana-con-lluvias-muy-intensas-nieve-y-viento-fuerte.html\" data-link-us=\"https:\/\/elpais.com\/subscriptions\/#\/sign-in?prod=REG&amp;o=COM&amp;backURL=https%3A%2F%2Felpais.com%2Fel-tiempo%2F2026-01-28%2Fel-temporal-kristin-llega-a-gran-parte-de-espana-con-lluvias-muy-intensas-nieve-y-viento-fuerte.html\">Ya tengo una suscripci\u00f3n<\/a><\/div>\n<p>Please enable JavaScript to view the &lt;a href=&#8221;https:\/\/disqus.com\/?ref_noscript&#8221; rel=&#8221;nofollow&#8221;&gt; comments powered by Disqus.&lt;\/a&gt;<\/p><\/div>\n<\/div>\n<\/div>\n<aside class=\"w w-rel\" data-dtm-region=\"articulo_mas-informacion\">\n<h2 class=\"w_t\">M\u00e1s informaci\u00f3n<\/h2>\n<ul class=\"w_b _ls\">\n<li class=\"_g _g-xs w-rel_n\">\n<div class=\" a_m-h c_m--nf\"><span class=\"_db _pr\"><img decoding=\"async\" class=\"_re lazyload a_m-h\" height=\"311\" width=\"414\" src=\"https:\/\/analyse.optim.biz\/wp-content\/uploads\/2026\/01\/haj4qvd4zjlcjcco2z5eaqganm-1.jpg\" loading=\"lazy\" title=\"haj4qvd4zjlcjcco2z5eaqganm-1\"><\/span><\/div>\n<div class=\"nt\">\n<h3 class=\"nt_t\"><a href=\"https:\/\/elpais.com\/espana\/2026-01-27\/el-temporal-joseph-causa-derrumbamientos-y-accidentes-de-trafico-y-pone-en-alerta-varios-rios-en-castilla-y-leon.html#?rel=mas\">Muere una mujer en Torremolinos al caerle encima una palmera a causa del temporal \u2018Joseph\u2019<\/a><\/h3>\n<div class=\"nt_a\"><a href=\"https:\/\/elpais.com\/autor\/juan-navarro-garcia\/\" title=\"Ver todas las noticias de Juan Navarro\">Juan Navarro<\/a> \/ <a href=\"https:\/\/elpais.com\/autor\/jesus-antonio-canas-carrillo\/\" title=\"Ver todas las noticias de Jes\u00fas A. Ca\u00f1as\">Jes\u00fas A. Ca\u00f1as<\/a> \/ <a href=\"https:\/\/elpais.com\/autor\/ignacio-sanchez-corbacho\/\" title=\"Ver todas las noticias de Nacho S\u00e1nchez\">Nacho S\u00e1nchez<\/a> | Valladolid | C\u00e1diz | M\u00e1laga<\/div>\n<\/div>\n<\/li>\n<li class=\"_g _g-xs w-rel_n\">\n<div class=\" a_m-h c_m--nf\"><span class=\"_db _pr\"><img decoding=\"async\" class=\"_re lazyload a_m-h\" height=\"311\" width=\"414\" src=\"https:\/\/analyse.optim.biz\/wp-content\/uploads\/2026\/01\/boacqms4sva4tcwpxkhysfp7ee.jpg\" loading=\"lazy\" title=\"boacqms4sva4tcwpxkhysfp7ee\"><\/span><\/div>\n<div class=\"nt\">\n<h3 class=\"nt_t\"><a href=\"https:\/\/elpais.com\/el-tiempo\/2026-01-27\/un-temporal-azota-casi-toda-espana-con-lluvias-intensas-viento-y-fuerte-oleaje.html#?rel=mas\">Un temporal azota casi toda Espa\u00f1a con lluvias intensas, viento y fuerte oleaje <\/a><\/h3>\n<div class=\"nt_a\"><a href=\"https:\/\/elpais.com\/autor\/carolina-de-lima-soares\/\" title=\"Ver todas las noticias de Carolina de Lima\">Carolina de Lima<\/a> | Madrid<\/div>\n<\/div>\n<\/li>\n<\/ul>\n<\/aside>\n<section class=\"w w-ae\" data-dtm-region=\"articulo_archivado-en\">\n<h2 class=\"w_t\">Archivado En<\/h2>\n<div class=\"w_b\">\n<ul class=\"w_ul w_ul--mh _df _ls\">\n<li><a href=\"https:\/\/elpais.com\/noticias\/el-tiempo\/#?rel=arch\" rel=\"noopener noreferrer\">El Tiempo<\/a><\/li>\n<li><a href=\"https:\/\/elpais.com\/noticias\/prediccion-meteorologica\/#?rel=arch\" rel=\"noopener noreferrer\">Predicci\u00f3n meteorol\u00f3gica<\/a><\/li>\n<li><a href=\"https:\/\/elpais.com\/noticias\/meteorologia\/#?rel=arch\" rel=\"noopener noreferrer\">Meteorolog\u00eda<\/a><\/li>\n<li><a href=\"https:\/\/elpais.com\/noticias\/aemet-agencia-estatal-meteorologia\/#?rel=arch\" rel=\"noopener noreferrer\">Aemet<\/a><\/li>\n<li><a href=\"https:\/\/elpais.com\/noticias\/temperaturas\/#?rel=arch\" rel=\"noopener noreferrer\">Temperaturas<\/a><\/li>\n<li><a href=\"https:\/\/elpais.com\/noticias\/temperaturas-maximas\/#?rel=arch\" rel=\"noopener noreferrer\">Temperaturas m\u00e1ximas<\/a><\/li>\n<li><a href=\"https:\/\/elpais.com\/noticias\/temperaturas-minimas\/#?rel=arch\" rel=\"noopener noreferrer\">Temperaturas m\u00ednimas<\/a><\/li>\n<li><a href=\"https:\/\/elpais.com\/noticias\/climas\/#?rel=arch\" rel=\"noopener noreferrer\">Climas<\/a><\/li>\n<li><a href=\"https:\/\/elpais.com\/noticias\/temporales\/#?rel=arch\" rel=\"noopener noreferrer\">Temporales<\/a><\/li>\n<\/ul>\n<\/div>\n<\/section>\n<aside class=\"a_tp _df\">\n<div class=\"a_tp_txt\"><span class=\"a_tp_t\">Se adhiere a los criterios de<\/span><\/p>\n<figure class=\"a_m a_m-h c_m--nf\"><a class=\"a_tp_i _dib\" href=\"https:\/\/elpais.com\/estaticos\/que-es-the-trust-project\/\" target=\"_blank\" rel=\"noopener noreferrer nofollow\"><img decoding=\"async\" alt=\"The Trust Project\" class=\" lazyload a_m-h\" height=\"20\" width=\"117\" src=\"https:\/\/analyse.optim.biz\/wp-content\/uploads\/2026\/01\/the-trust-project-272.svg\" loading=\"lazy\" title=\"the-trust-project-272\"><\/a><\/figure>\n<p><a class=\"a_tp_mi\" href=\"https:\/\/elpais.com\/estaticos\/codigo-etico\/\" target=\"_blank\" rel=\"noopener noreferrer nofollow\">M\u00e1s informaci\u00f3n<\/a><\/div>\n<div class=\"a_tp_si\">Si est\u00e1 interesado en licenciar este contenido, pinche <a class=\"a_tp_si_l\" href=\"https:\/\/profesional.elpais.com\/soluciones-sindicacion\/?utm_medium=interno&amp;utm_source=crosslinking&amp;utm_campaign=sindicacion_ep_pie_articulos\" target=\"_blank\" rel=\"noopener noreferrer nofollow\">aqu\u00ed<\/a><\/div>\n<\/aside>\n<div class=\"a_o _pr\" data-dtm-region=\"articulo_right-rail\">\n<div id=\"elpais_gpt-MPU1\" data-adtype=\"MPU\" class=\"ad ad-mpu\"><span class=\"_dn\">_<\/span><\/div>\n<section class=\"w w-sc b_col\" data-dtm-region=\"articulo_ultimas-noticias\">\n<header class=\"w_h b_col_h\">\n<h3 class=\"w_t\"><a href=\"https:\/\/elpais.com\/ultimas-noticias\/\" rel=\"story-card-ultimas-noticias\">\u00daltimas noticias<\/a><\/h3>\n<\/header>\n<div class=\"w_b\">\n<article class=\"c  c--m-n   \" data-word=\"0\">\n<header class=\"c_h\"><time datetime=\"2026-01-28T19:26:56+01:00\" class=\"c_da\">19:26<\/time><\/p>\n<h2 class=\"c_t \"><a href=\"https:\/\/elpais.com\/gente\/2026-01-28\/bruce-willis-no-sabe-que-esta-enfermo-de-demencia-desvela-su-esposa.html\">Bruce Willis no sabe que est\u00e1 enfermo de demencia, desvela su esposa<\/a><\/h2>\n<\/header>\n<\/article>\n<article class=\"c c-o  c--m-n   \" data-word=\"0\">\n<header class=\"c_h\"><time datetime=\"2026-01-28T19:20:51+01:00\" class=\"c_da\">19:20<\/time><\/p>\n<h2 class=\"c_t c_t-i \"><a href=\"https:\/\/elpais.com\/america-colombia\/2026-01-28\/lanchas-y-geografia.html\">Lanchas y geograf\u00eda<\/a><\/h2>\n<\/header>\n<\/article>\n<article class=\"c c-o  c--m-n   \" data-word=\"0\">\n<header class=\"c_h\"><time datetime=\"2026-01-28T19:03:01+01:00\" class=\"c_da\">19:03<\/time><\/p>\n<h2 class=\"c_t c_t-i \"><a href=\"https:\/\/elpais.com\/cultura\/2026-01-28\/robert-royal-el-ojo-americano-sobre-la-transicion-espanola.html\">Robert Royal, el ojo americano sobre la Transici\u00f3n espa\u00f1ola<\/a><\/h2>\n<\/header>\n<\/article>\n<article class=\"c  c--m-n   \" data-word=\"0\">\n<header class=\"c_h\"><time datetime=\"2026-01-28T18:47:52+01:00\" class=\"c_da\">18:47<\/time><\/p>\n<h2 class=\"c_t \"><a href=\"https:\/\/elpais.com\/economia\/2026-01-28\/el-gobierno-aleman-rebaja-su-pronostico-economico-y-apenas-preve-un-crecimiento-del-1-del-pib-en-2026.html\">El Gobierno alem\u00e1n rebaja su pron\u00f3stico econ\u00f3mico y apenas prev\u00e9 un crecimiento del 1% del PIB en 2026<\/a><\/h2>\n<\/header>\n<\/article>\n<\/div>\n<\/section>\n<aside class=\"w w-lmv\" data-dtm-region=\"articulo_lom\">\n<h2 class=\"w_t\"><a href=\"https:\/\/elpais.com\/lo-mas-visto\/\">Lo m\u00e1s visto<\/a><\/h2>\n<div class=\"w_b\">\n<ol class=\"_ls\">\n<li><a href=\"https:\/\/elpais.com\/economia\/2026-01-27\/trump-bendice-la-caida-del-dolar-va-muy-bien-miren-los-negocios-que-estamos-haciendo.html#?rel=lom\">Trump asegura que no le preocupa la ca\u00edda del d\u00f3lar: \u201cVa muy bien, miren los negocios que estamos haciendo\u201d<\/a><\/li>\n<li><a href=\"https:\/\/elpais.com\/mamas-papas\/familia\/2026-01-27\/la-historia-de-claudia-el-amor-como-el-salvavidas-de-una-nina-abandonada.html#?rel=lom\">La historia de Claudia: el amor como el salvavidas de una ni\u00f1a abandonada <\/a><\/li>\n<li><a href=\"https:\/\/elpais.com\/internacional\/2026-01-27\/francia-y-espana-replican-a-rutte-que-no-es-ningun-sueno-que-europa-aspire-a-defenderse-sola.html#?rel=lom\">Francia y Espa\u00f1a replican a Rutte que no es \u201cning\u00fan sue\u00f1o\u201d que Europa aspire a defenderse sola<\/a><\/li>\n<li><a href=\"https:\/\/elpais.com\/sociedad\/2026-01-27\/julio-iglesias-acusa-a-sus-extrabajadoras-de-denuncia-falsa-y-estudia-medidas.html#?rel=lom\">Julio Iglesias acusa a sus extrabajadoras de \u201cdenuncia falsa\u201d y estudia medidas <\/a><\/li>\n<li><a href=\"https:\/\/elpais.com\/espana\/2026-01-28\/ultima-hora-de-los-efectos-de-la-borrasca-kristin-en-directo.html#?rel=lom\">\u00daltima hora de la borrasca \u2018Kristin\u2019, en directo | El temporal complica la circulaci\u00f3n en \u00c1vila, Segovia y C\u00e1ceres y deja fuertes lluvias en Andaluc\u00eda y Castilla-La Mancha<\/a><\/li>\n<\/ol>\n<\/div>\n<\/aside>\n<\/div>\n<\/article>\n<article class=\"c  c--m-n   \" data-word=\"0\">\n<header class=\"c_h\"><time datetime=\"2026-01-28T19:26:56+01:00\" class=\"c_da\">19:26<\/time><\/p>\n<h2 class=\"c_t \"><a href=\"https:\/\/elpais.com\/gente\/2026-01-28\/bruce-willis-no-sabe-que-esta-enfermo-de-demencia-desvela-su-esposa.html\">Bruce Willis no sabe que est\u00e1 enfermo de demencia, desvela su esposa<\/a><\/h2>\n<\/header>\n<\/article>\n<article class=\"c c-o  c--m-n   \" data-word=\"0\">\n<header class=\"c_h\"><time datetime=\"2026-01-28T19:20:51+01:00\" class=\"c_da\">19:20<\/time><\/p>\n<h2 class=\"c_t c_t-i \"><a href=\"https:\/\/elpais.com\/america-colombia\/2026-01-28\/lanchas-y-geografia.html\">Lanchas y geograf\u00eda<\/a><\/h2>\n<\/header>\n<\/article>\n<article class=\"c c-o  c--m-n   \" data-word=\"0\">\n<header class=\"c_h\"><time datetime=\"2026-01-28T19:03:01+01:00\" class=\"c_da\">19:03<\/time><\/p>\n<h2 class=\"c_t c_t-i \"><a href=\"https:\/\/elpais.com\/cultura\/2026-01-28\/robert-royal-el-ojo-americano-sobre-la-transicion-espanola.html\">Robert Royal, el ojo americano sobre la Transici\u00f3n espa\u00f1ola<\/a><\/h2>\n<\/header>\n<\/article>\n<article class=\"c  c--m-n   \" data-word=\"0\">\n<header class=\"c_h\"><time datetime=\"2026-01-28T18:47:52+01:00\" class=\"c_da\">18:47<\/time><\/p>\n<h2 class=\"c_t \"><a href=\"https:\/\/elpais.com\/economia\/2026-01-28\/el-gobierno-aleman-rebaja-su-pronostico-economico-y-apenas-preve-un-crecimiento-del-1-del-pib-en-2026.html\">El Gobierno alem\u00e1n rebaja su pron\u00f3stico econ\u00f3mico y apenas prev\u00e9 un crecimiento del 1% del PIB en 2026<\/a><\/h2>\n<\/header>\n<\/article>\n<p> Source URL: https:\/\/elpais.com\/el-tiempo\/2026-01-28\/el-temporal-kristin-llega-a-gran-parte-de-espana-con-lluvias-muy-intensas-nieve-y-viento-fuerte.html<\/p>\n","protected":false},"excerpt":{"rendered":"<p>PREDICCI\u00d3N METEOROL\u00d3GICA El temporal \u2018Kristin\u2019 llega a gran parte de Espa\u00f1a con lluvias muy intensas, nieve y viento fuerte Andaluc\u00eda, Galicia y la meseta norte concentran los fen\u00f3menos m\u00e1s adversos de una jornada marcada por precipitaciones generalizadas y nieve a cotas bajas, sobre todo en el norte La borrasca &#8216;Kristin&#8217; provoca fuertes nevadas en Madrid [&hellip;]<\/p>\n","protected":false},"author":1,"featured_media":1497668,"comment_status":"open","ping_status":"","sticky":false,"template":"","format":"standard","meta":{"footnotes":""},"categories":[88],"tags":[92],"class_list":["post-1497667","post","type-post","status-publish","format-standard","has-post-thumbnail","hentry","category-spain","tag-elpais-com"],"_links":{"self":[{"href":"https:\/\/analyse.optim.biz\/index.php?rest_route=\/wp\/v2\/posts\/1497667","targetHints":{"allow":["GET"]}}],"collection":[{"href":"https:\/\/analyse.optim.biz\/index.php?rest_route=\/wp\/v2\/posts"}],"about":[{"href":"https:\/\/analyse.optim.biz\/index.php?rest_route=\/wp\/v2\/types\/post"}],"author":[{"embeddable":true,"href":"https:\/\/analyse.optim.biz\/index.php?rest_route=\/wp\/v2\/users\/1"}],"replies":[{"embeddable":true,"href":"https:\/\/analyse.optim.biz\/index.php?rest_route=%2Fwp%2Fv2%2Fcomments&post=1497667"}],"version-history":[{"count":0,"href":"https:\/\/analyse.optim.biz\/index.php?rest_route=\/wp\/v2\/posts\/1497667\/revisions"}],"wp:featuredmedia":[{"embeddable":true,"href":"https:\/\/analyse.optim.biz\/index.php?rest_route=\/wp\/v2\/media\/1497668"}],"wp:attachment":[{"href":"https:\/\/analyse.optim.biz\/index.php?rest_route=%2Fwp%2Fv2%2Fmedia&parent=1497667"}],"wp:term":[{"taxonomy":"category","embeddable":true,"href":"https:\/\/analyse.optim.biz\/index.php?rest_route=%2Fwp%2Fv2%2Fcategories&post=1497667"},{"taxonomy":"post_tag","embeddable":true,"href":"https:\/\/analyse.optim.biz\/index.php?rest_route=%2Fwp%2Fv2%2Ftags&post=1497667"}],"curies":[{"name":"wp","href":"https:\/\/api.w.org\/{rel}","templated":true}]}}