{"id":1497606,"date":"2026-01-28T06:46:54","date_gmt":"2026-01-28T03:46:54","guid":{"rendered":"https:\/\/analyse.optim.biz\/?p=1497606"},"modified":"2026-01-28T06:46:54","modified_gmt":"2026-01-28T03:46:54","slug":"ultima-hora-de-la-borrasca-kristin-en-directo-las-fuertes-lluvias-causan-desalojos-en-jaen-y-malaga-tras-las-crecidas-de-varios-rios","status":"publish","type":"post","link":"https:\/\/analyse.optim.biz\/?p=1497606","title":{"rendered":"\u00daltima hora de la borrasca \u2018Kristin\u2019, en directo | Las fuertes lluvias causan desalojos en Ja\u00e9n y M\u00e1laga tras las crecidas de varios r\u00edos"},"content":{"rendered":"<article id=\"main-content\" class=\"a _g _g-lg _g-o\">\n<header class=\"a_e _g _g-xs\">\n<div class=\"a_e_txt _df\">\n<div class=\"a_k _df\"><a class=\"a_k_n a_k_n-l\" href=\"https:\/\/elpais.com\/noticias\/temporales\/\">En directo<\/a><\/div>\n<h1 class=\"a_t\">\u00daltima hora de la borrasca \u2018Kristin\u2019, en directo | Las fuertes lluvias causan desalojos en Ja\u00e9n y M\u00e1laga tras las crecidas de varios r\u00edos<\/h1>\n<p class=\"a_st\">La Comunidad Valenciana tiene una decena de carreteras afectadas por la nieve | Andaluc\u00eda env\u00eda un mensaje de alerta a 36 municipios de Almer\u00eda por rachas de viento huracanadas<\/p>\n<\/div>\n<div class=\"a_e_m\">\n<figure class=\"a_m a_m-h \"><span class=\"a_m_w _db\"><img fetchpriority=\"high\" decoding=\"async\" class=\"_re  a_m-h\" height=\"277\" width=\"414\" src=\"https:\/\/analyse.optim.biz\/wp-content\/uploads\/2026\/01\/yvwqkwyz2fflplctiexfoxpybq-1.jpg\" loading=\"eager\" title=\"yvwqkwyz2fflplctiexfoxpybq-1\"><\/span><figcaption class=\"a_m_p\" aria-hidden=\"true\"><span>Una calle de La Herradura, en la Costa Tropical granadina, repletas de arena y ca\u00f1as tras el paso este mi\u00e9rcoles de la borrasca &#8216;Kristin&#8217;. <\/span><span class=\"a_m_m\">Alba Feixas (EFE)<\/span><\/figcaption><\/figure>\n<\/div>\n<\/header>\n<div class=\"a_md _g _g-xs \">\n<figure class=\"a_md_i a_m-h c_m--nf\"><span class=\"a_m_w _db\"><img decoding=\"async\" alt=\"El Pa\u00eds\" class=\"_re lazyload a_m-h\" height=\"100\" width=\"100\" src=\"https:\/\/analyse.optim.biz\/wp-content\/uploads\/2026\/01\/https3a2f2fs3-amazonaws-com2farc-authors2fprisa2f0b9a52b8-006a-4382-938a-05e3d58f07cf-9.png\" loading=\"lazy\" title=\"https3a2f2fs3-amazonaws-com2farc-authors2fprisa2f0b9a52b8-006a-4382-938a-05e3d58f07cf-9\"><\/span><\/figure>\n<div class=\"a_md_txt\">\n<div class=\"a_md_a\" data-dtm-region=\"articulo_firma\"><a href=\"https:\/\/elpais.com\/autor\/el-pais\/#?rel=author_top\" title=\"Ver todas las noticias de El Pa\u00eds\" class=\"a_md_a_n\">El Pa\u00eds<\/a><\/div>\n<div class=\"a_md_f\"><span><time id=\"article_date_u\" data-date=\"2026-01-28T19:40:19+01:00\" datetime=\"2026-01-28T19:40:19+01:00\"><abbr id=\"act_abb\" title=\"actualizado\">Actualizado: <\/abbr>28 ene 2026 &#8211; 19:40<abbr title=\"Central European Time\">CET<\/abbr><\/time><\/span><\/div>\n<div class=\"w_rs\" data-dtm-region=\"articulo_botonera-social\">\n<div class=\"w_rs_i\"><a class=\"_btn hidden\" href=\"\/\/send?text=%C3%9Altima%20hora%20de%20la%20borrasca%20%E2%80%98Kristin%E2%80%99%2C%20en%20directo%20%7C%20Las%20fuertes%20lluvias%20causan%20desalojos%20en%20Ja%C3%A9n%20y%20M%C3%A1laga%20tras%20las%20crecidas%20de%20varios%20r%C3%ADos%0D%0A%0D%0Ahttps%3A%2F%2Felpais.com%2Fespana%2F2026-01-28%2Fultima-hora-de-los-efectos-de-la-borrasca-kristin-en-directo.html%3Fssm=whatsapp_CC\" data-action=\"share\/whatsapp\/share\" data-param-description=\"\u00daltima hora de la borrasca \u2018Kristin\u2019, en directo | Las fuertes lluvias causan desalojos en Ja\u00e9n y M\u00e1laga tras las crecidas de varios r\u00edos\" data-param-href=\"https:\/\/elpais.com\/espana\/2026-01-28\/ultima-hora-de-los-efectos-de-la-borrasca-kristin-en-directo.html\" data-param-text=\"\u00daltima hora de la borrasca \u2018Kristin\u2019, en directo | Las fuertes lluvias causan desalojos en Ja\u00e9n y M\u00e1laga tras las crecidas de varios r\u00edos https:\/\/elpais.com\/espana\/2026-01-28\/ultima-hora-de-los-efectos-de-la-borrasca-kristin-en-directo.html\" data-param-url=\"https:\/\/elpais.com\/espana\/2026-01-28\/ultima-hora-de-los-efectos-de-la-borrasca-kristin-en-directo.html\" target=\"_blank\" rel=\"noopener noreferrer\" data-share-track-dtm=\"whatsapp\" id=\"btn_share_whatsapp_110\"><span class=\"_sr\">Compartir en Whatsapp<\/span><\/a><\/div>\n<div class=\"w_rs_i\"><a class=\"_btn \" href=\"https:\/\/www.facebook.com\/dialog\/share?display=popup&amp;app_id=94039431626&amp;href=https%3A%2F%2Felpais.com%2Fespana%2F2026-01-28%2Fultima-hora-de-los-efectos-de-la-borrasca-kristin-en-directo.html%3Fssm=FB_CC&amp;quote=%C3%9Altima%20hora%20de%20la%20borrasca%20%E2%80%98Kristin%E2%80%99%2C%20en%20directo%20%7C%20Las%20fuertes%20lluvias%20causan%20desalojos%20en%20Ja%C3%A9n%20y%20M%C3%A1laga%20tras%20las%20crecidas%20de%20varios%20r%C3%ADos\" data-param-app_id=\"94039431626\" data-param-description=\"\u00daltima hora de la borrasca \u2018Kristin\u2019, en directo | Las fuertes lluvias causan desalojos en Ja\u00e9n y M\u00e1laga tras las crecidas de varios r\u00edos\" data-param-href=\"https:\/\/elpais.com\/espana\/2026-01-28\/ultima-hora-de-los-efectos-de-la-borrasca-kristin-en-directo.html\" data-param-text=\"\u00daltima hora de la borrasca \u2018Kristin\u2019, en directo | Las fuertes lluvias causan desalojos en Ja\u00e9n y M\u00e1laga tras las crecidas de varios r\u00edos\" data-param-url=\"https:\/\/elpais.com\/espana\/2026-01-28\/ultima-hora-de-los-efectos-de-la-borrasca-kristin-en-directo.html\" target=\"_blank\" rel=\"noopener noreferrer\" data-share-track-dtm=\"facebook\" id=\"btn_share_facebook_110\"><span class=\"_sr\">Compartir en Facebook<\/span><\/a><\/div>\n<div class=\"w_rs_i\"><a class=\"_btn \" href=\"https:\/\/twitter.com\/intent\/tweet?url=https%3A%2F%2Felpais.com%2Fespana%2F2026-01-28%2Fultima-hora-de-los-efectos-de-la-borrasca-kristin-en-directo.html%3Fssm=TW_CC&amp;text=%C3%9Altima%20hora%20de%20la%20borrasca%20%E2%80%98Kristin%E2%80%99%2C%20en%20directo%20%7C%20Las%20fuertes%20lluvias%20causan%20desalojos%20en%20Ja%C3%A9n%20y%20M%C3%A1laga%20tras%20las%20crecidas%20de%20varios%20r%C3%ADos&amp;via=el_pais&amp;lang=es\" data-param-description=\"\u00daltima hora de la borrasca \u2018Kristin\u2019, en directo | Las fuertes lluvias causan desalojos en Ja\u00e9n y M\u00e1laga tras las crecidas de varios r\u00edos\" data-param-href=\"https:\/\/elpais.com\/espana\/2026-01-28\/ultima-hora-de-los-efectos-de-la-borrasca-kristin-en-directo.html\" data-param-text=\"\u00daltima hora de la borrasca \u2018Kristin\u2019, en directo | Las fuertes lluvias causan desalojos en Ja\u00e9n y M\u00e1laga tras las crecidas de varios r\u00edos via @el_pais\" data-param-url=\"https:\/\/elpais.com\/espana\/2026-01-28\/ultima-hora-de-los-efectos-de-la-borrasca-kristin-en-directo.html\" target=\"_blank\" rel=\"noopener noreferrer\" data-share-track-dtm=\"twitter\" id=\"btn_share_twitter_110\"><span class=\"_sr\">Compartir en Twitter<\/span><\/a><\/div>\n<div class=\"w_rs_i\"><a class=\"_btn \" href=\"https:\/\/bsky.app\/intent\/compose?text=https%3A%2F%2Felpais.com%2Fespana%2F2026-01-28%2Fultima-hora-de-los-efectos-de-la-borrasca-kristin-en-directo.html%3Fssm=bsky_CC\" data-param-description=\"\u00daltima hora de la borrasca \u2018Kristin\u2019, en directo | Las fuertes lluvias causan desalojos en Ja\u00e9n y M\u00e1laga tras las crecidas de varios r\u00edos\" data-param-href=\"https:\/\/elpais.com\/espana\/2026-01-28\/ultima-hora-de-los-efectos-de-la-borrasca-kristin-en-directo.html\" data-param-text=\"\u00daltima hora de la borrasca \u2018Kristin\u2019, en directo | Las fuertes lluvias causan desalojos en Ja\u00e9n y M\u00e1laga tras las crecidas de varios r\u00edos\" data-param-url=\"https:\/\/elpais.com\/espana\/2026-01-28\/ultima-hora-de-los-efectos-de-la-borrasca-kristin-en-directo.html\" target=\"_blank\" rel=\"noopener noreferrer\" data-share-track-dtm=\"bluesky\" id=\"btn_share_bluesky_110\"><span class=\"_sr\">Compartir en Bluesky<\/span><\/a><\/div>\n<div class=\"w_rs_i\"><a class=\"_btn \" href=\"https:\/\/www.linkedin.com\/sharing\/share-offsite\/?url=https%3A%2F%2Felpais.com%2Fespana%2F2026-01-28%2Fultima-hora-de-los-efectos-de-la-borrasca-kristin-en-directo.html%3Fssm=LK_CC\" data-param-description=\"\u00daltima hora de la borrasca \u2018Kristin\u2019, en directo | Las fuertes lluvias causan desalojos en Ja\u00e9n y M\u00e1laga tras las crecidas de varios r\u00edos\" data-param-href=\"https:\/\/elpais.com\/espana\/2026-01-28\/ultima-hora-de-los-efectos-de-la-borrasca-kristin-en-directo.html\" data-param-text=\"\u00daltima hora de la borrasca \u2018Kristin\u2019, en directo | Las fuertes lluvias causan desalojos en Ja\u00e9n y M\u00e1laga tras las crecidas de varios r\u00edos\" data-param-url=\"https:\/\/elpais.com\/espana\/2026-01-28\/ultima-hora-de-los-efectos-de-la-borrasca-kristin-en-directo.html\" target=\"_blank\" rel=\"noopener noreferrer\" data-share-track-dtm=\"linkedin\" id=\"btn_share_linkedin_110\"><span class=\"_sr\">Compartir en Linkedin<\/span><\/a><\/div>\n<div class=\"w_rs_i\"><a class=\"_btn rs_l\" href=\"https:\/\/elpais.com\/espana\/2026-01-28\/ultima-hora-de-los-efectos-de-la-borrasca-kristin-en-directo.html#?prm=copy_link\" data-share-track-dtm=\"copiar_url\" id=\"btn_share_link_96\"><span class=\"_sr\">Copiar enlace<\/span><\/a><\/div>\n<div class=\"w_rs_i\"><a class=\"_btn rs_c\" href=\"https:\/\/elpais.com\/espana\/2026-01-28\/ultima-hora-de-los-efectos-de-la-borrasca-kristin-en-directo.html#comments_container\" aria-expanded=\"false\" aria-controls=\"me-c\" data-share-track-dtm=\"eskup\" id=\"btn_share_comments_96\"><span class=\"_sr\">Ir a los comentarios<\/span><\/a><\/div>\n<\/div>\n<\/div>\n<\/div>\n<div class=\"a_c clearfix\" data-dtm-region=\"articulo_cuerpo\">\n<section class=\"w w-lbf _pr w-lbf-on\">\n<header class=\"w-lbf_h\">\n<h2 class=\"w_t _dn\">Momentos clave<\/h2>\n<\/header>\n<div class=\"w-lbf_l\">\n<ul id=\"key_events\" data-datetime-ago=\"Hace %s\" class=\"lbf\">\n<li id=\"key-moment-629dc8cac3c0344b841bad28910365c3\" class=\"lbf_i\"><a class data-timestamp=\"1769625214\" data-index=\"96\" data-total=\"96\" data-page=\"5\" data-reverse-order=\"false\" href=\"https:\/\/elpais.com\/espana\/2026-01-28\/ultima-hora-de-los-efectos-de-la-borrasca-kristin-en-directo.html#629dc8cac3c0344b841bad28910365c3%235\"><time datetime=\"2026-01-28T19:33:34+01:00\" class=\"_db _pr lbf_t\">Hace 8min<\/time><span>Extremadura desactiva su plan de protecci\u00f3n civil al amainar el temporal<\/span><\/a><\/li>\n<li id=\"key-moment-9392627f69a235cfb7b5eb571a60b72f\" class=\"lbf_i\"><a class data-timestamp=\"1769623692\" data-index=\"95\" data-total=\"96\" data-page=\"5\" data-reverse-order=\"false\" href=\"https:\/\/elpais.com\/espana\/2026-01-28\/ultima-hora-de-los-efectos-de-la-borrasca-kristin-en-directo.html#9392627f69a235cfb7b5eb571a60b72f%235\"><time datetime=\"2026-01-28T19:08:12+01:00\" class=\"_db _pr lbf_t\">Hace 33min<\/time><span>El Ayuntamiento de Madrid desactiva el Plan de Emergencias Invernales<\/span><\/a><\/li>\n<li id=\"key-moment-1722e34d019138fca361a47960742e4d\" class=\"lbf_i\"><a class data-timestamp=\"1769618521\" data-index=\"90\" data-total=\"90\" data-page=\"5\" data-reverse-order=\"false\" href=\"https:\/\/elpais.com\/espana\/2026-01-28\/ultima-hora-de-los-efectos-de-la-borrasca-kristin-en-directo.html#1722e34d019138fca361a47960742e4d%235\"><time datetime=\"2026-01-28T17:42:01+01:00\" class=\"_db _pr lbf_t\">Hace 2h<\/time><span>Vuelos retrasados, algunas cancelaciones y maletas perdidas en Barajas<\/span><\/a><\/li>\n<\/ul>\n<\/div>\n<\/section>\n<p class>Tras una ma\u00f1ana de caos, en la que la nieve, lluvia y fuertes vientos que ha tra\u00eddo la borrasca, <i>Kristin<\/i>, han afectado gravemente a las comunicaciones, lo peor se concentra ahora en el sur y el este de la Pen\u00ednsula, as\u00ed como en Baleares. En la provincia de Almer\u00eda, se ha enviado mensajes de alerta a los habitantes de 36 localidades del interior que se mantienen en aviso rojo por rachas de vientos huracanados (de m\u00e1s de 100 kil\u00f3metros por hora). Mientras, Ja\u00e9n ha desalojado una zona residencial con 5.000 viviendas por la crecida de los r\u00edos Ja\u00e9n, Eliche y Guadalbull\u00f3n. Tambi\u00e9n en M\u00e1laga el r\u00edo Guadiaro ha experimentado una fuerte crecida, con un caudal medio de 3,53 metros (superando los 3,11 metros que manten\u00eda como m\u00e1ximo hist\u00f3rico desde 2009), que ha obligado al desalojo preventivo de un colegio en el municipio de Casares. En la Comunidad Valenciana, una decena de carreteras se encuentran a\u00fan afectadas por la nieve y se mantiene el aviso naranja por viento en gran parte de la costa.<\/p>\n<p class><i>EL PA\u00cdS ofrece de forma gratuita la \u00faltima hora de la previsi\u00f3n meteorol\u00f3gica y del paso de la borrasca Kristin. Si quieres apoyar nuestro periodismo, <\/i><a href=\"https:\/\/elpais.com\/suscripciones\/?cid=ZWxwYWlzX2NybV9zdXNjcmlwX2FydGljbGVfYm90dG9tX2RpcmVjdG9fRVM=&amp;prod=SUSDIG&amp;o=susdig_camp\" target=\"_self\" rel title=\"https:\/\/elpais.com\/suscripciones\/?cid=ZWxwYWlzX2NybV9zdXNjcmlwX2FydGljbGVfYm90dG9tX2RpcmVjdG9fRVM=&amp;prod=SUSDIG&amp;o=susdig_camp\"><i>suscr\u00edbete<\/i><\/a><i>.<\/i><\/p>\n<ul>\n<li><span><a href=\"https:\/\/elpais.com\/el-tiempo\/2026-01-28\/el-paso-de-la-borrasca-kristin-en-imagenes.html\" rel title=\"https:\/\/elpais.com\/el-tiempo\/2026-01-28\/el-paso-de-la-borrasca-kristin-en-imagenes.html\">FOOGALER\u00cdA | El paso de la borrasca Kristin, en im\u00e1genes<\/a><\/span><\/li>\n<\/ul>\n<div id=\"les\">\n<div class=\"stream-panel\"><a id=\"stream-panel-message\" class=\"_dn stream-panel-content\" href=\"https:\/\/elpais.com\/espana\/2026-01-28\/ultima-hora-de-los-efectos-de-la-borrasca-kristin-en-directo.html\">Publicaciones nuevas<\/a><\/div>\n<div id=\"les_messages\">\n<div id=\"b55153abda633ca696fa06b629b739cd\" class=\"stream-ev-wr\">\n<div id=\"3aedf4c2de363cd6998a394939f57aaf\" data-les-card=\"default\" data-sort-time=\"1769625619000\" data-update-time=\"1769625619000\" class=\"ev-unit ev-unit-default\" data-is-key-card=\"false\">\n<div class=\"ev-au ev-au-single\">\n<figure class=\"ev-au-photo\"><img loading=\"lazy\" decoding=\"async\" class=\"ev-au-img\" src=\"https:\/\/analyse.optim.biz\/wp-content\/uploads\/2026\/01\/12455671-5a81-4d66-bfe3-2c00df3e08e8.png\" width=\"45\" height=\"45\" alt=\"Cristina V\u00e1zquez\" title=\"12455671-5a81-4d66-bfe3-2c00df3e08e8\"><\/figure>\n<div class=\"ev-au-text\"><span class=\"ev-au-name\">Cristina V\u00e1zquez<\/span><span class=\"ev-au-location\">Valencia<\/span><\/div>\n<\/div>\n<div class=\"ev-main\">\n<div class=\"ev-text\">\n<p class=\"ev-title\">Una operaria municipal herida en Altea (Alicante) tras la ca\u00edda de un \u00e1rbol por el fuerte viento<\/p>\n<p>Una operaria de la Empresa P\u00fablica de Desarrollo Municipal de Altea (Alicante) ha resultado herida en la cabeza tras la ca\u00edda de un \u00e1rbol en el patio de un colegio de la localidad por el episodio de fuertes vientos, seg\u00fan han informado a EFE fuentes municipales. Al parecer, la herida que sufre la trabajadora no es grave, han se\u00f1alado las mismas fuentes. La provincia de Alicante permanece en alerta naranja por fuertes rachas de aire que se han registrado, entre otras localidades, en D\u00e9nia, donde se han producido la ca\u00edda de ramas de \u00e1rboles, de palmeras y de cascotes a la v\u00eda p\u00fablica, la rotura de cristales de una vivienda y el desplome de una antena de una comunidad, que ha causado da\u00f1os en varios balcones y ha quedado colgando desde un tercer piso, lo que ha obligado a requerir la presencia de los bomberos, entre otras incidencias, han informado a EFE fuentes municipales.<\/p>\n<\/div>\n<div class=\"ev-meta\">\n<div class=\"ev-date\"><time datetime=\"2026-01-28T19:40:19.000+01:00\" class=\"ev-date-updated\">Publicado a las: 19:40 CET 28\/01\/2026 <\/time><\/div>\n<\/div>\n<\/div>\n<\/div>\n<div id=\"629dc8cac3c0344b841bad28910365c3\" data-les-card=\"default\" data-sort-time=\"1769625214000\" data-update-time=\"1769625214000\" class=\"ev-unit ev-unit-default\" data-is-key-card=\"false\">\n<div class=\"ev-au ev-au-single\">\n<figure class=\"ev-au-photo\"><img loading=\"lazy\" decoding=\"async\" class=\"ev-au-img\" src=\"https:\/\/analyse.optim.biz\/wp-content\/uploads\/2026\/01\/0b9a52b8-006a-4382-938a-05e3d58f07cf.png\" width=\"45\" height=\"45\" alt=\"El Pa\u00eds\" title=\"0b9a52b8-006a-4382-938a-05e3d58f07cf\"><\/figure>\n<div class=\"ev-au-text\"><span class=\"ev-au-name\">El Pa\u00eds<\/span><\/div>\n<\/div>\n<div class=\"ev-main\">\n<div class=\"ev-text\">\n<p class=\"ev-title\">Extremadura desactiva su plan de protecci\u00f3n civil al amainar el temporal<\/p>\n<p>La situaci\u00f3n operativa del Plan Territorial de Protecci\u00f3n Civil de Extremadura (Platercaex) ha descendido al nivel 0, seg\u00fan han informado fuentes del Gobierno regional, pues los riesgos derivados del temporal de la borrasca Kristin son menores. En similar nivel se mantiene la situaci\u00f3n operativa 0 del Plan Especial de Protecci\u00f3n Civil de Riesgo de Inundaciones para la Comunidad Aut\u00f3noma (Inuncaex), por riesgos hidrol\u00f3gicos y meteorol\u00f3gicos previstos en la regi\u00f3n, que permiten prever la posibilidad de inundaciones con peligro para personas y bienes.<\/p>\n<p>La Agencia Estatal de Meteorolog\u00eda (Aemet) ha retirado las alertas roja, naranja y amarilla que en las \u00faltimas 24 horas estaban marcadas en Extremadura por viento, lluvia y nieve. No obstante, numerosos ayuntamientos de municipios extreme\u00f1os mantienen el cierre de parques y jardines, y sus respectivos operativos de protecci\u00f3n y vigilancia siguen en alerta, especialmente en localidades por donde transcurren r\u00edos y cauces. De hecho, efectivos de Cruz Roja Emergencias y del Ayuntamiento de Badajoz est\u00e1n atendiendo este mi\u00e9rcoles en el Edificio de Usos M\u00faltiples de G\u00e9vora (Badajoz) a una treintena de evacuados afectados por la subida del caudal de los r\u00edos G\u00e9vora y Zapat\u00f3n.<\/p>\n<p>As\u00ed lo ha indicado en sus redes sociales Cruz Roja, que ha indicado que est\u00e1n a la espera de la evoluci\u00f3n de la situaci\u00f3n. Las personas desalojadas son vecinos de casas aisladas de ambas zonas pacenses. El alcalde de Badajoz, Ignacio Gragera, ha afirmado en sus redes sociales que, aunque ha deca\u00eddo el aviso naranja por viento, mantienen la emergencia por el elevado caudal del G\u00e9vora y el Zapat\u00f3n. En C\u00e1ceres, su alcalde, Rafael Mateos, ha ordenado iniciar los tr\u00e1mites para solicitar la declaraci\u00f3n de zona gravemente afectada por una emergencia de protecci\u00f3n civil, conocida popularmente como zona catastr\u00f3fica, tras el episodio de fuertes vientos que ha azotado la ciudad este mi\u00e9rcoles.<\/p>\n<\/div>\n<div class=\"ev-meta\">\n<div class=\"ev-date\"><time datetime=\"2026-01-28T19:33:34.000+01:00\" class=\"ev-date-updated\">Publicado a las: 19:33 CET 28\/01\/2026 <\/time><\/div>\n<\/div>\n<\/div>\n<\/div>\n<div id=\"9392627f69a235cfb7b5eb571a60b72f\" data-les-card=\"default\" data-sort-time=\"1769623692000\" data-update-time=\"1769623692000\" class=\"ev-unit ev-unit-default\" data-is-key-card=\"false\">\n<div class=\"ev-au ev-au-single\">\n<figure class=\"ev-au-photo\"><img loading=\"lazy\" decoding=\"async\" class=\"ev-au-img\" src=\"https:\/\/analyse.optim.biz\/wp-content\/uploads\/2026\/01\/0a626831-dc86-4028-a915-a34cbf159c50.png\" width=\"45\" height=\"45\" alt=\"Daniela Guti\u00e9rrez\" title=\"0a626831-dc86-4028-a915-a34cbf159c50\"><\/figure>\n<div class=\"ev-au-text\"><span class=\"ev-au-name\">Daniela Guti\u00e9rrez<\/span><span class=\"ev-au-location\">Madrid (ESPA\u00d1A)<\/span><\/div>\n<\/div>\n<div class=\"ev-main\">\n<div class=\"ev-text\">\n<p class=\"ev-title\">El Ayuntamiento de Madrid desactiva el Plan de Emergencias Invernales<\/p>\n<p>El Ayuntamiento de Madrid ha desactivado el Plan de Emergencias Invernales, por el que se hab\u00eda decretado la fase de emergencia durante esta tarde en respuesta a la situaci\u00f3n meteorol\u00f3gica que vivi\u00f3 la capital, una vez ya se ha recuperado la completa normalidad tras las consecuencias de la borrasca <em>Kristin<\/em>.<\/p>\n<p>Esta ma\u00f1ana, mientras parte de la ciudad estaba cubierta por una capa de nieve, el consistorio activ\u00f3 la Situaci\u00f3n Operativa 0 (en una escala que tiene cuatro niveles, siendo la Situaci\u00f3n Operativa 3 la m\u00e1s grave), o fase de alerta y seguimiento, y luego, a las 13.30 se decret\u00f3 la Situaci\u00f3n Operativa 1, por lo que el municipio entr\u00f3 en fase de Emergencia, aunque tanto el tr\u00e1fico como el transporte urbano, que lleg\u00f3 a sufrir incidencias en 30 l\u00edneas de autobuses de la EMT, se encontraban en correcto funcionamiento.<\/p>\n<p>M\u00e1s de 5.600 personas trabajaron durante la jornada en la limpieza de las calles y unos 200 esparcidores de sal se encargaron de derretir la nieve que se acumul\u00f3 en varias zonas, sobre todo en los\u00a0distritos Fuencarral-El Pardo, Hortaleza y Moncloa<\/p>\n<\/div>\n<div class=\"ev-meta\">\n<div class=\"ev-date\"><time datetime=\"2026-01-28T19:08:12.000+01:00\" class=\"ev-date-updated\">Publicado a las: 19:08 CET 28\/01\/2026 <\/time><\/div>\n<\/div>\n<\/div>\n<\/div>\n<div id=\"f0ff699f219f32069bb5bb3eeb1d558e\" data-les-card=\"news\" data-sort-time=\"1769622006000\" data-update-time=\"1769622006000\" class=\"ev-unit ev-unit-news\" data-is-key-card=\"false\">\n<div class=\"ev-au ev-au-single\">\n<figure class=\"ev-au-photo\"><img loading=\"lazy\" decoding=\"async\" class=\"ev-au-img\" src=\"https:\/\/analyse.optim.biz\/wp-content\/uploads\/2026\/01\/0b9a52b8-006a-4382-938a-05e3d58f07cf.png\" width=\"45\" height=\"45\" alt=\"El Pa\u00eds\" title=\"0b9a52b8-006a-4382-938a-05e3d58f07cf\"><\/figure>\n<div class=\"ev-au-text\"><span class=\"ev-au-name\">El Pa\u00eds<\/span><\/div>\n<\/div>\n<div class=\"ev-me-ct\">\n<figure><a target=\"_blank\" href=\"https:\/\/elpais.com\/espana\/2026-01-28\/el-temporal-kristin-corta-carreteras-provoca-desalojos-por-las-crecidas-de-rios-y-suspende-clases.html\"><img decoding=\"async\" src=\"https:\/\/analyse.optim.biz\/wp-content\/uploads\/2026\/01\/ojlxg7wrg5jqxeazsketjzi7we.jpg\" width=\"414\" height=\"276\" alt=\"El temporal \u2018Kristin\u2019 corta carreteras, provoca desalojos por las crecidas de r\u00edos y suspende clases\" loading=\"lazy\" title=\"ojlxg7wrg5jqxeazsketjzi7we\"><\/a><\/figure>\n<\/div>\n<div class=\"ev-main\">\n<div class=\"ev-text\">\n<p class=\"ev-kicker\"><a target=\"_blank\" href=\"https:\/\/elpais.com\/noticias\/temporales\/\">TEMPORALES<\/a><\/p>\n<p class=\"ev-title\"><a target=\"_blank\" href=\"https:\/\/elpais.com\/espana\/2026-01-28\/el-temporal-kristin-corta-carreteras-provoca-desalojos-por-las-crecidas-de-rios-y-suspende-clases.html\">El temporal \u2018Kristin\u2019 corta carreteras, provoca desalojos por las crecidas de r\u00edos y suspende clases <\/a><\/p>\n<div class=\"ev-authorship\"><a href=\"https:\/\/elpais.com\/autor\/juana-viudez\/\" class=\"ev-author\">Juana Vi\u00fadez<\/a><\/div>\n<\/div>\n<\/div>\n<div class=\"ev-main\">\n<div class=\"ev-text\">\n<p>Cortes de carreteras por copiosas nevadas, clases suspendidas y vecinos desalojados por temor a las crecidas de los r\u00edos, la borrasca\u00a0<em>Kristin<\/em>\u00a0ha dejado un mi\u00e9rcoles de nieve, lluvia y vientos muy fuertes en toda la Pen\u00ednsula. El temporal, al que\u00a0<a href=\"https:\/\/elpais.com\/el-tiempo\/2026-01-28\/la-borrasca-kristin-da-paso-a-mas-lluvias-y-viento-fuerte-en-gran-parte-de-espana.html\" target=\"_blank\">seguir\u00e1 un tiempo inestable<\/a>\u00a0por la llegada de nuevas borrascas atl\u00e1nticas, ha afectado gravemente a las comunicaciones, a m\u00e1s de un centenar de carreteras, y ha provocado demoras y cancelaciones en la red ferroviaria. En Aznalc\u00f3llar (Sevilla) la Guardia Civil ha rescatado a un hombre que estaba siendo arrastrado por la corriente a la altura del Vado del Quema, del r\u00edo Guadiamar, y en Ja\u00e9n han sido desalojados los ocupantes de unas 5.000 viviendas por la crecida de los r\u00edos Ja\u00e9n, Eliche y Guadalbull\u00f3n. Muchos alumnos se han quedado sin clases en Andaluc\u00eda, Extremadura y Castilla-La Mancha.<\/p>\n<p><a href=\"https:\/\/elpais.com\/espana\/2026-01-28\/el-temporal-kristin-corta-carreteras-provoca-desalojos-por-las-crecidas-de-rios-y-suspende-clases.html\" target=\"_blank\">Puede leer aqu\u00ed la informaci\u00f3n completa<\/a><\/p>\n<\/div>\n<div class=\"ev-meta\">\n<div class=\"ev-date\"><time datetime=\"2026-01-28T18:40:06.000+01:00\" class=\"ev-date-updated\">Publicado a las: 18:40 CET 28\/01\/2026 <\/time><\/div>\n<\/div>\n<\/div>\n<\/div>\n<div id=\"605a92a96e1a3507aefbc7db36c1ee67\" data-les-card=\"twitter\" data-sort-time=\"1769621166000\" data-update-time=\"1769621166000\" class=\"ev-unit ev-unit-twitter\" data-is-key-card=\"false\">\n<div class=\"ev-au ev-au-single\">\n<figure class=\"ev-au-photo\"><img loading=\"lazy\" decoding=\"async\" class=\"ev-au-img\" src=\"https:\/\/analyse.optim.biz\/wp-content\/uploads\/2026\/01\/v77runbj2fc75mmyq5tun3q3ki.png\" width=\"45\" height=\"45\" alt=\"Jos\u00e9 C. Rejas\" title=\"v77runbj2fc75mmyq5tun3q3ki\"><\/figure>\n<div class=\"ev-au-text\"><span class=\"ev-au-name\">Jos\u00e9 C. Rejas<\/span><\/div>\n<\/div>\n<div class=\"ev-main\">\n<div class=\"ev-text\">\n<p class=\"ev-title\">El esperado fen\u00f3meno del revent\u00f3n del R\u00edo del Mundo llega a Albacete de la mano de &#8216;Kristin&#8217;<\/p>\n<p><em>Kristin<\/em> provoca el primer revent\u00f3n (fen\u00f3meno natural donde el nacimiento del r\u00edo experimenta una expulsi\u00f3n s\u00fabita y masiva de agua tras intensas lluvias) de los Chorros del R\u00edo Mundo, en Albacete, en lo que va de temporada. El encadenamiento de varias borrascas en los \u00faltimos d\u00edas ha empapado el acu\u00edfero del que se nutre provocando el famoso revent\u00f3n, un gran chorro de agua propulsado desde la boca de la cueva. Seg\u00fan la cuenta de X de MeteoHell\u00edn, el caudal de esta cascada era esta ma\u00f1ana de 14 metros c\u00fabicos por segundo, cien veces por encima de lo habitual.<\/p>\n<p>Las previsiones apuntan a que el volumen de agua seguir\u00e1 increment\u00e1ndose durante las pr\u00f3ximas horas, impulsado por las nuevas precipitaciones que se prev\u00e9n en los pr\u00f3ximos d\u00edas en la zona de la Sierra del Segura y la Sierra de Alcaraz. El revent\u00f3n del R\u00edo Mundo, en la localidad albacete\u00f1a de Ri\u00f3par, es uno de los fen\u00f3menos hidrol\u00f3gicos m\u00e1s llamativos del sureste peninsular y cada a\u00f1o atrae a miles de visitantes.\u00a0<\/p>\n<p>El Gobierno de Castilla-La Mancha hab\u00eda cerrado esta ma\u00f1ana el aparcamiento para acceder a este enclave natural. Ya el pasado fin de semana, la avalancha de conductores que se acercaban a este punto a disfrutar de este espect\u00e1culo natural oblig\u00f3 a cortar la carretera de acceso. Este fen\u00f3meno, impredecible en su intensidad y duraci\u00f3n, suele darse varias veces al a\u00f1o, aunque su primer episodio es el que mayor expectaci\u00f3n genera.<\/p>\n<\/div>\n<div class=\"ev-meta\">\n<div class=\"ev-date\"><time datetime=\"2026-01-28T18:26:06.000+01:00\" class=\"ev-date-updated\">Publicado a las: 18:26 CET 28\/01\/2026 <\/time><\/div>\n<\/div>\n<\/div>\n<\/div>\n<div id=\"c753234bef74329c9c98f43a65cc47b9\" data-les-card=\"image\" data-sort-time=\"1769620776000\" data-update-time=\"1769622937000\" class=\"ev-unit ev-unit-image\" data-is-key-card=\"false\">\n<div class=\"ev-au ev-au-single\">\n<figure class=\"ev-au-photo\"><img loading=\"lazy\" decoding=\"async\" class=\"ev-au-img\" src=\"https:\/\/analyse.optim.biz\/wp-content\/uploads\/2026\/01\/d32e7916-34b0-4b94-8d32-77cf27aaff02.png\" width=\"45\" height=\"45\" alt=\"Javier Arroyo\" title=\"d32e7916-34b0-4b94-8d32-77cf27aaff02\"><\/figure>\n<div class=\"ev-au-text\"><span class=\"ev-au-name\">Javier Arroyo<\/span><span class=\"ev-au-location\">Granada<\/span><\/div>\n<\/div>\n<div class=\"ev-me-ct\">\n<figure><img decoding=\"async\" alt=\"El paso por Espa\u00f1a de la borrasca Kristin ha afectado a Granada con fuertes vientos que han hecho caer \u00e1rboles.\" src=\"https:\/\/analyse.optim.biz\/wp-content\/uploads\/2026\/01\/riijkuhemngulisfylpj575mzm.jpg\" width=\"8256\" height=\"auto\" loading=\"lazy\" title=\"riijkuhemngulisfylpj575mzm\"><\/figure><figcaption class=\"fc\">\n<p>El paso por Espa\u00f1a de la borrasca Kristin ha afectado a Granada con fuertes vientos que han hecho caer \u00e1rboles. \/ MiguelAngelMolina \/ EFE<\/p>\n<\/figcaption><\/div>\n<div class=\"ev-main\">\n<div class=\"ev-text\">\n<p class=\"ev-title\">El viento tumba varios \u00e1rboles en la provincia de Granada<\/p>\n<p>Las fuertes r\u00e1fagas que est\u00e1n sacudiendo la provincia de Granada han tumbado dos \u00e1rboles en la capital aunque, afortunadamente, sin riesgo para\u00a0los viandantes. Uno ha ca\u00eddo sobre un veh\u00edculo en el barrio del Zaid\u00edn, frente al colegio Salesianos; el otro, en la Facultad de Ciencias, se encontraba en una zona cerrada y vallada y tampoco ha tenido mayor repercusi\u00f3n. En la\u00a0localidad\u00a0costera de Salobre\u00f1a, donde Aemet ha alertado de vientos de hasta 90 kil\u00f3metros por hora,\u00a0ha ca\u00eddo uno por la ma\u00f1ana y en Almu\u00f1\u00e9car, seg\u00fan el alcalde de la localidad, varias palmeras han ca\u00eddo tambi\u00e9n al suelo. A media tarde, la situaci\u00f3n del r\u00edo Verde \u2014una corriente que llega al Mediterr\u00e1neo atravesando la localidad\u2014\u00a0era preocupante por la gran cantidad de agua que llevaba.\u00a0<\/p>\n<p>En J\u00e9rez del Marquesado, en el interior de la provincia, un gran pino ha ca\u00eddo en un colegio de Educaci\u00f3n Infantil, sin causar da\u00f1os personales. En el mismo pueblo, han ca\u00eddo dos \u00e1lamos, uno ha arrancado el cableado telef\u00f3nico, y otro ha dejado inutilizada la baranda de un puente. El alcalde ha insistido a la ciudadan\u00eda en que no salga a la calle porque est\u00e1n cayendo tambi\u00e9n numerosas tejas de los edificios, adem\u00e1s de que la localidad est\u00e1 sufriendo numerosos cortes de luz.\u00a0<\/p>\n<p>En Motril, donde se han registrado vientos de m\u00e1s de 80 kil\u00f3metros por hora, ha habido m\u00e1s de un centenar de emergencias, con cortes de v\u00edas, varias ca\u00eddas de \u00e1rboles y ramas. Seg\u00fan su teniente de alcalde de Seguridad, Jos\u00e9 Miguel Pe\u00f1a, las playas est\u00e1n \u201cpr\u00e1cticamente destrozadas\u201d y anegadas, y ha habido que cortar tramos de la senda litoral, \u201calgunos de los cuales han desaparecido literalmente por la acci\u00f3n del mar\u201d. \u00a0En Motril cay\u00f3 durante la ma\u00f1ana un gran pa\u00f1o del muro del estadio de f\u00fatbol municipal.<\/p>\n<\/div>\n<div class=\"ev-meta\">\n<div class=\"ev-date\"><time datetime=\"2026-01-28T18:55:37.000+01:00\" class=\"ev-date-updated\">Publicado a las: 18:19 CET 28\/01\/2026  y modificado a las 18:55 CET 28\/01\/2026 <\/time><\/div>\n<\/div>\n<\/div>\n<\/div>\n<div id=\"930e32ca386d356b9951c0355cceb7c6\" data-les-card=\"news\" data-sort-time=\"1769620124000\" data-update-time=\"1769620124000\" class=\"ev-unit ev-unit-news\" data-is-key-card=\"false\">\n<div class=\"ev-au ev-au-single\">\n<figure class=\"ev-au-photo\"><img loading=\"lazy\" decoding=\"async\" class=\"ev-au-img\" src=\"https:\/\/analyse.optim.biz\/wp-content\/uploads\/2026\/01\/0b9a52b8-006a-4382-938a-05e3d58f07cf.png\" width=\"45\" height=\"45\" alt=\"El Pa\u00eds\" title=\"0b9a52b8-006a-4382-938a-05e3d58f07cf\"><\/figure>\n<div class=\"ev-au-text\"><span class=\"ev-au-name\">El Pa\u00eds<\/span><\/div>\n<\/div>\n<div class=\"ev-me-ct\">\n<figure><a target=\"_blank\" href=\"https:\/\/elpais.com\/videos\/2026-01-28\/las-imagenes-de-la-guardia-civil-auxiliando-a-conductores-en-diferentes-carreteras-afectadas-por-la-nieve.html\"><img decoding=\"async\" src=\"https:\/\/analyse.optim.biz\/wp-content\/uploads\/2026\/01\/xm2dswul35ijxgw44txggdc76u.jpg\" width=\"3946\" height=\"2631\" alt=\"Las im\u00e1genes de la Guardia Civil auxiliando a conductores en diferentes carreteras afectadas por la nieve\" loading=\"lazy\" title=\"xm2dswul35ijxgw44txggdc76u\"><\/a><\/figure>\n<\/div>\n<div class=\"ev-main\">\n<div class=\"ev-text\">\n<p class=\"ev-kicker\"><a target=\"_blank\" href=\"https:\/\/elpais.com\/noticias\/temporales\/\">TEMPORALES<\/a><\/p>\n<p class=\"ev-title\"><a target=\"_blank\" href=\"https:\/\/elpais.com\/videos\/2026-01-28\/las-imagenes-de-la-guardia-civil-auxiliando-a-conductores-en-diferentes-carreteras-afectadas-por-la-nieve.html\">Las im\u00e1genes de la Guardia Civil auxiliando a conductores en diferentes carreteras afectadas por la nieve<\/a><\/p>\n<div class=\"ev-authorship\"><a href=\"https:\/\/elpais.com\/autor\/el-pais\/\" class=\"ev-author\">El Pa\u00eds<\/a><\/div>\n<\/div>\n<\/div>\n<div class=\"ev-main\">\n<div class=\"ev-text\">\n<p>Estas son las im\u00e1genes de la Guardia Civil auxiliando a conductores en diferentes carreteras afectadas por la nieve durante el temporal <em>Kristin<\/em>, que se abate de nuevo sobre la Pen\u00ednsula, dejando nieve, lluvia y vientos muy fuertes que mantienen en aviso a todas las comunidades aut\u00f3nomas, excepto Navarra y Canarias. Los agentes de Tr\u00e1fico han ayudado a veh\u00edculos atrapados por la borrasca y han embolsado camiones.<\/p>\n<p><a href=\"https:\/\/elpais.com\/videos\/2026-01-28\/las-imagenes-de-la-guardia-civil-auxiliando-a-conductores-en-diferentes-carreteras-afectadas-por-la-nieve.html?autoplay=1\" target=\"_blank\">Puedes ver el v\u00eddeo aqu\u00ed<\/a>.<\/p>\n<\/div>\n<div class=\"ev-meta\">\n<div class=\"ev-date\"><time datetime=\"2026-01-28T18:08:44.000+01:00\" class=\"ev-date-updated\">Publicado a las: 18:08 CET 28\/01\/2026 <\/time><\/div>\n<\/div>\n<\/div>\n<\/div>\n<div id=\"1722e34d019138fca361a47960742e4d\" data-les-card=\"default\" data-sort-time=\"1769618521000\" data-update-time=\"1769618521000\" class=\"ev-unit ev-unit-default\" data-is-key-card=\"false\">\n<div class=\"ev-au ev-au-single\">\n<figure class=\"ev-au-photo\"><img loading=\"lazy\" decoding=\"async\" class=\"ev-au-img\" src=\"https:\/\/analyse.optim.biz\/wp-content\/uploads\/2026\/01\/436bf3ba-92c7-45dc-bc4d-9b853977577a.png\" width=\"45\" height=\"45\" alt=\"Javier Fern\u00e1ndez Magari\u00f1o\" title=\"436bf3ba-92c7-45dc-bc4d-9b853977577a\"><\/figure>\n<div class=\"ev-au-text\"><span class=\"ev-au-name\">Javier Fern\u00e1ndez Magari\u00f1o<\/span><span class=\"ev-au-location\">Madrid<\/span><\/div>\n<\/div>\n<div class=\"ev-main\">\n<div class=\"ev-text\">\n<p class=\"ev-title\">Vuelos retrasados, algunas cancelaciones y maletas perdidas en Barajas<\/p>\n<p>Entrada la tarde en el aeropuerto de Madrid-Barajas quedan m\u00ednimos restos de la nevada y Aena ha podido combatir el hielo. Pero las dificultades de la ma\u00f1ana, con cierre incluido de una de las cuatro pistas, deja un reguero de vuelos retrasados, maletas extraviadas y algunas cancelaciones.\u00a0<\/p>\n<p>La operadora activ\u00f3 a primera hora el plan de actuaciones invernales y reconoci\u00f3 demoras ante cortes puntuales en los despegues para retirar nieve de las pistas. Los operarios lograron que la que tuvo que ser cerrada volviera a recibir aviones en torno a las 12.30 horas. Tambi\u00e9n se actu\u00f3 sobre aviones con tratamientos de l\u00edquidos anticongelantes.<\/p>\n<p>La compa\u00f1\u00eda a\u00e9rea con mayor actividad en el aeropuerto madrile\u00f1o, Iberia, se ha visto obligada a cancelar al menos tres vuelos dom\u00e9sticos, uno de ellos procedente de Barcelona. Viajeros que volaban con esta firma desde M\u00e9xico, Argentina o Colombia han tenido que buscar sus maletas durante horas, denunciando la situaci\u00f3n en la red social X. El servicio de atenci\u00f3n al cliente de la aerol\u00ednea ha sufrido una notable saturaci\u00f3n por ello desde primera hora.\u00a0<\/p>\n<p>Tambi\u00e9n se ha dado el caso en Barajas de un vuelo destino Buenos Aires parado durante m\u00e1s de tres horas con el pasaje a bordo esperando pista, u otros en los que la espera se ha debido a las dificultades para desalojar a los viajeros en microbuses o jardineras.<\/p>\n<\/div>\n<div class=\"ev-meta\">\n<div class=\"ev-date\"><time datetime=\"2026-01-28T17:42:01.000+01:00\" class=\"ev-date-updated\">Publicado a las: 17:42 CET 28\/01\/2026 <\/time><\/div>\n<\/div>\n<\/div>\n<\/div>\n<div id=\"c2b588984f1331238c390beefa6546f6\" data-les-card=\"twitter\" data-sort-time=\"1769618332000\" data-update-time=\"1769618343000\" class=\"ev-unit ev-unit-twitter\" data-is-key-card=\"false\">\n<div class=\"ev-au ev-au-single\">\n<figure class=\"ev-au-photo\"><img loading=\"lazy\" decoding=\"async\" class=\"ev-au-img\" src=\"https:\/\/analyse.optim.biz\/wp-content\/uploads\/2026\/01\/12455671-5a81-4d66-bfe3-2c00df3e08e8.png\" width=\"45\" height=\"45\" alt=\"Cristina V\u00e1zquez\" title=\"12455671-5a81-4d66-bfe3-2c00df3e08e8\"><\/figure>\n<div class=\"ev-au-text\"><span class=\"ev-au-name\">Cristina V\u00e1zquez<\/span><\/div>\n<\/div>\n<div class=\"ev-main\">\n<div class=\"ev-text\">\n<p class=\"ev-title\">Uso de cadenas en al menos una decena de carreteras de la Comunidad Valenciana por nevadas<\/p>\n<p>La Comunidad Valenciana tiene esta tarde una decena de carreteras afectadas por la nieve, en la que Emergencias recomienda el uso de cadenas para circular. Las comarcas con m\u00e1s incidencias, todas en el norte de la comunidad aut\u00f3noma, son las de Rinc\u00f3n de Ademuz, en la provincia de Valencia y las castellonenses de Els Port, El Maestrat, Alto Palancia, Alto Mijares y L&#8217;Alcalat\u00e9n. El Centro de Coordinaci\u00f3n de Emergencias ha establecido la situaci\u00f3n 0 ante el riesgo de nevadas y recomienda mucha atenci\u00f3n con las placas de hielo. El grupo de carreteras afectadas son: CV-170; CV-173; CV-106; CV-109; CV-105; CV-121; CV-123; CV-167; CV-124 y CV-126. En otros puntos de la comunidad aut\u00f3noma\u00a0siguen registr\u00e1ndose fuertes rachas de viento.\u00a0<\/p>\n<\/div>\n<div class=\"ev-meta\">\n<div class=\"ev-date\"><time datetime=\"2026-01-28T17:39:03.000+01:00\" class=\"ev-date-updated\">Publicado a las: 17:38 CET 28\/01\/2026  y modificado a las 17:39 CET 28\/01\/2026 <\/time><\/div>\n<\/div>\n<\/div>\n<\/div>\n<div id=\"439056b8c577314a84a8dab1bd1f44a0\" data-les-card=\"twitter\" data-sort-time=\"1769618253000\" data-update-time=\"1769618253000\" class=\"ev-unit ev-unit-twitter\" data-is-key-card=\"false\">\n<div class=\"ev-au ev-au-single\">\n<figure class=\"ev-au-photo\"><img loading=\"lazy\" decoding=\"async\" class=\"ev-au-img\" src=\"https:\/\/analyse.optim.biz\/wp-content\/uploads\/2026\/01\/f0f5ee65-504e-4868-9bc4-ab0622f35ff6.png\" width=\"45\" height=\"45\" alt=\"Luc\u00eda Franco\" title=\"f0f5ee65-504e-4868-9bc4-ab0622f35ff6\"><\/figure>\n<div class=\"ev-au-text\"><span class=\"ev-au-name\">Luc\u00eda Franco<\/span><\/div>\n<\/div>\n<div class=\"ev-main\">\n<div class=\"ev-text\">\n<p class=\"ev-title\">La Comunidad de Madrid da por limpia de nieve toda la red viaria<\/p>\n<p>El 112 de la Comunidad de Madrid ha informado de que, a las 17.25, todas las carreteras de la regi\u00f3n est\u00e1n ya limpias de nieve. Seg\u00fan este organismo, todos los puertos de monta\u00f1a permanecen abiertos y requieren el uso de cadenas. Se pide circular con precauci\u00f3n en los puertos de Navacerrada y de Cotos, seg\u00fan la informaci\u00f3n facilitada por la Direcci\u00f3n General de Tr\u00e1fico.<\/p>\n<\/div>\n<div class=\"ev-meta\">\n<div class=\"ev-date\"><time datetime=\"2026-01-28T17:37:33.000+01:00\" class=\"ev-date-updated\">Publicado a las: 17:37 CET 28\/01\/2026 <\/time><\/div>\n<\/div>\n<\/div>\n<\/div>\n<div id=\"96da984bdb1f37878f3b6a35b5639766\" data-les-card=\"default\" data-sort-time=\"1769615713000\" data-update-time=\"1769615713000\" class=\"ev-unit ev-unit-default\" data-is-key-card=\"false\">\n<div class=\"ev-au ev-au-single\">\n<figure class=\"ev-au-photo\"><img loading=\"lazy\" decoding=\"async\" class=\"ev-au-img\" src=\"https:\/\/analyse.optim.biz\/wp-content\/uploads\/2026\/01\/23e85ec4-9a4b-4aea-9afc-9ae7be190832.png\" width=\"45\" height=\"45\" alt=\"Nacho S\u00e1nchez\" title=\"23e85ec4-9a4b-4aea-9afc-9ae7be190832\"><\/figure>\n<div class=\"ev-au-text\"><span class=\"ev-au-name\">Nacho S\u00e1nchez<\/span><span class=\"ev-au-location\">M\u00e1laga<\/span><\/div>\n<\/div>\n<div class=\"ev-main\">\n<div class=\"ev-text\">\n<p class=\"ev-title\">Una hist\u00f3rica crecida del r\u00edo Guadiaro en M\u00e1laga oblia a desalojar un colegio y varias viviendas<\/p>\n<p>El r\u00edo Guadiaro ha alcanzado un nivel medio de 3,53 metros de caudal, superando su m\u00e1ximo hist\u00f3rico, que databa de 2009 y alcanzaba los 3,11 metros, seg\u00fan los datos de la Red Hidrosur. La crecida y la fuerza con la que baja el agua debido a las lluvias han obligado a desalojar de manera preventiva un colegio de Casares, ubicado en la localidad de Secadero. La Polic\u00eda Local ha informado de que se han clausurado las clases y avisado a los padres para recoger a los menores.\u00a0<\/p>\n<p>El aumento del r\u00edo ha obligado tambi\u00e9n a evacuar a diez personas en la Estaci\u00f3n de Jimera de L\u00edbar. De ellas, cuatro han sido realojadas por el Ayuntamiento de la localidad en un hotel, mientras que el resto se han ido con familiares, seg\u00fan ha informado la Agencia de Emergencias de Andaluc\u00eda. La situaci\u00f3n de riesgo en el Guadiaro ha provocado tambi\u00e9n que en Estaci\u00f3n de Cortes de la Frontera dos mujeres hayan sido evacuadas \u2014una se ha ido con familiares y otra se ha alojado provisionalmente en el Centro Social del municipio\u2014. Por \u00faltimo, otra familia de la zona de la Indiana, en Ronda, tambi\u00e9n ha sido desalojada por prevenci\u00f3n.<\/p>\n<\/div>\n<div class=\"ev-meta\">\n<div class=\"ev-date\"><time datetime=\"2026-01-28T16:55:13.000+01:00\" class=\"ev-date-updated\">Publicado a las: 16:55 CET 28\/01\/2026 <\/time><\/div>\n<\/div>\n<\/div>\n<\/div>\n<div id=\"2b95cc4c77b73903b639cbb415116fb9\" data-les-card=\"default\" data-sort-time=\"1769614755000\" data-update-time=\"1769615231000\" class=\"ev-unit ev-unit-default\" data-is-key-card=\"false\">\n<div class=\"ev-au ev-au-single\">\n<figure class=\"ev-au-photo\"><img loading=\"lazy\" decoding=\"async\" class=\"ev-au-img\" src=\"https:\/\/analyse.optim.biz\/wp-content\/uploads\/2026\/01\/23e85ec4-9a4b-4aea-9afc-9ae7be190832.png\" width=\"45\" height=\"45\" alt=\"Nacho S\u00e1nchez\" title=\"23e85ec4-9a4b-4aea-9afc-9ae7be190832\"><\/figure>\n<div class=\"ev-au-text\"><span class=\"ev-au-name\">Nacho S\u00e1nchez<\/span><span class=\"ev-au-location\">M\u00e1laga (ESPA\u00d1A)<\/span><\/div>\n<\/div>\n<div class=\"ev-main\">\n<div class=\"ev-text\">\n<p class=\"ev-title\">Andaluc\u00eda env\u00eda un mensaje de alerta a 36 municipios de Almer\u00eda por rachas de viento huracanadas<\/p>\n<p>La Junta de Andaluc\u00eda ha enviado un mensaje Es-Alert a los 36 municipios de la comarca meteorol\u00f3gica de Valle del Almanzora y Los V\u00e9lez, ambas en Almer\u00eda, donde residen algo m\u00e1s de 86.046 habitantes. Son las localidades afectadas por el aviso rojo decretado por la presencia de \u201crachas de viento huracanadas\u201d, seg\u00fan Aemet, durante la jornada del mi\u00e9rcoles debido a la borrasca <em>Kristin<\/em>. El texto pide extremar la precauci\u00f3n, evitar zonas arboladas y todos los exteriores en general para evitar riesgos.\u00a0<\/p>\n<p>El mensaje se ha enviado a los m\u00f3viles ubicados en las localidades de Albanchez, Albox, Alcontar, Alcudia de Monteagud, Antas, Arboleas, Armu\u00f1a, de Almanzora, Bacares, Bayarque, Benitagla, Cantoria, Chercos, Chirivel, C\u00f3bdar, Fines, Hu\u00e9rcal-Overa, Laroya, L\u00edjar, Lubr\u00edn, L\u00facar, Macael, Mar\u00eda, Olula del R\u00edo, Oria, Partaloa, Purchena, Ser\u00f3n, Sierro, Somont\u00edn, Sufl\u00ed, Taberno, T\u00edjola, Urr\u00e1cal, V\u00e9lez-Blanco, V\u00e9lez-Rubio y Zurgena, seg\u00fan ha informado la Agencia de Emergencias de Andaluc\u00eda.<\/p>\n<p>A primera hora de la tarde permanecen en aviso rojo (peligro extraordinario) la comarca de Valle del Almanzora y Los V\u00e9lez en Almer\u00eda, as\u00ed como el aviso naranja por vientos en el resto de la provincia almeriense, Granada (Guardix, Baza, Nevada, Alpujarras y costa), C\u00f3rdoba (campi\u00f1a y la Subb\u00e9tica), M\u00e1laga (Ronda, Sol y Guadalhorce) y Ja\u00e9n(Cazorla, Segura, capital y Montes).<\/p>\n<\/div>\n<div class=\"ev-meta\">\n<div class=\"ev-date\"><time datetime=\"2026-01-28T16:47:11.000+01:00\" class=\"ev-date-updated\">Publicado a las: 16:39 CET 28\/01\/2026  y modificado a las 16:47 CET 28\/01\/2026 <\/time><\/div>\n<\/div>\n<\/div>\n<\/div>\n<div id=\"02536d3c49413c27be68728b62b48497\" data-les-card=\"default\" data-sort-time=\"1769613985000\" data-update-time=\"1769616845000\" class=\"ev-unit ev-unit-default\" data-is-key-card=\"false\">\n<div class=\"ev-au ev-au-single\">\n<figure class=\"ev-au-photo\"><img loading=\"lazy\" decoding=\"async\" class=\"ev-au-img\" src=\"https:\/\/analyse.optim.biz\/wp-content\/uploads\/2026\/01\/v77runbj2fc75mmyq5tun3q3ki.png\" width=\"45\" height=\"45\" alt=\"Jos\u00e9 C. Rejas\" title=\"v77runbj2fc75mmyq5tun3q3ki\"><\/figure>\n<div class=\"ev-au-text\"><span class=\"ev-au-name\">Jos\u00e9 C. Rejas<\/span><span class=\"ev-au-location\">Toledo (ESPA\u00d1A)<\/span><\/div>\n<\/div>\n<div class=\"ev-main\">\n<div class=\"ev-text\">\n<p class=\"ev-title\">Se suspende toda la actividad lectiva en Albacete para esta tarde por el viento<\/p>\n<p>Mejora poco a poco la situaci\u00f3n en Castilla-La Mancha tras el paso de la borrasca <em>Kristin<\/em>, con cerca de 400 incidencias desde esta ma\u00f1ana por viento, nieve o lluvia. Lo peor ha estado en la provincia de Ciudad Real, donde las fuertes rachas de viento han provocado el desprendimiento de varias chapas en un instituto de Villanueva de los Infantes y de parte del techado de la zona de Urgencias del Centro de Salud 1 de Alc\u00e1zar de San Juan. En Puertollano, dos viviendas han sufrido da\u00f1os en su estructura sin causar da\u00f1os personales.<\/p>\n<p>La nieve tambi\u00e9n ha obligado a suspender m\u00e1s de medio centenar de rutas escolares en Guadalajara, Cuenca y Albacete, con m\u00e1s de un millar de alumnos afectados.\u00a0<\/p>\n<p>En Albacete, el Ayuntamiento ha activado el Plan Territorial de Emergencias Municipal (Platemun) en fase de emergencia, nivel de gravedad 1, y ha suspendido toda la actividad lectiva prevista para esta tarde, incluida la del campus de la Universidad de Castilla-La Mancha, que ha pedido a la comunidad universitaria que extreme la precauci\u00f3n y evite desplazamientos.<\/p>\n<p>La Agencia Estatal de Meteorolog\u00eda (Aemet) mantiene los avisos naranja por rachas de viento de hasta 90 km\/hora hasta las 20.00 en las provincias de Albacete y Ciudad Real, en la Mancha toledana y en la Mancha conquense.<\/p>\n<\/div>\n<div class=\"ev-meta\">\n<div class=\"ev-date\"><time datetime=\"2026-01-28T17:14:05.000+01:00\" class=\"ev-date-updated\">Publicado a las: 16:26 CET 28\/01\/2026  y modificado a las 17:14 CET 28\/01\/2026 <\/time><\/div>\n<\/div>\n<\/div>\n<\/div>\n<div id=\"fb22278f228a359abec0a09898ea5b08\" data-les-card=\"default\" data-sort-time=\"1769613561000\" data-update-time=\"1769613561000\" class=\"ev-unit ev-unit-default\" data-is-key-card=\"false\">\n<div class=\"ev-au ev-au-single\">\n<figure class=\"ev-au-photo\"><img loading=\"lazy\" decoding=\"async\" class=\"ev-au-img\" src=\"https:\/\/analyse.optim.biz\/wp-content\/uploads\/2026\/01\/6b30c54b-f9fd-4ea0-8b83-d2330d771e5a.png\" width=\"45\" height=\"45\" alt=\"Jes\u00fas A. Ca\u00f1as\" title=\"6b30c54b-f9fd-4ea0-8b83-d2330d771e5a\"><\/figure>\n<div class=\"ev-au-text\"><span class=\"ev-au-name\">Jes\u00fas A. Ca\u00f1as<\/span><span class=\"ev-au-location\">C\u00e1diz<\/span><\/div>\n<\/div>\n<div class=\"ev-main\">\n<div class=\"ev-text\">\n<p class=\"ev-title\">La Junta de Andaluc\u00eda suspende la actividad lectiva vespertina en todo el Campo de Gibraltar<\/p>\n<p>La Consejer\u00eda de Educaci\u00f3n ha suspendido la actividad lectiva vespertina en todo el Campo de Gibraltar, dado el aviso naranja de lluvia y viento en la comarca. Ya durante la noche del pasado martes se decret\u00f3 la suspensi\u00f3n de las clases de Jimena, San Mart\u00edn del Tesorillo, y las barriadas de La Estaci\u00f3n de San Roque y Taraguilla de San Roque. Sin embargo, pasadas las 15.00 la suspensi\u00f3n ha alcanzado a los municipios de San Roque, La L\u00ednea de la Concepci\u00f3n, Los Barrios, Algeciras, Castellar de la Frontera y Tarifa. La paralizaci\u00f3n ha llegado tras una complicada ma\u00f1ana en la que se han producido diversas incidencias en centros educativos con menores, como instituto Torrealmirante de Algeciras, donde se derrumb\u00f3 un muro.<\/p>\n<\/div>\n<div class=\"ev-meta\">\n<div class=\"ev-date\"><time datetime=\"2026-01-28T16:19:21.000+01:00\" class=\"ev-date-updated\">Publicado a las: 16:19 CET 28\/01\/2026 <\/time><\/div>\n<\/div>\n<\/div>\n<\/div>\n<div id=\"00d8961de6283740afce9a8ae591fbb1\" data-les-card=\"default\" data-sort-time=\"1769612302000\" data-update-time=\"1769612302000\" class=\"ev-unit ev-unit-default\" data-is-key-card=\"false\">\n<div class=\"ev-au ev-au-single\">\n<figure class=\"ev-au-photo\"><img loading=\"lazy\" decoding=\"async\" class=\"ev-au-img\" src=\"https:\/\/analyse.optim.biz\/wp-content\/uploads\/2026\/01\/6d58cb11-5a07-4ca7-8076-8be9706a3d8a.png\" width=\"45\" height=\"45\" alt=\"Eva Saiz\" title=\"6d58cb11-5a07-4ca7-8076-8be9706a3d8a\"><\/figure>\n<div class=\"ev-au-text\"><span class=\"ev-au-name\">Eva Saiz<\/span><\/div>\n<\/div>\n<div class=\"ev-main\">\n<div class=\"ev-text\">\n<p class=\"ev-title\">La tractorada de agricultores contra Mercosur se desconvoca en Sevilla por el temporal<\/p>\n<p>La Subdelegaci\u00f3n del Gobierno de Sevilla ha decidido desconvocar la manifestaci\u00f3n de agricultores y ganaderos contra el acuerdo comercial de Mercosur prevista para este jueves en la capital andaluza. Las principales asociaciones agropecuarias hab\u00edan organizado una marcha que iba a partir a las ocho de la ma\u00f1ana desde distintos puntos de la provincia de Sevilla hasta la Plaza de Espa\u00f1a, en el Parque de Mar\u00eda Luisa de la ciudad hispalense para mostrar su rechazo al acuerdo entre la UE y Argentina, Brasil, Paraguay y Uruguay.\u00a0<\/p>\n<p>La Subdelegaci\u00f3n del Gobierno ha decidido desconvocar la tractorada tras consultarlo con la Polic\u00eda Local, seg\u00fan han informado fuentes gubernamentales. El propio alcalde de Sevilla ha confirmado esta ma\u00f1ana que aunque la alerta naranja por viento se ha desactivado a las 15.00 horas, el Ayuntamiento va a mantener el plan de emergencias en fase 1 para recuperar la normalidad y que los parques y jardines seguir\u00e1n cerrados en tanto que los t\u00e9cnicos municipales no revisen la seguridad en su interior, una circunstancia que impedir\u00eda la entrada de manifestantes hasta la Plaza de Espa\u00f1a, confirman las mismas fuentes consultadas.<\/p>\n<\/div>\n<div class=\"ev-meta\">\n<div class=\"ev-date\"><time datetime=\"2026-01-28T15:58:22.000+01:00\" class=\"ev-date-updated\">Publicado a las: 15:58 CET 28\/01\/2026 <\/time><\/div>\n<\/div>\n<\/div>\n<\/div>\n<div id=\"8870ce356f8c3a6a820c8a3feedf9118\" data-les-card=\"news\" data-sort-time=\"1769610605000\" data-update-time=\"1769610605000\" class=\"ev-unit ev-unit-news\" data-is-key-card=\"false\">\n<div class=\"ev-au ev-au-single\">\n<figure class=\"ev-au-photo\"><img loading=\"lazy\" decoding=\"async\" class=\"ev-au-img\" src=\"https:\/\/analyse.optim.biz\/wp-content\/uploads\/2026\/01\/0b9a52b8-006a-4382-938a-05e3d58f07cf.png\" width=\"45\" height=\"45\" alt=\"El Pa\u00eds\" title=\"0b9a52b8-006a-4382-938a-05e3d58f07cf\"><\/figure>\n<div class=\"ev-au-text\"><span class=\"ev-au-name\">El Pa\u00eds<\/span><\/div>\n<\/div>\n<div class=\"ev-me-ct\">\n<figure><a target=\"_blank\" href=\"https:\/\/elpais.com\/videos\/2026-01-28\/el-portavoz-de-la-aemet-las-borrascas-como-kristin-dan-lugar-a-mucha-incertidumbre-en-el-pronostico.html\"><img decoding=\"async\" src=\"https:\/\/analyse.optim.biz\/wp-content\/uploads\/2026\/01\/tvef5whozvltxjs65z4xvhbn7e.jpg\" width=\"5000\" height=\"3333\" alt=\"El portavoz de la AEMET: \u201cLas borrascas como \u2018Kristin\u2019 dan lugar a mucha incertidumbre en el pron\u00f3stico\u201d\" loading=\"lazy\" title=\"tvef5whozvltxjs65z4xvhbn7e\"><\/a><\/figure>\n<\/div>\n<div class=\"ev-main\">\n<div class=\"ev-text\">\n<p class=\"ev-kicker\"><a target=\"_blank\" href=\"https:\/\/elpais.com\/noticias\/temporales\/\">TEMPORALES<\/a><\/p>\n<p class=\"ev-title\"><a target=\"_blank\" href=\"https:\/\/elpais.com\/videos\/2026-01-28\/el-portavoz-de-la-aemet-las-borrascas-como-kristin-dan-lugar-a-mucha-incertidumbre-en-el-pronostico.html\">El portavoz de la AEMET: \u201cLas borrascas como \u2018Kristin\u2019 dan lugar a mucha incertidumbre en el pron\u00f3stico\u201d<\/a><\/p>\n<div class=\"ev-authorship\"><span class=\"ev-author\">Pablo Algara<\/span><\/div>\n<\/div>\n<\/div>\n<div class=\"ev-main\">\n<div class=\"ev-text\">\n<p>Rub\u00e9n del Campo se\u00f1ala que los avisos por nieve en Madrid y otras zonas estaban activados desde el mediod\u00eda del martes, pero que al ser una borrasca \u201cmuy peque\u00f1a, peque\u00f1as variaciones en su posici\u00f3n pueden hacer que nieve m\u00e1s o menos\u201d<\/p>\n<p><a href=\"https:\/\/elpais.com\/videos\/2026-01-28\/el-portavoz-de-la-aemet-las-borrascas-como-kristin-dan-lugar-a-mucha-incertidumbre-en-el-pronostico.html?autoplay=1\" target=\"_blank\">Puede ver aqu\u00ed el video completo<\/a><\/p>\n<\/div>\n<div class=\"ev-meta\">\n<div class=\"ev-date\"><time datetime=\"2026-01-28T15:30:05.000+01:00\" class=\"ev-date-updated\">Publicado a las: 15:30 CET 28\/01\/2026 <\/time><\/div>\n<\/div>\n<\/div>\n<\/div>\n<div id=\"a17b1a473a883d8a8c4d7829285d4569\" data-les-card=\"default\" data-sort-time=\"1769609688000\" data-update-time=\"1769609893000\" class=\"ev-unit ev-unit-default\" data-is-key-card=\"false\">\n<div class=\"ev-au ev-au-single\">\n<figure class=\"ev-au-photo\"><img loading=\"lazy\" decoding=\"async\" class=\"ev-au-img\" src=\"https:\/\/analyse.optim.biz\/wp-content\/uploads\/2026\/01\/264d668c-c610-49de-967b-627ef1b74556.png\" width=\"45\" height=\"45\" alt=\"Gin\u00e9s Donaire\" title=\"264d668c-c610-49de-967b-627ef1b74556\"><\/figure>\n<div class=\"ev-au-text\"><span class=\"ev-au-name\">Gin\u00e9s Donaire<\/span><span class=\"ev-au-location\">Ja\u00e9n<\/span><\/div>\n<\/div>\n<div class=\"ev-main\">\n<div class=\"ev-text\">\n<p class=\"ev-title\">Ja\u00e9n desaloja una zona residencial con 5.000 viviendas por la crecida de los r\u00edos<\/p>\n<p>El Ayuntamiento de Ja\u00e9n acaba de ordenar el desalojo preventivo de los residentes en las urbanizaciones de los Puentes porque la crecida de los r\u00edos ha llegado ya a algunas viviendas. Se trata de una zona residencial diseminada situada junto a los r\u00edos Ja\u00e9n, Eliche y Guadalbull\u00f3n en la que hay unas 5.000 viviendas, aunque unas 1.500 de ellas son de segunda residencia y solo se ocupan en \u00e9poca estival.<\/p>\n<p>\u201cMenos mal que este temporal ha llegado despu\u00e9s de haberse limpiado, recientemente, los cauces de los r\u00edos, porque si no, no s\u00e9 lo que hubiera pasado\u201d, ha se\u00f1alado Jos\u00e9 S\u00e1nchez, presidente de la Unidad de Gesti\u00f3n Vecinal que agrupa a las seis asociaciones de vecinos de esta zona residencial. S\u00e1nchez ha informado de que algunos vecinos han tenido que ser evacuados este medio d\u00eda al llegar el agua a sus viviendas, principalmente en la zona del Puente de la Sierra y El Portazgo.<\/p>\n<p>El desalojo de las viviendas afecta a los n\u00facleos de Puente de la Sierra, Puente Jontoya, Puente Nuevo y Pago Pozuela, aunque no se trata de una evacuaci\u00f3n masiva sino selectiva. El alcalde de Ja\u00e9n, Julio Mill\u00e1n, ha informado que el desalojo se har\u00e1 \u201ca criterio de los cuerpos y fuerzas de seguridad y en coordinaci\u00f3n con los t\u00e9cnicos de emergencias del Ayuntamiento\u201d. Mill\u00e1n ha destacado que la medida tiene como objetivo \u201cevitar situaciones de riesgo vital para las personas\u201d.<\/p>\n<p>La medida municipal se ha tomado despu\u00e9s de que el Sistema Autom\u00e1tico de Informaci\u00f3n Hidrol\u00f3gica de la Cuenca del Guadalquivir alertase sobre el aumento del caudal de los r\u00edos y de su paulatino recrecimiento. En la memoria de todos estos vecinos est\u00e1n las graves inundaciones, como la ocurrida en 1996, que se produjeron principalmente por la falta de limpieza de los cauces hidr\u00e1ulicos.\u00a0Ahora los vecinos lamentan que no est\u00e9 a\u00fan operativo el sistema de alarmas que debe servir para informar con la suficiente antelaci\u00f3n de los riesgos de la crecida de los r\u00edos.<\/p>\n<\/div>\n<div class=\"ev-meta\">\n<div class=\"ev-date\"><time datetime=\"2026-01-28T15:18:13.000+01:00\" class=\"ev-date-updated\">Publicado a las: 15:14 CET 28\/01\/2026  y modificado a las 15:18 CET 28\/01\/2026 <\/time><\/div>\n<\/div>\n<\/div>\n<\/div>\n<div id=\"1db565de5d99328b8b3e10ea9af719ef\" data-les-card=\"default\" data-sort-time=\"1769609596000\" data-update-time=\"1769609596000\" class=\"ev-unit ev-unit-default\" data-is-key-card=\"false\">\n<div class=\"ev-main\">\n<div class=\"ev-text\">\n<p class=\"ev-title\">25 colegios afectados\u00a0en Extremadura y m\u00e1s de 300 incidentes gestionados por el 112 <\/p>\n<p>Por <strong>Jos\u00e9 Emiliano Barrena<\/strong> (Badajoz). La Junta de Extremadura ha defendido la decisi\u00f3n de suspender las clases en la comunidad aut\u00f3noma ante el fuerte temporal de viento, lluvia y nieve provocado por una sucesi\u00f3n de borrascas de alto impacto que han afectado al territorio en los \u00faltimos d\u00edas.\u00a0 El consejero de Presidencia, Interior y Di\u00e1logo Social en funciones, Abel Bautista, ha incidido en que la medida se adopt\u00f3 con un \u00fanico objetivo, proteger la vida de los menores, y rechaz\u00f3 entrar en debates pol\u00edticos sobre el momento en el que se tom\u00f3 la decisi\u00f3n.<\/p>\n<p>Seg\u00fan ha trasladado el consejero, no existe ning\u00fan nuevo aviso activo por lluvias en Extremadura, aunque s\u00ed se manten\u00edan alertas de nivel amarillo y naranja por viento y nieve, especialmente en la zona central de la regi\u00f3n y en el norte. A pesar de ello, la acumulaci\u00f3n de precipitaciones de jornadas anteriores, junto con los desembalses y la apertura de compuertas en varias presas, manten\u00eda en alerta a los servicios de emergencia.<\/p>\n<p>El balance provisional de la borrasca incluye m\u00e1s de 300 incidentes gestionados por el 112, 25 colegios afectados por ca\u00eddas de \u00e1rboles, cornisas o muros, cortes de suministro<br \/>\n\u00a0el\u00e9ctrico en m\u00e1s de 80 l\u00edneas, incidencias en telecomunicaciones y numerosas v\u00edas afectadas, especialmente en el norte por la nieve. Adem\u00e1s, se autoriz\u00f3 la evacuaci\u00f3n preventiva de viviendas aisladas en Valdeb\u00f3toa y G\u00e9vora, ante la situaci\u00f3n del embalse de Villar del Rey en la provincia de Badajoz.\u00a0<\/p>\n<p>Aunque el viento ha comenzado a remitir, la Junta mantiene la vigilancia ante posibles problemas derivados de los acumulados de lluvia en los pr\u00f3ximos d\u00edas. Las clases se reanudar\u00e1n esta tarde en la mayor parte de la regi\u00f3n, salvo en el norte de C\u00e1ceres, donde contin\u00faan suspendidas por el aviso de nieve.<\/p>\n<\/div>\n<div class=\"ev-meta\">\n<div class=\"ev-date\"><time datetime=\"2026-01-28T15:13:16.000+01:00\" class=\"ev-date-updated\">Publicado a las: 15:13 CET 28\/01\/2026 <\/time><\/div>\n<\/div>\n<\/div>\n<\/div>\n<div id=\"e3dde9320d433292a2e09fe6dc513bbd\" data-les-card=\"default\" data-sort-time=\"1769607222000\" data-update-time=\"1769607222000\" class=\"ev-unit ev-unit-default\" data-is-key-card=\"false\">\n<div class=\"ev-au ev-au-single\">\n<figure class=\"ev-au-photo\"><img loading=\"lazy\" decoding=\"async\" class=\"ev-au-img\" src=\"https:\/\/analyse.optim.biz\/wp-content\/uploads\/2026\/01\/xdam3z7nxveltgrgidyiep7lyq.png\" width=\"45\" height=\"45\" alt=\"Raquel Garc\u00eda Rodr\u00edguez\" title=\"xdam3z7nxveltgrgidyiep7lyq\"><\/figure>\n<div class=\"ev-au-text\"><span class=\"ev-au-name\">Raquel Garc\u00eda Rodr\u00edguez<\/span><span class=\"ev-au-location\">Sevilla<\/span><\/div>\n<\/div>\n<div class=\"ev-main\">\n<div class=\"ev-text\">\n<p class=\"ev-title\">Sevilla despliega 80 bomberos y medio centenar de patrullas de la polic\u00eda municipal ante el temporal<\/p>\n<p>El alcalde de Sevilla, Jos\u00e9 Luis Sanz, ha hecho balance del despliegue municipal ante las borrascas <em>Joseph <\/em>y <em>Kristine<\/em>. El regidor popular ha se\u00f1alado que se han desplegado 80 bomberos, 50 patrulleros de la Polic\u00eda Local, 30 trabajadores de Protecci\u00f3n Civil, 300 efectivos de parques y jardines, y 70 trabajadores de la empresa municipal de limpieza.\u00a0El total de las incidencias ha sido 200. Los parques, que permanec\u00edan cerrados desde el pasado martes, no volver\u00e1n a abrir hasta que hayan sido revisados por los efectivos de parques y jardines, quienes han atendido alrededor de 100 incidencias relacionadas con ca\u00eddas de \u00e1rboles o ramas.\u00a0Sanz ha subrayado que no hay que lamentar da\u00f1os humanos m\u00e1s all\u00e1 de las heridas leves causadas a la mujer sufri\u00f3 el desplome de un \u00e1rbol en las inmediaciones del Hospital Virgen del Roc\u00edo.<\/p>\n<\/div>\n<div class=\"ev-meta\">\n<div class=\"ev-date\"><time datetime=\"2026-01-28T14:33:42.000+01:00\" class=\"ev-date-updated\">Publicado a las: 14:33 CET 28\/01\/2026 <\/time><\/div>\n<\/div>\n<\/div>\n<\/div>\n<div id=\"ea49ed9a4c0b34f699ab61b690970e05\" data-les-card=\"default\" data-sort-time=\"1769607171000\" data-update-time=\"1769607171000\" class=\"ev-unit ev-unit-default\" data-is-key-card=\"false\">\n<div class=\"ev-au ev-au-single\">\n<figure class=\"ev-au-photo\"><img loading=\"lazy\" decoding=\"async\" class=\"ev-au-img\" src=\"https:\/\/analyse.optim.biz\/wp-content\/uploads\/2026\/01\/9bc19456-dd06-4b40-92fa-c641101bbda7.png\" width=\"45\" height=\"45\" alt=\"Sara Castro\" title=\"9bc19456-dd06-4b40-92fa-c641101bbda7\"><\/figure>\n<div class=\"ev-au-text\"><span class=\"ev-au-name\">Sara Castro<\/span><\/div>\n<\/div>\n<div class=\"ev-main\">\n<div class=\"ev-text\">\n<p class=\"ev-title\">Comisiones Obreras se posiciona contra la Consejer\u00eda de Educaci\u00f3n de Madrid en su gesti\u00f3n del temporal \u00a0<\/p>\n<p>Aida San Mill\u00e1n, secretaria general de la Federaci\u00f3n de Ense\u00f1anza de Comisiones Obreras Madrid, informa de que la situaci\u00f3n ha sido complicada en los centros educativos de esta comunidad aut\u00f3noma a causa del temporal y critica la gesti\u00f3n de la Consejer\u00eda de Educaci\u00f3n. \u201cNos han convocado a los sindicatos a una reuni\u00f3n urgente a las 10.30 para decirnos que no se suspend\u00edan las clases, pese a haber mostrado nuestro desacuerdo con esta medida\u201d, informa.\u00a0<\/p>\n<p>Relata que entre las \u00f3rdenes que les han trasladado desde el Gobierno auton\u00f3mico se encuentra la opci\u00f3n de paralizar la actividad lectiva, solo en aquellos centros que tengan una situaci\u00f3n dif\u00edcil por falta de personal. \u201cDonde haya serios problemas se ir\u00e1n yendo a casa. Se recomienda evitar desplazamientos en zonas complicadas y tener prudencia m\u00e1xima\u201d, parafrasea as\u00ed San Mill\u00e1n las directrices comunicadas a los sindicatos.\u00a0<\/p>\n<p>Comisiones Obreras denuncia falta de planificaci\u00f3n e improvisaci\u00f3n. \u201cExtremadura, por ejemplo, ya cancel\u00f3 este martes las clases en previsi\u00f3n del temporal anunciado. Como Madrid no lo ha hecho, ahora hay riesgos en los desplazamientos de las familias, los alumnos y los profesores\u201d, denuncia San Mill\u00e1n. Su entidad exige seguridad y salud en los puestos de trabajo. Lo que m\u00e1s le ha sorprendido es que desde el Gobierno auton\u00f3mico le han comunicado \u201cque no van a trasladar estas directrices a los equipos directivos porque lo har\u00e1n los sindicatos y los medios de comunicaci\u00f3n\u201d.\u00a0<\/p>\n<p>Le parece incoherente trasladar un mensaje con el que no est\u00e1 de acuerdo, pero su entidad lo har\u00e1 para no tener desinformado al profesorado. \u201cEso s\u00ed, dejamos claro que no son palabras nuestras y visibilizamos nuestra oposici\u00f3n. Si pasa algo, \u00bfqui\u00e9n es el responsable?\u201d, se pregunta tras tildar de cobarde la actitud del Gobierno auton\u00f3mico al no dirigirse directamente a los trabajadores p\u00fablicos. \u201cExigimos un comunicado de la Consejer\u00eda de Educaci\u00f3n uniforme y p\u00fablico para todos los centros educativos\u201d, manifiesta el sindicato.<\/p>\n<\/div>\n<div class=\"ev-meta\">\n<div class=\"ev-date\"><time datetime=\"2026-01-28T14:32:51.000+01:00\" class=\"ev-date-updated\">Publicado a las: 14:32 CET 28\/01\/2026 <\/time><\/div>\n<\/div>\n<\/div>\n<\/div>\n<div id=\"64180c5d97ea380a861f3234a634e4b5\" data-les-card=\"default\" data-sort-time=\"1769605934000\" data-update-time=\"1769605934000\" class=\"ev-unit ev-unit-default\" data-is-key-card=\"false\">\n<div class=\"ev-au ev-au-single\">\n<figure class=\"ev-au-photo\"><img loading=\"lazy\" decoding=\"async\" class=\"ev-au-img\" src=\"https:\/\/analyse.optim.biz\/wp-content\/uploads\/2026\/01\/0a626831-dc86-4028-a915-a34cbf159c50.png\" width=\"45\" height=\"45\" alt=\"Daniela Guti\u00e9rrez\" title=\"0a626831-dc86-4028-a915-a34cbf159c50\"><\/figure>\n<div class=\"ev-au-text\"><span class=\"ev-au-name\">Daniela Guti\u00e9rrez<\/span><span class=\"ev-au-location\">Madrid<\/span><\/div>\n<\/div>\n<div class=\"ev-main\">\n<div class=\"ev-text\">\n<p class=\"ev-title\">La DGT desactiva el nivel negro en la A-6 a su paso por Madrid<\/p>\n<p>La DGT ha desactivado ya el nivel negro que hab\u00eda establecido esta ma\u00f1ana en la A-6 a su paso por Madrid, que hasta el momento solo se manten\u00eda en sentido salida, en kil\u00f3metro nueve. La v\u00eda con mayor peligro en estos momentos es la M-104, en Colmenar Viejo, que ha entrado en el nivel negro, por lo que est\u00e1 prohibido el paso de cualquier tipo de veh\u00edculo por all\u00ed. En Madrid se encuentran en nivel rojo \u2014en el que solo pueden circular los turismos con obligatoriedad de uso de cadenas o neum\u00e1ticos de invierno y una velocidad m\u00e1xima de 30 kil\u00f3metros por hora\u2014 la M-130 en Puebla de la Sierra, la M-137 en La Hiruela, la M-139 en Montejo de la Sierra, la M-512 en El Escorial, la M-601 en Navacerrada, la M-604 en Cotos, la M-611 en Los Grifos, la M-626 en Canencia y la M-637 en Lozoya.\u00a0 La A-1 en Somosierra y la A-6 a su paso por Torrelodones est\u00e1n en nivel amarillo, con restricciones de paso solo para veh\u00edculos pesados y l\u00edmite de velocidad de 60 kil\u00f3metros por hora para turismos y autobuses.<\/p>\n<\/div>\n<div class=\"ev-meta\">\n<div class=\"ev-date\"><time datetime=\"2026-01-28T14:12:14.000+01:00\" class=\"ev-date-updated\">Publicado a las: 14:12 CET 28\/01\/2026 <\/time><\/div>\n<\/div>\n<\/div>\n<\/div>\n<div id=\"92d2ff84d97c35979220dac688657edf\" data-les-card=\"default\" data-sort-time=\"1769605127000\" data-update-time=\"1769605157000\" class=\"ev-unit ev-unit-default\" data-is-key-card=\"false\">\n<div class=\"ev-au ev-au-single\">\n<figure class=\"ev-au-photo\"><img loading=\"lazy\" decoding=\"async\" class=\"ev-au-img\" src=\"https:\/\/analyse.optim.biz\/wp-content\/uploads\/2026\/01\/d32e7916-34b0-4b94-8d32-77cf27aaff02.png\" width=\"45\" height=\"45\" alt=\"Javier Arroyo\" title=\"d32e7916-34b0-4b94-8d32-77cf27aaff02\"><\/figure>\n<div class=\"ev-au-text\"><span class=\"ev-au-name\">Javier Arroyo<\/span><span class=\"ev-au-location\">Granada<\/span><\/div>\n<\/div>\n<div class=\"ev-main\">\n<div class=\"ev-text\">\n<p class=\"ev-title\">Un muro del estadio municipal de Motril y varios \u00e1rboles en la costa granadina caen al suelo sin causar v\u00edctimas<\/p>\n<p>La costa granadina es la zona de la provincia que m\u00e1s est\u00e1 sufriendo los efectos de la borrasca este mi\u00e9rcoles que se traduce en la zona en vientos de hasta 100 kil\u00f3metros por hora. En Motril, que como otras localidades costeras mantiene activado su plan de Emergencias en fase de preemergencia, se ha ido al suelo un fragmento de muro del estadio de f\u00fatbol municipal Escribano Castilla. Se trata de un trozo de muro lateral de varias decenas de metros que ha ca\u00eddo sin provocar v\u00edctimas. Tambi\u00e9n en Motril, en el entorno del Santuario de la Virgen de la Cabeza, el viento ha derribado un gran \u00e1rbol, un pino, sin consecuencias para personas. En Salobre\u00f1a, a pocos kil\u00f3metros de Motril, una gran palmera y algunos otros \u00e1rboles han ca\u00eddo al suelo, tambi\u00e9n sin da\u00f1os personales.<\/p>\n<p>En la capital, el Ayuntamiento de Granada mantiene cerrados desde las 10.30 horas de la ma\u00f1ana todos los parques municipales mientras persistan los avisos por viento y lluvia.<\/p>\n<\/div>\n<div class=\"ev-meta\">\n<div class=\"ev-date\"><time datetime=\"2026-01-28T13:59:17.000+01:00\" class=\"ev-date-updated\">Publicado a las: 13:58 CET 28\/01\/2026  y modificado a las 13:59 CET 28\/01\/2026 <\/time><\/div>\n<\/div>\n<\/div>\n<\/div>\n<div id=\"c1519e3662283078b837470acf21baca\" data-les-card=\"twitter\" data-sort-time=\"1769604798000\" data-update-time=\"1769604798000\" class=\"ev-unit ev-unit-twitter\" data-is-key-card=\"false\">\n<div class=\"ev-au ev-au-single\">\n<figure class=\"ev-au-photo\"><img loading=\"lazy\" decoding=\"async\" class=\"ev-au-img\" src=\"https:\/\/analyse.optim.biz\/wp-content\/uploads\/2026\/01\/0a626831-dc86-4028-a915-a34cbf159c50.png\" width=\"45\" height=\"45\" alt=\"Daniela Guti\u00e9rrez\" title=\"0a626831-dc86-4028-a915-a34cbf159c50\"><\/figure>\n<div class=\"ev-au-text\"><span class=\"ev-au-name\">Daniela Guti\u00e9rrez<\/span><\/div>\n<\/div>\n<div class=\"ev-main\">\n<div class=\"ev-text\">\n<p class=\"ev-title\">El Ayuntamiento de Madrid activa la fase de Emergencia por el temporal, que no ha causado grandes da\u00f1os en la capital<\/p>\n<p>El Ayuntamiento de Madrid ha activado esta ma\u00f1ana la Situaci\u00f3n Operativa 1 del Plan de Emergencias Invernales municipal, por lo que se decreta la fase de Emergencia ante las consecuencias del temporal que afecta a casi todo el pa\u00eds. Esta Situaci\u00f3n Operativa \u2015la segunda en una escala que va del cero al tres, siendo esta \u00faltima la m\u00e1s grave\u2015 se establece normalmente cuando la Aemet ha activado un aviso meteorol\u00f3gico naranja (en estos momentos Madrid se encuentra en aviso amarillo tanto por nevadas como por vientos) y cuando hay afectaciones en varios distrito de la capital. Fuencarral-El Pardo, Hortaleza y Moncloa han registrado la ma\u00f1ana de este mi\u00e9rcoles las mayores nevadas en el t\u00e9rmino municipal. Seg\u00fan ha informado el consistorio, m\u00e1s de 5.600 personas trabajan ya en la limpieza urbana en diferentes puntos de la ciudad, especialmente en los distritos m\u00e1s afectados. Toda la maquinaria necesaria est\u00e1 activa y hay m\u00e1s de 200 esparcidores de sal sobre el terreno para derretir la nieve.<\/p>\n<\/div>\n<div class=\"ev-meta\">\n<div class=\"ev-date\"><time datetime=\"2026-01-28T13:53:18.000+01:00\" class=\"ev-date-updated\">Publicado a las: 13:53 CET 28\/01\/2026 <\/time><\/div>\n<\/div>\n<\/div>\n<\/div>\n<div id=\"aadfb3a4b7f43022850c1d176e3c982b\" data-les-card=\"default\" data-sort-time=\"1769604720000\" data-update-time=\"1769604720000\" class=\"ev-unit ev-unit-default\" data-is-key-card=\"false\">\n<div class=\"ev-au ev-au-single\">\n<figure class=\"ev-au-photo\"><img loading=\"lazy\" decoding=\"async\" class=\"ev-au-img\" src=\"https:\/\/analyse.optim.biz\/wp-content\/uploads\/2026\/01\/23e85ec4-9a4b-4aea-9afc-9ae7be190832.png\" width=\"45\" height=\"45\" alt=\"Nacho S\u00e1nchez\" title=\"23e85ec4-9a4b-4aea-9afc-9ae7be190832\"><\/figure>\n<div class=\"ev-au-text\"><span class=\"ev-au-name\">Nacho S\u00e1nchez<\/span><span class=\"ev-au-location\">M\u00e1laga<\/span><\/div>\n<\/div>\n<div class=\"ev-main\">\n<div class=\"ev-text\">\n<p class=\"ev-title\">Almer\u00eda activa el Plan de Emergencias y varias carreteras est\u00e1n cortadas por la nieve en la provincia<\/p>\n<p>Almer\u00eda ha activado el Plan Municipal de Emergencias debido a las fuertes rachas de viento, que pueden superar los 100 kil\u00f3metros por hora, as\u00ed como por los fen\u00f3menos costeros previstos para la jornada del mi\u00e9rcoles en la ciudad, con olas de hasta seis metros en la capital. El ayuntamiento ha decretado el cierre de los parques municipales, as\u00ed como las bibliotecas, centros de mayores o de la mujer y asociaciones vecinales. Solo han quedado abiertos esta ma\u00f1ana espacios que prestan servicios esenciales.\u00a0<\/p>\n<p>La lluvia oblig\u00f3 a primera hora de la ma\u00f1ana a cortar la autov\u00eda A-7 a su paso por El Ejido, ya que la calzada qued\u00f3 inundada. La DGT ha informado hace unos minutos que la v\u00eda ya est\u00e1 abierta, pero recomienda transitarla con precauci\u00f3n. S\u00ed que permanece cortada la carretera AL-3407 entre los municipios de Alhabia y Alboloduy y son obligatorias las cadenas para transitar por la AL-4404 en el municipio de G\u00e9rgal debido a la nieve, igual que la AL-5407 en Bacares y la AL-3102 en Velefique. La intensa nevada ca\u00edda tambi\u00e9n en Fi\u00f1ana ha obligado a cortar la AL-5405 en ambos carriles.<\/p>\n<\/div>\n<div class=\"ev-meta\">\n<div class=\"ev-date\"><time datetime=\"2026-01-28T13:52:00.000+01:00\" class=\"ev-date-updated\">Publicado a las: 13:52 CET 28\/01\/2026 <\/time><\/div>\n<\/div>\n<\/div>\n<\/div>\n<div id=\"ea489c59131b3a37a2479a6a97be664e\" data-les-card=\"twitter\" data-sort-time=\"1769604331000\" data-update-time=\"1769604574000\" class=\"ev-unit ev-unit-twitter\" data-is-key-card=\"false\">\n<div class=\"ev-au ev-au-single\">\n<figure class=\"ev-au-photo\"><img loading=\"lazy\" decoding=\"async\" class=\"ev-au-img\" src=\"https:\/\/analyse.optim.biz\/wp-content\/uploads\/2026\/01\/0b9a52b8-006a-4382-938a-05e3d58f07cf.png\" width=\"45\" height=\"45\" alt=\"El Pa\u00eds\" title=\"0b9a52b8-006a-4382-938a-05e3d58f07cf\"><\/figure>\n<div class=\"ev-au-text\"><span class=\"ev-au-name\">El Pa\u00eds<\/span><\/div>\n<\/div>\n<div class=\"ev-main\">\n<div class=\"ev-text\">\n<p class=\"ev-title\">La DGT reabre la A-6 y reduce a 157 Las carreteras afectadas por la borrasca \u2018Kristin\u2019<\/p>\n<p>La DGT ha rebajado a 157 las carreteras afectadas por la nieve y la lluvia que ha tra\u00eddo este mi\u00e9rcoles la borrasca <em>Kristin<\/em>, 19 de ellas en la red principal. Seg\u00fan la \u00faltima actualizaci\u00f3n, ya no hay cortes en autov\u00edas, si bien est\u00e1n en nivel rojo (cerradas para camiones y cadenas obligatorias) en la A-66, en C\u00e1ceres, en la zona de Elvas en direcci\u00f3n a Salamanca y la AP-61, en El Espinar (Segovia).<\/p>\n<p>Tambi\u00e9n en la red principal, est\u00e1 prohibido el acceso de camiones en la A-1 en Somosierra (Madrid), la A-6 en Guadarrama (Madrid), la M-607 en Colmenar Viejo (Madrid); la A-50 y la Av-20 en\u00a0\u00c1vila capital, la\u00a0A-50 en Santa Marta de Tormes (Salamanca); la A-2 en Valdenoches (Guadalajara), la SO-20 en Soria capital y la A-66 en Bele\u00f1a (Salamanca).<\/p>\n<\/div>\n<div class=\"ev-meta\">\n<div class=\"ev-date\"><time datetime=\"2026-01-28T13:49:34.000+01:00\" class=\"ev-date-updated\">Publicado a las: 13:45 CET 28\/01\/2026  y modificado a las 13:49 CET 28\/01\/2026 <\/time><\/div>\n<\/div>\n<\/div>\n<\/div>\n<div id=\"22a68c86ad0e37acba73f3e78e9a9da8\" data-les-card=\"news\" data-sort-time=\"1769604221000\" data-update-time=\"1769604221000\" class=\"ev-unit ev-unit-news\" data-is-key-card=\"false\">\n<div class=\"ev-au ev-au-single\">\n<figure class=\"ev-au-photo\"><img loading=\"lazy\" decoding=\"async\" class=\"ev-au-img\" src=\"https:\/\/analyse.optim.biz\/wp-content\/uploads\/2026\/01\/0b9a52b8-006a-4382-938a-05e3d58f07cf.png\" width=\"45\" height=\"45\" alt=\"El Pa\u00eds\" title=\"0b9a52b8-006a-4382-938a-05e3d58f07cf\"><\/figure>\n<div class=\"ev-au-text\"><span class=\"ev-au-name\">El Pa\u00eds<\/span><\/div>\n<\/div>\n<div class=\"ev-me-ct\">\n<figure><a target=\"_blank\" href=\"https:\/\/elpais.com\/espana\/2026-01-28\/extremadura-envia-un-es-alert-en-varias-localidades-por-riesgo-extremo-por-los-vientos-lluvias-y-nieves-que-deja-el-temporal.html\"><img decoding=\"async\" src=\"https:\/\/analyse.optim.biz\/wp-content\/uploads\/2026\/01\/5k3ceeo6bjkhrgb24pyifq7riq.jpg\" width=\"414\" height=\"233\" alt=\"Ampliaci\u00f3n | Extremadura env\u00eda un ES-Alert en varias localidades por \u201criesgo extremo\u201d por viento, lluvia y nieve\" loading=\"lazy\" title=\"5k3ceeo6bjkhrgb24pyifq7riq\"><\/a><\/figure>\n<\/div>\n<div class=\"ev-main\">\n<div class=\"ev-text\">\n<p class=\"ev-kicker\"><a target=\"_blank\" href=\"https:\/\/elpais.com\/noticias\/temporales\/\">Temporales<\/a><\/p>\n<p class=\"ev-title\"><a target=\"_blank\" href=\"https:\/\/elpais.com\/espana\/2026-01-28\/extremadura-envia-un-es-alert-en-varias-localidades-por-riesgo-extremo-por-los-vientos-lluvias-y-nieves-que-deja-el-temporal.html\">Ampliaci\u00f3n | Extremadura env\u00eda un ES-Alert en varias localidades por \u201criesgo extremo\u201d por viento, lluvia y nieve <\/a><\/p>\n<div class=\"ev-authorship\"><a href=\"https:\/\/elpais.com\/autor\/jose-emiliano-barrena-marin\/\" class=\"ev-author\">Jos\u00e9 Emiliano Barrena<\/a><\/div>\n<\/div>\n<\/div>\n<div class=\"ev-main\">\n<div class=\"ev-text\">\n<p>La presidenta de la Junta de Extremadura en funciones,\u00a0Mar\u00eda Guardiola, ha se\u00f1alado que se ha activado el sistema ES-Alert en varias zonas de la regi\u00f3n para alertar del \u201criesgo extremo\u201d por viento, lluvia y nieve\u00a0que est\u00e1 dejando el temporal, ante lo que ha pedido a los ciudadanos \u201cm\u00e1xima precauci\u00f3n en las pr\u00f3ximas horas\u201d. Adem\u00e1s, Guardiola ha informado que se mantiene activado en estos momentos el Plan Especial de Protecci\u00f3n Civil ante Inundaciones (Inuncaex) en Situaci\u00f3n Operativa 0, y el Plan Territorial de Protecci\u00f3n Civil (Platercaex) en Situaci\u00f3n Operativa 1. \u201cTodos los equipos est\u00e1n trabajando de forma coordinada para garantizar la seguridad\u201d, ha traslado la presidenta en funciones.<\/p>\n<p><a href=\"https:\/\/elpais.com\/espana\/2026-01-28\/extremadura-envia-un-es-alert-en-varias-localidades-por-riesgo-extremo-por-los-vientos-lluvias-y-nieves-que-deja-el-temporal.html\" target=\"_blank\">Puedes leer aqu\u00ed la informaci\u00f3n completa<\/a><\/p>\n<\/div>\n<div class=\"ev-meta\">\n<div class=\"ev-date\"><time datetime=\"2026-01-28T13:43:41.000+01:00\" class=\"ev-date-updated\">Publicado a las: 13:43 CET 28\/01\/2026 <\/time><\/div>\n<\/div>\n<\/div>\n<\/div>\n<div id=\"b3475ed310e836098071b09825ab132e\" data-les-card=\"default\" data-sort-time=\"1769603802000\" data-update-time=\"1769603802000\" class=\"ev-unit ev-unit-default\" data-is-key-card=\"false\">\n<div class=\"ev-au ev-au-single\">\n<figure class=\"ev-au-photo\"><img loading=\"lazy\" decoding=\"async\" class=\"ev-au-img\" src=\"https:\/\/analyse.optim.biz\/wp-content\/uploads\/2026\/01\/0b9a52b8-006a-4382-938a-05e3d58f07cf.png\" width=\"45\" height=\"45\" alt=\"El Pa\u00eds\" title=\"0b9a52b8-006a-4382-938a-05e3d58f07cf\"><\/figure>\n<div class=\"ev-au-text\"><span class=\"ev-au-name\">El Pa\u00eds<\/span><\/div>\n<\/div>\n<div class=\"ev-main\">\n<div class=\"ev-text\">\n<p class=\"ev-title\">Las incidencias meteorol\u00f3gicas afectan a unos 1.100 alumnos en Castilla-La Mancha<\/p>\n<p>Las incidencias meteorol\u00f3gicas que est\u00e1 dejando la borrasca <em>Kristin<\/em> han afectado este mi\u00e9rcoles a unos 1.100 alumnos de Castilla-La Mancha, en particular en la provincia de Guadalajara donde han sido afectadas por la nieve 41 rutas escolares, ha indicado el consejero de Educaci\u00f3n, Amador Pastor.<\/p>\n<p>Pastor ha informado, adem\u00e1s, de dos episodios de ca\u00eddas de material en dos colegios de dos municipios de Ciudad Real, aunque no ha habido da\u00f1os personales. Se trata del colegio de Cinco Casas, que ha sido evacuado despu\u00e9s de que el viento haya derribado un \u00e1rbol que estaba en el patio y haya ca\u00eddo sobre una parte del inmueble.\u00a0El otro incidente se ha producido en el colegio Garc\u00eda Bellido, de Villanueva de los Infantes, en el que se ha ca\u00eddo un muro de la cubierta superior y ha roto la impermeabilizaci\u00f3n inundando cinco clases de Educaci\u00f3n Infantil, que se han tenido que evacuar por inundaci\u00f3n, ha explicado Pastor, que ha a\u00f1adido que los bomberos han tenido que actuar para evitar m\u00e1s peligros.<\/p>\n<p>La nieve ha tenido una mayor incidencia en las provincias de Guadalajara, Cuenca y Albacete. En Guadalajara ha afectado a 41 rutas escolares, aunque Amador no ha concretado si se han interrumpido total o\u00a0parcialmente, en las que se trasporta habitualmente a en torno a 860 alumnos. A su vez, en la provincia de Cuenca ha habido 14 rutas escolares afectadas y en otras tres en la provincia de Albacete.<\/p>\n<p>En este sentido, el titular de Educaci\u00f3n, ha comentado que se est\u00e1 transmitiendo la informaci\u00f3n de que en algunas de estas zonas est\u00e1 dejando de nevar, por lo que es previsible que en las pr\u00f3ximas horas mejore el estado de las carreteras que discurren por ellas, lo que incidir\u00e1 tambi\u00e9n en las expediciones de vuelta de las rutas en la que los alumnos han podido ser llevados a sus centros.<\/p>\n<p>Adem\u00e1s de estas incidencias, se est\u00e1 registrando la crecida de un arroyo en Numancia de la Sagra (Toledo), que podr\u00eda dejar incomunicado un centro educativo, por lo que la zona hay efectivos de la Polic\u00eda Local y Protecci\u00f3n Civil vigilando la evoluci\u00f3n.\u00a0Si la crecida aumentara, el centro educativo ser\u00e1 evacuado antes de que quede aislado, ha a\u00f1adido el consejero de Educaci\u00f3n. (EFE)<\/p>\n<\/div>\n<div class=\"ev-meta\">\n<div class=\"ev-date\"><time datetime=\"2026-01-28T13:36:42.000+01:00\" class=\"ev-date-updated\">Publicado a las: 13:36 CET 28\/01\/2026 <\/time><\/div>\n<\/div>\n<\/div>\n<\/div>\n<div id=\"2287c0e16dbb3e2e8c14eec26e1cb146\" data-les-card=\"default\" data-sort-time=\"1769603383000\" data-update-time=\"1769603383000\" class=\"ev-unit ev-unit-default\" data-is-key-card=\"false\">\n<div class=\"ev-au ev-au-single\">\n<figure class=\"ev-au-photo\"><img loading=\"lazy\" decoding=\"async\" class=\"ev-au-img\" src=\"https:\/\/analyse.optim.biz\/wp-content\/uploads\/2026\/01\/0b9a52b8-006a-4382-938a-05e3d58f07cf.png\" width=\"45\" height=\"45\" alt=\"El Pa\u00eds\" title=\"0b9a52b8-006a-4382-938a-05e3d58f07cf\"><\/figure>\n<div class=\"ev-au-text\"><span class=\"ev-au-name\">El Pa\u00eds<\/span><\/div>\n<\/div>\n<div class=\"ev-main\">\n<div class=\"ev-text\">\n<p class=\"ev-title\">El r\u00edo Cea, en alerta roja a su paso por Sahag\u00fan (Le\u00f3n)<\/p>\n<p>El caudal del r\u00edo Cea asciende a 61,99 metros c\u00fabicos por segundo con tendencia ascendente a causa de las intensas lluvias y nevadas de estos d\u00edas, que van llegando ya a los cauces, por lo que la <a href=\"https:\/\/www.saihduero.es\/risr\/datos-tiempo-real\" target=\"_blank\">Confederaci\u00f3n Hidrogr\u00e1fica del Duero<\/a> ha emitido un aviso rojo. Esta misma Confederaci\u00f3n emite aviso rojo por el nivel del r\u00edo Huebra a su paso por Puente Resbala (Salamanca).<\/p>\n<\/div>\n<div class=\"ev-meta\">\n<div class=\"ev-date\"><time datetime=\"2026-01-28T13:29:43.000+01:00\" class=\"ev-date-updated\">Publicado a las: 13:29 CET 28\/01\/2026 <\/time><\/div>\n<\/div>\n<\/div>\n<\/div>\n<div id=\"2f63985d69c7398ea7301eacf555524d\" data-les-card=\"default\" data-sort-time=\"1769603374000\" data-update-time=\"1769603788000\" class=\"ev-unit ev-unit-default\" data-is-key-card=\"false\">\n<div class=\"ev-au ev-au-single\">\n<figure class=\"ev-au-photo\"><img loading=\"lazy\" decoding=\"async\" class=\"ev-au-img\" src=\"https:\/\/analyse.optim.biz\/wp-content\/uploads\/2026\/01\/9bc19456-dd06-4b40-92fa-c641101bbda7.png\" width=\"45\" height=\"45\" alt=\"Sara Castro\" title=\"9bc19456-dd06-4b40-92fa-c641101bbda7\"><\/figure>\n<div class=\"ev-au-text\"><span class=\"ev-au-name\">Sara Castro<\/span><span class=\"ev-au-location\">Madrid <\/span><\/div>\n<\/div>\n<div class=\"ev-main\">\n<div class=\"ev-text\">\n<p class=\"ev-title\">La presidenta de la Asociaci\u00f3n de Directores de Institutos P\u00fablicos de Madrid:  \u201cNo recibimos ninguna informaci\u00f3n oficial por parte de la Consejer\u00eda de Educaci\u00f3n\u201d <\/p>\n<p>Desde el IES\u00a0Guadarrama, Rosa Rocha, presidenta de la Asociaci\u00f3n de Directores de Institutos P\u00fablicos de Madrid, no ha parado en toda la ma\u00f1ana. Reconoce que la situaci\u00f3n ha sido un poco ca\u00f3tica, tanto en la zona norte de la comunidad aut\u00f3noma como en la oeste: \u201cNo hemos recibido ninguna informaci\u00f3n oficial por parte de la Consejer\u00eda de Educaci\u00f3n para gestionar el temporal, ni este martes ni este mi\u00e9rcoles. Las familias y los chicos se ponen muy nerviosos, no saben c\u00f3mo actuar\u201d. Explica que el Gobierno auton\u00f3mico solo ha publicado a las 9.30 en la red social X un mensaje en el que informaba de que los directores de los centros son los que deben valorar seg\u00fan el estado del municipio y la situaci\u00f3n. Pero ella a las 8.00 ya estaba en su puesto de trabajo limpiando la nieve, dado que las clases comenzaban en media hora.\u00a0<\/p>\n<p>\u201cMuchos profesores y alumnos no han podido venir y los que lo han hecho, ahora no saben c\u00f3mo volver\u00e1n a casa\u201d, dice Rocha mientras gestiona unos taxis para los estudiantes que han llegado a primera hora de la ma\u00f1ana en transporte escolar, dado que este ahora ha dejado de prestar servicio por la nevada. Su centro est\u00e1 abierto, pero ha tenido que suspender las clases por falta de docentes. Lamenta tener que haber tomado ella esta decisi\u00f3n a lo largo de la ma\u00f1ana y no la Consejer\u00eda de Educaci\u00f3n.\u00a0<\/p>\n<p>\u201cEs cierto que ha empezado a nevar a las 7.00 y a las 8.00 ya hab\u00eda 15 cent\u00edmetros de nieve, pero han tenido una reacci\u00f3n muy lenta, no nos lo esper\u00e1bamos\u201d, cuenta. La informaci\u00f3n, adem\u00e1s de ambigua, le parece incorrecta al no estar formulada por el canal correcto: \u201cYo no tengo X, ni tengo por qu\u00e9 tenerlo. No puede ser que nos vayan llegando las cosas por grupos de Whatsapp\u201d. Reconoce gestionar la situaci\u00f3n como mejor puede, con prudencia y sentido com\u00fan. La tasa de presencialidad del alumnado es del 20% con 150 adolescentes en el centro.<\/p>\n<\/div>\n<div class=\"ev-meta\">\n<div class=\"ev-date\"><time datetime=\"2026-01-28T13:36:28.000+01:00\" class=\"ev-date-updated\">Publicado a las: 13:29 CET 28\/01\/2026  y modificado a las 13:36 CET 28\/01\/2026 <\/time><\/div>\n<\/div>\n<\/div>\n<\/div>\n<div id=\"1ea4b933547c388a8720e543a86feef5\" data-les-card=\"twitter\" data-sort-time=\"1769603187000\" data-update-time=\"1769603218000\" class=\"ev-unit ev-unit-twitter\" data-is-key-card=\"false\">\n<div class=\"ev-au ev-au-single\">\n<figure class=\"ev-au-photo\"><img loading=\"lazy\" decoding=\"async\" class=\"ev-au-img\" src=\"https:\/\/analyse.optim.biz\/wp-content\/uploads\/2026\/01\/v77runbj2fc75mmyq5tun3q3ki.png\" width=\"45\" height=\"45\" alt=\"Jos\u00e9 C. Rejas\" title=\"v77runbj2fc75mmyq5tun3q3ki\"><\/figure>\n<div class=\"ev-au-text\"><span class=\"ev-au-name\">Jos\u00e9 C. Rejas<\/span><\/div>\n<\/div>\n<div class=\"ev-main\">\n<div class=\"ev-text\">\n<p class=\"ev-title\">Castilla-La Mancha registra 249 incidencias <\/p>\n<p>El 112 notifica ya 249 incidencias por viento, nieve o lluvia en Castilla-La Mancha entre las 10.00 y las 12.00 de este mi\u00e9rcoles. La mayor parte de los avisos se concentran en la provincia de Ciudad Real, con 93, seguida de Toledo, con 38. En Cuenca se han registrado 20 y en Guadalajara 16. Desde las 8.00, el 112 ha informado en total de 106 afectaciones en la provincia de Ciudad Real; 49 en Guadalajara, 48 en Toledo, 45 en Cuenca y tan solo una, desde la activaci\u00f3n del Meteocam por parte del Gobierno regional, en Albacete.<\/p>\n<p>Seg\u00fan el Servicio de Emergencias de Castilla-La Mancha, la mayor parte de las incidencias en las provincias de Cuenca y Guadalajara lo son por la nieve, mientras que en Toledo y Ciudad Real los avisos est\u00e1n relacionados con las fuertes rachas de viento que se registran en la ma\u00f1ana de este mi\u00e9rcoles. Son, en su mayor\u00eda, desprendimientos de \u00e1rboles, tejas, tejados, postes, cableado o se\u00f1ales que han afectado sobre todo a Ciudad Real capital, pero tambi\u00e9n a municipios como Tomelloso, Valdepe\u00f1as o Alc\u00e1zar de San Juan.\u00a0<\/p>\n<p>No constan, eso s\u00ed, da\u00f1os personales por ninguna de estas incidencias. En un mensaje en la red social X, el presidente de Castilla-La Mancha, Emiliano Garc\u00eda-Page, ha pedido a la poblaci\u00f3n \u201cque siga las recomendaciones, act\u00fae con precauci\u00f3n y evite riesgos\u201d.<\/p>\n<\/div>\n<div class=\"ev-meta\">\n<div class=\"ev-date\"><time datetime=\"2026-01-28T13:26:58.000+01:00\" class=\"ev-date-updated\">Publicado a las: 13:26 CET 28\/01\/2026  y modificado a las 13:26 CET 28\/01\/2026 <\/time><\/div>\n<\/div>\n<\/div>\n<\/div>\n<div id=\"3b415f1864893db38c6e88982c68975f\" data-les-card=\"default\" data-sort-time=\"1769603123000\" data-update-time=\"1769603123000\" class=\"ev-unit ev-unit-default\" data-is-key-card=\"false\">\n<div class=\"ev-au ev-au-single\">\n<figure class=\"ev-au-photo\"><img loading=\"lazy\" decoding=\"async\" class=\"ev-au-img\" src=\"https:\/\/analyse.optim.biz\/wp-content\/uploads\/2026\/01\/23e85ec4-9a4b-4aea-9afc-9ae7be190832.png\" width=\"45\" height=\"45\" alt=\"Nacho S\u00e1nchez\" title=\"23e85ec4-9a4b-4aea-9afc-9ae7be190832\"><\/figure>\n<div class=\"ev-au-text\"><span class=\"ev-au-name\">Nacho S\u00e1nchez<\/span><span class=\"ev-au-location\">M\u00e1laga <\/span><\/div>\n<\/div>\n<div class=\"ev-main\">\n<div class=\"ev-text\">\n<p class=\"ev-title\">Varias carreteras cortadas en C\u00f3rdoba por inundaci\u00f3n<\/p>\n<p>En C\u00f3rdoba hay ya varias carreteras cortadas debido al temporal. Lo est\u00e1 la A-309 ya que el Arroyo salado se ha desbordado y pasa por encima de la carretera en el tramo entre los municipios de Bujalance y Castro del R\u00edo. Tambi\u00e9n lo est\u00e1 la antigua C-336 en Monturque, debido a la subida del r\u00edo Cabra, que ha inundado el asfalto. Por agua y barro tambi\u00e9n hay cortes en la A-3126 y la A-305, ambas en el t\u00e9rmino municipal de Baena. Adem\u00e1s, la circulaci\u00f3n est\u00e1 restringida de manera parcial en la v\u00eda A-379 en Santaella debido a la ca\u00edda de un \u00e1rbol.<\/p>\n<\/div>\n<div class=\"ev-meta\">\n<div class=\"ev-date\"><time datetime=\"2026-01-28T13:25:23.000+01:00\" class=\"ev-date-updated\">Publicado a las: 13:25 CET 28\/01\/2026 <\/time><\/div>\n<\/div>\n<\/div>\n<\/div>\n<div id=\"b489631f67393033b79ecc71d277c054\" data-les-card=\"default\" data-sort-time=\"1769602796000\" data-update-time=\"1769602796000\" class=\"ev-unit ev-unit-default\" data-is-key-card=\"false\">\n<div class=\"ev-au ev-au-single\">\n<figure class=\"ev-au-photo\"><img loading=\"lazy\" decoding=\"async\" class=\"ev-au-img\" src=\"https:\/\/analyse.optim.biz\/wp-content\/uploads\/2026\/01\/xdam3z7nxveltgrgidyiep7lyq.png\" width=\"45\" height=\"45\" alt=\"Raquel Garc\u00eda Rodr\u00edguez\" title=\"xdam3z7nxveltgrgidyiep7lyq\"><\/figure>\n<div class=\"ev-au-text\"><span class=\"ev-au-name\">Raquel Garc\u00eda Rodr\u00edguez<\/span><\/div>\n<\/div>\n<div class=\"ev-main\">\n<div class=\"ev-text\">\n<p class=\"ev-title\">El viento hace caer ventanas y la barandilla de un balc\u00f3n en Sevilla<\/p>\n<p>Las lluvias y fuertes vientos han provocado que ventanas, persianas y la barandilla de un balc\u00f3n caigan a la calle sobre veh\u00edculos estacionados\u00a0en una calle de la barriada de Sevilla Este. El desprendimiento, que se ha producido sobre las 10 de la ma\u00f1ana, no ha provocado heridos. Los servicios de emergencias se han trasladado al lugar y han intervenido para evitar m\u00e1s desprendimientos.\u00a0<\/p>\n<\/div>\n<div class=\"ev-meta\">\n<div class=\"ev-date\"><time datetime=\"2026-01-28T13:19:56.000+01:00\" class=\"ev-date-updated\">Publicado a las: 13:19 CET 28\/01\/2026 <\/time><\/div>\n<\/div>\n<\/div>\n<\/div>\n<div id=\"7934728d36c33818b50cd8c598376b8d\" data-les-card=\"default\" data-sort-time=\"1769602143000\" data-update-time=\"1769602143000\" class=\"ev-unit ev-unit-default\" data-is-key-card=\"false\">\n<div class=\"ev-au ev-au-single\">\n<figure class=\"ev-au-photo\"><img loading=\"lazy\" decoding=\"async\" class=\"ev-au-img\" src=\"https:\/\/analyse.optim.biz\/wp-content\/uploads\/2026\/01\/4b5f227e-c858-4d89-9562-ed916fc413de.png\" width=\"45\" height=\"45\" alt=\"Beatriz Olaizola\" title=\"4b5f227e-c858-4d89-9562-ed916fc413de\"><\/figure>\n<div class=\"ev-au-text\"><span class=\"ev-au-name\">Beatriz Olaizola<\/span><span class=\"ev-au-location\">Madrid<\/span><\/div>\n<\/div>\n<div class=\"ev-main\">\n<div class=\"ev-text\">\n<p class=\"ev-title\">El alcalde de Madrid informa de que no ha habido incidencias significativas en la ciudad a causa de la nevada<\/p>\n<p>El alcalde de Madrid, Jos\u00e9 Luis Mart\u00ednez-Almeida, ha informado de que, a pesar de la nevada, que ha afectado especialmente al norte de la ciudad, no se han registrado incidencias significativas en la capital, tan solo la ca\u00edda de un \u00e1rbol en la avenida de San Luis, donde ya se est\u00e1n realizando las labores pertinentes para retirarlo. Todos los t\u00faneles de la ciudad est\u00e1n abiertos, salvo el anillo distribuidor de las Cuatro Torres, en el que siguen trabajando. Las l\u00edneas de autob\u00fas, ha se\u00f1alado, funcionan todas sin alteraciones y el tr\u00e1nsito en la M-30 y el resto de calles es normal. No les consta que haya veh\u00edculos atrapados o retenidos en la ciudad. \u201cEn apenas una hora se ha incrementado en un 150% el n\u00famero de m\u00e1quinas quitanieves y se ha alcanzado la cifra de 5.600 efectivos trabajando en la retirada de nieve, el esparcimiento de sal y la prevenci\u00f3n de placas de hielo\u201d, ha detallado Almeida a los medios desde el Centro Integrado de Seguridad y Emergencias del Ayuntamiento.\u00a0<\/p>\n<p>El Ayuntamiento mantiene activa la alerta por fuertes rachas de viento y por ese motivo todos los parques de la ciudad permanecer\u00e1n cerrados durante el resto del d\u00eda. \u201cLa previsi\u00f3n meteorol\u00f3gica indica una subida de las temperaturas y el cese de las precipitaciones, por lo que entendemos que, desde ahora y a lo largo de la tarde, las condiciones ser\u00e1n de normalidad. No obstante, recomendamos precauci\u00f3n, especialmente por las rachas de viento que se registran en estos momentos\u201d, ha a\u00f1adido el alcalde.<\/p>\n<\/div>\n<div class=\"ev-meta\">\n<div class=\"ev-date\"><time datetime=\"2026-01-28T13:09:03.000+01:00\" class=\"ev-date-updated\">Publicado a las: 13:09 CET 28\/01\/2026 <\/time><\/div>\n<\/div>\n<\/div>\n<\/div>\n<div id=\"fe9df9fafcf835798f5a4e5365183d2d\" data-les-card=\"default\" data-sort-time=\"1769601843000\" data-update-time=\"1769602464000\" class=\"ev-unit ev-unit-default\" data-is-key-card=\"false\">\n<div class=\"ev-au ev-au-single\">\n<figure class=\"ev-au-photo\"><img loading=\"lazy\" decoding=\"async\" class=\"ev-au-img\" src=\"https:\/\/analyse.optim.biz\/wp-content\/uploads\/2026\/01\/v77runbj2fc75mmyq5tun3q3ki.png\" width=\"45\" height=\"45\" alt=\"Jos\u00e9 C. Rejas\" title=\"v77runbj2fc75mmyq5tun3q3ki\"><\/figure>\n<div class=\"ev-au-text\"><span class=\"ev-au-name\">Jos\u00e9 C. Rejas<\/span><span class=\"ev-au-location\">Toledo <\/span><\/div>\n<\/div>\n<div class=\"ev-main\">\n<div class=\"ev-text\">\n<p class=\"ev-title\">M\u00e1s de medio centenar de rutas escolares afectadas por la nieve en Cuenca y Guadalajara<\/p>\n<p>El paso de la borrasca <em>Kristin<\/em> por Castilla-La Mancha ha afectado a 14 rutas escolares en la provincia de Cuenca. En total, 123 alumnos no han podido llegar esta ma\u00f1ana a los centros educativos por la nieve que est\u00e1 cayendo en la Serran\u00eda conquense. Las rutas afectadas se dirig\u00edan a Ca\u00f1ete, Ca\u00f1amares, Beteta, Huete, Villalba de la Sierra, y a los institutos Fernando Z\u00f3bel, Herv\u00e1s e Infantas de Espa\u00f1a, en la capital conquense.\u00a0<\/p>\n<p>En la provincia de Guadalajara, se han visto afectadas otras 41 rutas escolares, con unos 1.000 alumnos que no han podido acudir a clase, seg\u00fan han confirmado a Efe fuentes de la Delegaci\u00f3n de la Junta en esa provincia. Adem\u00e1s, seg\u00fan informa Nueva Alcarria, cinco menores han tenido que ser rescatados por la Guardia Civil, a la altura de Alcocer, al quedar atrapado por la nieve el autob\u00fas escolar en el que viajaban.<\/p>\n<\/div>\n<div class=\"ev-meta\">\n<div class=\"ev-date\"><time datetime=\"2026-01-28T13:14:24.000+01:00\" class=\"ev-date-updated\">Publicado a las: 13:04 CET 28\/01\/2026  y modificado a las 13:14 CET 28\/01\/2026 <\/time><\/div>\n<\/div>\n<\/div>\n<\/div>\n<div id=\"1ada3765ad6337828f2d832e53eb77b4\" data-les-card=\"default\" data-sort-time=\"1769601753000\" data-update-time=\"1769601753000\" class=\"ev-unit ev-unit-default\" data-is-key-card=\"false\">\n<div class=\"ev-au ev-au-single\">\n<figure class=\"ev-au-photo\"><img loading=\"lazy\" decoding=\"async\" class=\"ev-au-img\" src=\"https:\/\/analyse.optim.biz\/wp-content\/uploads\/2026\/01\/436bf3ba-92c7-45dc-bc4d-9b853977577a.png\" width=\"45\" height=\"45\" alt=\"Javier Fern\u00e1ndez Magari\u00f1o\" title=\"436bf3ba-92c7-45dc-bc4d-9b853977577a\"><\/figure>\n<div class=\"ev-au-text\"><span class=\"ev-au-name\">Javier Fern\u00e1ndez Magari\u00f1o<\/span><span class=\"ev-au-location\">Madrid<\/span><\/div>\n<\/div>\n<div class=\"ev-main\">\n<div class=\"ev-text\">\n<p class=\"ev-title\">El aeropuerto de Madrid-Barajas recupera la pista cerrada por hielo y opera ya con las cuatro<\/p>\n<p>La actuaci\u00f3n de los equipos de mantenimiento han permitido la reapertura, pasado el mediod\u00eda, de la pista del aeropuerto de Madrid-Barajas que m\u00e1s hab\u00eda sufrido por el hielo y la acumulaci\u00f3n de nieve a lo largo de la ma\u00f1ana. El operador Aena asegura que la infraestructura tiene sus cuatro pistas h\u00e1biles, aunque numerosos vuelos acumulan retrasos. El consejo durante toda la jornada a los viajeros es que consulten los horarios con sus aerol\u00edneas. Tanto las pistas como distintos aviones han precisado la aplicaci\u00f3n de productos descongelantes.<\/p>\n<\/div>\n<div class=\"ev-meta\">\n<div class=\"ev-date\"><time datetime=\"2026-01-28T13:02:33.000+01:00\" class=\"ev-date-updated\">Publicado a las: 13:02 CET 28\/01\/2026 <\/time><\/div>\n<\/div>\n<\/div>\n<\/div>\n<div id=\"1012ee495ed53d0087556aa353e11fa2\" data-les-card=\"news\" data-sort-time=\"1769601692000\" data-update-time=\"1769601692000\" class=\"ev-unit ev-unit-news\" data-is-key-card=\"false\">\n<div class=\"ev-au ev-au-single\">\n<figure class=\"ev-au-photo\"><img loading=\"lazy\" decoding=\"async\" class=\"ev-au-img\" src=\"https:\/\/analyse.optim.biz\/wp-content\/uploads\/2026\/01\/0b9a52b8-006a-4382-938a-05e3d58f07cf.png\" width=\"45\" height=\"45\" alt=\"El Pa\u00eds\" title=\"0b9a52b8-006a-4382-938a-05e3d58f07cf\"><\/figure>\n<div class=\"ev-au-text\"><span class=\"ev-au-name\">El Pa\u00eds<\/span><\/div>\n<\/div>\n<div class=\"ev-me-ct\">\n<figure><a target=\"_blank\" href=\"https:\/\/elpais.com\/espana\/madrid\/2026-01-28\/el-ayuntamiento-de-madrid-activa-la-fase-de-emergencia-de-su-plan-invernal-y-cierra-nueve-parques-de-la-ciudad-por-el-temporal.html\"><img decoding=\"async\" src=\"https:\/\/analyse.optim.biz\/wp-content\/uploads\/2026\/01\/nmrp57llmngyzhuxsqahylbtjy.jpg\" width=\"414\" height=\"276\" alt=\"Ampliaci\u00f3n | El Ayuntamiento de Madrid activa la fase de Emergencia de su plan invernal y cierra nueve parques de la ciudad por el temporal\" loading=\"lazy\" title=\"nmrp57llmngyzhuxsqahylbtjy\"><\/a><\/figure>\n<\/div>\n<div class=\"ev-main\">\n<div class=\"ev-text\">\n<p class=\"ev-kicker\"><a target=\"_blank\" href=\"https:\/\/elpais.com\/noticias\/ayuntamiento-madrid\/\">Ayuntamiento de Madrid<\/a><\/p>\n<p class=\"ev-title\"><a target=\"_blank\" href=\"https:\/\/elpais.com\/espana\/madrid\/2026-01-28\/el-ayuntamiento-de-madrid-activa-la-fase-de-emergencia-de-su-plan-invernal-y-cierra-nueve-parques-de-la-ciudad-por-el-temporal.html\">Ampliaci\u00f3n | El Ayuntamiento de Madrid activa la fase de Emergencia de su plan invernal y cierra nueve parques de la ciudad por el temporal<\/a><\/p>\n<div class=\"ev-authorship\"><a href=\"https:\/\/elpais.com\/autor\/el-pais\/\" class=\"ev-author\">El Pa\u00eds<\/a><\/div>\n<\/div>\n<\/div>\n<div class=\"ev-main\">\n<div class=\"ev-text\">\n<p>El\u00a0Ayuntamiento de Madrid\u00a0ha activado esta ma\u00f1ana la Situaci\u00f3n Operativa 1 del Plan de Emergencias Invernales municipal, por lo que se decreta la fase de Emergencia ante las consecuencias del\u00a0temporal que afecta a casi todo el pa\u00eds. Esta Situaci\u00f3n Operativa \u2015la segunda en una escala que va del cero al tres, siendo esta \u00faltima la m\u00e1s grave\u2015 se establece normalmente cuando la Aemet ha activado un aviso meteorol\u00f3gico naranja (en estos momentos Madrid se encuentra en aviso amarillo tanto por nevadas como por vientos) y cuando hay afectaciones en varios distritos de la capital. Fuencarral-El Pardo, Hortaleza y Moncloa han registrado la ma\u00f1ana de este mi\u00e9rcoles las mayores nevadas en el t\u00e9rmino municipal. Seg\u00fan ha informado el consistorio, m\u00e1s de 5.600 personas trabajan ya en la limpieza urbana en diferentes puntos de la ciudad, especialmente en los distritos m\u00e1s afectados. Toda la maquinaria necesaria est\u00e1 activa y hay m\u00e1s de 200 esparcidores de sal sobre el terreno para derretir la nieve.<\/p>\n<p><a href=\"https:\/\/elpais.com\/espana\/madrid\/2026-01-28\/el-ayuntamiento-de-madrid-activa-la-fase-de-emergencia-de-su-plan-invernal-y-cierra-nueve-parques-de-la-ciudad-por-el-temporal.html\" target=\"_blank\">Puedes leer aqu\u00ed el informe completo<\/a><\/p>\n<\/div>\n<div class=\"ev-meta\">\n<div class=\"ev-date\"><time datetime=\"2026-01-28T13:01:32.000+01:00\" class=\"ev-date-updated\">Publicado a las: 13:01 CET 28\/01\/2026 <\/time><\/div>\n<\/div>\n<\/div>\n<\/div>\n<div id=\"59dbbfcfbff835f8bfd6de95f68f355c\" data-les-card=\"twitter\" data-sort-time=\"1769601588000\" data-update-time=\"1769601588000\" class=\"ev-unit ev-unit-twitter\" data-is-key-card=\"false\">\n<div class=\"ev-au ev-au-single\">\n<figure class=\"ev-au-photo\"><img loading=\"lazy\" decoding=\"async\" class=\"ev-au-img\" src=\"https:\/\/analyse.optim.biz\/wp-content\/uploads\/2026\/01\/0b9a52b8-006a-4382-938a-05e3d58f07cf.png\" width=\"45\" height=\"45\" alt=\"El Pa\u00eds\" title=\"0b9a52b8-006a-4382-938a-05e3d58f07cf\"><\/figure>\n<div class=\"ev-au-text\"><span class=\"ev-au-name\">El Pa\u00eds<\/span><\/div>\n<\/div>\n<div class=\"ev-main\">\n<div class=\"ev-text\">\n<p class=\"ev-title\">Cortada la A-7 en Algeciras al caer una farola por el viento<\/p>\n<p>La DGT informa en su cuenta de X de que se ha tenido que cortar la autov\u00eda A-7 en el punto kilom\u00e9trico 1122. Est\u00e1 cortado el carril izquierdo en sentido decreciente por la ca\u00edda de una farola debido al fuerte viento.<\/p>\n<\/div>\n<div class=\"ev-meta\">\n<div class=\"ev-date\"><time datetime=\"2026-01-28T12:59:48.000+01:00\" class=\"ev-date-updated\">Publicado a las: 12:59 CET 28\/01\/2026 <\/time><\/div>\n<\/div>\n<\/div>\n<\/div>\n<\/div>\n<\/div>\n<\/div>\n<\/div>\n<div id=\"me-dis\" class=\"me _pf\">\n<div class=\"me_bg\">\n<div class=\"me-dis _pa _df\">\n<div class=\"me-dis_c\">\n<h2 class=\"me-dis_t\">Tu suscripci\u00f3n se est\u00e1 usando en otro dispositivo<\/h2>\n<p>\u00bfQuieres a\u00f1adir otro usuario a tu suscripci\u00f3n?<\/p>\n<div class=\"me-dis_l\"><a href=\"https:\/\/elpais.com\/suscripciones\/premium\/upgrade\/?utm_source=autopromo&amp;utm_medium=interno&amp;utm_campaign=YYYY_MM_capping_upgrade\" id=\"capping-upgrade\" class=\"btn\">A\u00f1adir usuario<\/a><a href=\"https:\/\/elpais.com\/espana\/2026-01-28\/ultima-hora-de-los-efectos-de-la-borrasca-kristin-en-directo.html\" id=\"capping-continue\" class=\"btn btn-b\">Continuar leyendo aqu\u00ed<\/a><\/div>\n<p>Si contin\u00faas leyendo en este dispositivo, no se podr\u00e1 leer en el otro.<\/p>\n<p class=\"lk\"><a href=\"https:\/\/elpais.com\/espana\/2026-01-28\/ultima-hora-de-los-efectos-de-la-borrasca-kristin-en-directo.html\" id=\"capping-show-more-button\">\u00bfPor qu\u00e9 est\u00e1s viendo esto?<\/a><\/p>\n<p><span class=\"arrow\" id=\"capping-arrow\">Flecha<\/span><\/p>\n<div class=\"me-dis_d\">\n<div class=\"me-dis_d_t\">\n<h2 class=\"enc\">Tu suscripci\u00f3n se est\u00e1 usando en otro dispositivo y solo puedes acceder a EL PA\u00cdS desde un dispositivo a la vez.<\/h2>\n<div class=\"tx\">\n<p>Si quieres compartir tu cuenta, cambia tu suscripci\u00f3n a la modalidad Premium, as\u00ed podr\u00e1s a\u00f1adir otro usuario. Cada uno acceder\u00e1 con su propia cuenta de email, lo que os permitir\u00e1 personalizar vuestra experiencia en EL PA\u00cdS.<\/p>\n<p>\u00bfTienes una suscripci\u00f3n de empresa? Accede <a target=\"_blank\" rel=\"noreferrer\" href=\"https:\/\/elpais.com\/suscripciones\/premium\/upgrade\/\">aqu\u00ed<\/a> para contratar m\u00e1s cuentas.<\/p>\n<p>En el caso de no saber qui\u00e9n est\u00e1 usando tu cuenta, te recomendamos cambiar tu contrase\u00f1a <a target=\"_blank\" rel=\"noreferrer\" href=\"https:\/\/elpais.com\/subscriptions\/#\/forgot-password\">aqu\u00ed.<\/a><\/p>\n<p>Si decides continuar compartiendo tu cuenta, este mensaje se mostrar\u00e1 en tu dispositivo y en el de la otra persona que est\u00e1 usando tu cuenta de forma indefinida, afectando a tu experiencia de lectura. Puedes <a target=\"_blank\" rel=\"noreferrer\" href=\"https:\/\/elpais.com\/suscripciones\/condiciones-generales-servicios\/\">consultar aqu\u00ed los t\u00e9rminos y condiciones de la suscripci\u00f3n digital.<\/a><\/p>\n<\/div>\n<\/div>\n<\/div>\n<\/div>\n<\/div>\n<\/div>\n<\/div>\n<aside class=\"w w-fid\">\n<div class=\"w_b\">\n<div class=\"w-fid_t\"><a href=\"https:\/\/plus.elpais.com\/newsletters\/lnp\/1\/2\/#?prm=not_newsletters_espana\">El mejor an\u00e1lisis de la actualidad con Milagros P\u00e9rez Oliva, en EL PA\u00cdS de la ma\u00f1ana.<\/a><\/div>\n<div class=\"w-fid_s\">\n<div class=\"w_rs\">\n<div class=\"w_rs_i\"><a class=\"_btn\" href=\"https:\/\/www.facebook.com\/elpais\" rel=\"nofollow\"><span class=\"_sr\">Espana El Pa\u00eds en Facebook<\/span><\/a><\/div>\n<div class=\"w_rs_i\"><a class=\"_btn\" href=\"https:\/\/www.instagram.com\/el_pais\/\" rel=\"nofollow\"><span class=\"_sr\">Espana El Pa\u00eds en Instagram<\/span><\/a><\/div>\n<div class=\"w_rs_i\"><a class=\"_btn\" href=\"https:\/\/twitter.com\/el_pais\" rel=\"nofollow\"><span class=\"_sr\">Espana El Pa\u00eds en Twitter<\/span><\/a><\/div>\n<\/div>\n<\/div>\n<\/div>\n<\/aside>\n<aside class=\"a_com w w-com _df\"><a class=\"a_com_l\" href=\"https:\/\/elpais.com\/info\/normas-de-participacion\/\">Normas \u203a<\/a><\/aside>\n<div class=\"me _pf\" id=\"me-c\">\n<div class=\"me_bg\">\n<div class=\"me-c _pa\" id=\"comments_container\" data-dtm-region=\"articulo_comentarios\">\n<div class=\"me_f me_f-os me_cc\"><a href=\"https:\/\/plus.elpais.com\/perfil\/actividad\/\">Mis comentarios<\/a><a href=\"https:\/\/elpais.com\/info\/normas-de-participacion\/\">Normas<\/a><\/div>\n<div class=\"me_f me_f-ns\"><span class=\"me_f_txt _db\">Rellena tu <b>nombre y apellido<\/b> para comentar<\/span><a href=\"https:\/\/plus.elpais.com\/autorization.html\/?prod=COM&amp;backURL=https%3A%2F%2Felpais.com%2Fespana%2F2026-01-28%2Fultima-hora-de-los-efectos-de-la-borrasca-kristin-en-directo.html\" class=\"btn btn-2\">completar datos<\/a><\/div>\n<div class=\"me_f\" id=\"comments_msg\"><a class=\"btn btn-2\" href=\"https:\/\/elpais.com\/suscripciones\/#\/campaign?prod=SUSDIGCRART&amp;o=COM&amp;prm=suscrip_articulo_comentarios_el-pais&amp;backURL=https%3A%2F%2Felpais.com%2Fespana%2F2026-01-28%2Fultima-hora-de-los-efectos-de-la-borrasca-kristin-en-directo.html\" id=\"comments_subscribe_link\" data-link-am=\"https:\/\/elpais.com\/suscripciones\/america\/#\/campaign?prod=SUSDIGCRARTAM&amp;o=COMAM&amp;prm=suscrip_articulo_comentarios_el-pais-america&amp;backURL=https%3A%2F%2Felpais.com%2Fespana%2F2026-01-28%2Fultima-hora-de-los-efectos-de-la-borrasca-kristin-en-directo.html\" data-link-mx=\"https:\/\/elpais.com\/suscripciones\/america\/#\/campaign?prod=SUSDIGMX&amp;o=COMMX&amp;prm=suscrip_articulo_comentarios_el-pais-mexico&amp;backURL=https%3A%2F%2Felpais.com%2Fespana%2F2026-01-28%2Fultima-hora-de-los-efectos-de-la-borrasca-kristin-en-directo.html\" data-link-co=\"https:\/\/elpais.com\/suscripciones\/america\/#\/campaign?prod=SUSDIGCOL&amp;o=COMCOL&amp;prm=suscrip_articulo_comentarios_el-pais_colombia&amp;backURL=https%3A%2F%2Felpais.com%2Fespana%2F2026-01-28%2Fultima-hora-de-los-efectos-de-la-borrasca-kristin-en-directo.html\" data-link-ar=\"https:\/\/elpais.com\/suscripciones\/america\/#\/campaign?prod=SUSDIGCRARTAR&amp;o=COMAR&amp;backURL=https%3A%2F%2Felpais.com%2Fespana%2F2026-01-28%2Fultima-hora-de-los-efectos-de-la-borrasca-kristin-en-directo.html\" data-link-cl=\"https:\/\/elpais.com\/suscripciones\/america\/#\/campaign?prod=SUSDIGCHILE&amp;o=COMCHILE&amp;backURL=https%3A%2F%2Felpais.com%2Fespana%2F2026-01-28%2Fultima-hora-de-los-efectos-de-la-borrasca-kristin-en-directo.html\" data-link-us=\"https:\/\/elpais.com\/suscripciones\/america\/#\/campaign?prod=SUSDIGCRARTEUCAN&amp;o=COMUS&amp;prm=suscrip_articulo_comentarios_el-pais_eucan&amp;backURL=https%3A%2F%2Felpais.com%2Fespana%2F2026-01-28%2Fultima-hora-de-los-efectos-de-la-borrasca-kristin-en-directo.html\">Suscr\u00edbete en El Pa\u00eds para participar<\/a><a class=\"btn btn-3\" href=\"https:\/\/elpais.com\/subscriptions\/#\/sign-in?prod=REG&amp;o=COM&amp;prm=login_articulo_comentarios_el-pais&amp;backURL=https%3A%2F%2Felpais.com%2Fespana%2F2026-01-28%2Fultima-hora-de-los-efectos-de-la-borrasca-kristin-en-directo.html\" id=\"comments_login_link\" data-link-am=\"https:\/\/elpais.com\/subscriptions\/#\/sign-in?prod=REG&amp;o=COM&amp;prm=login_articulo_comentarios_el-pais-america&amp;backURL=https%3A%2F%2Felpais.com%2Fespana%2F2026-01-28%2Fultima-hora-de-los-efectos-de-la-borrasca-kristin-en-directo.html\" data-link-mx=\"https:\/\/elpais.com\/subscriptions\/#\/sign-in?prod=REG&amp;o=COM&amp;prm=login_articulo_comentarios_el-pais-mexico&amp;backURL=https%3A%2F%2Felpais.com%2Fespana%2F2026-01-28%2Fultima-hora-de-los-efectos-de-la-borrasca-kristin-en-directo.html\" data-link-co=\"https:\/\/elpais.com\/subscriptions\/#\/sign-in?prod=REG&amp;o=COM&amp;backURL=https%3A%2F%2Felpais.com%2Fespana%2F2026-01-28%2Fultima-hora-de-los-efectos-de-la-borrasca-kristin-en-directo.html\" data-link-ar=\"https:\/\/elpais.com\/subscriptions\/#\/sign-in?prod=REG&amp;o=COM&amp;backURL=https%3A%2F%2Felpais.com%2Fespana%2F2026-01-28%2Fultima-hora-de-los-efectos-de-la-borrasca-kristin-en-directo.html\" data-link-cl=\"https:\/\/elpais.com\/subscriptions\/#\/sign-in?prod=REG&amp;o=COM&amp;backURL=https%3A%2F%2Felpais.com%2Fespana%2F2026-01-28%2Fultima-hora-de-los-efectos-de-la-borrasca-kristin-en-directo.html\" data-link-us=\"https:\/\/elpais.com\/subscriptions\/#\/sign-in?prod=REG&amp;o=COM&amp;backURL=https%3A%2F%2Felpais.com%2Fespana%2F2026-01-28%2Fultima-hora-de-los-efectos-de-la-borrasca-kristin-en-directo.html\">Ya tengo una suscripci\u00f3n<\/a><\/div>\n<p>Please enable JavaScript to view the &lt;a href=&#8221;https:\/\/disqus.com\/?ref_noscript&#8221; rel=&#8221;nofollow&#8221;&gt; comments powered by Disqus.&lt;\/a&gt;<\/p><\/div>\n<\/div>\n<\/div>\n<aside class=\"w w-rel\" data-dtm-region=\"articulo_mas-informacion\">\n<h2 class=\"w_t\">M\u00e1s informaci\u00f3n<\/h2>\n<ul class=\"w_b _ls\">\n<li class=\"_g _g-xs w-rel_n\">\n<div class=\" a_m-h c_m--nf\"><span class=\"_db _pr\"><img decoding=\"async\" class=\"_re lazyload a_m-h\" height=\"311\" width=\"414\" src=\"https:\/\/analyse.optim.biz\/wp-content\/uploads\/2026\/01\/haj4qvd4zjlcjcco2z5eaqganm.jpg\" loading=\"lazy\" title=\"haj4qvd4zjlcjcco2z5eaqganm\"><\/span><\/div>\n<div class=\"nt\">\n<h3 class=\"nt_t\"><a href=\"https:\/\/elpais.com\/espana\/2026-01-27\/el-temporal-joseph-causa-derrumbamientos-y-accidentes-de-trafico-y-pone-en-alerta-varios-rios-en-castilla-y-leon.html#?rel=mas\">Muere una mujer en Torremolinos al caerle encima una palmera a causa del temporal \u2018Joseph\u2019<\/a><\/h3>\n<div class=\"nt_a\"><a href=\"https:\/\/elpais.com\/autor\/juan-navarro-garcia\/\" title=\"Ver todas las noticias de Juan Navarro\">Juan Navarro<\/a> \/ <a href=\"https:\/\/elpais.com\/autor\/jesus-antonio-canas-carrillo\/\" title=\"Ver todas las noticias de Jes\u00fas A. Ca\u00f1as\">Jes\u00fas A. Ca\u00f1as<\/a> \/ <a href=\"https:\/\/elpais.com\/autor\/ignacio-sanchez-corbacho\/\" title=\"Ver todas las noticias de Nacho S\u00e1nchez\">Nacho S\u00e1nchez<\/a> | Valladolid | C\u00e1diz | M\u00e1laga<\/div>\n<\/div>\n<\/li>\n<li class=\"_g _g-xs w-rel_n\">\n<div class=\" a_m-h c_m--nf\"><span class=\"_db _pr\"><img decoding=\"async\" class=\"_re lazyload a_m-h\" height=\"311\" width=\"414\" src=\"https:\/\/analyse.optim.biz\/wp-content\/uploads\/2026\/01\/vzsiaoahovbz5gnyqmlyvspgka.jpg\" loading=\"lazy\" title=\"vzsiaoahovbz5gnyqmlyvspgka\"><\/span><\/div>\n<div class=\"nt\">\n<h3 class=\"nt_t\"><a href=\"https:\/\/elpais.com\/espana\/2026-01-26\/un-nuevo-temporal-pone-en-alerta-roja-a-pontevedra-y-obliga-a-suspender-las-clases-en-una-veintena-de-municipios.html#?rel=mas\">Servicios de tren suspendidos e inquietud por la crecida de los r\u00edos en Galicia ante el paso de \u2018Joseph\u2019<\/a><\/h3>\n<div class=\"nt_a\"><a href=\"https:\/\/elpais.com\/autor\/elisa-lois\/\" title=\"Ver todas las noticias de Elisa Lois\">Elisa Lois<\/a> | Pontevedra<\/div>\n<\/div>\n<\/li>\n<\/ul>\n<\/aside>\n<section class=\"w w-ae\" data-dtm-region=\"articulo_archivado-en\">\n<h2 class=\"w_t\">Archivado En<\/h2>\n<div class=\"w_b\">\n<ul class=\"w_ul w_ul--mh _df _ls\">\n<li><a href=\"https:\/\/elpais.com\/noticias\/espana\/#?rel=arch\" rel=\"noopener noreferrer\">Espa\u00f1a<\/a><\/li>\n<li><a href=\"https:\/\/elpais.com\/noticias\/temporales\/#?rel=arch\" rel=\"noopener noreferrer\">Temporales<\/a><\/li>\n<li><a href=\"https:\/\/elpais.com\/noticias\/alerta-meteorologica\/#?rel=arch\" rel=\"noopener noreferrer\">Alerta meteorol\u00f3gica<\/a><\/li>\n<li><a href=\"https:\/\/elpais.com\/noticias\/meteorologia\/#?rel=arch\" rel=\"noopener noreferrer\">Meteorolog\u00eda<\/a><\/li>\n<li><a href=\"https:\/\/elpais.com\/noticias\/lluvia\/#?rel=arch\" rel=\"noopener noreferrer\">Lluvia<\/a><\/li>\n<li><a href=\"https:\/\/elpais.com\/noticias\/nieve\/#?rel=arch\" rel=\"noopener noreferrer\">Nieve<\/a><\/li>\n<li><a href=\"https:\/\/elpais.com\/noticias\/nevada\/#?rel=arch\" rel=\"noopener noreferrer\">Nevada <\/a><\/li>\n<li><a href=\"https:\/\/elpais.com\/noticias\/viento\/#?rel=arch\" rel=\"noopener noreferrer\">Viento<\/a><\/li>\n<li><a href=\"https:\/\/elpais.com\/noticias\/aemet-agencia-estatal-meteorologia\/#?rel=arch\" rel=\"noopener noreferrer\">Aemet<\/a><\/li>\n<li><a href=\"https:\/\/elpais.com\/noticias\/andalucia\/#?rel=arch\" rel=\"noopener noreferrer\">Andaluc\u00eda<\/a><\/li>\n<\/ul>\n<\/div>\n<\/section>\n<aside class=\"a_tp _df\">\n<div class=\"a_tp_txt\"><span class=\"a_tp_t\">Se adhiere a los criterios de<\/span><\/p>\n<figure class=\"a_m a_m-h c_m--nf\"><a class=\"a_tp_i _dib\" href=\"https:\/\/elpais.com\/estaticos\/que-es-the-trust-project\/\" target=\"_blank\" rel=\"noopener noreferrer nofollow\"><img decoding=\"async\" alt=\"The Trust Project\" class=\" lazyload a_m-h\" height=\"20\" width=\"117\" src=\"https:\/\/analyse.optim.biz\/wp-content\/uploads\/2026\/01\/the-trust-project-271.svg\" loading=\"lazy\" title=\"the-trust-project-271\"><\/a><\/figure>\n<p><a class=\"a_tp_mi\" href=\"https:\/\/elpais.com\/estaticos\/codigo-etico\/\" target=\"_blank\" rel=\"noopener noreferrer nofollow\">M\u00e1s informaci\u00f3n<\/a><\/div>\n<div class=\"a_tp_si\">Si est\u00e1 interesado en licenciar este contenido, pinche <a class=\"a_tp_si_l\" href=\"https:\/\/profesional.elpais.com\/soluciones-sindicacion\/?utm_medium=interno&amp;utm_source=crosslinking&amp;utm_campaign=sindicacion_ep_pie_articulos\" target=\"_blank\" rel=\"noopener noreferrer nofollow\">aqu\u00ed<\/a><\/div>\n<\/aside>\n<div class=\"a_o _pr\" data-dtm-region=\"articulo_right-rail\">\n<div id=\"elpais_gpt-MPU1\" data-adtype=\"MPU\" class=\"ad ad-mpu\"><span class=\"_dn\">_<\/span><\/div>\n<section class=\"w w-sc b_col\" data-dtm-region=\"articulo_ultimas-noticias\">\n<header class=\"w_h b_col_h\">\n<h3 class=\"w_t\"><a href=\"https:\/\/elpais.com\/ultimas-noticias\/\" rel=\"story-card-ultimas-noticias\">\u00daltimas noticias<\/a><\/h3>\n<\/header>\n<div class=\"w_b\">\n<article class=\"c  c--m-n   \" data-word=\"0\">\n<header class=\"c_h\"><time datetime=\"2026-01-28T19:26:56+01:00\" class=\"c_da\">19:26<\/time><\/p>\n<h2 class=\"c_t \"><a href=\"https:\/\/elpais.com\/gente\/2026-01-28\/bruce-willis-no-sabe-que-esta-enfermo-de-demencia-desvela-su-esposa.html\">Bruce Willis no sabe que est\u00e1 enfermo de demencia, desvela su esposa<\/a><\/h2>\n<\/header>\n<\/article>\n<article class=\"c c-o  c--m-n   \" data-word=\"0\">\n<header class=\"c_h\"><time datetime=\"2026-01-28T19:20:51+01:00\" class=\"c_da\">19:20<\/time><\/p>\n<h2 class=\"c_t c_t-i \"><a href=\"https:\/\/elpais.com\/america-colombia\/2026-01-28\/lanchas-y-geografia.html\">Lanchas y geograf\u00eda<\/a><\/h2>\n<\/header>\n<\/article>\n<article class=\"c c-o  c--m-n   \" data-word=\"0\">\n<header class=\"c_h\"><time datetime=\"2026-01-28T19:03:01+01:00\" class=\"c_da\">19:03<\/time><\/p>\n<h2 class=\"c_t c_t-i \"><a href=\"https:\/\/elpais.com\/cultura\/2026-01-28\/robert-royal-el-ojo-americano-sobre-la-transicion-espanola.html\">Robert Royal, el ojo americano sobre la Transici\u00f3n espa\u00f1ola<\/a><\/h2>\n<\/header>\n<\/article>\n<article class=\"c  c--m-n   \" data-word=\"0\">\n<header class=\"c_h\"><time datetime=\"2026-01-28T18:47:52+01:00\" class=\"c_da\">18:47<\/time><\/p>\n<h2 class=\"c_t \"><a href=\"https:\/\/elpais.com\/economia\/2026-01-28\/el-gobierno-aleman-rebaja-su-pronostico-economico-y-apenas-preve-un-crecimiento-del-1-del-pib-en-2026.html\">El Gobierno alem\u00e1n rebaja su pron\u00f3stico econ\u00f3mico y apenas prev\u00e9 un crecimiento del 1% del PIB en 2026<\/a><\/h2>\n<\/header>\n<\/article>\n<\/div>\n<\/section>\n<aside class=\"w w-lmv\" data-dtm-region=\"articulo_lom\">\n<h2 class=\"w_t\"><a href=\"https:\/\/elpais.com\/lo-mas-visto\/\">Lo m\u00e1s visto<\/a><\/h2>\n<div class=\"w_b\">\n<ol class=\"_ls\">\n<li><a href=\"https:\/\/elpais.com\/economia\/2026-01-27\/trump-bendice-la-caida-del-dolar-va-muy-bien-miren-los-negocios-que-estamos-haciendo.html#?rel=lom\">Trump asegura que no le preocupa la ca\u00edda del d\u00f3lar: \u201cVa muy bien, miren los negocios que estamos haciendo\u201d<\/a><\/li>\n<li><a href=\"https:\/\/elpais.com\/mamas-papas\/familia\/2026-01-27\/la-historia-de-claudia-el-amor-como-el-salvavidas-de-una-nina-abandonada.html#?rel=lom\">La historia de Claudia: el amor como el salvavidas de una ni\u00f1a abandonada <\/a><\/li>\n<li><a href=\"https:\/\/elpais.com\/internacional\/2026-01-27\/francia-y-espana-replican-a-rutte-que-no-es-ningun-sueno-que-europa-aspire-a-defenderse-sola.html#?rel=lom\">Francia y Espa\u00f1a replican a Rutte que no es \u201cning\u00fan sue\u00f1o\u201d que Europa aspire a defenderse sola<\/a><\/li>\n<li><a href=\"https:\/\/elpais.com\/sociedad\/2026-01-27\/julio-iglesias-acusa-a-sus-extrabajadoras-de-denuncia-falsa-y-estudia-medidas.html#?rel=lom\">Julio Iglesias acusa a sus extrabajadoras de \u201cdenuncia falsa\u201d y estudia medidas <\/a><\/li>\n<li><a href=\"https:\/\/elpais.com\/espana\/2026-01-28\/ultima-hora-de-los-efectos-de-la-borrasca-kristin-en-directo.html#?rel=lom\">\u00daltima hora de la borrasca \u2018Kristin\u2019, en directo | El temporal complica la circulaci\u00f3n en \u00c1vila, Segovia y C\u00e1ceres y deja fuertes lluvias en Andaluc\u00eda y Castilla-La Mancha<\/a><\/li>\n<\/ol>\n<\/div>\n<\/aside>\n<\/div>\n<\/article>\n<article class=\"c  c--m-n   \" data-word=\"0\">\n<header class=\"c_h\"><time datetime=\"2026-01-28T19:26:56+01:00\" class=\"c_da\">19:26<\/time><\/p>\n<h2 class=\"c_t \"><a href=\"https:\/\/elpais.com\/gente\/2026-01-28\/bruce-willis-no-sabe-que-esta-enfermo-de-demencia-desvela-su-esposa.html\">Bruce Willis no sabe que est\u00e1 enfermo de demencia, desvela su esposa<\/a><\/h2>\n<\/header>\n<\/article>\n<article class=\"c c-o  c--m-n   \" data-word=\"0\">\n<header class=\"c_h\"><time datetime=\"2026-01-28T19:20:51+01:00\" class=\"c_da\">19:20<\/time><\/p>\n<h2 class=\"c_t c_t-i \"><a href=\"https:\/\/elpais.com\/america-colombia\/2026-01-28\/lanchas-y-geografia.html\">Lanchas y geograf\u00eda<\/a><\/h2>\n<\/header>\n<\/article>\n<article class=\"c c-o  c--m-n   \" data-word=\"0\">\n<header class=\"c_h\"><time datetime=\"2026-01-28T19:03:01+01:00\" class=\"c_da\">19:03<\/time><\/p>\n<h2 class=\"c_t c_t-i \"><a href=\"https:\/\/elpais.com\/cultura\/2026-01-28\/robert-royal-el-ojo-americano-sobre-la-transicion-espanola.html\">Robert Royal, el ojo americano sobre la Transici\u00f3n espa\u00f1ola<\/a><\/h2>\n<\/header>\n<\/article>\n<article class=\"c  c--m-n   \" data-word=\"0\">\n<header class=\"c_h\"><time datetime=\"2026-01-28T18:47:52+01:00\" class=\"c_da\">18:47<\/time><\/p>\n<h2 class=\"c_t \"><a href=\"https:\/\/elpais.com\/economia\/2026-01-28\/el-gobierno-aleman-rebaja-su-pronostico-economico-y-apenas-preve-un-crecimiento-del-1-del-pib-en-2026.html\">El Gobierno alem\u00e1n rebaja su pron\u00f3stico econ\u00f3mico y apenas prev\u00e9 un crecimiento del 1% del PIB en 2026<\/a><\/h2>\n<\/header>\n<\/article>\n<p> Source URL: https:\/\/elpais.com\/espana\/2026-01-28\/ultima-hora-de-los-efectos-de-la-borrasca-kristin-en-directo.html<\/p>\n","protected":false},"excerpt":{"rendered":"<p>En directo \u00daltima hora de la borrasca \u2018Kristin\u2019, en directo | Las fuertes lluvias causan desalojos en Ja\u00e9n y M\u00e1laga tras las crecidas de varios r\u00edos La Comunidad Valenciana tiene una decena de carreteras afectadas por la nieve | Andaluc\u00eda env\u00eda un mensaje de alerta a 36 municipios de Almer\u00eda por rachas de viento huracanadas [&hellip;]<\/p>\n","protected":false},"author":1,"featured_media":1497607,"comment_status":"open","ping_status":"","sticky":false,"template":"","format":"standard","meta":{"footnotes":""},"categories":[88],"tags":[92],"class_list":["post-1497606","post","type-post","status-publish","format-standard","has-post-thumbnail","hentry","category-spain","tag-elpais-com"],"_links":{"self":[{"href":"https:\/\/analyse.optim.biz\/index.php?rest_route=\/wp\/v2\/posts\/1497606","targetHints":{"allow":["GET"]}}],"collection":[{"href":"https:\/\/analyse.optim.biz\/index.php?rest_route=\/wp\/v2\/posts"}],"about":[{"href":"https:\/\/analyse.optim.biz\/index.php?rest_route=\/wp\/v2\/types\/post"}],"author":[{"embeddable":true,"href":"https:\/\/analyse.optim.biz\/index.php?rest_route=\/wp\/v2\/users\/1"}],"replies":[{"embeddable":true,"href":"https:\/\/analyse.optim.biz\/index.php?rest_route=%2Fwp%2Fv2%2Fcomments&post=1497606"}],"version-history":[{"count":0,"href":"https:\/\/analyse.optim.biz\/index.php?rest_route=\/wp\/v2\/posts\/1497606\/revisions"}],"wp:featuredmedia":[{"embeddable":true,"href":"https:\/\/analyse.optim.biz\/index.php?rest_route=\/wp\/v2\/media\/1497607"}],"wp:attachment":[{"href":"https:\/\/analyse.optim.biz\/index.php?rest_route=%2Fwp%2Fv2%2Fmedia&parent=1497606"}],"wp:term":[{"taxonomy":"category","embeddable":true,"href":"https:\/\/analyse.optim.biz\/index.php?rest_route=%2Fwp%2Fv2%2Fcategories&post=1497606"},{"taxonomy":"post_tag","embeddable":true,"href":"https:\/\/analyse.optim.biz\/index.php?rest_route=%2Fwp%2Fv2%2Ftags&post=1497606"}],"curies":[{"name":"wp","href":"https:\/\/api.w.org\/{rel}","templated":true}]}}