{"id":1497342,"date":"2026-01-28T05:55:00","date_gmt":"2026-01-28T02:55:00","guid":{"rendered":"https:\/\/analyse.optim.biz\/?p=1497342"},"modified":"2026-01-28T05:55:00","modified_gmt":"2026-01-28T02:55:00","slug":"las-ayudas-para-las-victimas-de-los-trenes-de-adamuz-y-gelida-216-000-euros-por-fallecimiento-y-hasta-168-000-a-los-heridos","status":"publish","type":"post","link":"https:\/\/analyse.optim.biz\/?p=1497342","title":{"rendered":"Las ayudas para las v\u00edctimas de los trenes de Adamuz y Gelida: 216.000 euros por fallecimiento y hasta 168.000 a los heridos"},"content":{"rendered":"<article id=\"main-content\" class=\"a _g _g-lg _g-o\">\n<header class=\"a_e _g _g-xs\">\n<div class=\"a_e_txt _df\">\n<div class=\"a_k _df\"><span class=\"a_k_n\">TRAGEDIA FERROVIARIA<\/span><\/div>\n<h1 class=\"a_t\">Las ayudas para las v\u00edctimas de los trenes de Adamuz y Gelida: 216.000 euros por fallecimiento y hasta 168.000 a los heridos<\/h1>\n<\/div>\n<div class=\"a_e_m\">\n<figure class=\"a_m a_m-h \"><span class=\"a_m_w _db\"><img fetchpriority=\"high\" decoding=\"async\" class=\"_re  a_m-h\" height=\"414\" width=\"414\" src=\"https:\/\/analyse.optim.biz\/wp-content\/uploads\/2026\/01\/hkfyjs7fpfgonj34z4jzxtpiym-1.jpg\" loading=\"eager\" title=\"hkfyjs7fpfgonj34z4jzxtpiym-1\"><\/span><figcaption class=\"a_m_p\" aria-hidden=\"true\"><span>El ministro de Transportes y Movilidad Sostenible, \u00d3scar Puente, durante una rueda de prensa posterior a la reuni\u00f3n del Consejo de Ministros, a 7 de mayo de 2024, en Madrid (Espa\u00f1a). Pilar Alegr\u00eda ha destacado hoy la &#8220;fortaleza&#8221; de la econom\u00eda espa\u00f1ola, que lleva ya 48 meses consecutivos creando empleo o, lo que es lo mismo, 17.520 d\u00edas. La ministra ha recordado que los datos de afiliaci\u00f3n a la Seguridad Social publicados ayer por el Ministerio de Inclusi\u00f3n, Seguridad Social y Migraciones, reflejaron m\u00e1s de 21 millones de ocupados al cierre de abril, un nuevo r\u00e9cord para el sistema. Espa\u00f1a es el cuarto pa\u00eds que tiene m\u00e1s poder de atracci\u00f3n de inversi\u00f3n extranjera y ha recordado algunas de las inversiones anunciadas por empresas no nacionales, como Microsoft, Ryanair o IAG.<br \/>\n07 MAYO 2024;MADRID;CONSEJO DE MINISTROS;ECONOMIA ESPA\u00d1OLA<br \/>\nCarlos Luj\u00e1n \/ Europa Press<br \/>\n07\/05\/2024<\/span><span class=\"a_m_m\">FOTO: Carlos Luj\u00e1n (Europa Press)<\/span><\/figcaption><\/figure>\n<\/div>\n<\/header>\n<div class=\"a_c clearfix\" data-dtm-region=\"articulo_cuerpo\">\n<p class>El Gobierno ha aprobado un mecanismo de reparaci\u00f3n econ\u00f3mica valorado en 20 millones de euros para las v\u00edctimas de los accidentes ferroviarios que tuvieron lugar la semana pasada en Adamuz (C\u00f3rdoba) y Gelida (Barcelona).<\/p>\n<p class><b>\u00bfQu\u00e9 se sabe?<\/b> Las familias de las v\u00edctimas mortales (45 en el caso del accidente ferroviario de C\u00f3rdoba y una en el de G\u00e9lida) recibir\u00e1n hasta 216.000 euros.<\/p>\n<ul>\n<li><span>Seg\u00fan ha informado el ministro de Transportes, \u00d3scar Puente, el Estado pagar\u00e1 72.000 euros a fondo perdido a cada v\u00edctima mortal, a lo que se suma un anticipo de 72.000 correspondientes al seguro de responsabilidad civil en ambos siniestros, y 72.000 m\u00e1s ser\u00e1n entregados por el seguro obligatorio en un plazo m\u00e1ximo de tres meses.<\/span><\/li>\n<li><span>Adem\u00e1s, las ayudas a los heridos (123 en Adamuz y 41 en Gelida) se fijar\u00e1n seg\u00fan baremos de afectaci\u00f3n (en 14 niveles diferentes) y oscilar\u00e1n entre los 4.800 y los 168.000 euros.<\/span><\/li>\n<\/ul>\n<p class><b>La investigaci\u00f3n sigue. <\/b>Los an\u00e1lisis para averiguar por qu\u00e9 descarril\u00f3 el tren de Adamuz se mantienen centrados principalmente en la soldadura de la v\u00eda que se rompi\u00f3.<\/p>\n<p class><b>Mientras, en la crisis de Rodalies\u2026 <\/b>el secretario de Estado de Transportes, Jos\u00e9 Antonio Santano, ha asegurado que la ca\u00edda del servicio este lunes se debi\u00f3 a un fallo en el <i>software <\/i>instalado hac\u00eda solo tres meses en el centro de control de Adif en la estaci\u00f3n de Fran\u00e7a. <\/p>\n<p class><i>\u00a9Foto: Carlos Luj\u00e1n (Europa Press)<\/i><\/p>\n<p class><a href=\"https:\/\/elpais.com\/espana\/2026-01-27\/el-gobierno-trata-en-el-consejo-de-ministros-un-mecanismo-de-indemnizaciones-para-las-victimas-nueve-dias-despues-del-accidente-de-adamuz.html\" target=\"_self\" rel title=\"https:\/\/elpais.com\/espana\/2026-01-27\/el-gobierno-trata-en-el-consejo-de-ministros-un-mecanismo-de-indemnizaciones-para-las-victimas-nueve-dias-despues-del-accidente-de-adamuz.html\">Si quieres saber m\u00e1s, puedes leer aqu\u00ed<\/a>.<\/p>\n<div class=\"a_btn\"><a class=\"button | flex showcase btn a_btn_l _d-ib\" href=\"https:\/\/elpais.com\/expres\/2026-01-28\/claves-de-la-regularizacion-de-migrantes-quienes-se-podran-acoger-y-que-efectos-tendra.html\">Anterior<\/a><\/div>\n<div class=\"a_btn\"><a class=\"button | flex showcase btn a_btn_l _d-ib\" href=\"https:\/\/elpais.com\/expres\/2026-01-28\/quien-es-y-que-se-espera-de-tom-homan-la-apuesta-de-trump-para-conducir-el-ice-en-plena-escalada-de-tension-en-minneapolis.html\">Siguiente<\/a><\/div>\n<\/div>\n<\/article>\n<p> Source URL: https:\/\/elpais.com\/expres\/2026-01-28\/las-ayudas-para-las-victimas-de-los-trenes-de-adamuz-y-gelida-216000-euros-por-fallecimiento-y-hasta-168000-a-los-heridos.html<\/p>\n","protected":false},"excerpt":{"rendered":"<p>TRAGEDIA FERROVIARIA Las ayudas para las v\u00edctimas de los trenes de Adamuz y Gelida: 216.000 euros por fallecimiento y hasta 168.000 a los heridos El ministro de Transportes y Movilidad Sostenible, \u00d3scar Puente, durante una rueda de prensa posterior a la reuni\u00f3n del Consejo de Ministros, a 7 de mayo de 2024, en Madrid (Espa\u00f1a). [&hellip;]<\/p>\n","protected":false},"author":1,"featured_media":1497343,"comment_status":"open","ping_status":"","sticky":false,"template":"","format":"standard","meta":{"footnotes":""},"categories":[88],"tags":[92],"class_list":["post-1497342","post","type-post","status-publish","format-standard","has-post-thumbnail","hentry","category-spain","tag-elpais-com"],"_links":{"self":[{"href":"https:\/\/analyse.optim.biz\/index.php?rest_route=\/wp\/v2\/posts\/1497342","targetHints":{"allow":["GET"]}}],"collection":[{"href":"https:\/\/analyse.optim.biz\/index.php?rest_route=\/wp\/v2\/posts"}],"about":[{"href":"https:\/\/analyse.optim.biz\/index.php?rest_route=\/wp\/v2\/types\/post"}],"author":[{"embeddable":true,"href":"https:\/\/analyse.optim.biz\/index.php?rest_route=\/wp\/v2\/users\/1"}],"replies":[{"embeddable":true,"href":"https:\/\/analyse.optim.biz\/index.php?rest_route=%2Fwp%2Fv2%2Fcomments&post=1497342"}],"version-history":[{"count":0,"href":"https:\/\/analyse.optim.biz\/index.php?rest_route=\/wp\/v2\/posts\/1497342\/revisions"}],"wp:featuredmedia":[{"embeddable":true,"href":"https:\/\/analyse.optim.biz\/index.php?rest_route=\/wp\/v2\/media\/1497343"}],"wp:attachment":[{"href":"https:\/\/analyse.optim.biz\/index.php?rest_route=%2Fwp%2Fv2%2Fmedia&parent=1497342"}],"wp:term":[{"taxonomy":"category","embeddable":true,"href":"https:\/\/analyse.optim.biz\/index.php?rest_route=%2Fwp%2Fv2%2Fcategories&post=1497342"},{"taxonomy":"post_tag","embeddable":true,"href":"https:\/\/analyse.optim.biz\/index.php?rest_route=%2Fwp%2Fv2%2Ftags&post=1497342"}],"curies":[{"name":"wp","href":"https:\/\/api.w.org\/{rel}","templated":true}]}}