{"id":1496179,"date":"2026-01-26T18:11:20","date_gmt":"2026-01-26T15:11:20","guid":{"rendered":"https:\/\/analyse.optim.biz\/?p=1496179"},"modified":"2026-01-26T18:11:20","modified_gmt":"2026-01-26T15:11:20","slug":"giubileo-il-day-after-dei-lavoratori-romani-60mila-posti-a-rischio-lugl-suona-la-sveglia-a-gualtieri","status":"publish","type":"post","link":"https:\/\/analyse.optim.biz\/?p=1496179","title":{"rendered":"Giubileo, il day after dei lavoratori romani: 60mila posti a rischio. L&#8217;Ugl suona la sveglia a Gualtieri"},"content":{"rendered":"<article id=\"post-1523950\" class=\"post-1523950 post type-post status-publish format-standard has-post-thumbnail hentry category-economia posizione-editoriale-apertura-secondaria\">\n<div>\n<figure class=\"evidence-wrapper\"><img loading=\"lazy\" decoding=\"async\" width=\"860\" height=\"358\" src=\"https:\/\/analyse.optim.biz\/wp-content\/uploads\/2026\/01\/giubileo-gualtieri-860x358-1.jpg\" class=\"attachment-single size-single wp-post-image\" alt=\"Giubileo, il day after dei lavoratori romani: 60mila posti a rischio. L\u2019Ugl suona la sveglia a Gualtieri\" title=\"Giubileo, il day after dei lavoratori romani: 60mila posti a rischio. L\u2019Ugl suona la sveglia a Gualtieri\"><\/figure>\n<p class=\"occhiello\">L&#8217;allarme di Rossi<\/p>\n<h1>Giubileo, il day after dei lavoratori romani: 60mila posti a rischio. L\u2019Ugl suona la sveglia a Gualtieri<\/h1>\n<div class=\"info-condivisione\">\n<div>\n<p><span class=\"categoria\">Economia<\/span><\/p>\n<p>\t\t\t\t\t &#8211; di <span class=\"autore\">Redazione<\/span> &#8211; <span class=\"data\">26 Gennaio 2026 alle 19:11<\/span><\/p>\n<\/div>\n<\/div>\n<div class=\"contenuto\">\n<p>Con la conclusione del Giubileo, a Roma circa 60 mila posti di lavoro attivati in concomitanza con l\u2019evento rischiano di non essere rinnovati. Si tratta di lavoratrici e lavoratori impiegati in settori strategici come commercio, logistica, trasporti, accoglienza, servizi, sicurezza, cultura, multiservizi e sicurezza aeroportuale, che hanno garantito il funzionamento della citt\u00e0 durante un appuntamento di rilevanza mondiale.<\/p>\n<p>\u201cParliamo di un numero enorme, che fotografa una situazione grave e potenzialmente esplosiva sul piano sociale e che chiama direttamente in causa le responsabilit\u00e0 della politica e delle istituzioni\u201d, spiega<strong> Ermenegildo Rossi, <a href=\"https:\/\/www.secoloditalia.it\/2025\/12\/ermenegildo-rossi-lo-steward-medaglia-doro-che-ha-fermato-un-dirottatore-lui-oggi-lavora-allunesco-lhanno-liberato-dopo-un-anno-e-mezzo\/\" target=\"_blank\" rel=\"noopener\">Segretario<\/a> della UGL Roma e Provincia<\/strong>. Secondo lo studio presentato dall\u2019UGL in occasione del convegno tenutosi a Roma<strong> lo scorso 15 dicembre (Roma X10 Idee per il Futuro della Capitale<\/strong>), la fine dei contratti legati al Giubileo rappresenta una vera emergenza sociale ed economica, che non puo\u2019 essere liquidata come una semplice \u2018conclusione naturale\u2019 dei rapporti di lavoro.<\/p>\n<div class=\"code-block code-block-6\"><\/div>\n<h2>Rossi (Ugl): 60mila posti a rischio dopo il Giubileo, \u00e8 una crisi annunciata<\/h2>\n<p>\u201cIl Giubileo era un evento programmato, cos\u00ec come era prevedibile la sua conclusione. Non aver predisposto un piano di continuit\u00e0 occupazionale \u00e8 una responsabilit\u00e0 politica e istituzionale\u201d, sottolinea Rossi.<\/p>\n<blockquote class=\"wp-embedded-content\" data-secret=\"QgT6EuDQi2\">\n<p><a href=\"https:\/\/www.secoloditalia.it\/2025\/12\/ermenegildo-rossi-lo-steward-medaglia-doro-che-ha-fermato-un-dirottatore-lui-oggi-lavora-allunesco-lhanno-liberato-dopo-un-anno-e-mezzo\/\">Ermenegildo Rossi, lo steward medaglia d\u2019oro che ha fermato un dirottatore: \u201cLui oggi lavora all\u2019Unesco, l\u2019hanno liberato dopo un anno e mezzo\u201d<\/a><\/p>\n<\/blockquote>\n\n<p>\u201cNon siamo di fronte a un imprevisto, ma a una crisi annunciata \u2013 prosegue -. Decine di migliaia di persone rischiano di ritrovarsi senza lavoro dopo mesi di impiego continuativo e con competenze ormai strutturate. Persone che hanno garantito il funzionamento quotidiano della citt\u00e0 durante un evento straordinario, con carichi di lavoro elevatissimi e tutele ridotte, e che ora rischiano di essere semplicemente scaricate\u201d. Il rischio e\u2019 duplice: da un lato un impatto sociale pesantissimo su migliaia di famiglie, dall\u2019altro un indebolimento strutturale dei servizi cittadini, proprio in una fase in cui la Capitale continua a vivere una forte pressione turistica e organizzativa.<\/p>\n<h2>\u201cServe una gestione responsabile del \u2018dopo\u201d<\/h2>\n<p><strong>\u201cIl Giubileo non pu\u00f2 chiudersi lasciando dietro di s\u00e9 una scia di precariet\u00e0 e disoccupazione<\/strong>. Serve una gestione responsabile del \u2018dopo\u2019, che metta al centro il lavoro e la dignit\u00e0 delle persone, anche alla luce della carenza di manodopera in settori come alberghiero e ristorazione\u201d, afferma Rossi. \u201cCome UGL Roma non accetteremo che 60mila lavoratori vengano trattati come manodopera usa e getta. Roma non pu\u00f2 costruire grandi eventi e visibilit\u00e0 internazionale sulle spalle di lavoratori precari, per poi abbandonarli una volta spenti i riflettori\u201d.<\/p>\n<p>\u201cSu questo tema chiederemo ufficialmente un incontro con il Campidoglio: il rischio \u00e8 quello di una vera bomba sociale che colpir\u00e0 non solo chi perde il lavoro, ma l\u2019intero tessuto economico cittadino. Il post-Giubileo non pu\u00f2 trasformarsi in un deserto occupazionale. La politica dimostri di essere all\u2019altezza\u201d, conclude Rossi.<\/p>\n<\/div>\n<div class=\"commentSectionContainer\">\n<p class=\"comments-title\">Non ci sono commenti, inizia una discussione<\/p>\n<\/div>\n<div id=\"comments\" class=\"comments-area closed\">\n<div id=\"respond\" class=\"comment-respond\">\n<h3 id=\"reply-title\" class=\"comment-reply-title\">Lascia un commento <small><a rel=\"nofollow\" id=\"cancel-comment-reply-link\" href=\"https:\/\/www.secoloditalia.it\/2026\/01\/giubileo-il-day-after-dei-lavoratori-romani-60mila-posti-a-rischio-lugl-suona-la-sveglia-a-gualtieri\/#respond\">Annulla risposta<\/a><\/small><\/h3>\n<p class=\"comment-notes\"><span id=\"email-notes\">Il tuo indirizzo email non sar\u00e0 pubblicato.<\/span><span class=\"required-field-message\">I campi obbligatori sono contrassegnati <span class=\"required\">*<\/span><\/span><\/p>\n<\/div>\n<\/div>\n<div class=\"info-condivisione bottom\">\n<div>\n<p>di <span class=\"autore\">Redazione<\/span> &#8211; <span class=\"data\">26 Gennaio 2026<\/span><\/p>\n<\/div>\n<\/div>\n<\/div>\n<\/article>\n<p> Source URL: https:\/\/www.secoloditalia.it\/2026\/01\/giubileo-il-day-after-dei-lavoratori-romani-60mila-posti-a-rischio-lugl-suona-la-sveglia-a-gualtieri\/<\/p>\n","protected":false},"excerpt":{"rendered":"<p>L&#8217;allarme di Rossi Giubileo, il day after dei lavoratori romani: 60mila posti a rischio. L\u2019Ugl suona la sveglia a Gualtieri Economia &#8211; di Redazione &#8211; 26 Gennaio 2026 alle 19:11 Con la conclusione del Giubileo, a Roma circa 60 mila posti di lavoro attivati in concomitanza con l\u2019evento rischiano di non essere rinnovati. Si tratta [&hellip;]<\/p>\n","protected":false},"author":1,"featured_media":0,"comment_status":"open","ping_status":"","sticky":false,"template":"","format":"standard","meta":{"footnotes":""},"categories":[87],"tags":[123],"class_list":["post-1496179","post","type-post","status-publish","format-standard","hentry","category-italy","tag-secoloditalia-it"],"_links":{"self":[{"href":"https:\/\/analyse.optim.biz\/index.php?rest_route=\/wp\/v2\/posts\/1496179","targetHints":{"allow":["GET"]}}],"collection":[{"href":"https:\/\/analyse.optim.biz\/index.php?rest_route=\/wp\/v2\/posts"}],"about":[{"href":"https:\/\/analyse.optim.biz\/index.php?rest_route=\/wp\/v2\/types\/post"}],"author":[{"embeddable":true,"href":"https:\/\/analyse.optim.biz\/index.php?rest_route=\/wp\/v2\/users\/1"}],"replies":[{"embeddable":true,"href":"https:\/\/analyse.optim.biz\/index.php?rest_route=%2Fwp%2Fv2%2Fcomments&post=1496179"}],"version-history":[{"count":0,"href":"https:\/\/analyse.optim.biz\/index.php?rest_route=\/wp\/v2\/posts\/1496179\/revisions"}],"wp:attachment":[{"href":"https:\/\/analyse.optim.biz\/index.php?rest_route=%2Fwp%2Fv2%2Fmedia&parent=1496179"}],"wp:term":[{"taxonomy":"category","embeddable":true,"href":"https:\/\/analyse.optim.biz\/index.php?rest_route=%2Fwp%2Fv2%2Fcategories&post=1496179"},{"taxonomy":"post_tag","embeddable":true,"href":"https:\/\/analyse.optim.biz\/index.php?rest_route=%2Fwp%2Fv2%2Ftags&post=1496179"}],"curies":[{"name":"wp","href":"https:\/\/api.w.org\/{rel}","templated":true}]}}