{"id":149613,"date":"2017-02-01T10:08:41","date_gmt":"2017-02-01T07:08:41","guid":{"rendered":"https:\/\/analyse.optim.biz\/?p=149613"},"modified":"2017-02-01T10:08:41","modified_gmt":"2017-02-01T07:08:41","slug":"nicusor-dan-ordonanta-banditeasca-data-in-miez-de-noapte","status":"publish","type":"post","link":"https:\/\/analyse.optim.biz\/?p=149613","title":{"rendered":"Nicu\u0219or Dan: Ordonan\u021b\u0103 banditeasc\u0103 dat\u0103 \u00een miez de noapte"},"content":{"rendered":"<div class=\"entry data-app-meta data-app-meta-article\" data-embed-base-url-canonical=\"https:\/\/www.digi24.ro\/embed\/stiri\/actualitate\/politica\/nicusor-dan-ordonanta-banditeasca-data-in-miez-de-noapte-660642\">\n<p data-index=\"1\"><strong>Parlamentarii USR, \u00een frunte cu Nicu\u015for Dan, au venit la Parlament cu pancarte pe care era afi\u015fat mesajul \u201eRu\u015fine\u201d, \u00een semn de protest fa\u0163\u0103 de deciziile Guvernului de a adopta ordonan\u0163a de urgen\u0163\u0103 privind modificarea Codurilor penale \u015fi trimiterea \u00een Parlament a proiectului de lege care vizeaz\u0103 gra\u0163ierea. Pre\u015fedintele USR, Nicu\u015for Dan, a declarat c\u0103 ceea ce s-a \u00eent\u00e2mplat azi-noapte este \u201eun atac la statul de drept din Rom\u00e2nia\u201d, \u201eo ac\u0163iune mi\u015feleasc\u0103\u201d, parlamentarii Uniunii Salva\u0163i Rom\u00e2nia fiind dispu\u015fi s\u0103 \u00ee\u015fi dea demisia \u00een cazul \u00een care pot \u201efor\u0163a alegeri anticipate\u201d.<\/strong><\/p>\n<p data-index=\"2\">Nicu\u015for Dan a \u0163inut s\u0103 precizeze c\u0103 reprezentan\u0163ii USR vor continua s\u0103 mearg\u0103 la proteste, \u00een condi\u0163iile \u00een care reac\u0163ia cet\u0103\u0163enilor este <strong>\u201efoarte important\u0103\u201d<\/strong>.<\/p>\n<p data-index=\"3\">Nicu\u0219or Dan, pre\u0219edinte USR: <strong>\u201eCe s-a \u00eent\u00e2mplat azi noapte e un atac la statul de drept din Rom\u00e2nia, e o ac\u021biune mi\u0219eleasc\u0103 a unor oameni care au fost ale\u0219i de cet\u0103\u021beni ca s\u0103 ne fac\u0103 o via\u021b\u0103 mai bun\u0103, nu ca s\u0103 dea ordonan\u021be prin care s\u0103 se scoat\u0103 pe ei \u00een\u0219i\u0219i \u0219i pe colegi din pu\u0219c\u0103rie. \u00cen acest moment consider\u0103m foarte important\u0103 reac\u021bia cet\u0103\u021benilor, vom merge \u0219i noi la proteste \u0219i ne a\u0219tept\u0103m ca oamenii s\u0103 ias\u0103 \u00een num\u0103r mare pentru a se opune tipului acesta de politic\u0103. Sper\u0103m \u00eentr-o reac\u021bie consistent\u0103 a corpului magistra\u021bilor care s\u0103 sesizeze CCR, sper\u0103m ca CCR s\u0103 se pronun\u021be \u00een zece zile pentru ca cea mai mare parte a ordonan\u021belor s\u0103 nu-\u0219i produca efectele. Sper\u0103m ca CCR pe cea de-a doua parte a ordonan\u021bei, cea care intr\u0103 \u00een vigoare imediat&#8230; s\u0103 dea o decizie. Este o ordonan\u021b\u0103 banditeasc\u0103 dat\u0103 \u00een miez de noapte s\u0103 nu produc\u0103 efecte de lege penal\u0103 mai favorabil\u0103\u201d<\/strong>.<\/p>\n<p data-index=\"4\">\u00centrebat de jurnali\u0219ti dac\u0103 va sprijini o mo\u021biune de cenzur\u0103 depus\u0103 de Opozi\u021bie, Nicu\u0219or Dan a declarat: <strong>\u201eA\u0219a cum am spus, o semn\u0103m \u00eempreun\u0103 cu PNL. Textul pentru mo\u021biunea simpl\u0103 este preg\u0103tit. Este o mo\u021biune pe\u00a0Justi\u021bie, \u00een speran\u021ba c\u0103 PSD va avea o atitudine rezonabil\u0103, poate fi folosit\u0103 pentru ordonan\u021ba de urgen\u021b\u0103 pentru ca to\u021bi cet\u0103\u021benii s\u0103 aib\u0103 o dezbatere\u201d<\/strong>.<\/p>\n<p data-index=\"5\">El a mai spus c\u0103 parlamentarii Uniunii Salva\u0163i Rom\u00e2nia sunt dispu\u015fi s\u0103 demisioneze, \u00een cazul \u00een care pot <strong>\u201efor\u0163a\u201d<\/strong> alegeri anticipate.<\/p>\n<p data-index=\"6\">\u201e<strong>La fel, dac\u0103 prin gestul nostru putem s\u0103 for\u021b\u0103m alegeri anticipate, nu avem o problem\u0103 s\u0103 ne d\u0103m demisia cu to\u021bii, \u00eens\u0103 trebuie s\u0103 c\u00e2nt\u0103rim foarte bine dac\u0103 mai exist\u0103 ru\u0219ine \u00een aceast\u0103 majoritate. Ei ar fi capabili s\u0103 guverneze \u0219i s\u0103 legifereze cu un parlament cu 250 de oameni sau c\u00e2\u021bi sunt, dac\u0103 asta ajut\u0103, f\u0103r\u0103 \u00eendoial\u0103, dar trebuie s\u0103 cump\u0103nim\u201d<\/strong>, a precizat Nicu\u0219or Dan.<\/p>\n<p data-index=\"7\">Referitor la o posibil\u0103 grev\u0103 parlamentar\u0103, \u0219eful USR a spus c\u0103 va cump\u0103ni \u0219i va lua m\u0103surile potrivite. <strong>\u201eVom cump\u0103ni \u0219i vom lua toate m\u0103surile care se impun, noi to\u021bi am lucrat toat\u0103 s\u0103pt\u0103m\u00e2na trecut\u0103 pe amendamente la legea bugetului, \u00eens\u0103 consideram c\u0103 atunci c\u00e2nd s-a suspendat statul de drept \u00een Rom\u00e2nia ar fi ridicol s\u0103 ne prefacem c\u0103 nu s-a \u00eent\u00e2mplat nimic \u0219i s\u0103 discut\u0103m amendament cu amendament pe lega bugetului. Modul \u00een care ne vom comporta \u00een comisii sau plen, o s\u0103 decidem\u201d<\/strong>.<\/p>\n<p data-index=\"8\">Cristian Ghinea, deputat USR: <strong>\u201eT\u0103riceanu tocmai a intrat \u0219i \u0218erban Nicolae tocmai ne-a \u00eenjurat, e sub demnitatea unui parlamentar\u201d<\/strong>.<\/p>\n<p data-index=\"9\">C\u0103t\u0103lin Drul\u0103, deputat USR: <strong>\u201eI-am spus s\u0103 le fie ru\u0219ine pentru ce au f\u0103cut, e un mesaj transmis de strad\u0103, e o chestie mi\u0219eleasc\u0103 s\u0103 dai ordonan\u021be la 9 seara, am trecut pe l\u00e2ng\u0103 domnul \u0218erban Nicolae \u0219i al\u021bi colegi de-ai d\u00e2nsului \u0219i au \u00eenceput s\u0103 ne \u00eenjure.\u00a0M-a amenin\u0163at. Mi-a zis: \u00abStai c\u0103 vezi tu\u00bb. A proferat ni\u015fte cuvinte pe care nu le pot reproduce.\u00a0<\/strong><strong>Asta e atitudinea pe care o au\u201d<\/strong>.<\/p>\n<p data-index=\"10\">Reporter: Vom asista la vreo demsie \u00een Guvern?<\/p>\n<p data-index=\"11\">Nicu\u0219or Dan: <strong>\u201eMiza e s\u0103 oprim acest text. Miza nu e s\u0103-\u0219i dea demisia Iordache, e un nimeni \u0219i Grindeanu la fel, miza e s\u0103 se opreasc\u0103 aceste text normativ care pune \u00een paranteze sistemul de justi\u021bie \u00een Rom\u00e2nia\u201d<\/strong>.<\/p>\n<\/div>\n<p> Source URL: https:\/\/www.digi24.ro\/stiri\/actualitate\/politica\/nicusor-dan-ordonanta-banditeasca-data-in-miez-de-noapte-660642<\/p>\n","protected":false},"excerpt":{"rendered":"<p>Parlamentarii USR, \u00een frunte cu Nicu\u015for Dan, au venit la Parlament cu pancarte pe care era afi\u015fat mesajul \u201eRu\u015fine\u201d, \u00een semn de protest fa\u0163\u0103 de deciziile Guvernului de a adopta ordonan\u0163a de urgen\u0163\u0103 privind modificarea Codurilor penale \u015fi trimiterea \u00een Parlament a proiectului de lege care vizeaz\u0103 gra\u0163ierea. Pre\u015fedintele USR, Nicu\u015for Dan, a declarat c\u0103 [&hellip;]<\/p>\n","protected":false},"author":1,"featured_media":149614,"comment_status":"open","ping_status":"","sticky":false,"template":"","format":"standard","meta":{"footnotes":""},"categories":[2],"tags":[11],"class_list":["post-149613","post","type-post","status-publish","format-standard","has-post-thumbnail","hentry","category-politics","tag-digi24"],"_links":{"self":[{"href":"https:\/\/analyse.optim.biz\/index.php?rest_route=\/wp\/v2\/posts\/149613","targetHints":{"allow":["GET"]}}],"collection":[{"href":"https:\/\/analyse.optim.biz\/index.php?rest_route=\/wp\/v2\/posts"}],"about":[{"href":"https:\/\/analyse.optim.biz\/index.php?rest_route=\/wp\/v2\/types\/post"}],"author":[{"embeddable":true,"href":"https:\/\/analyse.optim.biz\/index.php?rest_route=\/wp\/v2\/users\/1"}],"replies":[{"embeddable":true,"href":"https:\/\/analyse.optim.biz\/index.php?rest_route=%2Fwp%2Fv2%2Fcomments&post=149613"}],"version-history":[{"count":0,"href":"https:\/\/analyse.optim.biz\/index.php?rest_route=\/wp\/v2\/posts\/149613\/revisions"}],"wp:featuredmedia":[{"embeddable":true,"href":"https:\/\/analyse.optim.biz\/index.php?rest_route=\/wp\/v2\/media\/149614"}],"wp:attachment":[{"href":"https:\/\/analyse.optim.biz\/index.php?rest_route=%2Fwp%2Fv2%2Fmedia&parent=149613"}],"wp:term":[{"taxonomy":"category","embeddable":true,"href":"https:\/\/analyse.optim.biz\/index.php?rest_route=%2Fwp%2Fv2%2Fcategories&post=149613"},{"taxonomy":"post_tag","embeddable":true,"href":"https:\/\/analyse.optim.biz\/index.php?rest_route=%2Fwp%2Fv2%2Ftags&post=149613"}],"curies":[{"name":"wp","href":"https:\/\/api.w.org\/{rel}","templated":true}]}}