{"id":149602,"date":"2017-02-01T10:15:49","date_gmt":"2017-02-01T07:15:49","guid":{"rendered":"https:\/\/analyse.optim.biz\/?p=149602"},"modified":"2017-02-01T10:15:49","modified_gmt":"2017-02-01T07:15:49","slug":"video-serban-nicolae-le-cere-jurnalistilor-putin-bun-simt","status":"publish","type":"post","link":"https:\/\/analyse.optim.biz\/?p=149602","title":{"rendered":"VIDEO. \u0218erban Nicolae le cere jurnali\u0219tilor \u201epu\u021bin bun sim\u021b\u201d"},"content":{"rendered":"<div class=\"entry data-app-meta data-app-meta-article\" data-embed-base-url-canonical=\"https:\/\/www.digi24.ro\/embed\/stiri\/actualitate\/politica\/video-serban-nicoale-le-cere-jurnalistilor-putin-bun-simt-660670\">\n<p data-index=\"1\"><strong>Jurnali\u0219ii au \u00eencercat s\u0103 ob\u021bin\u0103 o reac\u021bie din partea deputatului PSD, \u0218erban Nicolae, dup\u0103 ce luni sear\u0103 Guvernul a modificat\u00a0Codul Penal \u015fi Codul de Procedur\u0103 Penal\u0103, potrivit Digi24.<\/strong><\/p>\n<p data-index=\"2\">\u0218erban Nicolae a declarat c\u0103 este deranjat de nesim\u021bire \u0219i \u201ede lipsa de educa\u021bie \u0219i orice \u00eenseamn\u0103 lipsa celor 7 ani de acas\u0103, indiferent cine este, \u0219i dac\u0103 ar fi colegii mei\u201d.<\/p>\n<p data-index=\"3\">\u201eAm aflat c\u0103 domnul Dan (Nicu\u0219or Dan &#8211; n.r.) a primit finan\u021b\u0103ri \u00een contul personal, a oprit ni\u0219te comisioane, a dat banii mai departe. Din punctul meu de vedere este un lucru ilegat. Nu mi-am permis s\u0103 spun \u00een niciun fel\u201d, a ad\u0103ugat \u0218erban Nicolae.<\/p>\n<\/div>\n<p> Source URL: https:\/\/www.digi24.ro\/stiri\/actualitate\/politica\/video-serban-nicoale-le-cere-jurnalistilor-putin-bun-simt-660670<\/p>\n","protected":false},"excerpt":{"rendered":"<p>Jurnali\u0219ii au \u00eencercat s\u0103 ob\u021bin\u0103 o reac\u021bie din partea deputatului PSD, \u0218erban Nicolae, dup\u0103 ce luni sear\u0103 Guvernul a modificat\u00a0Codul Penal \u015fi Codul de Procedur\u0103 Penal\u0103, potrivit Digi24. \u0218erban Nicolae a declarat c\u0103 este deranjat de nesim\u021bire \u0219i \u201ede lipsa de educa\u021bie \u0219i orice \u00eenseamn\u0103 lipsa celor 7 ani de acas\u0103, indiferent cine este, \u0219i [&hellip;]<\/p>\n","protected":false},"author":1,"featured_media":149603,"comment_status":"open","ping_status":"","sticky":false,"template":"","format":"standard","meta":{"footnotes":""},"categories":[2],"tags":[11],"class_list":["post-149602","post","type-post","status-publish","format-standard","has-post-thumbnail","hentry","category-politics","tag-digi24"],"_links":{"self":[{"href":"https:\/\/analyse.optim.biz\/index.php?rest_route=\/wp\/v2\/posts\/149602","targetHints":{"allow":["GET"]}}],"collection":[{"href":"https:\/\/analyse.optim.biz\/index.php?rest_route=\/wp\/v2\/posts"}],"about":[{"href":"https:\/\/analyse.optim.biz\/index.php?rest_route=\/wp\/v2\/types\/post"}],"author":[{"embeddable":true,"href":"https:\/\/analyse.optim.biz\/index.php?rest_route=\/wp\/v2\/users\/1"}],"replies":[{"embeddable":true,"href":"https:\/\/analyse.optim.biz\/index.php?rest_route=%2Fwp%2Fv2%2Fcomments&post=149602"}],"version-history":[{"count":0,"href":"https:\/\/analyse.optim.biz\/index.php?rest_route=\/wp\/v2\/posts\/149602\/revisions"}],"wp:featuredmedia":[{"embeddable":true,"href":"https:\/\/analyse.optim.biz\/index.php?rest_route=\/wp\/v2\/media\/149603"}],"wp:attachment":[{"href":"https:\/\/analyse.optim.biz\/index.php?rest_route=%2Fwp%2Fv2%2Fmedia&parent=149602"}],"wp:term":[{"taxonomy":"category","embeddable":true,"href":"https:\/\/analyse.optim.biz\/index.php?rest_route=%2Fwp%2Fv2%2Fcategories&post=149602"},{"taxonomy":"post_tag","embeddable":true,"href":"https:\/\/analyse.optim.biz\/index.php?rest_route=%2Fwp%2Fv2%2Ftags&post=149602"}],"curies":[{"name":"wp","href":"https:\/\/api.w.org\/{rel}","templated":true}]}}