{"id":149598,"date":"2017-02-01T10:39:47","date_gmt":"2017-02-01T07:39:47","guid":{"rendered":"https:\/\/analyse.optim.biz\/?p=149598"},"modified":"2017-02-01T10:39:47","modified_gmt":"2017-02-01T07:39:47","slug":"cuvantul-zilei-conform-dexonline-lichea","status":"publish","type":"post","link":"https:\/\/analyse.optim.biz\/?p=149598","title":{"rendered":"Cuv\u00e2ntul zilei conform dexonline: lichea"},"content":{"rendered":"<div class=\"entry data-app-meta data-app-meta-article\" data-embed-base-url-canonical=\"https:\/\/www.digi24.ro\/embed\/stiri\/actualitate\/politica\/cuvantul-zilei-conform-dexonline-lichea-660666\">\n<p data-index=\"1\"><strong>Cuv\u00e2ntul zilei 1 februarie, conform <a href=\"https:\/\/dexonline.ro\/cuvantul-zilei\/2017\/02\/01\" target=\"_blank\" data-skip-linkfix=\"1\" rel=\"noopener\">dexonline<\/a>, este \u201elichea\u201d, substantiv definit ca \u201eom f\u0103r\u0103 caracter, lipsit de demnitate, netrebnic\u201d. Al\u0103turi de defini\u021bie este afi\u0219at\u0103 poza premierului Sorin Grindeanu.<\/strong><\/p>\n<p data-index=\"2\"><img loading=\"lazy\" decoding=\"async\" class=\"alignnone size-full wp-image-660708\" src=\"https:\/\/analyse.optim.biz\/wp-content\/uploads\/2024\/09\/bmcmdz04mdamagfzad01ota5mtkwnmjkogy1ndkxnzrhyje5zdc2mjjkodcyyg-thumb_.jpg\" alt=\"dexonline\" width=\"1191\" height=\"591\" data-skip-htmlfix=\"1\" title=\"bmcmdz04mdamagfzad01ota5mtkwnmjkogy1ndkxnzrhyje5zdc2mjjkodcyyg-thumb_\"><\/p>\n<p data-index=\"3\">Pe acela\u0219i site, \u00een deschidere, este postat\u0103 o defini\u021bie \u201eoriginal\u0103\u201d a democra\u021biei \u0219i un \u00eendemn la protest:\u00a0\u201e<strong>\u00abDemocra\u021bia \u00eenseamn\u0103 doi lupi \u0219i un miel care voteaz\u0103 ce s\u0103 m\u0103n\u00e2nce la pr\u00e2nz.\u00bb Nu fi miel. Nu l\u0103sa o ga\u0219c\u0103 de penali s\u0103-\u0219i confec\u021bioneze legi care s\u0103 le legitimeze corup\u021bia. \u00cenc\u0103 mai po\u021bi controla ce vor deprinde copiii t\u0103i c\u00e2nd se vor uita la societatea din jurul lor. Mergi la proteste\u201d<\/strong>.<\/p>\n<p data-index=\"4\"><img loading=\"lazy\" decoding=\"async\" class=\"alignnone size-full wp-image-660754\" src=\"https:\/\/analyse.optim.biz\/wp-content\/uploads\/2024\/09\/jnc9odawjmhhc2g9odcxntuyndc2otqwnjfkyzaymtzindbkzdywmjfln2m-thumb_.jpg\" alt=\"captura\" width=\"1875\" height=\"946\" data-skip-htmlfix=\"1\" title=\"jnc9odawjmhhc2g9odcxntuyndc2otqwnjfkyzaymtzindbkzdywmjfln2m-thumb_\"><\/p>\n<p data-index=\"5\"><span lang=\"ro-RO\">Ministrul Justi\u0163iei, Florin Iordache, a anun\u0163at luni seara, dup\u0103 \u015fedin\u0163a de Guvern, c\u0103 a fost adoptat\u0103 prin ordonan\u0163\u0103 de urgen\u0163\u0103, modificarea codurilor penale. Totodat\u0103, a fost adoptat \u015fi proiectul gra\u0163ierii unor pedepse.<\/span><\/p>\n<p data-index=\"6\"><span lang=\"ro-RO\">Ordonan\u0163a de urgen\u021b\u0103 pentru modificarea Codului Penal \u015fi Codului de Procedur\u0103 Penal\u0103 va intra vigoare \u00een termen de zece zile de la publicarea \u00een Monitorul Oficial.<\/span><\/p>\n<p data-index=\"7\"><span lang=\"ro-RO\"> \u00a0OUG modific\u0103, \u00een primul r\u00e2nd, defini\u021bia abuzului \u00een serviciu.\u00a0\u00a0Mai exact, abuzul \u00een serviciu este incriminat \u00eencep\u00e2nd de la 20o.000 de lei sau dac\u0103 se produce o v\u0103t\u0103mare grav\u0103.<\/span><\/p>\n<p data-index=\"8\"><span lang=\"ro-RO\">La scurt timp dup\u0103 ce ministrul Justi\u0163iei, Florin Iordache, a anun\u0163at adoptarea Ordonan\u0163ei de Urgen\u0163\u0103 pentru modificarea codurilor penale, bucure\u015ftenii \u00a0revolta\u0163i s-au str\u00e2ns \u00een Pia\u0163a Victoriei.\u00a0Odat\u0103 cu noul val de manifestan\u0163i, \u00een fa\u0163a sediului Guvernului au venit \u015fi jandarmii.<\/span><\/p>\n<p data-index=\"9\">Proteste au avut loc \u00een foarte multe alte ora\u015fe. Zecii de mii de rom\u00e2ni \u0219i-au strigat revolta \u00een strad\u0103, p\u00e2n\u0103 spre ora 3:00, \u00een ciuda frigului. Dup\u0103 Bucure\u0219ti, unde au fost circa 12.000 de oameni \u00een fa\u021ba Guvernului, cel mai amplu protest a fost la Cluj-Napoca &#8211; 10.000 de manifestan\u021bi \u0219i-au strigat nemul\u021bumirea.<\/p>\n<\/div>\n<p> Source URL: https:\/\/www.digi24.ro\/stiri\/actualitate\/politica\/cuvantul-zilei-conform-dexonline-lichea-660666<\/p>\n","protected":false},"excerpt":{"rendered":"<p>Cuv\u00e2ntul zilei 1 februarie, conform dexonline, este \u201elichea\u201d, substantiv definit ca \u201eom f\u0103r\u0103 caracter, lipsit de demnitate, netrebnic\u201d. Al\u0103turi de defini\u021bie este afi\u0219at\u0103 poza premierului Sorin Grindeanu. Pe acela\u0219i site, \u00een deschidere, este postat\u0103 o defini\u021bie \u201eoriginal\u0103\u201d a democra\u021biei \u0219i un \u00eendemn la protest:\u00a0\u201e\u00abDemocra\u021bia \u00eenseamn\u0103 doi lupi \u0219i un miel care voteaz\u0103 ce s\u0103 m\u0103n\u00e2nce [&hellip;]<\/p>\n","protected":false},"author":1,"featured_media":149599,"comment_status":"open","ping_status":"","sticky":false,"template":"","format":"standard","meta":{"footnotes":""},"categories":[2],"tags":[11],"class_list":["post-149598","post","type-post","status-publish","format-standard","has-post-thumbnail","hentry","category-politics","tag-digi24"],"_links":{"self":[{"href":"https:\/\/analyse.optim.biz\/index.php?rest_route=\/wp\/v2\/posts\/149598","targetHints":{"allow":["GET"]}}],"collection":[{"href":"https:\/\/analyse.optim.biz\/index.php?rest_route=\/wp\/v2\/posts"}],"about":[{"href":"https:\/\/analyse.optim.biz\/index.php?rest_route=\/wp\/v2\/types\/post"}],"author":[{"embeddable":true,"href":"https:\/\/analyse.optim.biz\/index.php?rest_route=\/wp\/v2\/users\/1"}],"replies":[{"embeddable":true,"href":"https:\/\/analyse.optim.biz\/index.php?rest_route=%2Fwp%2Fv2%2Fcomments&post=149598"}],"version-history":[{"count":0,"href":"https:\/\/analyse.optim.biz\/index.php?rest_route=\/wp\/v2\/posts\/149598\/revisions"}],"wp:featuredmedia":[{"embeddable":true,"href":"https:\/\/analyse.optim.biz\/index.php?rest_route=\/wp\/v2\/media\/149599"}],"wp:attachment":[{"href":"https:\/\/analyse.optim.biz\/index.php?rest_route=%2Fwp%2Fv2%2Fmedia&parent=149598"}],"wp:term":[{"taxonomy":"category","embeddable":true,"href":"https:\/\/analyse.optim.biz\/index.php?rest_route=%2Fwp%2Fv2%2Fcategories&post=149598"},{"taxonomy":"post_tag","embeddable":true,"href":"https:\/\/analyse.optim.biz\/index.php?rest_route=%2Fwp%2Fv2%2Ftags&post=149598"}],"curies":[{"name":"wp","href":"https:\/\/api.w.org\/{rel}","templated":true}]}}