{"id":149587,"date":"2017-02-01T11:03:28","date_gmt":"2017-02-01T08:03:28","guid":{"rendered":"https:\/\/analyse.optim.biz\/?p=149587"},"modified":"2017-02-01T11:03:28","modified_gmt":"2017-02-01T08:03:28","slug":"pnl-si-usr-depun-motiune-de-cenzura-contra-guvernului-grindeanu","status":"publish","type":"post","link":"https:\/\/analyse.optim.biz\/?p=149587","title":{"rendered":"PNL \u0219i USR depun mo\u021biune de cenzur\u0103 contra Guvernului Grindeanu"},"content":{"rendered":"<div class=\"entry data-app-meta data-app-meta-article\" data-embed-base-url-canonical=\"https:\/\/www.digi24.ro\/embed\/stiri\/actualitate\/politica\/raluca-turcan-pnl-va-depune-miercuri-motiune-de-cenzura-660388\">\n<p data-index=\"1\">Liderul interimar al PNL, Raluca Turcan, a declarat c\u0103 PNL va depune miercuri o mo\u021biune de cenzur\u0103, ca urmare a adopt\u0103rii \u00een Guvern, prin ordonan\u021b\u0103 de urgen\u021b\u0103, a unor modific\u0103ri aduse \u00een legisla\u021bie care ar prejudicia lupta anticorup\u021bie. Demersul este sus\u021binut de USR.<\/p>\n<p data-index=\"2\"><strong>ACTUALIZARE<\/strong>: Raluca Turcan a reiterat la Palatul Parlamentului promisiunea c\u0103 dac\u0103 Guvernul Grindeanu nu demisioneaz\u0103, PNL va depune mo\u021biune de cenzur\u0103. De asemenea, ea a f\u0103cut un apel la toate partidele de opozi\u021bie s\u0103 voteze pentru demiterea Executivului condus de Sorin Grindeanu.\u00a0<\/p>\n<p data-index=\"3\"><em>\u201e\u00centregul Guvern PSD-ALDE trebuie s\u0103 demisioneze. Acest Guvern trebuie s\u0103 pl\u0103teasc\u0103 pentru faptele s\u0103v\u00e2r\u015fite \u015fi ar trebui s\u0103 intr\u0103m \u00een alegeri anticipate. Dac\u0103 Guvernul nu va demisiona, PNL depune ast\u0103zi mo\u0163iune de cenzur\u0103. Acesta a fost un act de banditism politic, a fost o ac\u0163iune cu premeditare. Au negat \u00een campania electoral\u0103 c\u0103 vor merge pe ordonan\u0163e care s\u0103 salveze corup\u0163ii, \u00eens\u0103 am v\u0103zut c\u0103 \u00een prag de sear\u0103, ca ho\u0163ii, au decis s\u0103-\u015fi salveze clientela politic\u0103 \u015fi s\u0103 sfideze o lume \u00eentreag\u0103\u201d,<\/em> a declarat miercuri Raluca Turcan.<\/p>\n<p data-index=\"4\">Pre\u015fedintele interimar al PNL a mai spus c\u0103 cei din coali\u0163ia PSD-ALDE s-au comportat ca un grup infrac\u0163ional organizat.\u00a0<\/p>\n<p data-index=\"5\"><em>\u201eFac un apel la toate partidele de opozi\u0163ie s\u0103 semneze mo\u0163iunea de cenzur\u0103. Fac apel, de asemenea, c\u0103tre to\u0163i parlamentarii de bun\u0103-credin\u0163\u0103 s\u0103 voteze mo\u0163iunea \u00eempotriva Guvernului PSD-ALDE. Acest guvern iresponsabil trebuie s\u0103 pl\u0103teasc\u0103\u201d,<\/em> a mai spus Raluca Turcan.\u00e2<\/p>\n<p data-index=\"6\">Liderul USR, Nicu\u0219or Dan, a declarat c\u0103 sus\u021bine demersul PNL.\u00a0<\/p>\n<p data-index=\"7\"><em>\u201eAm vorbit cu colegii de la PNL \u015fi vom depune azi mo\u0163iunea de cenzur\u0103 \u00eempotriva Guvernului. O s\u0103 lu\u0103m decizia definitiv\u0103, dar probabil c\u0103 vom comasa mo\u0163iunea simpl\u0103 pe care o preg\u0103tisem \u00eempotriva ministrului de Justi\u0163ie cu mo\u0163iunea de cenzur\u0103 pe care au preg\u0103tit-o colegii de la PNL ca s\u0103 existe o singur\u0103 mo\u0163iune de cenzur\u0103 care s\u0103 fie \u00eenaintat\u0103 de toat\u0103 opozi\u0163ia\u201d,<\/em> a precizat deputatul USR.\u00a0<\/p>\n<hr>\n<p data-index=\"8\">\u00a0<\/p>\n<p data-index=\"9\">\u201ePNL va depune mo\u021biune de cenzur\u0103, vom dezbate \u0219i mo\u021biunea simpl\u0103, vom folosi toate instrumentele parlamentare, vom merge la referendum, dac\u0103 va fi organizat, \u0219i vom fi parteneri ai cet\u0103\u021benilor de bun\u0103-credin\u021b\u0103, care sper\u0103 ca legea s\u0103 fie aceea\u0219i pentru toat\u0103 lumea \u0219i s\u0103 nu asist\u0103m la o legalizare a furtului\u201d, a declarat Raluca Turcan.<\/p>\n<p data-index=\"10\">Ea a mai spus c\u0103\u00a0\u00a0\u201eorice voce care a g\u00e2ndit altfel \u00een \u021bar\u0103 a fost desconsiderat\u0103 \u0219i pus\u0103 la lada de gunoi, \u00eentr-un beneficiu direct pentru Dragnea\u201d. Liderul PNL \u00eel consider\u0103 pe pre\u0219edintele social-democrat \u201e\u00eenving\u0103torul acestei seri\u201d.<\/p>\n<p data-index=\"11\">\u201eAproape c\u0103 asist\u0103m la un grup infrac\u021bional organizat \u00een momentul de fa\u021b\u0103, pentru c\u0103 a fost albit \u00een principal Dragnea\u201d, a ad\u0103ugat Raluca Turcan, care consider\u0103 c\u0103 ceea ce se \u00eent\u00e2mpl\u0103 e \u201e\u00eenfior\u0103tor\u201d.<\/p>\n<p data-index=\"12\">\u00centrebat\u0103 dac\u0103 va fi afectat\u0103 imaginea Rom\u00e2niei \u00een fa\u021ba partenerilor europeni, Raluca Turcan a reamintit c\u0103 Rom\u00e2nia este \u00eentr-un proces de monitorizare pe justi\u021bie, e parte a unui cadru european de reguli \u0219i principii care stau la baza func\u021bion\u0103rii statului de drept. \u201eNu po\u021bi s\u0103 fii beneficiar de fonduri europene \u0219i tu s\u0103 r\u0103spl\u0103te\u0219ti nesiguran\u021ba, lipsa de predictibilitate \u0219i un statut preferen\u021bial pentru infractori\u201d, a punctat Raluca Turcan.\u00a0<\/p>\n<\/div>\n<p> Source URL: https:\/\/www.digi24.ro\/stiri\/actualitate\/politica\/raluca-turcan-pnl-va-depune-miercuri-motiune-de-cenzura-660388<\/p>\n","protected":false},"excerpt":{"rendered":"<p>Liderul interimar al PNL, Raluca Turcan, a declarat c\u0103 PNL va depune miercuri o mo\u021biune de cenzur\u0103, ca urmare a adopt\u0103rii \u00een Guvern, prin ordonan\u021b\u0103 de urgen\u021b\u0103, a unor modific\u0103ri aduse \u00een legisla\u021bie care ar prejudicia lupta anticorup\u021bie. Demersul este sus\u021binut de USR. ACTUALIZARE: Raluca Turcan a reiterat la Palatul Parlamentului promisiunea c\u0103 dac\u0103 Guvernul [&hellip;]<\/p>\n","protected":false},"author":1,"featured_media":149588,"comment_status":"open","ping_status":"","sticky":false,"template":"","format":"standard","meta":{"footnotes":""},"categories":[2],"tags":[11],"class_list":["post-149587","post","type-post","status-publish","format-standard","has-post-thumbnail","hentry","category-politics","tag-digi24"],"_links":{"self":[{"href":"https:\/\/analyse.optim.biz\/index.php?rest_route=\/wp\/v2\/posts\/149587","targetHints":{"allow":["GET"]}}],"collection":[{"href":"https:\/\/analyse.optim.biz\/index.php?rest_route=\/wp\/v2\/posts"}],"about":[{"href":"https:\/\/analyse.optim.biz\/index.php?rest_route=\/wp\/v2\/types\/post"}],"author":[{"embeddable":true,"href":"https:\/\/analyse.optim.biz\/index.php?rest_route=\/wp\/v2\/users\/1"}],"replies":[{"embeddable":true,"href":"https:\/\/analyse.optim.biz\/index.php?rest_route=%2Fwp%2Fv2%2Fcomments&post=149587"}],"version-history":[{"count":0,"href":"https:\/\/analyse.optim.biz\/index.php?rest_route=\/wp\/v2\/posts\/149587\/revisions"}],"wp:featuredmedia":[{"embeddable":true,"href":"https:\/\/analyse.optim.biz\/index.php?rest_route=\/wp\/v2\/media\/149588"}],"wp:attachment":[{"href":"https:\/\/analyse.optim.biz\/index.php?rest_route=%2Fwp%2Fv2%2Fmedia&parent=149587"}],"wp:term":[{"taxonomy":"category","embeddable":true,"href":"https:\/\/analyse.optim.biz\/index.php?rest_route=%2Fwp%2Fv2%2Fcategories&post=149587"},{"taxonomy":"post_tag","embeddable":true,"href":"https:\/\/analyse.optim.biz\/index.php?rest_route=%2Fwp%2Fv2%2Ftags&post=149587"}],"curies":[{"name":"wp","href":"https:\/\/api.w.org\/{rel}","templated":true}]}}