{"id":149128,"date":"2017-02-02T21:01:27","date_gmt":"2017-02-02T18:01:27","guid":{"rendered":"https:\/\/analyse.optim.biz\/?p=149128"},"modified":"2017-02-02T21:01:27","modified_gmt":"2017-02-02T18:01:27","slug":"presedintele-alde-sibiu-demisioneaza-sunt-solidar-cu-romanii-ce-se-opun-abuzului-de-putere","status":"publish","type":"post","link":"https:\/\/analyse.optim.biz\/?p=149128","title":{"rendered":"Pre\u0219edintele ALDE Sibiu demisioneaz\u0103: Sunt solidar cu rom\u00e2nii ce se opun abuzului de putere"},"content":{"rendered":"<div class=\"entry data-app-meta data-app-meta-article\" data-embed-base-url-canonical=\"https:\/\/www.digi24.ro\/embed\/stiri\/actualitate\/politica\/presedintele-alde-sibiu-demisioneaza-662100\">\n<p data-index=\"1\"><strong><span lang=\"ro-RO\">Pre\u015fedintele ALDE Sibiu, Robert Paskuj, \u0219i-a anun\u0163at demisia pe pagina de Facebook din cauza &#8220;ac\u021biunilor controversate ale Guvernului&#8221;. Paskuj se declar\u0103 solidar cu protestatarii, al\u0103turi de care spune c\u0103 va ie\u0219i \u00een strad\u0103 \u00een aceast\u0103 sear\u0103. <\/span><\/strong><\/p>\n<figure class=\"article-thumb\"><img decoding=\"async\" src=\"https:\/\/analyse.optim.biz\/wp-content\/uploads\/2024\/09\/agfzad01yjbkmgzmyjmxyjlhmmmxn2m0ymyzztjin2fjztgzmw-thumb_.jpg\" alt=\"robert\" data-skip-htmlfix=\"1\" title=\"agfzad01yjbkmgzmyjmxyjlhmmmxn2m0ymyzztjin2fjztgzmw-thumb_\"><figcaption> Foto: Facebook <\/figcaption><\/figure>\n<p data-index=\"2\">\u201e\u00cen aten\u021bia conducerii centrale ALDE, a reprezentan\u021bilor mass-media \u015fi a locuitorilor ora\u015fului Sibiu, Av\u00e2nd \u00een vedere evenimentele recente declan\u015fate de ac\u021biunile controversate ale Guvernului sprijinit politic de coali\u021bia PSD-ALDE \u015fi condus de Sorin Grindeanu, v\u0103 anun\u021b c\u0103 dezaprob aceste ac\u021biuni \u015fi \u00eemi exprim public solidaritatea cu cei peste 25.000 de sibieni manifestan\u021bi \u015fi peste 300.000 de cet\u0103\u021beni rom\u00e2ni din \u00eentreaga \u021bar\u0103 ce se opun acestui abuz de putere. Printre ace\u015fti manifestan\u021bi am mul\u021bi cunoscu\u021bi, prieteni \u015fi apropia\u021bi, fa\u021b\u0103 de care nu m\u0103 voi delimita \u015fi c\u0103rora le transmit c\u0103 au avut dreptate de cur\u00e2nd, atunci c\u00e2nd \u00eemi spuneau c\u0103 suntem din acea\u015fi genera\u021bie, avem preocup\u0103ri comune \u015fi g\u00e2ndim la fel. Asta \u00eensemn\u00e2nd c\u0103 nu putem ac\u021biona diferit. Nu \u00een aceast\u0103 chestiune important\u0103 pentru \u021bar\u0103.\u00a0<\/p>\n<p> \u00cen urm\u0103 cu nici dou\u0103 luni, unii dintre ei mi-au fost sus\u021bin\u0103tori atunci c\u00e2nd am candidat pentru Alegerile Parlamentare. Cum s\u0103 \u00eei abandonez eu acum \u00een aceast\u0103 cauz\u0103? Ar fi nedem \u015fi profund gre\u015fit din partea mea! Protestul la care particip\u0103 \u00een aceste zile rom\u00e2nii este justificat iar acum m\u0103 al\u0103tur \u015fi eu lor. \u00cemi pare r\u0103u c\u0103 nu am f\u0103cut-o mai devreme, dar din aceast\u0103 sear\u0103 voi fi \u015fi eu al\u0103turi de ei \u00een strad\u0103!\u00a0<\/p>\n<p> Totodat\u0103 demisionez din func\u021bia de pre\u015fedinte al Organiza\u021biei Municipale ALDE Sibiu, pentru c\u0103 eu consider c\u0103 func\u021biile \u00eenalte sunt bune atunci c\u00e2nd din acea postur\u0103 po\u021bi s\u0103 faci bine pentru cei ce cred \u00een tine. Iar oamenii ce cred \u00een mine a\u015fteapt\u0103 s\u0103 fac acest pas pentru a contribui astfel la redarea unui climat de normalitate \u00een via\u021ba pe care o tr\u0103im. La cei 31 de ani, am \u00eenv\u0103\u021bat c\u0103 a face politic\u0103 \u00eenseamn\u0103 s\u0103 fii al\u0103turi de cei ce te sus\u021bin \u015fi nu s\u0103 te \u00eendep\u0103rtezi de ei sau s\u0103 \u00eei respingi, pentru a da curs unor a\u015ftept\u0103ri de rang ierarhic,\u201d <span lang=\"en-US\">este mesajul postat pe re<\/span><span lang=\"ro-RO\">\u021belele de socializare de c\u0103tre Robert Paskuj<\/span>.<\/p>\n<p class=\"gdpr-placeholder gdpr-social-media gdpr-iframe-fix\" data-index=\"4\"> Setarile tale privind cookie-urile nu permit afisarea continutul din aceasta sectiune. Poti actualiza setarile modulelor coookie direct din browser sau de <a class=\"ot-sdk-show-settings\" data-skip-linkfix=\"1\">aici<\/a> \u2013 e nevoie sa accepti cookie-urile social media<\/p>\n<p data-index=\"5\">Joi au mai demisionat \u015fi ministrul pentru Afaceri, Florin Jianu, fostul secretar de stat PSD Ciprian Necula \u015fi viceliderul deputa\u0163ilor minorit\u0103\u0163ilor, Ovidiu Gan\u0163.<\/p>\n<\/div>\n<p> Source URL: https:\/\/www.digi24.ro\/stiri\/actualitate\/politica\/presedintele-alde-sibiu-demisioneaza-662100<\/p>\n","protected":false},"excerpt":{"rendered":"<p>Pre\u015fedintele ALDE Sibiu, Robert Paskuj, \u0219i-a anun\u0163at demisia pe pagina de Facebook din cauza &#8220;ac\u021biunilor controversate ale Guvernului&#8221;. Paskuj se declar\u0103 solidar cu protestatarii, al\u0103turi de care spune c\u0103 va ie\u0219i \u00een strad\u0103 \u00een aceast\u0103 sear\u0103. Foto: Facebook \u201e\u00cen aten\u021bia conducerii centrale ALDE, a reprezentan\u021bilor mass-media \u015fi a locuitorilor ora\u015fului Sibiu, Av\u00e2nd \u00een vedere evenimentele [&hellip;]<\/p>\n","protected":false},"author":1,"featured_media":149129,"comment_status":"open","ping_status":"","sticky":false,"template":"","format":"standard","meta":{"footnotes":""},"categories":[2],"tags":[11],"class_list":["post-149128","post","type-post","status-publish","format-standard","has-post-thumbnail","hentry","category-politics","tag-digi24"],"_links":{"self":[{"href":"https:\/\/analyse.optim.biz\/index.php?rest_route=\/wp\/v2\/posts\/149128","targetHints":{"allow":["GET"]}}],"collection":[{"href":"https:\/\/analyse.optim.biz\/index.php?rest_route=\/wp\/v2\/posts"}],"about":[{"href":"https:\/\/analyse.optim.biz\/index.php?rest_route=\/wp\/v2\/types\/post"}],"author":[{"embeddable":true,"href":"https:\/\/analyse.optim.biz\/index.php?rest_route=\/wp\/v2\/users\/1"}],"replies":[{"embeddable":true,"href":"https:\/\/analyse.optim.biz\/index.php?rest_route=%2Fwp%2Fv2%2Fcomments&post=149128"}],"version-history":[{"count":0,"href":"https:\/\/analyse.optim.biz\/index.php?rest_route=\/wp\/v2\/posts\/149128\/revisions"}],"wp:featuredmedia":[{"embeddable":true,"href":"https:\/\/analyse.optim.biz\/index.php?rest_route=\/wp\/v2\/media\/149129"}],"wp:attachment":[{"href":"https:\/\/analyse.optim.biz\/index.php?rest_route=%2Fwp%2Fv2%2Fmedia&parent=149128"}],"wp:term":[{"taxonomy":"category","embeddable":true,"href":"https:\/\/analyse.optim.biz\/index.php?rest_route=%2Fwp%2Fv2%2Fcategories&post=149128"},{"taxonomy":"post_tag","embeddable":true,"href":"https:\/\/analyse.optim.biz\/index.php?rest_route=%2Fwp%2Fv2%2Ftags&post=149128"}],"curies":[{"name":"wp","href":"https:\/\/api.w.org\/{rel}","templated":true}]}}