{"id":149081,"date":"2017-02-03T06:33:44","date_gmt":"2017-02-03T03:33:44","guid":{"rendered":"https:\/\/analyse.optim.biz\/?p=149081"},"modified":"2017-02-03T06:33:44","modified_gmt":"2017-02-03T03:33:44","slug":"avertisment-romania-risca-sa-si-piarda-dreptul-de-vot-in-ue","status":"publish","type":"post","link":"https:\/\/analyse.optim.biz\/?p=149081","title":{"rendered":"Avertisment. Rom\u00e2nia risc\u0103 s\u0103-\u0219i piard\u0103 dreptul de vot \u00een UE"},"content":{"rendered":"<div class=\"entry data-app-meta data-app-meta-article\" data-embed-base-url-canonical=\"https:\/\/www.digi24.ro\/embed\/fara-categorie\/avertisment-romania-risca-sa-si-piarda-dreptul-de-vot-in-ue-662282\">\n<p data-index=\"1\"><strong><span lang=\"en-US\">Dac\u0103 Guvernul Grindeanu nu retrage ordonan\u0163a referitoare la modificarea Codului penal, Rom\u00e2nia risc\u0103 s\u0103-\u015fi piard\u0103 dreptul de vot \u00een UE! Conform Digi24, avertismentul vine de la pre\u015fedintele Comisiei pentru Afaceri Europene din Parlamentul german (Bundestag), Gunther Krichbaum.<\/span><\/strong><\/p>\n<figure class=\"article-thumb\"><img decoding=\"async\" src=\"https:\/\/analyse.optim.biz\/wp-content\/uploads\/2024\/09\/jmhhc2g9yjkyotvlogvhmtq5mmnhngjjndc5yznjyzyxmjzknze-thumb_.jpg\" alt=\"Mario Draghi Visits The Bundestag\" data-skip-htmlfix=\"1\" title=\"jmhhc2g9yjkyotvlogvhmtq5mmnhngjjndc5yznjyzyxmjzknze-thumb_\"><figcaption> Foto: Gulliver\/GettyImages <\/figcaption><\/figure>\n<p data-index=\"2\"><span lang=\"en-US\">Uniunea European\u0103 are prev\u0103zut\u0103 aceast\u0103 sanc\u0163iune pentru cazul \u00een care, \u00eentr-o \u0163ar\u0103 membr\u0103, exist\u0103 amenin\u0163\u0103ri sistematice la adresa statului de drept. Procedura nu a fost folosit\u0103 niciodat\u0103, de\u015fi Polonia a fost amenin\u0163at\u0103 recent cu suspendarea dreptului de vot pentru \u00eenc\u0103lcarea libert\u0103\u0163ii presei. <\/span><\/p>\n<p data-index=\"3\"><span lang=\"en-US\">Oficialul german (cre\u0219tin-democrat) i-a cerut pre\u015fedintelui Comisiei Europene, Jean Claude Juncker, s\u0103-l convoace urgent pe Sorin Grindeanu la Bruxelles \u015fi s\u0103-i cear\u0103 s\u0103 retrag\u0103 ordonan\u0163a. Gunther Krichbaum apreciaz\u0103 drept \u00eembucur\u0103tor faptul c\u0103 popula\u0163ia se opune m\u0103surii, calificat\u0103 de el drept o lovitur\u0103 dat\u0103 statului de drept. UE trebuie s\u0103 fie de partea manifestan\u0163ilor \u015fi s\u0103 \u00eei sprijine, mai spune el. <\/span><\/p>\n<p data-index=\"4\"><span lang=\"en-US\">De altfel, deputatul german precizeaz\u0103 c\u0103 situa\u0163ia din Rom\u00e2nia va fi discutat\u0103 la urm\u0103toarea \u015fedin\u0163\u0103 a Comisiei pentru Afaceri Europene din Bundestag.<\/span><\/p>\n<p data-index=\"5\">Un alt avertisment pentru Rom\u00e2nia a venit, joi, chiar de la vicepre\u0219edintele Comisiei Europene, Frans Timmermans, care a spus c\u0103<a href=\"https:\/\/www.digi24.ro\/stiri\/externe\/ue\/situatia-din-romania-dezbatuta-maine-in-parlamentul-european-660995\" target=\"_blank\" data-skip-linkfix=\"1\" rel=\"noopener\"> Rom\u00e2nia risc\u0103 s\u0103 piard\u0103 fonduri europene<\/a>.<\/p>\n<\/div>\n<p> Source URL: https:\/\/www.digi24.ro\/fara-categorie\/avertisment-romania-risca-sa-si-piarda-dreptul-de-vot-in-ue-662282<\/p>\n","protected":false},"excerpt":{"rendered":"<p>Dac\u0103 Guvernul Grindeanu nu retrage ordonan\u0163a referitoare la modificarea Codului penal, Rom\u00e2nia risc\u0103 s\u0103-\u015fi piard\u0103 dreptul de vot \u00een UE! Conform Digi24, avertismentul vine de la pre\u015fedintele Comisiei pentru Afaceri Europene din Parlamentul german (Bundestag), Gunther Krichbaum. Foto: Gulliver\/GettyImages Uniunea European\u0103 are prev\u0103zut\u0103 aceast\u0103 sanc\u0163iune pentru cazul \u00een care, \u00eentr-o \u0163ar\u0103 membr\u0103, exist\u0103 amenin\u0163\u0103ri sistematice [&hellip;]<\/p>\n","protected":false},"author":1,"featured_media":149082,"comment_status":"open","ping_status":"","sticky":false,"template":"","format":"standard","meta":{"footnotes":""},"categories":[2],"tags":[11],"class_list":["post-149081","post","type-post","status-publish","format-standard","has-post-thumbnail","hentry","category-politics","tag-digi24"],"_links":{"self":[{"href":"https:\/\/analyse.optim.biz\/index.php?rest_route=\/wp\/v2\/posts\/149081","targetHints":{"allow":["GET"]}}],"collection":[{"href":"https:\/\/analyse.optim.biz\/index.php?rest_route=\/wp\/v2\/posts"}],"about":[{"href":"https:\/\/analyse.optim.biz\/index.php?rest_route=\/wp\/v2\/types\/post"}],"author":[{"embeddable":true,"href":"https:\/\/analyse.optim.biz\/index.php?rest_route=\/wp\/v2\/users\/1"}],"replies":[{"embeddable":true,"href":"https:\/\/analyse.optim.biz\/index.php?rest_route=%2Fwp%2Fv2%2Fcomments&post=149081"}],"version-history":[{"count":0,"href":"https:\/\/analyse.optim.biz\/index.php?rest_route=\/wp\/v2\/posts\/149081\/revisions"}],"wp:featuredmedia":[{"embeddable":true,"href":"https:\/\/analyse.optim.biz\/index.php?rest_route=\/wp\/v2\/media\/149082"}],"wp:attachment":[{"href":"https:\/\/analyse.optim.biz\/index.php?rest_route=%2Fwp%2Fv2%2Fmedia&parent=149081"}],"wp:term":[{"taxonomy":"category","embeddable":true,"href":"https:\/\/analyse.optim.biz\/index.php?rest_route=%2Fwp%2Fv2%2Fcategories&post=149081"},{"taxonomy":"post_tag","embeddable":true,"href":"https:\/\/analyse.optim.biz\/index.php?rest_route=%2Fwp%2Fv2%2Ftags&post=149081"}],"curies":[{"name":"wp","href":"https:\/\/api.w.org\/{rel}","templated":true}]}}