{"id":1488423,"date":"2016-09-13T14:37:14","date_gmt":"2016-09-13T11:37:14","guid":{"rendered":"https:\/\/analyse.optim.biz\/?p=1488423"},"modified":"2016-09-13T14:37:14","modified_gmt":"2016-09-13T11:37:14","slug":"foresta-este-in-avantaj-dupa-prima-repriza","status":"publish","type":"post","link":"https:\/\/analyse.optim.biz\/?p=1488423","title":{"rendered":"Foresta este \u00een avantaj dup\u0103 prima repriz\u0103"},"content":{"rendered":"<article id=\"post-81496\" class=\"clearfix post-81496 post type-post status-publish format-standard has-post-thumbnail hentry category-comunicate tag-bucovina tag-cupa-romaniei-2016 tag-editorial-suceava tag-foresta-2016 tag-foresta-suceava tag-foresta-suceava-2016 tag-informatia tag-informatii-interesante tag-media tag-miercurea-ciuc tag-monitorul-suceava tag-news tag-noutati-suceava tag-obiectiv-suceava tag-orasul-suceava tag-plus-stiri tag-reportaje tag-stirea-zilei tag-stiri-de-ultima-ora tag-stiri-suceava tag-stirile-zilei tag-suceava tag-suceavalive tag-ultimele-stiri\">\n<header id=\"cb-standard-featured\">\n<div id=\"cb-fis-wrap\" class=\"cb-entry-header cb-fis cb-style-standard\"><span class=\"cb-title-fi\"><\/p>\n<h1 class=\"entry-title cb-entry-title cb-single-title\">Foresta este \u00een avantaj dup\u0103 prima repriz\u0103<\/h1>\n<div class=\"cb-byline cb-font-header\">\n<div class=\"cb-date cb-byline-element\"><time datetime=\"2016-09-13\">13 septembrie 2016<\/time><\/div>\n<\/div>\n<p><\/span><\/div>\n<div class=\"cb-mask\"><img decoding=\"async\" width=\"220\" height=\"277\" src=\"https:\/\/analyse.optim.biz\/wp-content\/uploads\/2026\/01\/foresta-suceava-1.jpg\" class=\"attachment-cb-full-full size-cb-full-full wp-post-image\" loading=\"lazy\" title=\"foresta-suceava-1\"><\/div>\n<\/header>\n<p>Foresta Suceava conduce cu scorul de 1-0 dup\u0103 primele 45 de minute, la Miercurea Ciuc.<\/p>\n<section class=\"cb-entry-content entry-content clearfix\">\n<p>Golul sucevenilor a fost \u00eenscris de R\u0103zvan Avram.<\/p>\n<p>Ast\u0103zi, cu \u00eencepere\u00a0de la ora 16:30, se desf\u0103\u0219oar\u0103 meciurile din turul III al Cupei Rom\u00e2niei.<\/p>\n<p><img decoding=\"async\" loading=\"lazy\" class=\"alignnone wp-image-81497\" src=\"https:\/\/analyse.optim.biz\/wp-content\/uploads\/2026\/01\/foresta-suceava-2.jpg\" alt=\"foresta-suceava\" width=\"500\" height=\"630\" title=\"foresta-suceava-2\"><\/p>\n<\/section>\n<footer class=\"article-footer\">\n<p class=\"cb-tags\"><a href=\"https:\/\/suceavalive.ro\/tag\/bucovina\/\" rel=\"tag\">bucovina<\/a><a href=\"https:\/\/suceavalive.ro\/tag\/cupa-romaniei-2016\/\" rel=\"tag\">cupa romaniei 2016<\/a><a href=\"https:\/\/suceavalive.ro\/tag\/editorial-suceava\/\" rel=\"tag\">editorial suceava<\/a><a href=\"https:\/\/suceavalive.ro\/tag\/foresta-2016\/\" rel=\"tag\">foresta 2016<\/a><a href=\"https:\/\/suceavalive.ro\/tag\/foresta-suceava\/\" rel=\"tag\">foresta suceava<\/a><a href=\"https:\/\/suceavalive.ro\/tag\/foresta-suceava-2016\/\" rel=\"tag\">foresta suceava 2016<\/a><a href=\"https:\/\/suceavalive.ro\/tag\/informatia\/\" rel=\"tag\">informatia<\/a><a href=\"https:\/\/suceavalive.ro\/tag\/informatii-interesante\/\" rel=\"tag\">informatii interesante<\/a><a href=\"https:\/\/suceavalive.ro\/tag\/media\/\" rel=\"tag\">media<\/a><a href=\"https:\/\/suceavalive.ro\/tag\/miercurea-ciuc\/\" rel=\"tag\">miercurea ciuc<\/a><a href=\"https:\/\/suceavalive.ro\/tag\/monitorul-suceava\/\" rel=\"tag\">monitorul suceava<\/a><a href=\"https:\/\/suceavalive.ro\/tag\/news\/\" rel=\"tag\">news<\/a><a href=\"https:\/\/suceavalive.ro\/tag\/noutati-suceava\/\" rel=\"tag\">noutati suceava<\/a><a href=\"https:\/\/suceavalive.ro\/tag\/obiectiv-suceava\/\" rel=\"tag\">obiectiv suceava<\/a><a href=\"https:\/\/suceavalive.ro\/tag\/orasul-suceava\/\" rel=\"tag\">orasul suceava<\/a><a href=\"https:\/\/suceavalive.ro\/tag\/plus-stiri\/\" rel=\"tag\">plus stiri<\/a><a href=\"https:\/\/suceavalive.ro\/tag\/reportaje\/\" rel=\"tag\">reportaje<\/a><a href=\"https:\/\/suceavalive.ro\/tag\/stirea-zilei\/\" rel=\"tag\">stirea zilei<\/a><a href=\"https:\/\/suceavalive.ro\/tag\/stiri-de-ultima-ora\/\" rel=\"tag\">stiri de ultima ora<\/a><a href=\"https:\/\/suceavalive.ro\/tag\/stiri-suceava\/\" rel=\"tag\">stiri suceava<\/a><a href=\"https:\/\/suceavalive.ro\/tag\/stirile-zilei\/\" rel=\"tag\">stirile zilei<\/a><a href=\"https:\/\/suceavalive.ro\/tag\/suceava\/\" rel=\"tag\">Suceava<\/a><a href=\"https:\/\/suceavalive.ro\/tag\/suceavalive\/\" rel=\"tag\">suceavalive<\/a><a href=\"https:\/\/suceavalive.ro\/tag\/ultimele-stiri\/\" rel=\"tag\">ultimele stiri<\/a><\/p>\n<div class=\"cb-social-sharing cb-post-footer-block cb-beside clearfix\">\n<div class=\"cb-title-subtle\">Share On:<\/div>\n<div class=\"cb-twitter\"><a href=\"https:\/\/twitter.com\/share\" class=\"twitter-share-button\" data-dnt=\"true\" data-count=\"horizontal\">Tweet<\/a><\/div>\n<\/div>\n<div id=\"cb-previous-next-links\" class=\"cb-post-footer-block clearfix\">\n<div id=\"cb-previous-link\"><a href=\"https:\/\/suceavalive.ro\/joi-15-septembrie-o-noua-zi-cu-proteste-din-partea-transportatorilor\/\" rel=\"prev\">Joi, 15 septembrie, o nou\u0103 zi cu proteste din partea transportatorilor<\/a><\/div>\n<div id=\"cb-next-link\"><a href=\"https:\/\/suceavalive.ro\/calendarul-zilei-de-14-septembrie\/\" rel=\"next\">Calendarul zilei de 14 septembrie<\/a><\/div>\n<\/div>\n<div id=\"cb-author-box\" class=\"clearfix\">\n<h3 class=\"cb-block-title\">Despre autor<\/h3>\n<div class=\"cb-mask\"><a href=\"https:\/\/suceavalive.ro\/author\/suceavalive\/\"><img decoding=\"async\" src=\"https:\/\/analyse.optim.biz\/wp-content\/uploads\/2026\/01\/d542cd85af72d7d3afad0d26982263c9a64170e87d978956298bfb0122b00b8c-816.jpg\" class=\"avatar avatar-120 photo\" height=\"120\" width=\"120\" loading=\"lazy\" title=\"d542cd85af72d7d3afad0d26982263c9a64170e87d978956298bfb0122b00b8c-816\"><\/a><\/div>\n<div class=\"cb-meta\">\n<div class=\"cb-info\">\n<div class=\"cb-author-title vcard\"><a href=\"https:\/\/suceavalive.ro\/author\/suceavalive\/\"><span class=\"fn\">SuceavaLive<\/span><\/a><\/div>\n<\/div>\n<\/div>\n<\/div>\n<div id=\"cb-related-posts\" class=\"cb-related-posts-block cb-post-end-block clearfix\">\n<h3 class=\"cb-block-title\">Postari asemanatoare<\/h3>\n<ul>\n<li class=\"cb-style-overlay cb-grid-entry cb-related-post no-1\">\n<div class=\"cb-mask\"><a href=\"https:\/\/suceavalive.ro\/calendarul-zilei-de-28-ianuarie\/\"><img decoding=\"async\" width=\"360\" height=\"240\" src=\"https:\/\/analyse.optim.biz\/wp-content\/uploads\/2026\/01\/bibescu-360x240-11.jpg\" class=\"attachment-cb-360-240 size-cb-360-240 wp-post-image\" loading=\"lazy\" title=\"bibescu-360x240-11\"><\/a><\/div>\n<div class=\"cb-meta cb-article-meta\">\n<h4 class=\"h3 cb-post-title\"><a href=\"https:\/\/suceavalive.ro\/calendarul-zilei-de-28-ianuarie\/\">Calendarul zilei de 28 ianuarie<\/a><\/h4>\n<div class=\"cb-byline cb-font-header\">\n<div class=\"cb-date cb-byline-element\"><time datetime=\"2026-01-28\">28 ianuarie 2026<\/time><\/div>\n<\/div>\n<\/div>\n<\/li>\n<li class=\"cb-style-overlay cb-grid-entry cb-related-post no-2\">\n<div class=\"cb-mask\"><a href=\"https:\/\/suceavalive.ro\/calendarul-zilei-de-27-ianuarie\/\"><img decoding=\"async\" width=\"360\" height=\"240\" src=\"https:\/\/analyse.optim.biz\/wp-content\/uploads\/2026\/01\/12552942_494807460706367_4358555493743545886_n-e1485499851272-360x240-15.jpg\" class=\"attachment-cb-360-240 size-cb-360-240 wp-post-image\" loading=\"lazy\" title=\"12552942_494807460706367_4358555493743545886_n-e1485499851272-360x240-15\"><\/a><\/div>\n<div class=\"cb-meta cb-article-meta\">\n<h4 class=\"h3 cb-post-title\"><a href=\"https:\/\/suceavalive.ro\/calendarul-zilei-de-27-ianuarie\/\">Calendarul zilei de 27 ianuarie<\/a><\/h4>\n<div class=\"cb-byline cb-font-header\">\n<div class=\"cb-date cb-byline-element\"><time datetime=\"2026-01-27\">27 ianuarie 2026<\/time><\/div>\n<\/div>\n<\/div>\n<\/li>\n<\/ul>\n<\/div>\n<\/footer>\n<div id=\"respond\" class=\"comment-respond\">\n<h3 id=\"reply-title\" class=\"comment-reply-title\">Lasa un raspuns <small><a rel=\"nofollow\" id=\"cancel-comment-reply-link\" href=\"https:\/\/suceavalive.ro\/foresta-este-avantaj-dupa-prima-repriza\/#respond\">Anuleaza raspunsul<\/a><\/small><\/h3>\n<p class=\"comment-notes\">Adresa ta de email nu va fi publicat\u0103.<\/p>\n<\/div>\n<\/article>\n<section class=\"cb-entry-content entry-content clearfix\">\n<p>Golul sucevenilor a fost \u00eenscris de R\u0103zvan Avram.<\/p>\n<p>Ast\u0103zi, cu \u00eencepere\u00a0de la ora 16:30, se desf\u0103\u0219oar\u0103 meciurile din turul III al Cupei Rom\u00e2niei.<\/p>\n<p><img decoding=\"async\" loading=\"lazy\" class=\"alignnone wp-image-81497\" src=\"https:\/\/analyse.optim.biz\/wp-content\/uploads\/2026\/01\/foresta-suceava-2.jpg\" alt=\"foresta-suceava\" width=\"500\" height=\"630\" title=\"foresta-suceava-2\"><\/p>\n<\/section>\n<section class=\"cb-entry-content entry-content clearfix\">\n<p>Golul sucevenilor a fost \u00eenscris de R\u0103zvan Avram.<\/p>\n<p>Ast\u0103zi, cu \u00eencepere\u00a0de la ora 16:30, se desf\u0103\u0219oar\u0103 meciurile din turul III al Cupei Rom\u00e2niei.<\/p>\n<p><img decoding=\"async\" loading=\"lazy\" class=\"alignnone wp-image-81497\" src=\"https:\/\/analyse.optim.biz\/wp-content\/uploads\/2026\/01\/foresta-suceava-2.jpg\" alt=\"foresta-suceava\" width=\"500\" height=\"630\" title=\"foresta-suceava-2\"><\/p>\n<\/section>\n<p> Source URL: https:\/\/suceavalive.ro\/foresta-este-avantaj-dupa-prima-repriza\/<\/p>\n","protected":false},"excerpt":{"rendered":"<p>Foresta este \u00een avantaj dup\u0103 prima repriz\u0103 13 septembrie 2016 Foresta Suceava conduce cu scorul de 1-0 dup\u0103 primele 45 de minute, la Miercurea Ciuc. Golul sucevenilor a fost \u00eenscris de R\u0103zvan Avram. Ast\u0103zi, cu \u00eencepere\u00a0de la ora 16:30, se desf\u0103\u0219oar\u0103 meciurile din turul III al Cupei Rom\u00e2niei. bucovinacupa romaniei 2016editorial suceavaforesta 2016foresta suceavaforesta suceava [&hellip;]<\/p>\n","protected":false},"author":1,"featured_media":1488431,"comment_status":"open","ping_status":"","sticky":false,"template":"","format":"standard","meta":{"footnotes":""},"categories":[89],"tags":[173],"class_list":["post-1488423","post","type-post","status-publish","format-standard","has-post-thumbnail","hentry","category-romania","tag-suceavalive-ro"],"_links":{"self":[{"href":"https:\/\/analyse.optim.biz\/index.php?rest_route=\/wp\/v2\/posts\/1488423","targetHints":{"allow":["GET"]}}],"collection":[{"href":"https:\/\/analyse.optim.biz\/index.php?rest_route=\/wp\/v2\/posts"}],"about":[{"href":"https:\/\/analyse.optim.biz\/index.php?rest_route=\/wp\/v2\/types\/post"}],"author":[{"embeddable":true,"href":"https:\/\/analyse.optim.biz\/index.php?rest_route=\/wp\/v2\/users\/1"}],"replies":[{"embeddable":true,"href":"https:\/\/analyse.optim.biz\/index.php?rest_route=%2Fwp%2Fv2%2Fcomments&post=1488423"}],"version-history":[{"count":0,"href":"https:\/\/analyse.optim.biz\/index.php?rest_route=\/wp\/v2\/posts\/1488423\/revisions"}],"wp:featuredmedia":[{"embeddable":true,"href":"https:\/\/analyse.optim.biz\/index.php?rest_route=\/wp\/v2\/media\/1488431"}],"wp:attachment":[{"href":"https:\/\/analyse.optim.biz\/index.php?rest_route=%2Fwp%2Fv2%2Fmedia&parent=1488423"}],"wp:term":[{"taxonomy":"category","embeddable":true,"href":"https:\/\/analyse.optim.biz\/index.php?rest_route=%2Fwp%2Fv2%2Fcategories&post=1488423"},{"taxonomy":"post_tag","embeddable":true,"href":"https:\/\/analyse.optim.biz\/index.php?rest_route=%2Fwp%2Fv2%2Ftags&post=1488423"}],"curies":[{"name":"wp","href":"https:\/\/api.w.org\/{rel}","templated":true}]}}