{"id":1488077,"date":"2019-02-19T11:54:24","date_gmt":"2019-02-19T08:54:24","guid":{"rendered":"https:\/\/analyse.optim.biz\/?p=1488077"},"modified":"2019-02-19T11:54:24","modified_gmt":"2019-02-19T08:54:24","slug":"carambol-intre-trei-autoturisme-la-intersectia-strazilor-dunarii-si-ion-creanga-din-alexandria","status":"publish","type":"post","link":"https:\/\/analyse.optim.biz\/?p=1488077","title":{"rendered":"Carambol \u00eentre trei autoturisme, la intersec\u021bia str\u0103zilor Dun\u0103rii \u0219i Ion Creang\u0103 din Alexandria"},"content":{"rendered":"<div class=\"td_block_wrap tdb_single_content tdi_115 td-pb-border-top td_block_template_1 td-post-content tagdiv-type\" data-td-block-uid=\"tdi_115\">\n<div class=\"tdb-block-inner td-fix-index\">\n<p>Carambol pe strada principal\u0103 a municipiului Alexandria. Trei autoturisme s-au ciocnit, dup\u0103 ce unul dintre conduc\u0103torii auto se pare c\u0103 ar fi for\u021bat culoarea verde a semaforului. \u00cen urma evenimentului rutier nu au existat victime omene\u0219ti, ci doar pagube materiale minore.<\/p>\n<p>Conduc\u0103torului auto al ma\u0219inii BMW, un t\u00e2n\u0103r de 20 de ani, spune c\u0103 se deplasa pe strada Ion Creang\u0103 \u0219i vrut s\u0103 vireze la str\u00e2nga, pe Dun\u0103rii. A intrat \u00een intersec\u021bie pe culoarea verde, dar a r\u0103mas blocat din cauza unui autoturism de \u0219coal\u0103, c\u0103ruia i se oprise motorul, moment \u00een care a fost lovit de un vehicul, condus de o femeie. \u00cen accidentul rutier a mai fost implicat\u0103 o alt\u0103 ma\u0219in\u0103, \u0219oferul unei dubi\u021be, lovind ma\u0219ina Logan, din cauza nep\u0103str\u0103rii distan\u021bei regulamentare fa\u021b\u0103 de autoturismul din fa\u021b\u0103.<\/p>\n<p>La fa\u021ba locului a sosit \u0219i un echipaj de poli\u021bie. De\u0219i conduc\u0103torii auto au vrut s\u0103 \u201eo dea la pace\u201d, adic\u0103 s\u0103 \u00eencheie o constatare amiabil\u0103 de accident, acest lucru nu a fost posibil, din pricina faptului c\u0103 \u00een evenimentul rutier au fost implicate mai multe ma\u0219ini.<\/p>\n<p>Cel mai probabil, t\u00e2n\u0103rul se va alege cu o amend\u0103, dar \u0219i cu re\u021binerea permisului de conducere.<\/p>\n<\/div>\n<\/div>\n<div class=\"tdb-block-inner td-fix-index\">\n<p>Carambol pe strada principal\u0103 a municipiului Alexandria. Trei autoturisme s-au ciocnit, dup\u0103 ce unul dintre conduc\u0103torii auto se pare c\u0103 ar fi for\u021bat culoarea verde a semaforului. \u00cen urma evenimentului rutier nu au existat victime omene\u0219ti, ci doar pagube materiale minore.<\/p>\n<p>Conduc\u0103torului auto al ma\u0219inii BMW, un t\u00e2n\u0103r de 20 de ani, spune c\u0103 se deplasa pe strada Ion Creang\u0103 \u0219i vrut s\u0103 vireze la str\u00e2nga, pe Dun\u0103rii. A intrat \u00een intersec\u021bie pe culoarea verde, dar a r\u0103mas blocat din cauza unui autoturism de \u0219coal\u0103, c\u0103ruia i se oprise motorul, moment \u00een care a fost lovit de un vehicul, condus de o femeie. \u00cen accidentul rutier a mai fost implicat\u0103 o alt\u0103 ma\u0219in\u0103, \u0219oferul unei dubi\u021be, lovind ma\u0219ina Logan, din cauza nep\u0103str\u0103rii distan\u021bei regulamentare fa\u021b\u0103 de autoturismul din fa\u021b\u0103.<\/p>\n<p>La fa\u021ba locului a sosit \u0219i un echipaj de poli\u021bie. De\u0219i conduc\u0103torii auto au vrut s\u0103 \u201eo dea la pace\u201d, adic\u0103 s\u0103 \u00eencheie o constatare amiabil\u0103 de accident, acest lucru nu a fost posibil, din pricina faptului c\u0103 \u00een evenimentul rutier au fost implicate mai multe ma\u0219ini.<\/p>\n<p>Cel mai probabil, t\u00e2n\u0103rul se va alege cu o amend\u0103, dar \u0219i cu re\u021binerea permisului de conducere.<\/p>\n<\/div>\n<p> Source URL: https:\/\/infotr.ro\/carambol-intre-trei-autoturisme-la-intersectia-strazilor-dunarii-si-ion-creanga-din-alexandria\/<\/p>\n","protected":false},"excerpt":{"rendered":"<p>Carambol pe strada principal\u0103 a municipiului Alexandria. Trei autoturisme s-au ciocnit, dup\u0103 ce unul dintre conduc\u0103torii auto se pare c\u0103 ar fi for\u021bat culoarea verde a semaforului. \u00cen urma evenimentului rutier nu au existat victime omene\u0219ti, ci doar pagube materiale minore. Conduc\u0103torului auto al ma\u0219inii BMW, un t\u00e2n\u0103r de 20 de ani, spune c\u0103 se [&hellip;]<\/p>\n","protected":false},"author":1,"featured_media":1488083,"comment_status":"open","ping_status":"","sticky":false,"template":"","format":"standard","meta":{"footnotes":""},"categories":[89],"tags":[183],"class_list":["post-1488077","post","type-post","status-publish","format-standard","has-post-thumbnail","hentry","category-romania","tag-infotr-ro"],"_links":{"self":[{"href":"https:\/\/analyse.optim.biz\/index.php?rest_route=\/wp\/v2\/posts\/1488077","targetHints":{"allow":["GET"]}}],"collection":[{"href":"https:\/\/analyse.optim.biz\/index.php?rest_route=\/wp\/v2\/posts"}],"about":[{"href":"https:\/\/analyse.optim.biz\/index.php?rest_route=\/wp\/v2\/types\/post"}],"author":[{"embeddable":true,"href":"https:\/\/analyse.optim.biz\/index.php?rest_route=\/wp\/v2\/users\/1"}],"replies":[{"embeddable":true,"href":"https:\/\/analyse.optim.biz\/index.php?rest_route=%2Fwp%2Fv2%2Fcomments&post=1488077"}],"version-history":[{"count":0,"href":"https:\/\/analyse.optim.biz\/index.php?rest_route=\/wp\/v2\/posts\/1488077\/revisions"}],"wp:featuredmedia":[{"embeddable":true,"href":"https:\/\/analyse.optim.biz\/index.php?rest_route=\/wp\/v2\/media\/1488083"}],"wp:attachment":[{"href":"https:\/\/analyse.optim.biz\/index.php?rest_route=%2Fwp%2Fv2%2Fmedia&parent=1488077"}],"wp:term":[{"taxonomy":"category","embeddable":true,"href":"https:\/\/analyse.optim.biz\/index.php?rest_route=%2Fwp%2Fv2%2Fcategories&post=1488077"},{"taxonomy":"post_tag","embeddable":true,"href":"https:\/\/analyse.optim.biz\/index.php?rest_route=%2Fwp%2Fv2%2Ftags&post=1488077"}],"curies":[{"name":"wp","href":"https:\/\/api.w.org\/{rel}","templated":true}]}}