{"id":1488067,"date":"2014-11-03T08:52:41","date_gmt":"2014-11-03T05:52:41","guid":{"rendered":"https:\/\/analyse.optim.biz\/?p=1488067"},"modified":"2014-11-03T08:52:41","modified_gmt":"2014-11-03T05:52:41","slug":"minor-de-8-ani-accidentat-din-cauza-unui-barbat-fara-permis-si-baut","status":"publish","type":"post","link":"https:\/\/analyse.optim.biz\/?p=1488067","title":{"rendered":"Minor de 8 ani accidentat din cauza unui b\u0103rbat f\u0103r\u0103 permis \u0219i b\u0103ut"},"content":{"rendered":"<article id=\"post-49600\" class=\"clearfix post-49600 post type-post status-publish format-standard has-post-thumbnail hentry category-comunicate tag-accident tag-alcool tag-autoutilitara tag-bicicleta tag-minor tag-minor-accidentat tag-permis tag-suceava tag-suceavalive tag-vatamare-corporala\">\n<header id=\"cb-standard-featured\">\n<div id=\"cb-fis-wrap\" class=\"cb-entry-header cb-fis cb-style-standard\"><span class=\"cb-title-fi\"><\/p>\n<h1 class=\"entry-title cb-entry-title cb-single-title\">Minor de 8 ani accidentat din cauza unui b\u0103rbat f\u0103r\u0103 permis \u0219i b\u0103ut<\/h1>\n<div class=\"cb-byline cb-font-header\">\n<div class=\"cb-date cb-byline-element\"><time datetime=\"2014-11-03\">3 noiembrie 2014<\/time><\/div>\n<\/div>\n<p><\/span><\/div>\n<div class=\"cb-mask\"><img decoding=\"async\" width=\"288\" height=\"175\" src=\"https:\/\/analyse.optim.biz\/wp-content\/uploads\/2026\/01\/ambulanta-17.jpg\" class=\"attachment-cb-full-full size-cb-full-full wp-post-image\" loading=\"lazy\" title=\"ambulanta-17\"><\/div>\n<\/header>\n<p>\u00cen cursul zilei de s\u00e2mb\u0103t\u0103, 01 noiembrie, pe drumul comunal Bahn\u0103 din localitatea Voitinel, un b\u0103rbat de 33 de ani, din localitate, \u00een timp ce conducea o autoutilitar\u0103, f\u0103r\u0103 a poseda permis de conducere \u0219i afl\u00e2ndu-se sub influen\u021ba b\u0103uturilor alcoolice, nu a p\u0103strat distan\u021ba regulamentar\u0103 fa\u021b\u0103 de autoutilitara care circula \u00een fa\u021ba sa \u0219i era condus\u0103 de un localnic de 51 ani, intr\u00e2nd \u00een coliziune fa\u0163\u0103-spate cu acesta. <\/p>\n<section class=\"cb-entry-content entry-content clearfix\">\n<p>\u00cen urma impactului, autoutilitara care circula regulamentar a fost proiectat\u0103 \u00eentr-un minor de 8 ani, localnic, care circula regulamentar pe biciclet\u0103 \u00een fa\u021ba sa.<\/p>\n<p>Din accident a rezultat v\u0103t\u0103marea corporal\u0103 u\u015foar\u0103 a minorului.<\/p>\n<p>Dup\u0103 producerea accidentului, b\u0103rbatul de 33 de ani a p\u0103r\u0103sit locul faptei, deplas\u00e2ndu-se la domiciliu, de unde a revenit la fa\u0163a locului dup\u0103 circa 30 minute.<\/p>\n<p>Ambii conduc\u0103tori auto au fost testa\u021bi cu aparatul etilotest, rezultatul fiind negativ pentru b\u0103rbatul de 51 de ani \u0219i de 0,86 mg\/l alcool pur \u00een aerul expirat pentru b\u0103rbatul de 33 de ani, dup\u0103 care la spital li s-au recoltat probe biologice, \u00een vederea stabilirii alcoolemiei.<\/p>\n<\/section>\n<footer class=\"article-footer\">\n<p class=\"cb-tags\"><a href=\"https:\/\/suceavalive.ro\/tag\/accident\/\" rel=\"tag\">accident<\/a><a href=\"https:\/\/suceavalive.ro\/tag\/alcool\/\" rel=\"tag\">alcool<\/a><a href=\"https:\/\/suceavalive.ro\/tag\/autoutilitara\/\" rel=\"tag\">autoutilitara<\/a><a href=\"https:\/\/suceavalive.ro\/tag\/bicicleta\/\" rel=\"tag\">bicicleta<\/a><a href=\"https:\/\/suceavalive.ro\/tag\/minor\/\" rel=\"tag\">minor<\/a><a href=\"https:\/\/suceavalive.ro\/tag\/minor-accidentat\/\" rel=\"tag\">minor accidentat<\/a><a href=\"https:\/\/suceavalive.ro\/tag\/permis\/\" rel=\"tag\">permis<\/a><a href=\"https:\/\/suceavalive.ro\/tag\/suceava\/\" rel=\"tag\">Suceava<\/a><a href=\"https:\/\/suceavalive.ro\/tag\/suceavalive\/\" rel=\"tag\">suceavalive<\/a><a href=\"https:\/\/suceavalive.ro\/tag\/vatamare-corporala\/\" rel=\"tag\">vatamare corporala<\/a><\/p>\n<div class=\"cb-social-sharing cb-post-footer-block cb-beside clearfix\">\n<div class=\"cb-title-subtle\">Share On:<\/div>\n<div class=\"cb-twitter\"><a href=\"https:\/\/twitter.com\/share\" class=\"twitter-share-button\" data-dnt=\"true\" data-count=\"horizontal\">Tweet<\/a><\/div>\n<\/div>\n<div id=\"cb-previous-next-links\" class=\"cb-post-footer-block clearfix\">\n<div id=\"cb-previous-link\"><a href=\"https:\/\/suceavalive.ro\/captura-semnificativa-de-tigari-de-catre-politistii-suceveni\/\" rel=\"prev\">Captur\u0103 semnificativ\u0103 de \u021big\u0103ri de c\u0103tre poli\u021bi\u0219tii suceveni<\/a><\/div>\n<div id=\"cb-next-link\"><a href=\"https:\/\/suceavalive.ro\/minora-de-14-ani-violata-de-prietenul-sau\/\" rel=\"next\">Minor\u0103 de 14 ani, violat\u0103 de prietenul s\u0103u<\/a><\/div>\n<\/div>\n<div id=\"cb-author-box\" class=\"clearfix\">\n<h3 class=\"cb-block-title\">Despre autor<\/h3>\n<div class=\"cb-mask\"><a href=\"https:\/\/suceavalive.ro\/author\/luiza-loghin\/\"><img decoding=\"async\" src=\"https:\/\/analyse.optim.biz\/wp-content\/uploads\/2026\/01\/21ec5a38ee016d23a9c9d50ce3b4e9e7ef5b09765e70997405f8f9e4b1856ee7-11.jpg\" class=\"avatar avatar-120 photo\" height=\"120\" width=\"120\" loading=\"lazy\" title=\"21ec5a38ee016d23a9c9d50ce3b4e9e7ef5b09765e70997405f8f9e4b1856ee7-11\"><\/a><\/div>\n<div class=\"cb-meta\">\n<div class=\"cb-info\">\n<div class=\"cb-author-title vcard\"><a href=\"https:\/\/suceavalive.ro\/author\/luiza-loghin\/\"><span class=\"fn\">Luiza Loghin<\/span><\/a><\/div>\n<\/div>\n<\/div>\n<\/div>\n<div id=\"cb-related-posts\" class=\"cb-related-posts-block cb-post-end-block clearfix\">\n<h3 class=\"cb-block-title\">Postari asemanatoare<\/h3>\n<ul>\n<li class=\"cb-style-overlay cb-grid-entry cb-related-post no-1\">\n<div class=\"cb-mask\"><a href=\"https:\/\/suceavalive.ro\/calendarul-zilei-de-28-ianuarie\/\"><img decoding=\"async\" width=\"360\" height=\"240\" src=\"https:\/\/analyse.optim.biz\/wp-content\/uploads\/2026\/01\/bibescu-360x240-7.jpg\" class=\"attachment-cb-360-240 size-cb-360-240 wp-post-image\" loading=\"lazy\" title=\"bibescu-360x240-7\"><\/a><\/div>\n<div class=\"cb-meta cb-article-meta\">\n<h4 class=\"h3 cb-post-title\"><a href=\"https:\/\/suceavalive.ro\/calendarul-zilei-de-28-ianuarie\/\">Calendarul zilei de 28 ianuarie<\/a><\/h4>\n<div class=\"cb-byline cb-font-header\">\n<div class=\"cb-date cb-byline-element\"><time datetime=\"2026-01-28\">28 ianuarie 2026<\/time><\/div>\n<\/div>\n<\/div>\n<\/li>\n<li class=\"cb-style-overlay cb-grid-entry cb-related-post no-2\">\n<div class=\"cb-mask\"><a href=\"https:\/\/suceavalive.ro\/calendarul-zilei-de-27-ianuarie\/\"><img decoding=\"async\" width=\"360\" height=\"240\" src=\"https:\/\/analyse.optim.biz\/wp-content\/uploads\/2026\/01\/12552942_494807460706367_4358555493743545886_n-e1485499851272-360x240-11.jpg\" class=\"attachment-cb-360-240 size-cb-360-240 wp-post-image\" loading=\"lazy\" title=\"12552942_494807460706367_4358555493743545886_n-e1485499851272-360x240-11\"><\/a><\/div>\n<div class=\"cb-meta cb-article-meta\">\n<h4 class=\"h3 cb-post-title\"><a href=\"https:\/\/suceavalive.ro\/calendarul-zilei-de-27-ianuarie\/\">Calendarul zilei de 27 ianuarie<\/a><\/h4>\n<div class=\"cb-byline cb-font-header\">\n<div class=\"cb-date cb-byline-element\"><time datetime=\"2026-01-27\">27 ianuarie 2026<\/time><\/div>\n<\/div>\n<\/div>\n<\/li>\n<\/ul>\n<\/div>\n<\/footer>\n<div id=\"respond\" class=\"comment-respond\">\n<h3 id=\"reply-title\" class=\"comment-reply-title\">Lasa un raspuns <small><a rel=\"nofollow\" id=\"cancel-comment-reply-link\" href=\"https:\/\/suceavalive.ro\/minor-de-8-ani-accidentat-din-cauza-unui-barbat-fara-permis-si-baut\/#respond\">Anuleaza raspunsul<\/a><\/small><\/h3>\n<p class=\"comment-notes\">Adresa ta de email nu va fi publicat\u0103.<\/p>\n<\/div>\n<\/article>\n<section class=\"cb-entry-content entry-content clearfix\">\n<p>\u00cen urma impactului, autoutilitara care circula regulamentar a fost proiectat\u0103 \u00eentr-un minor de 8 ani, localnic, care circula regulamentar pe biciclet\u0103 \u00een fa\u021ba sa.<\/p>\n<p>Din accident a rezultat v\u0103t\u0103marea corporal\u0103 u\u015foar\u0103 a minorului.<\/p>\n<p>Dup\u0103 producerea accidentului, b\u0103rbatul de 33 de ani a p\u0103r\u0103sit locul faptei, deplas\u00e2ndu-se la domiciliu, de unde a revenit la fa\u0163a locului dup\u0103 circa 30 minute.<\/p>\n<p>Ambii conduc\u0103tori auto au fost testa\u021bi cu aparatul etilotest, rezultatul fiind negativ pentru b\u0103rbatul de 51 de ani \u0219i de 0,86 mg\/l alcool pur \u00een aerul expirat pentru b\u0103rbatul de 33 de ani, dup\u0103 care la spital li s-au recoltat probe biologice, \u00een vederea stabilirii alcoolemiei.<\/p>\n<\/section>\n<section class=\"cb-entry-content entry-content clearfix\">\n<p>\u00cen urma impactului, autoutilitara care circula regulamentar a fost proiectat\u0103 \u00eentr-un minor de 8 ani, localnic, care circula regulamentar pe biciclet\u0103 \u00een fa\u021ba sa.<\/p>\n<p>Din accident a rezultat v\u0103t\u0103marea corporal\u0103 u\u015foar\u0103 a minorului.<\/p>\n<p>Dup\u0103 producerea accidentului, b\u0103rbatul de 33 de ani a p\u0103r\u0103sit locul faptei, deplas\u00e2ndu-se la domiciliu, de unde a revenit la fa\u0163a locului dup\u0103 circa 30 minute.<\/p>\n<p>Ambii conduc\u0103tori auto au fost testa\u021bi cu aparatul etilotest, rezultatul fiind negativ pentru b\u0103rbatul de 51 de ani \u0219i de 0,86 mg\/l alcool pur \u00een aerul expirat pentru b\u0103rbatul de 33 de ani, dup\u0103 care la spital li s-au recoltat probe biologice, \u00een vederea stabilirii alcoolemiei.<\/p>\n<\/section>\n<p> Source URL: https:\/\/suceavalive.ro\/minor-de-8-ani-accidentat-din-cauza-unui-barbat-fara-permis-si-baut\/<\/p>\n","protected":false},"excerpt":{"rendered":"<p>Minor de 8 ani accidentat din cauza unui b\u0103rbat f\u0103r\u0103 permis \u0219i b\u0103ut 3 noiembrie 2014 \u00cen cursul zilei de s\u00e2mb\u0103t\u0103, 01 noiembrie, pe drumul comunal Bahn\u0103 din localitatea Voitinel, un b\u0103rbat de 33 de ani, din localitate, \u00een timp ce conducea o autoutilitar\u0103, f\u0103r\u0103 a poseda permis de conducere \u0219i afl\u00e2ndu-se sub influen\u021ba b\u0103uturilor [&hellip;]<\/p>\n","protected":false},"author":1,"featured_media":1488068,"comment_status":"open","ping_status":"","sticky":false,"template":"","format":"standard","meta":{"footnotes":""},"categories":[89],"tags":[173],"class_list":["post-1488067","post","type-post","status-publish","format-standard","has-post-thumbnail","hentry","category-romania","tag-suceavalive-ro"],"_links":{"self":[{"href":"https:\/\/analyse.optim.biz\/index.php?rest_route=\/wp\/v2\/posts\/1488067","targetHints":{"allow":["GET"]}}],"collection":[{"href":"https:\/\/analyse.optim.biz\/index.php?rest_route=\/wp\/v2\/posts"}],"about":[{"href":"https:\/\/analyse.optim.biz\/index.php?rest_route=\/wp\/v2\/types\/post"}],"author":[{"embeddable":true,"href":"https:\/\/analyse.optim.biz\/index.php?rest_route=\/wp\/v2\/users\/1"}],"replies":[{"embeddable":true,"href":"https:\/\/analyse.optim.biz\/index.php?rest_route=%2Fwp%2Fv2%2Fcomments&post=1488067"}],"version-history":[{"count":0,"href":"https:\/\/analyse.optim.biz\/index.php?rest_route=\/wp\/v2\/posts\/1488067\/revisions"}],"wp:featuredmedia":[{"embeddable":true,"href":"https:\/\/analyse.optim.biz\/index.php?rest_route=\/wp\/v2\/media\/1488068"}],"wp:attachment":[{"href":"https:\/\/analyse.optim.biz\/index.php?rest_route=%2Fwp%2Fv2%2Fmedia&parent=1488067"}],"wp:term":[{"taxonomy":"category","embeddable":true,"href":"https:\/\/analyse.optim.biz\/index.php?rest_route=%2Fwp%2Fv2%2Fcategories&post=1488067"},{"taxonomy":"post_tag","embeddable":true,"href":"https:\/\/analyse.optim.biz\/index.php?rest_route=%2Fwp%2Fv2%2Ftags&post=1488067"}],"curies":[{"name":"wp","href":"https:\/\/api.w.org\/{rel}","templated":true}]}}