{"id":148775,"date":"2017-02-02T18:51:31","date_gmt":"2017-02-02T15:51:31","guid":{"rendered":"https:\/\/analyse.optim.biz\/?p=148775"},"modified":"2017-02-02T18:51:31","modified_gmt":"2017-02-02T15:51:31","slug":"planul-declarat-al-lui-dragnea-de-a-scapa-de-condamnare","status":"publish","type":"post","link":"https:\/\/analyse.optim.biz\/?p=148775","title":{"rendered":"Planul declarat al lui Dragnea de a sc\u0103pa de condamnare"},"content":{"rendered":"<div class=\"entry data-app-meta data-app-meta-article\" data-embed-base-url-canonical=\"https:\/\/www.digi24.ro\/embed\/stiri\/actualitate\/politica\/planul-declarat-al-lui-dragnea-de-a-scapa-de-condamnare-661994\">\n<p data-index=\"1\"><strong>Pre\u0219edintele PSD a sus\u021binut, \u00een prima sa conferin\u021b\u0103 de pres\u0103 de dup\u0103 adoptarea ordonan\u021bei de modificare a Codurilor penale, c\u0103 nu se va num\u0103ra printre beneficiarii noilor prevederi. Totodat\u0103, Liviu Dragnea a spus c\u0103 a demarat dou\u0103 ac\u021biuni care ar putea avea ca finalitate sc\u0103parea de condamnarea primit\u0103 \u00een dosarul \u201eReferendumul\u201d, condamnare care, de\u0219i cu suspendare, l-a \u00eempiedicat s\u0103 pretind\u0103 func\u021bia de prim-ministru.<\/strong><\/p>\n<p data-index=\"2\"><img loading=\"lazy\" decoding=\"async\" class=\"alignnone size-full wp-image-642074\" src=\"https:\/\/analyse.optim.biz\/wp-content\/uploads\/2024\/09\/jnc9odawjmhhc2g9owuzztk0m2rhywjkngy1zjnlztgwmwflyzdmmdrjoty-thumb_.jpg\" alt=\"dragnea\" width=\"719\" height=\"434\" data-skip-htmlfix=\"1\" title=\"jnc9odawjmhhc2g9owuzztk0m2rhywjkngy1zjnlztgwmwflyzdmmdrjoty-thumb_\"><\/p>\n<p data-index=\"3\">Liderul PSD a ar\u0103tat c\u0103, dup\u0103 ce Ordonan\u021ba de Urgen\u021b\u0103 de modificare a Codurilor penale adoptat\u0103 de Guvernul Grindeanu a fost publicat\u0103 \u00een Monitorul Oficial, a studiat-o \u00eempreun\u0103 cu avoca\u021bii s\u0103i \u0219i a ajuns la concluzia c\u0103 nu i s-ar aplica. \u201eAm stat \u00eempreun\u0103 cu avoca\u021bii mei \u0219i <strong>am confirmarea a ceea ce b\u0103nuiam: aceast\u0103 ordonan\u021b\u0103 nu opre\u0219te procesul \u00een care eu sunt implicat<\/strong>, pentru un motiv foarte simplu: pe baza unei m\u0103rturii 100% mincinoase (&#8230;), eu sunt acuzat de abuz \u00een serviciu \u0219i fals intelectual. Falsul intelectual r\u0103m\u00e2ne\u201d, a declarat Liviu Dragnea. Acesta a ad\u0103ugat c\u0103 el nu cere \u201eclemen\u021b\u0103 nim\u0103nui, nici m\u0103car de la \u0219eful statului\u201d.<\/p>\n<p data-index=\"4\">C\u00e2t despre condamnarea sa din dosarul \u201eReferendumul\u201d, la\u00a0doi ani de \u00eenchisoare cu suspendare, Dragnea a spus c\u0103 a \u00eenceput \u201e<strong>o ac\u021biune de redeschidere a procesului<\/strong>\u201d.<\/p>\n<p data-index=\"5\">Prima ac\u021biune const\u0103 <strong>\u00eentr-o pl\u00e2ngere penal\u0103 \u00eempotriva procurorului Lucian Papici, pe care liderul PSD \u00eel acuz\u0103 de uzurparea calit\u0103\u021bilor oficiale<\/strong>, deoarece i-ar fi semnat rechizitoriul de trimitere \u00een judecat\u0103 dup\u0103 ce magistratului i se \u00eencheiase mandatul de procuror semnat de pre\u0219edintele Rom\u00e2niei. \u201eAcel artificiu cu deleg\u0103rile semnate de procurorul-general nu \u021bin loc de lege\u201d, a precizat liderul PSD.<\/p>\n<p data-index=\"6\">A doua ac\u021biune pl\u0103nuit\u0103 de liderul PSD const\u0103 \u00eentr-o <strong>contesta\u021bie la executare adresat\u0103 Tribunalului Bucure\u0219ti<\/strong>. \u201e<strong>Pentru c\u0103 avoca\u021bii \u00eemi spun, studiind Codul penal \u0219i Codul de procedur\u0103 penal\u0103, care nu e deloc ambiguu, c\u0103 eu practic nu am hot\u0103r\u00e2re de condamnare<\/strong>. Hot\u0103r\u00e2rea de condamnare a unui cet\u0103\u021bean rom\u00e2n trebuie s\u0103 con\u021bin\u0103 trei elemente: partea introductiv\u0103, dispozitivul \u0219i expunerea\u201d, a declarat Dragnea, ad\u0103ug\u00e2nd c\u0103, dup\u0103 10 luni, el nu ar avea aceast\u0103 hot\u0103r\u00e2re complet\u0103 de condamnare.<\/p>\n<p data-index=\"7\">\u00cen plus, liderul PSD a ar\u0103tat c\u0103 ar fi o problem\u0103 cu semn\u0103turile de pe hot\u0103r\u00e2re, \u00een condi\u021biile \u00een care fostul pre\u0219edinte al \u00cenaltei Cur\u021bi de Casa\u021bie \u0219i Justi\u021bie, Livia Stanciu, nu ar fi semnat. \u201eDoamna Livia Stanciu, la dou\u0103 luni dup\u0103 ce a fost adoptat\u0103 sentin\u021ba, s-a pensionat \u0219i a mers la Curtea Constitu\u021bional\u0103. Exist\u0103 o prevedere care spune c\u0103 orice magistrat care iese din sistem trebuie s\u0103-\u0219i motive toate deciziile\u201d, a sus\u021binut Dragnea.<\/p>\n<p data-index=\"8\">\u201e<strong>Eu vreau ca spe\u021bele mele inventate (&#8230;) s\u0103 mi le rezolv \u00een instan\u021b\u0103<\/strong>\u201d, a mai spus liderul PSD.<\/p>\n<p data-index=\"9\">\u00centrebat de reporterul Digi24 dac\u0103, \u00een actuala situa\u021bie, consider\u0103 c\u0103 nu este condamnat, Dragnea a r\u0103spuns: \u201e<strong>Nu pot face afirma\u021bia asta, o s\u0103 las tribunalul s\u0103 decid\u0103. At\u00e2t timp c\u00e2t nu exist\u0103 hot\u0103r\u00e2rea complet\u0103&#8230;<\/strong>\u201d.<\/p>\n<p data-index=\"10\">Dragnea a mai sus\u021binut c\u0103 ac\u021biunile sale de redeschidere a dosarului \u201eReferendumul\u201d nu ar avea vreo leg\u0103tur\u0103 cu inten\u021bia de a revendica func\u021bia de premier.<\/p>\n<\/div>\n<p> Source URL: https:\/\/www.digi24.ro\/stiri\/actualitate\/politica\/planul-declarat-al-lui-dragnea-de-a-scapa-de-condamnare-661994<\/p>\n","protected":false},"excerpt":{"rendered":"<p>Pre\u0219edintele PSD a sus\u021binut, \u00een prima sa conferin\u021b\u0103 de pres\u0103 de dup\u0103 adoptarea ordonan\u021bei de modificare a Codurilor penale, c\u0103 nu se va num\u0103ra printre beneficiarii noilor prevederi. Totodat\u0103, Liviu Dragnea a spus c\u0103 a demarat dou\u0103 ac\u021biuni care ar putea avea ca finalitate sc\u0103parea de condamnarea primit\u0103 \u00een dosarul \u201eReferendumul\u201d, condamnare care, de\u0219i cu [&hellip;]<\/p>\n","protected":false},"author":1,"featured_media":148776,"comment_status":"open","ping_status":"","sticky":false,"template":"","format":"standard","meta":{"footnotes":""},"categories":[2],"tags":[11],"class_list":["post-148775","post","type-post","status-publish","format-standard","has-post-thumbnail","hentry","category-politics","tag-digi24"],"_links":{"self":[{"href":"https:\/\/analyse.optim.biz\/index.php?rest_route=\/wp\/v2\/posts\/148775","targetHints":{"allow":["GET"]}}],"collection":[{"href":"https:\/\/analyse.optim.biz\/index.php?rest_route=\/wp\/v2\/posts"}],"about":[{"href":"https:\/\/analyse.optim.biz\/index.php?rest_route=\/wp\/v2\/types\/post"}],"author":[{"embeddable":true,"href":"https:\/\/analyse.optim.biz\/index.php?rest_route=\/wp\/v2\/users\/1"}],"replies":[{"embeddable":true,"href":"https:\/\/analyse.optim.biz\/index.php?rest_route=%2Fwp%2Fv2%2Fcomments&post=148775"}],"version-history":[{"count":0,"href":"https:\/\/analyse.optim.biz\/index.php?rest_route=\/wp\/v2\/posts\/148775\/revisions"}],"wp:featuredmedia":[{"embeddable":true,"href":"https:\/\/analyse.optim.biz\/index.php?rest_route=\/wp\/v2\/media\/148776"}],"wp:attachment":[{"href":"https:\/\/analyse.optim.biz\/index.php?rest_route=%2Fwp%2Fv2%2Fmedia&parent=148775"}],"wp:term":[{"taxonomy":"category","embeddable":true,"href":"https:\/\/analyse.optim.biz\/index.php?rest_route=%2Fwp%2Fv2%2Fcategories&post=148775"},{"taxonomy":"post_tag","embeddable":true,"href":"https:\/\/analyse.optim.biz\/index.php?rest_route=%2Fwp%2Fv2%2Ftags&post=148775"}],"curies":[{"name":"wp","href":"https:\/\/api.w.org\/{rel}","templated":true}]}}