{"id":148764,"date":"2017-02-02T19:15:21","date_gmt":"2017-02-02T16:15:21","guid":{"rendered":"https:\/\/analyse.optim.biz\/?p=148764"},"modified":"2017-02-02T19:15:21","modified_gmt":"2017-02-02T16:15:21","slug":"grindeanu-despre-demisia-ceruta-de-protestatari-alte-milioane-bune-au-votat-psd","status":"publish","type":"post","link":"https:\/\/analyse.optim.biz\/?p=148764","title":{"rendered":"Grindeanu, despre demisia cerut\u0103 de protestatari: Alte milioane bune au votat PSD"},"content":{"rendered":"<div class=\"entry data-app-meta data-app-meta-article\" data-embed-base-url-canonical=\"https:\/\/www.digi24.ro\/embed\/fara-categorie\/grindeanu-despre-demisia-ceruta-de-protestatari-alte-milioane-bune-au-votat-psd-662020\">\n<p data-index=\"1\"><strong>Premierul Sorin Grindeanu a declarat, joi, c\u0103 nu \u00ee\u015fi va da demisia, \u00een pofida protestelor, \u015fi a precizat, dup\u0103 ce a fost \u00eentrebat despre cele c\u00e2teva &#8220;sute de mii de oameni&#8221; care \u00eei cer plecarea din fruntea Guvernului, c\u0103 alte milioane de oameni &#8220;au votat PSD&#8221;.<\/strong><\/p>\n<p data-index=\"2\">&#8220;A fost extrem de important s\u0103 v\u0103d ce vor colegii mei din CEx, care m-au propus \u00een aceast\u0103 func\u0163ie. Am urm\u0103rit, urm\u0103resc, toate aceste manifesta\u0163ii. Sunt foarte mul\u0163i oameni de bun\u0103-credin\u0163\u0103, sunt al\u0163ii, \u00eemi pare r\u0103u, cum au fost grupurile violente de asear\u0103, cu ac\u0163iuni cu care nu am cum s\u0103 fiu de acord&#8221;, a spus Grindeanu, despre proteste.<\/p>\n<p data-index=\"3\">Premierul a afirmat c\u0103 nu \u00ee\u015fi va da demisia. \u00centrebat ce le spune atunci celor &#8220;c\u00e2teva sute de mii de oameni&#8221; care au cerut plecarea sa din fruntea Executivului miercuri sear\u0103, Sorin Grindeanu a r\u0103spuns: &#8220;\u015ei alte milioane bune au votat PSD&#8221;.<\/p>\n<p data-index=\"4\">FOTO: INQUAM PHOTOS Octav Ganea<\/p>\n<\/div>\n<p> Source URL: https:\/\/www.digi24.ro\/fara-categorie\/grindeanu-despre-demisia-ceruta-de-protestatari-alte-milioane-bune-au-votat-psd-662020<\/p>\n","protected":false},"excerpt":{"rendered":"<p>Premierul Sorin Grindeanu a declarat, joi, c\u0103 nu \u00ee\u015fi va da demisia, \u00een pofida protestelor, \u015fi a precizat, dup\u0103 ce a fost \u00eentrebat despre cele c\u00e2teva &#8220;sute de mii de oameni&#8221; care \u00eei cer plecarea din fruntea Guvernului, c\u0103 alte milioane de oameni &#8220;au votat PSD&#8221;. &#8220;A fost extrem de important s\u0103 v\u0103d ce vor [&hellip;]<\/p>\n","protected":false},"author":1,"featured_media":148765,"comment_status":"open","ping_status":"","sticky":false,"template":"","format":"standard","meta":{"footnotes":""},"categories":[2],"tags":[11],"class_list":["post-148764","post","type-post","status-publish","format-standard","has-post-thumbnail","hentry","category-politics","tag-digi24"],"_links":{"self":[{"href":"https:\/\/analyse.optim.biz\/index.php?rest_route=\/wp\/v2\/posts\/148764","targetHints":{"allow":["GET"]}}],"collection":[{"href":"https:\/\/analyse.optim.biz\/index.php?rest_route=\/wp\/v2\/posts"}],"about":[{"href":"https:\/\/analyse.optim.biz\/index.php?rest_route=\/wp\/v2\/types\/post"}],"author":[{"embeddable":true,"href":"https:\/\/analyse.optim.biz\/index.php?rest_route=\/wp\/v2\/users\/1"}],"replies":[{"embeddable":true,"href":"https:\/\/analyse.optim.biz\/index.php?rest_route=%2Fwp%2Fv2%2Fcomments&post=148764"}],"version-history":[{"count":0,"href":"https:\/\/analyse.optim.biz\/index.php?rest_route=\/wp\/v2\/posts\/148764\/revisions"}],"wp:featuredmedia":[{"embeddable":true,"href":"https:\/\/analyse.optim.biz\/index.php?rest_route=\/wp\/v2\/media\/148765"}],"wp:attachment":[{"href":"https:\/\/analyse.optim.biz\/index.php?rest_route=%2Fwp%2Fv2%2Fmedia&parent=148764"}],"wp:term":[{"taxonomy":"category","embeddable":true,"href":"https:\/\/analyse.optim.biz\/index.php?rest_route=%2Fwp%2Fv2%2Fcategories&post=148764"},{"taxonomy":"post_tag","embeddable":true,"href":"https:\/\/analyse.optim.biz\/index.php?rest_route=%2Fwp%2Fv2%2Ftags&post=148764"}],"curies":[{"name":"wp","href":"https:\/\/api.w.org\/{rel}","templated":true}]}}